{"id":80360,"date":"2014-03-06T03:59:32","date_gmt":"2014-03-06T02:59:32","guid":{"rendered":"http:\/\/www.visit-ulcinj.com\/blog\/?p=80360"},"modified":"2014-03-06T05:10:05","modified_gmt":"2014-03-06T04:10:05","slug":"forca-merr-pjese-ne-zgjedhjet-lokale-te-tivarit-kryesuesi-ilirjan-koliqi","status":"publish","type":"post","link":"https:\/\/www.visit-ulcinj.com\/blog\/2014\/03\/06\/forca-merr-pjese-ne-zgjedhjet-lokale-te-tivarit-kryesuesi-ilirjan-koliqi\/","title":{"rendered":"Forca merr pjes\u00eb n\u00eb zgjedhjet lokale t\u00eb Tivarit, kryesuesi Ilirjan Koliqi"},"content":{"rendered":"<p align=\"right\"><strong><a href=\"http:\/\/www.visit-ulcinj.com\/blog\/wp-content\/uploads\/2014\/03\/Ilirjan-Koliqi-Forca.jpg\"><img loading=\"lazy\" class=\"alignleft  wp-image-80361\" alt=\"Ilirjan-Koliqi-Forca\" src=\"http:\/\/www.visit-ulcinj.com\/blog\/wp-content\/uploads\/2014\/03\/Ilirjan-Koliqi-Forca.jpg\" width=\"508\" height=\"360\" \/><\/a>Ulqin, 05\/03\/2014<\/strong><\/p>\n<p>&nbsp;<\/p>\n<p>N\u00eb mbledhjen e mbajtur me\u00a0 05.03.2014, K\u00ebshilli Komunal i Forces s\u00eb Re Demokratike-Forca n\u00eb komunen e Tivarit ,vendosi t\u00eb marr\u00eb pjes\u00eb n\u00eb zgjedhjet lokale n\u00eb k\u00ebt\u00eb komun\u00eb.<\/p>\n<p>Situata e v\u00ebshtir\u00eb ekonomike,mungesa e investimeve,emigrimi I vazhdueshem, dhe trajtimi diskriminues i shqiptareve n\u00eb k\u00ebt\u00eb komun\u00eb jan\u00eb disa nga shum\u00eb arsyet q\u00eb na shtyjn\u00eb t\u00eb marrim pjes\u00eb n\u00eb k\u00ebto zgjedhje.<\/p>\n<p>Kryesuesi i listes se Forces u caktua Ilirjan Koliqi,Kryetari i Keshillit Komunal.<\/p>\n<p>Forca i fton\u00a0 p\u00ebr bisedime t\u00eb gjitha partite shqiptare q\u00eb veprojn\u00eb n\u00eb k\u00ebt\u00eb komun\u00eb p\u00ebr krijim e koalicionit t\u00eb subjekteve shqiptare.<\/p>\n<p><strong>Sherbimi Informativ i FORCES<\/strong><\/p>\n","protected":false},"excerpt":{"rendered":"<p>Ulqin, 05\/03\/2014 &nbsp; N\u00eb mbledhjen e mbajtur me\u00a0 05.03.2014, K\u00ebshilli Komunal i Forces s\u00eb Re Demokratike-Forca n\u00eb komunen e Tivarit ,vendosi t\u00eb marr\u00eb pjes\u00eb n\u00eb zgjedhjet lokale n\u00eb k\u00ebt\u00eb komun\u00eb. Situata e v\u00ebshtir\u00eb ekonomike,mungesa e investimeve,emigrimi I vazhdueshem, dhe trajtimi diskriminues i shqiptareve n\u00eb k\u00ebt\u00eb komun\u00eb jan\u00eb disa nga shum\u00eb arsyet q\u00eb na shtyjn\u00eb t\u00eb [&hellip;]<\/p>\n","protected":false},"author":1,"featured_media":0,"comment_status":"closed","ping_status":"closed","sticky":false,"template":"","format":"standard","meta":{"spay_email":"","jetpack_publicize_message":"","jetpack_is_tweetstorm":false,"jetpack_publicize_feature_enabled":true},"categories":[1,6],"tags":[],"jetpack_publicize_connections":[],"yoast_head":"<!-- This site is optimized with the Yoast SEO plugin v19.1 - https:\/\/yoast.com\/wordpress\/plugins\/seo\/ -->\n<title>Forca merr pjes\u00eb n\u00eb zgjedhjet lokale t\u00eb Tivarit, kryesuesi Ilirjan Koliqi - Lajme nga Ulqini<\/title>\n<meta name=\"description\" content=\"Ulqin, 05\/03\/2014 &nbsp; N\u00eb mbledhjen e mbajtur me\u00a0 05.03.2014, K\u00ebshilli Komunal i Forces s\u00eb Re Demokratike-Forca n\u00eb komunen e Tivarit ,vendosi t\u00eb marr\u00eb\" \/>\n<meta name=\"robots\" content=\"index, follow, max-snippet:-1, max-image-preview:large, max-video-preview:-1\" \/>\n<link rel=\"canonical\" href=\"https:\/\/www.visit-ulcinj.com\/blog\/2014\/03\/06\/forca-merr-pjese-ne-zgjedhjet-lokale-te-tivarit-kryesuesi-ilirjan-koliqi\/\" \/>\n<meta property=\"og:locale\" content=\"en_US\" \/>\n<meta property=\"og:type\" content=\"article\" \/>\n<meta property=\"og:title\" content=\"Forca merr pjes\u00eb n\u00eb zgjedhjet lokale t\u00eb Tivarit, kryesuesi Ilirjan Koliqi - Lajme nga Ulqini\" \/>\n<meta property=\"og:description\" content=\"Ulqin, 05\/03\/2014 &nbsp; N\u00eb mbledhjen e mbajtur me\u00a0 05.03.2014, K\u00ebshilli Komunal i Forces s\u00eb Re Demokratike-Forca n\u00eb komunen e Tivarit ,vendosi t\u00eb marr\u00eb\" \/>\n<meta property=\"og:url\" content=\"https:\/\/www.visit-ulcinj.com\/blog\/2014\/03\/06\/forca-merr-pjese-ne-zgjedhjet-lokale-te-tivarit-kryesuesi-ilirjan-koliqi\/\" \/>\n<meta property=\"og:site_name\" content=\"Lajme nga Ulqini\" \/>\n<meta property=\"article:published_time\" content=\"2014-03-06T02:59:32+00:00\" \/>\n<meta property=\"article:modified_time\" content=\"2014-03-06T04:10:05+00:00\" \/>\n<meta property=\"og:image\" content=\"http:\/\/www.visit-ulcinj.com\/blog\/wp-content\/uploads\/2014\/03\/Ilirjan-Koliqi-Forca.jpg\" \/>\n<meta name=\"twitter:label1\" content=\"Written by\" \/>\n\t<meta name=\"twitter:data1\" content=\"ulqini\" \/>\n\t<meta name=\"twitter:label2\" content=\"Est. reading time\" \/>\n\t<meta name=\"twitter:data2\" content=\"1 minute\" \/>\n<script type=\"application\/ld+json\" class=\"yoast-schema-graph\">{\"@context\":\"https:\/\/schema.org\",\"@graph\":[{\"@type\":\"WebSite\",\"@id\":\"https:\/\/www.visit-ulcinj.com\/blog\/#website\",\"url\":\"https:\/\/www.visit-ulcinj.com\/blog\/\",\"name\":\"Lajme nga Ulqini\",\"description\":\"Lajme,Vijesti,Ulqini,Ulqin,Crna Gora,Mali i Zi\",\"potentialAction\":[{\"@type\":\"SearchAction\",\"target\":{\"@type\":\"EntryPoint\",\"urlTemplate\":\"https:\/\/www.visit-ulcinj.com\/blog\/?s={search_term_string}\"},\"query-input\":\"required name=search_term_string\"}],\"inLanguage\":\"en-US\"},{\"@type\":\"ImageObject\",\"inLanguage\":\"en-US\",\"@id\":\"https:\/\/www.visit-ulcinj.com\/blog\/2014\/03\/06\/forca-merr-pjese-ne-zgjedhjet-lokale-te-tivarit-kryesuesi-ilirjan-koliqi\/#primaryimage\",\"url\":\"https:\/\/www.visit-ulcinj.com\/blog\/wp-content\/uploads\/2014\/03\/Ilirjan-Koliqi-Forca.jpg\",\"contentUrl\":\"https:\/\/www.visit-ulcinj.com\/blog\/wp-content\/uploads\/2014\/03\/Ilirjan-Koliqi-Forca.jpg\",\"width\":640,\"height\":425},{\"@type\":\"WebPage\",\"@id\":\"https:\/\/www.visit-ulcinj.com\/blog\/2014\/03\/06\/forca-merr-pjese-ne-zgjedhjet-lokale-te-tivarit-kryesuesi-ilirjan-koliqi\/#webpage\",\"url\":\"https:\/\/www.visit-ulcinj.com\/blog\/2014\/03\/06\/forca-merr-pjese-ne-zgjedhjet-lokale-te-tivarit-kryesuesi-ilirjan-koliqi\/\",\"name\":\"Forca merr pjes\u00eb n\u00eb zgjedhjet lokale t\u00eb Tivarit, kryesuesi Ilirjan Koliqi - Lajme nga Ulqini\",\"isPartOf\":{\"@id\":\"https:\/\/www.visit-ulcinj.com\/blog\/#website\"},\"primaryImageOfPage\":{\"@id\":\"https:\/\/www.visit-ulcinj.com\/blog\/2014\/03\/06\/forca-merr-pjese-ne-zgjedhjet-lokale-te-tivarit-kryesuesi-ilirjan-koliqi\/#primaryimage\"},\"datePublished\":\"2014-03-06T02:59:32+00:00\",\"dateModified\":\"2014-03-06T04:10:05+00:00\",\"author\":{\"@id\":\"https:\/\/www.visit-ulcinj.com\/blog\/#\/schema\/person\/dcab619c614d3038751c63bc2aadc06d\"},\"description\":\"Ulqin, 05\/03\/2014 &nbsp; N\u00eb mbledhjen e mbajtur me\u00a0 05.03.2014, K\u00ebshilli Komunal i Forces s\u00eb Re Demokratike-Forca n\u00eb komunen e Tivarit ,vendosi t\u00eb marr\u00eb\",\"breadcrumb\":{\"@id\":\"https:\/\/www.visit-ulcinj.com\/blog\/2014\/03\/06\/forca-merr-pjese-ne-zgjedhjet-lokale-te-tivarit-kryesuesi-ilirjan-koliqi\/#breadcrumb\"},\"inLanguage\":\"en-US\",\"potentialAction\":[{\"@type\":\"ReadAction\",\"target\":[\"https:\/\/www.visit-ulcinj.com\/blog\/2014\/03\/06\/forca-merr-pjese-ne-zgjedhjet-lokale-te-tivarit-kryesuesi-ilirjan-koliqi\/\"]}]},{\"@type\":\"BreadcrumbList\",\"@id\":\"https:\/\/www.visit-ulcinj.com\/blog\/2014\/03\/06\/forca-merr-pjese-ne-zgjedhjet-lokale-te-tivarit-kryesuesi-ilirjan-koliqi\/#breadcrumb\",\"itemListElement\":[{\"@type\":\"ListItem\",\"position\":1,\"name\":\"Forca merr pjes\u00eb n\u00eb zgjedhjet lokale t\u00eb Tivarit, kryesuesi Ilirjan Koliqi\"}]},{\"@type\":\"Person\",\"@id\":\"https:\/\/www.visit-ulcinj.com\/blog\/#\/schema\/person\/dcab619c614d3038751c63bc2aadc06d\",\"name\":\"ulqini\",\"sameAs\":[\"http:\/\/www.visit-ulcinj.com\"],\"url\":\"https:\/\/www.visit-ulcinj.com\/blog\/author\/admin\/\"}]}<\/script>\n<!-- \/ Yoast SEO plugin. -->","yoast_head_json":{"title":"Forca merr pjes\u00eb n\u00eb zgjedhjet lokale t\u00eb Tivarit, kryesuesi Ilirjan Koliqi - Lajme nga Ulqini","description":"Ulqin, 05\/03\/2014 &nbsp; N\u00eb mbledhjen e mbajtur me\u00a0 05.03.2014, K\u00ebshilli Komunal i Forces s\u00eb Re Demokratike-Forca n\u00eb komunen e Tivarit ,vendosi t\u00eb marr\u00eb","robots":{"index":"index","follow":"follow","max-snippet":"max-snippet:-1","max-image-preview":"max-image-preview:large","max-video-preview":"max-video-preview:-1"},"canonical":"https:\/\/www.visit-ulcinj.com\/blog\/2014\/03\/06\/forca-merr-pjese-ne-zgjedhjet-lokale-te-tivarit-kryesuesi-ilirjan-koliqi\/","og_locale":"en_US","og_type":"article","og_title":"Forca merr pjes\u00eb n\u00eb zgjedhjet lokale t\u00eb Tivarit, kryesuesi Ilirjan Koliqi - Lajme nga Ulqini","og_description":"Ulqin, 05\/03\/2014 &nbsp; N\u00eb mbledhjen e mbajtur me\u00a0 05.03.2014, K\u00ebshilli Komunal i Forces s\u00eb Re Demokratike-Forca n\u00eb komunen e Tivarit ,vendosi t\u00eb marr\u00eb","og_url":"https:\/\/www.visit-ulcinj.com\/blog\/2014\/03\/06\/forca-merr-pjese-ne-zgjedhjet-lokale-te-tivarit-kryesuesi-ilirjan-koliqi\/","og_site_name":"Lajme nga Ulqini","article_published_time":"2014-03-06T02:59:32+00:00","article_modified_time":"2014-03-06T04:10:05+00:00","og_image":[{"url":"http:\/\/www.visit-ulcinj.com\/blog\/wp-content\/uploads\/2014\/03\/Ilirjan-Koliqi-Forca.jpg"}],"twitter_misc":{"Written by":"ulqini","Est. reading time":"1 minute"},"schema":{"@context":"https:\/\/schema.org","@graph":[{"@type":"WebSite","@id":"https:\/\/www.visit-ulcinj.com\/blog\/#website","url":"https:\/\/www.visit-ulcinj.com\/blog\/","name":"Lajme nga Ulqini","description":"Lajme,Vijesti,Ulqini,Ulqin,Crna Gora,Mali i Zi","potentialAction":[{"@type":"SearchAction","target":{"@type":"EntryPoint","urlTemplate":"https:\/\/www.visit-ulcinj.com\/blog\/?s={search_term_string}"},"query-input":"required name=search_term_string"}],"inLanguage":"en-US"},{"@type":"ImageObject","inLanguage":"en-US","@id":"https:\/\/www.visit-ulcinj.com\/blog\/2014\/03\/06\/forca-merr-pjese-ne-zgjedhjet-lokale-te-tivarit-kryesuesi-ilirjan-koliqi\/#primaryimage","url":"https:\/\/www.visit-ulcinj.com\/blog\/wp-content\/uploads\/2014\/03\/Ilirjan-Koliqi-Forca.jpg","contentUrl":"https:\/\/www.visit-ulcinj.com\/blog\/wp-content\/uploads\/2014\/03\/Ilirjan-Koliqi-Forca.jpg","width":640,"height":425},{"@type":"WebPage","@id":"https:\/\/www.visit-ulcinj.com\/blog\/2014\/03\/06\/forca-merr-pjese-ne-zgjedhjet-lokale-te-tivarit-kryesuesi-ilirjan-koliqi\/#webpage","url":"https:\/\/www.visit-ulcinj.com\/blog\/2014\/03\/06\/forca-merr-pjese-ne-zgjedhjet-lokale-te-tivarit-kryesuesi-ilirjan-koliqi\/","name":"Forca merr pjes\u00eb n\u00eb zgjedhjet lokale t\u00eb Tivarit, kryesuesi Ilirjan Koliqi - Lajme nga Ulqini","isPartOf":{"@id":"https:\/\/www.visit-ulcinj.com\/blog\/#website"},"primaryImageOfPage":{"@id":"https:\/\/www.visit-ulcinj.com\/blog\/2014\/03\/06\/forca-merr-pjese-ne-zgjedhjet-lokale-te-tivarit-kryesuesi-ilirjan-koliqi\/#primaryimage"},"datePublished":"2014-03-06T02:59:32+00:00","dateModified":"2014-03-06T04:10:05+00:00","author":{"@id":"https:\/\/www.visit-ulcinj.com\/blog\/#\/schema\/person\/dcab619c614d3038751c63bc2aadc06d"},"description":"Ulqin, 05\/03\/2014 &nbsp; N\u00eb mbledhjen e mbajtur me\u00a0 05.03.2014, K\u00ebshilli Komunal i Forces s\u00eb Re Demokratike-Forca n\u00eb komunen e Tivarit ,vendosi t\u00eb marr\u00eb","breadcrumb":{"@id":"https:\/\/www.visit-ulcinj.com\/blog\/2014\/03\/06\/forca-merr-pjese-ne-zgjedhjet-lokale-te-tivarit-kryesuesi-ilirjan-koliqi\/#breadcrumb"},"inLanguage":"en-US","potentialAction":[{"@type":"ReadAction","target":["https:\/\/www.visit-ulcinj.com\/blog\/2014\/03\/06\/forca-merr-pjese-ne-zgjedhjet-lokale-te-tivarit-kryesuesi-ilirjan-koliqi\/"]}]},{"@type":"BreadcrumbList","@id":"https:\/\/www.visit-ulcinj.com\/blog\/2014\/03\/06\/forca-merr-pjese-ne-zgjedhjet-lokale-te-tivarit-kryesuesi-ilirjan-koliqi\/#breadcrumb","itemListElement":[{"@type":"ListItem","position":1,"name":"Forca merr pjes\u00eb n\u00eb zgjedhjet lokale t\u00eb Tivarit, kryesuesi Ilirjan Koliqi"}]},{"@type":"Person","@id":"https:\/\/www.visit-ulcinj.com\/blog\/#\/schema\/person\/dcab619c614d3038751c63bc2aadc06d","name":"ulqini","sameAs":["http:\/\/www.visit-ulcinj.com"],"url":"https:\/\/www.visit-ulcinj.com\/blog\/author\/admin\/"}]}},"jetpack_featured_media_url":"","jetpack_sharing_enabled":true,"jetpack_shortlink":"https:\/\/wp.me\/pe6lTn-kU8","_links":{"self":[{"href":"https:\/\/www.visit-ulcinj.com\/blog\/wp-json\/wp\/v2\/posts\/80360"}],"collection":[{"href":"https:\/\/www.visit-ulcinj.com\/blog\/wp-json\/wp\/v2\/posts"}],"about":[{"href":"https:\/\/www.visit-ulcinj.com\/blog\/wp-json\/wp\/v2\/types\/post"}],"author":[{"embeddable":true,"href":"https:\/\/www.visit-ulcinj.com\/blog\/wp-json\/wp\/v2\/users\/1"}],"replies":[{"embeddable":true,"href":"https:\/\/www.visit-ulcinj.com\/blog\/wp-json\/wp\/v2\/comments?post=80360"}],"version-history":[{"count":1,"href":"https:\/\/www.visit-ulcinj.com\/blog\/wp-json\/wp\/v2\/posts\/80360\/revisions"}],"predecessor-version":[{"id":80362,"href":"https:\/\/www.visit-ulcinj.com\/blog\/wp-json\/wp\/v2\/posts\/80360\/revisions\/80362"}],"wp:attachment":[{"href":"https:\/\/www.visit-ulcinj.com\/blog\/wp-json\/wp\/v2\/media?parent=80360"}],"wp:term":[{"taxonomy":"category","embeddable":true,"href":"https:\/\/www.visit-ulcinj.com\/blog\/wp-json\/wp\/v2\/categories?post=80360"},{"taxonomy":"post_tag","embeddable":true,"href":"https:\/\/www.visit-ulcinj.com\/blog\/wp-json\/wp\/v2\/tags?post=80360"}],"curies":[{"name":"wp","href":"https:\/\/api.w.org\/{rel}","templated":true}]}}