{"id":80397,"date":"2014-03-06T05:08:56","date_gmt":"2014-03-06T04:08:56","guid":{"rendered":"http:\/\/www.visit-ulcinj.com\/blog\/?p=80397"},"modified":"2014-03-09T09:28:14","modified_gmt":"2014-03-09T08:28:14","slug":"protesta-e-punetoreve-te-kripores-ne-podgorice-foto","status":"publish","type":"post","link":"https:\/\/www.visit-ulcinj.com\/blog\/2014\/03\/06\/protesta-e-punetoreve-te-kripores-ne-podgorice-foto\/","title":{"rendered":"Protesta e punetoreve te Kripores n\u00eb Podgoric\u00eb + Foto"},"content":{"rendered":"<p><a href=\"http:\/\/www.visit-ulcinj.com\/blog\/wp-content\/uploads\/2014\/03\/Protesna-setnja-radnika-Solane-Podgorica-22.jpg\"><img loading=\"lazy\" class=\"alignleft  wp-image-80391\" alt=\"Protesna-setnja-radnika-Solane-Podgorica-22\" src=\"http:\/\/www.visit-ulcinj.com\/blog\/wp-content\/uploads\/2014\/03\/Protesna-setnja-radnika-Solane-Podgorica-22.jpg\" width=\"508\" height=\"360\" \/><\/a>Organizata sindikale e Kripores t\u00eb m\u00ebrkur\u00ebn me 5 mars beri nj\u00eb sh\u00ebtitje protestuese n\u00eb Podgoric\u00eb. Pun\u00ebtor\u00ebt e Kripores jan tubuar fillimisht para nd\u00ebrtes\u00ebs s\u00eb Ministris\u00eb s\u00eb ekonomis\u00eb dhe Eurofond-it, i cili \u00ebsht\u00eb pronar i nd\u00ebrmarrjes, nd\u00ebrsa m\u00eb von\u00eb para Kuvendit dhe Qeveris\u00eb s\u00eb Malit t\u00eb Zi\u201d, tha kryetari i shoqat\u00ebs s\u00eb pun\u00ebtor\u00ebve n\u00eb Kripore Marko Miranoviq.<\/p>\n<p>Ai tha q\u00eb me tubimet e jona d\u00ebshirojm\u00eb t\u00eb t\u00ebrheqim v\u00ebmendjen t\u00eb gjith\u00ebve p\u00ebrgjegj\u00ebs p\u00ebr gjendjen e v\u00ebshtir\u00eb t\u00eb t\u00eb pun\u00ebsuarve n\u00eb at\u00eb kolektiv n\u00eb falimentim\u201d, dhe n\u00eb problemet gjithnj\u00eb e m\u00eb t\u00eb m\u00ebdha t\u00eb k\u00ebsaj nd\u00ebrmarrje m\u00eb t\u00eb vjet\u00ebr n\u00eb Ulqin.<\/p>\n<p><strong>M\u00eb tep\u00ebr Foto: <a id=\"js_17\" href=\"https:\/\/www.facebook.com\/sindikat.solanaulcinj?hc_location=timeline\" data-hovercard=\"\/ajax\/hovercard\/user.php?id=100003742510899&amp;extragetparams=%7B%22hc_location%22%3A%22timeline%22%7D\">Sindikat Solana Ulcinj Facebook<\/a><\/strong><\/p>\n\n\t\t<style type=\"text\/css\">\n\t\t\t#gallery-1 {\n\t\t\t\tmargin: auto;\n\t\t\t}\n\t\t\t#gallery-1 .gallery-item {\n\t\t\t\tfloat: left;\n\t\t\t\tmargin-top: 10px;\n\t\t\t\ttext-align: center;\n\t\t\t\twidth: 33%;\n\t\t\t}\n\t\t\t#gallery-1 img {\n\t\t\t\tborder: 2px solid #cfcfcf;\n\t\t\t}\n\t\t\t#gallery-1 .gallery-caption {\n\t\t\t\tmargin-left: 0;\n\t\t\t}\n\t\t\t\/* see gallery_shortcode() in wp-includes\/media.php *\/\n\t\t<\/style>\n\t\t<div id='gallery-1' class='gallery galleryid-80397 gallery-columns-3 gallery-size-thumbnail'><dl class='gallery-item'>\n\t\t\t<dt class='gallery-icon landscape'>\n\t\t\t\t<a href='https:\/\/www.visit-ulcinj.com\/blog\/2014\/03\/06\/protesna-setnja-radnika-solane-u-podgorici-foto\/protesna-setnja-radnika-solane-podgorica-24\/'><img width=\"150\" height=\"150\" src=\"https:\/\/www.visit-ulcinj.com\/blog\/wp-content\/uploads\/2014\/03\/Protesna-setnja-radnika-Solane-Podgorica-24-150x150.jpg\" class=\"attachment-thumbnail size-thumbnail\" alt=\"\" loading=\"lazy\" \/><\/a>\n\t\t\t<\/dt><\/dl><dl class='gallery-item'>\n\t\t\t<dt class='gallery-icon portrait'>\n\t\t\t\t<a href='https:\/\/www.visit-ulcinj.com\/blog\/2014\/03\/06\/protesna-setnja-radnika-solane-u-podgorici-foto\/protesna-setnja-radnika-solane-podgorica-23\/'><img width=\"150\" height=\"150\" src=\"https:\/\/www.visit-ulcinj.com\/blog\/wp-content\/uploads\/2014\/03\/Protesna-setnja-radnika-Solane-Podgorica-23-150x150.jpg\" class=\"attachment-thumbnail size-thumbnail\" alt=\"\" loading=\"lazy\" \/><\/a>\n\t\t\t<\/dt><\/dl><dl class='gallery-item'>\n\t\t\t<dt class='gallery-icon landscape'>\n\t\t\t\t<a href='https:\/\/www.visit-ulcinj.com\/blog\/2014\/03\/06\/protesna-setnja-radnika-solane-u-podgorici-foto\/protesna-setnja-radnika-solane-podgorica-21\/'><img width=\"150\" height=\"150\" src=\"https:\/\/www.visit-ulcinj.com\/blog\/wp-content\/uploads\/2014\/03\/Protesna-setnja-radnika-Solane-Podgorica-21-150x150.jpg\" class=\"attachment-thumbnail size-thumbnail\" alt=\"\" loading=\"lazy\" \/><\/a>\n\t\t\t<\/dt><\/dl><br style=\"clear: both\" \/><dl class='gallery-item'>\n\t\t\t<dt class='gallery-icon landscape'>\n\t\t\t\t<a href='https:\/\/www.visit-ulcinj.com\/blog\/2014\/03\/06\/protesna-setnja-radnika-solane-u-podgorici-foto\/protesna-setnja-radnika-solane-podgorica-20\/'><img width=\"150\" height=\"150\" src=\"https:\/\/www.visit-ulcinj.com\/blog\/wp-content\/uploads\/2014\/03\/Protesna-setnja-radnika-Solane-Podgorica-20-150x150.jpg\" class=\"attachment-thumbnail size-thumbnail\" alt=\"\" loading=\"lazy\" \/><\/a>\n\t\t\t<\/dt><\/dl><dl class='gallery-item'>\n\t\t\t<dt class='gallery-icon landscape'>\n\t\t\t\t<a href='https:\/\/www.visit-ulcinj.com\/blog\/2014\/03\/06\/protesna-setnja-radnika-solane-u-podgorici-foto\/protesna-setnja-radnika-solane-podgorica-17\/'><img width=\"150\" height=\"150\" src=\"https:\/\/www.visit-ulcinj.com\/blog\/wp-content\/uploads\/2014\/03\/Protesna-setnja-radnika-Solane-Podgorica-17-150x150.jpg\" class=\"attachment-thumbnail size-thumbnail\" alt=\"\" loading=\"lazy\" \/><\/a>\n\t\t\t<\/dt><\/dl><dl class='gallery-item'>\n\t\t\t<dt class='gallery-icon landscape'>\n\t\t\t\t<a href='https:\/\/www.visit-ulcinj.com\/blog\/2014\/03\/06\/protesna-setnja-radnika-solane-u-podgorici-foto\/protesna-setnja-radnika-solane-podgorica-12\/'><img width=\"150\" height=\"150\" src=\"https:\/\/www.visit-ulcinj.com\/blog\/wp-content\/uploads\/2014\/03\/Protesna-setnja-radnika-Solane-Podgorica-12-150x150.jpg\" class=\"attachment-thumbnail size-thumbnail\" alt=\"\" loading=\"lazy\" \/><\/a>\n\t\t\t<\/dt><\/dl><br style=\"clear: both\" \/><dl class='gallery-item'>\n\t\t\t<dt class='gallery-icon landscape'>\n\t\t\t\t<a href='https:\/\/www.visit-ulcinj.com\/blog\/2014\/03\/06\/protesna-setnja-radnika-solane-u-podgorici-foto\/protesna-setnja-radnika-solane-podgorica-11\/'><img width=\"150\" height=\"150\" src=\"https:\/\/www.visit-ulcinj.com\/blog\/wp-content\/uploads\/2014\/03\/Protesna-setnja-radnika-Solane-Podgorica-11-150x150.jpg\" class=\"attachment-thumbnail size-thumbnail\" alt=\"\" loading=\"lazy\" \/><\/a>\n\t\t\t<\/dt><\/dl><dl class='gallery-item'>\n\t\t\t<dt class='gallery-icon landscape'>\n\t\t\t\t<a href='https:\/\/www.visit-ulcinj.com\/blog\/2014\/03\/06\/protesna-setnja-radnika-solane-u-podgorici-foto\/protesna-setnja-radnika-solane-podgorica-10\/'><img width=\"150\" height=\"150\" src=\"https:\/\/www.visit-ulcinj.com\/blog\/wp-content\/uploads\/2014\/03\/Protesna-setnja-radnika-Solane-Podgorica-10-150x150.jpg\" class=\"attachment-thumbnail size-thumbnail\" alt=\"\" loading=\"lazy\" \/><\/a>\n\t\t\t<\/dt><\/dl><dl class='gallery-item'>\n\t\t\t<dt class='gallery-icon landscape'>\n\t\t\t\t<a href='https:\/\/www.visit-ulcinj.com\/blog\/2014\/03\/06\/protesna-setnja-radnika-solane-u-podgorici-foto\/protesna-setnja-radnika-solane-podgorica-9-2\/'><img width=\"150\" height=\"150\" src=\"https:\/\/www.visit-ulcinj.com\/blog\/wp-content\/uploads\/2014\/03\/Protesna-setnja-radnika-Solane-Podgorica-91-150x150.jpg\" class=\"attachment-thumbnail size-thumbnail\" alt=\"\" loading=\"lazy\" \/><\/a>\n\t\t\t<\/dt><\/dl><br style=\"clear: both\" \/><dl class='gallery-item'>\n\t\t\t<dt class='gallery-icon landscape'>\n\t\t\t\t<a href='https:\/\/www.visit-ulcinj.com\/blog\/2014\/03\/06\/protesna-setnja-radnika-solane-u-podgorici-foto\/protesna-setnja-radnika-solane-podgorica-8\/'><img width=\"150\" height=\"150\" src=\"https:\/\/www.visit-ulcinj.com\/blog\/wp-content\/uploads\/2014\/03\/Protesna-setnja-radnika-Solane-Podgorica-8-150x150.jpg\" class=\"attachment-thumbnail size-thumbnail\" alt=\"\" loading=\"lazy\" \/><\/a>\n\t\t\t<\/dt><\/dl><dl class='gallery-item'>\n\t\t\t<dt class='gallery-icon portrait'>\n\t\t\t\t<a href='https:\/\/www.visit-ulcinj.com\/blog\/2014\/03\/06\/protesna-setnja-radnika-solane-u-podgorici-foto\/protesna-setnja-radnika-solane-podgorica-7\/'><img width=\"150\" height=\"150\" src=\"https:\/\/www.visit-ulcinj.com\/blog\/wp-content\/uploads\/2014\/03\/Protesna-setnja-radnika-Solane-Podgorica-7-150x150.jpg\" class=\"attachment-thumbnail size-thumbnail\" alt=\"\" loading=\"lazy\" \/><\/a>\n\t\t\t<\/dt><\/dl><dl class='gallery-item'>\n\t\t\t<dt class='gallery-icon portrait'>\n\t\t\t\t<a href='https:\/\/www.visit-ulcinj.com\/blog\/2014\/03\/06\/protesna-setnja-radnika-solane-u-podgorici-foto\/protesna-setnja-radnika-solane-podgorica-6\/'><img width=\"150\" height=\"150\" src=\"https:\/\/www.visit-ulcinj.com\/blog\/wp-content\/uploads\/2014\/03\/Protesna-setnja-radnika-Solane-Podgorica-6-150x150.jpg\" class=\"attachment-thumbnail size-thumbnail\" alt=\"\" loading=\"lazy\" \/><\/a>\n\t\t\t<\/dt><\/dl><br style=\"clear: both\" \/><dl class='gallery-item'>\n\t\t\t<dt class='gallery-icon portrait'>\n\t\t\t\t<a href='https:\/\/www.visit-ulcinj.com\/blog\/2014\/03\/06\/protesna-setnja-radnika-solane-u-podgorici-foto\/protesna-setnja-radnika-solane-podgorica-4\/'><img width=\"150\" height=\"150\" src=\"https:\/\/www.visit-ulcinj.com\/blog\/wp-content\/uploads\/2014\/03\/Protesna-setnja-radnika-Solane-Podgorica-4-150x150.jpg\" class=\"attachment-thumbnail size-thumbnail\" alt=\"\" loading=\"lazy\" \/><\/a>\n\t\t\t<\/dt><\/dl><dl class='gallery-item'>\n\t\t\t<dt class='gallery-icon landscape'>\n\t\t\t\t<a href='https:\/\/www.visit-ulcinj.com\/blog\/2014\/03\/06\/protesna-setnja-radnika-solane-u-podgorici-foto\/protesna-setnja-radnika-solane-podgorica-3\/'><img width=\"150\" height=\"150\" src=\"https:\/\/www.visit-ulcinj.com\/blog\/wp-content\/uploads\/2014\/03\/Protesna-setnja-radnika-Solane-Podgorica-3-150x150.jpg\" class=\"attachment-thumbnail size-thumbnail\" alt=\"\" loading=\"lazy\" \/><\/a>\n\t\t\t<\/dt><\/dl><dl class='gallery-item'>\n\t\t\t<dt class='gallery-icon landscape'>\n\t\t\t\t<a href='https:\/\/www.visit-ulcinj.com\/blog\/2014\/03\/06\/protesna-setnja-radnika-solane-u-podgorici-foto\/protesna-setnja-radnika-solane-podgorica-2\/'><img width=\"150\" height=\"150\" src=\"https:\/\/www.visit-ulcinj.com\/blog\/wp-content\/uploads\/2014\/03\/Protesna-setnja-radnika-Solane-Podgorica-2-150x150.jpg\" class=\"attachment-thumbnail size-thumbnail\" alt=\"\" loading=\"lazy\" \/><\/a>\n\t\t\t<\/dt><\/dl><br style=\"clear: both\" \/><dl class='gallery-item'>\n\t\t\t<dt class='gallery-icon landscape'>\n\t\t\t\t<a href='https:\/\/www.visit-ulcinj.com\/blog\/2014\/03\/06\/protesna-setnja-radnika-solane-u-podgorici-foto\/protesna-setnja-radnika-solane-podgorica-1\/'><img width=\"150\" height=\"150\" src=\"https:\/\/www.visit-ulcinj.com\/blog\/wp-content\/uploads\/2014\/03\/Protesna-setnja-radnika-Solane-Podgorica-1-150x150.jpg\" class=\"attachment-thumbnail size-thumbnail\" alt=\"\" loading=\"lazy\" \/><\/a>\n\t\t\t<\/dt><\/dl><dl class='gallery-item'>\n\t\t\t<dt class='gallery-icon landscape'>\n\t\t\t\t<a href='https:\/\/www.visit-ulcinj.com\/blog\/2014\/03\/06\/protesna-setnja-radnika-solane-u-podgorici-foto\/protesna-setnja-radnika-solane-podgorica\/'><img width=\"150\" height=\"150\" src=\"https:\/\/www.visit-ulcinj.com\/blog\/wp-content\/uploads\/2014\/03\/Protesna-setnja-radnika-Solane-Podgorica-150x150.jpg\" class=\"attachment-thumbnail size-thumbnail\" alt=\"\" loading=\"lazy\" \/><\/a>\n\t\t\t<\/dt><\/dl><dl class='gallery-item'>\n\t\t\t<dt class='gallery-icon landscape'>\n\t\t\t\t<a href='https:\/\/www.visit-ulcinj.com\/blog\/2014\/03\/06\/protesna-setnja-radnika-solane-u-podgorici-foto\/protesna-setnja-radnika-solane-podgorica-9\/'><img width=\"150\" height=\"150\" src=\"https:\/\/www.visit-ulcinj.com\/blog\/wp-content\/uploads\/2014\/03\/Protesna-setnja-radnika-Solane-Podgorica-9-150x150.jpg\" class=\"attachment-thumbnail size-thumbnail\" alt=\"\" loading=\"lazy\" \/><\/a>\n\t\t\t<\/dt><\/dl><br style=\"clear: both\" \/>\n\t\t<\/div>\n\n<p>&nbsp;<\/p>\n","protected":false},"excerpt":{"rendered":"<p>Organizata sindikale e Kripores t\u00eb m\u00ebrkur\u00ebn me 5 mars beri nj\u00eb sh\u00ebtitje protestuese n\u00eb Podgoric\u00eb. Pun\u00ebtor\u00ebt e Kripores jan tubuar fillimisht para nd\u00ebrtes\u00ebs s\u00eb Ministris\u00eb s\u00eb ekonomis\u00eb dhe Eurofond-it, i cili \u00ebsht\u00eb pronar i nd\u00ebrmarrjes, nd\u00ebrsa m\u00eb von\u00eb para Kuvendit dhe Qeveris\u00eb s\u00eb Malit t\u00eb Zi\u201d, tha kryetari i shoqat\u00ebs s\u00eb pun\u00ebtor\u00ebve n\u00eb Kripore Marko [&hellip;]<\/p>\n","protected":false},"author":1,"featured_media":0,"comment_status":"closed","ping_status":"closed","sticky":false,"template":"","format":"standard","meta":{"spay_email":"","jetpack_publicize_message":"","jetpack_is_tweetstorm":false,"jetpack_publicize_feature_enabled":true},"categories":[1,13],"tags":[],"jetpack_publicize_connections":[],"yoast_head":"<!-- This site is optimized with the Yoast SEO plugin v19.1 - https:\/\/yoast.com\/wordpress\/plugins\/seo\/ -->\n<title>Protesta e punetoreve te Kripores n\u00eb Podgoric\u00eb + Foto - Lajme nga Ulqini<\/title>\n<meta name=\"description\" content=\"Organizata sindikale e Kripores t\u00eb m\u00ebrkur\u00ebn me 5 mars beri nj\u00eb sh\u00ebtitje protestuese n\u00eb Podgoric\u00eb. Pun\u00ebtor\u00ebt e Kripores jan tubuar fillimisht para\" \/>\n<meta name=\"robots\" content=\"index, follow, max-snippet:-1, max-image-preview:large, max-video-preview:-1\" \/>\n<link rel=\"canonical\" href=\"https:\/\/www.visit-ulcinj.com\/blog\/2014\/03\/06\/protesta-e-punetoreve-te-kripores-ne-podgorice-foto\/\" \/>\n<meta property=\"og:locale\" content=\"en_US\" \/>\n<meta property=\"og:type\" content=\"article\" \/>\n<meta property=\"og:title\" content=\"Protesta e punetoreve te Kripores n\u00eb Podgoric\u00eb + Foto - Lajme nga Ulqini\" \/>\n<meta property=\"og:description\" content=\"Organizata sindikale e Kripores t\u00eb m\u00ebrkur\u00ebn me 5 mars beri nj\u00eb sh\u00ebtitje protestuese n\u00eb Podgoric\u00eb. Pun\u00ebtor\u00ebt e Kripores jan tubuar fillimisht para\" \/>\n<meta property=\"og:url\" content=\"https:\/\/www.visit-ulcinj.com\/blog\/2014\/03\/06\/protesta-e-punetoreve-te-kripores-ne-podgorice-foto\/\" \/>\n<meta property=\"og:site_name\" content=\"Lajme nga Ulqini\" \/>\n<meta property=\"article:published_time\" content=\"2014-03-06T04:08:56+00:00\" \/>\n<meta property=\"article:modified_time\" content=\"2014-03-09T08:28:14+00:00\" \/>\n<meta property=\"og:image\" content=\"https:\/\/www.visit-ulcinj.com\/blog\/wp-content\/uploads\/2014\/03\/Protesna-setnja-radnika-Solane-Podgorica-24-150x150.jpg\" \/>\n<meta name=\"twitter:label1\" content=\"Written by\" \/>\n\t<meta name=\"twitter:data1\" content=\"ulqini\" \/>\n\t<meta name=\"twitter:label2\" content=\"Est. reading time\" \/>\n\t<meta name=\"twitter:data2\" content=\"1 minute\" \/>\n<script type=\"application\/ld+json\" class=\"yoast-schema-graph\">{\"@context\":\"https:\/\/schema.org\",\"@graph\":[{\"@type\":\"WebSite\",\"@id\":\"https:\/\/www.visit-ulcinj.com\/blog\/#website\",\"url\":\"https:\/\/www.visit-ulcinj.com\/blog\/\",\"name\":\"Lajme nga Ulqini\",\"description\":\"Lajme,Vijesti,Ulqini,Ulqin,Crna Gora,Mali i Zi\",\"potentialAction\":[{\"@type\":\"SearchAction\",\"target\":{\"@type\":\"EntryPoint\",\"urlTemplate\":\"https:\/\/www.visit-ulcinj.com\/blog\/?s={search_term_string}\"},\"query-input\":\"required name=search_term_string\"}],\"inLanguage\":\"en-US\"},{\"@type\":\"ImageObject\",\"inLanguage\":\"en-US\",\"@id\":\"https:\/\/www.visit-ulcinj.com\/blog\/2014\/03\/06\/protesta-e-punetoreve-te-kripores-ne-podgorice-foto\/#primaryimage\",\"url\":\"https:\/\/www.visit-ulcinj.com\/blog\/wp-content\/uploads\/2014\/03\/Protesna-setnja-radnika-Solane-Podgorica-22.jpg\",\"contentUrl\":\"https:\/\/www.visit-ulcinj.com\/blog\/wp-content\/uploads\/2014\/03\/Protesna-setnja-radnika-Solane-Podgorica-22.jpg\",\"width\":960,\"height\":720},{\"@type\":\"WebPage\",\"@id\":\"https:\/\/www.visit-ulcinj.com\/blog\/2014\/03\/06\/protesta-e-punetoreve-te-kripores-ne-podgorice-foto\/#webpage\",\"url\":\"https:\/\/www.visit-ulcinj.com\/blog\/2014\/03\/06\/protesta-e-punetoreve-te-kripores-ne-podgorice-foto\/\",\"name\":\"Protesta e punetoreve te Kripores n\u00eb Podgoric\u00eb + Foto - Lajme nga Ulqini\",\"isPartOf\":{\"@id\":\"https:\/\/www.visit-ulcinj.com\/blog\/#website\"},\"primaryImageOfPage\":{\"@id\":\"https:\/\/www.visit-ulcinj.com\/blog\/2014\/03\/06\/protesta-e-punetoreve-te-kripores-ne-podgorice-foto\/#primaryimage\"},\"datePublished\":\"2014-03-06T04:08:56+00:00\",\"dateModified\":\"2014-03-09T08:28:14+00:00\",\"author\":{\"@id\":\"https:\/\/www.visit-ulcinj.com\/blog\/#\/schema\/person\/dcab619c614d3038751c63bc2aadc06d\"},\"description\":\"Organizata sindikale e Kripores t\u00eb m\u00ebrkur\u00ebn me 5 mars beri nj\u00eb sh\u00ebtitje protestuese n\u00eb Podgoric\u00eb. Pun\u00ebtor\u00ebt e Kripores jan tubuar fillimisht para\",\"breadcrumb\":{\"@id\":\"https:\/\/www.visit-ulcinj.com\/blog\/2014\/03\/06\/protesta-e-punetoreve-te-kripores-ne-podgorice-foto\/#breadcrumb\"},\"inLanguage\":\"en-US\",\"potentialAction\":[{\"@type\":\"ReadAction\",\"target\":[\"https:\/\/www.visit-ulcinj.com\/blog\/2014\/03\/06\/protesta-e-punetoreve-te-kripores-ne-podgorice-foto\/\"]}]},{\"@type\":\"BreadcrumbList\",\"@id\":\"https:\/\/www.visit-ulcinj.com\/blog\/2014\/03\/06\/protesta-e-punetoreve-te-kripores-ne-podgorice-foto\/#breadcrumb\",\"itemListElement\":[{\"@type\":\"ListItem\",\"position\":1,\"name\":\"Protesta e punetoreve te Kripores n\u00eb Podgoric\u00eb + Foto\"}]},{\"@type\":\"Person\",\"@id\":\"https:\/\/www.visit-ulcinj.com\/blog\/#\/schema\/person\/dcab619c614d3038751c63bc2aadc06d\",\"name\":\"ulqini\",\"sameAs\":[\"http:\/\/www.visit-ulcinj.com\"],\"url\":\"https:\/\/www.visit-ulcinj.com\/blog\/author\/admin\/\"}]}<\/script>\n<!-- \/ Yoast SEO plugin. -->","yoast_head_json":{"title":"Protesta e punetoreve te Kripores n\u00eb Podgoric\u00eb + Foto - Lajme nga Ulqini","description":"Organizata sindikale e Kripores t\u00eb m\u00ebrkur\u00ebn me 5 mars beri nj\u00eb sh\u00ebtitje protestuese n\u00eb Podgoric\u00eb. Pun\u00ebtor\u00ebt e Kripores jan tubuar fillimisht para","robots":{"index":"index","follow":"follow","max-snippet":"max-snippet:-1","max-image-preview":"max-image-preview:large","max-video-preview":"max-video-preview:-1"},"canonical":"https:\/\/www.visit-ulcinj.com\/blog\/2014\/03\/06\/protesta-e-punetoreve-te-kripores-ne-podgorice-foto\/","og_locale":"en_US","og_type":"article","og_title":"Protesta e punetoreve te Kripores n\u00eb Podgoric\u00eb + Foto - Lajme nga Ulqini","og_description":"Organizata sindikale e Kripores t\u00eb m\u00ebrkur\u00ebn me 5 mars beri nj\u00eb sh\u00ebtitje protestuese n\u00eb Podgoric\u00eb. Pun\u00ebtor\u00ebt e Kripores jan tubuar fillimisht para","og_url":"https:\/\/www.visit-ulcinj.com\/blog\/2014\/03\/06\/protesta-e-punetoreve-te-kripores-ne-podgorice-foto\/","og_site_name":"Lajme nga Ulqini","article_published_time":"2014-03-06T04:08:56+00:00","article_modified_time":"2014-03-09T08:28:14+00:00","og_image":[{"url":"https:\/\/www.visit-ulcinj.com\/blog\/wp-content\/uploads\/2014\/03\/Protesna-setnja-radnika-Solane-Podgorica-24-150x150.jpg"}],"twitter_misc":{"Written by":"ulqini","Est. reading time":"1 minute"},"schema":{"@context":"https:\/\/schema.org","@graph":[{"@type":"WebSite","@id":"https:\/\/www.visit-ulcinj.com\/blog\/#website","url":"https:\/\/www.visit-ulcinj.com\/blog\/","name":"Lajme nga Ulqini","description":"Lajme,Vijesti,Ulqini,Ulqin,Crna Gora,Mali i Zi","potentialAction":[{"@type":"SearchAction","target":{"@type":"EntryPoint","urlTemplate":"https:\/\/www.visit-ulcinj.com\/blog\/?s={search_term_string}"},"query-input":"required name=search_term_string"}],"inLanguage":"en-US"},{"@type":"ImageObject","inLanguage":"en-US","@id":"https:\/\/www.visit-ulcinj.com\/blog\/2014\/03\/06\/protesta-e-punetoreve-te-kripores-ne-podgorice-foto\/#primaryimage","url":"https:\/\/www.visit-ulcinj.com\/blog\/wp-content\/uploads\/2014\/03\/Protesna-setnja-radnika-Solane-Podgorica-22.jpg","contentUrl":"https:\/\/www.visit-ulcinj.com\/blog\/wp-content\/uploads\/2014\/03\/Protesna-setnja-radnika-Solane-Podgorica-22.jpg","width":960,"height":720},{"@type":"WebPage","@id":"https:\/\/www.visit-ulcinj.com\/blog\/2014\/03\/06\/protesta-e-punetoreve-te-kripores-ne-podgorice-foto\/#webpage","url":"https:\/\/www.visit-ulcinj.com\/blog\/2014\/03\/06\/protesta-e-punetoreve-te-kripores-ne-podgorice-foto\/","name":"Protesta e punetoreve te Kripores n\u00eb Podgoric\u00eb + Foto - Lajme nga Ulqini","isPartOf":{"@id":"https:\/\/www.visit-ulcinj.com\/blog\/#website"},"primaryImageOfPage":{"@id":"https:\/\/www.visit-ulcinj.com\/blog\/2014\/03\/06\/protesta-e-punetoreve-te-kripores-ne-podgorice-foto\/#primaryimage"},"datePublished":"2014-03-06T04:08:56+00:00","dateModified":"2014-03-09T08:28:14+00:00","author":{"@id":"https:\/\/www.visit-ulcinj.com\/blog\/#\/schema\/person\/dcab619c614d3038751c63bc2aadc06d"},"description":"Organizata sindikale e Kripores t\u00eb m\u00ebrkur\u00ebn me 5 mars beri nj\u00eb sh\u00ebtitje protestuese n\u00eb Podgoric\u00eb. Pun\u00ebtor\u00ebt e Kripores jan tubuar fillimisht para","breadcrumb":{"@id":"https:\/\/www.visit-ulcinj.com\/blog\/2014\/03\/06\/protesta-e-punetoreve-te-kripores-ne-podgorice-foto\/#breadcrumb"},"inLanguage":"en-US","potentialAction":[{"@type":"ReadAction","target":["https:\/\/www.visit-ulcinj.com\/blog\/2014\/03\/06\/protesta-e-punetoreve-te-kripores-ne-podgorice-foto\/"]}]},{"@type":"BreadcrumbList","@id":"https:\/\/www.visit-ulcinj.com\/blog\/2014\/03\/06\/protesta-e-punetoreve-te-kripores-ne-podgorice-foto\/#breadcrumb","itemListElement":[{"@type":"ListItem","position":1,"name":"Protesta e punetoreve te Kripores n\u00eb Podgoric\u00eb + Foto"}]},{"@type":"Person","@id":"https:\/\/www.visit-ulcinj.com\/blog\/#\/schema\/person\/dcab619c614d3038751c63bc2aadc06d","name":"ulqini","sameAs":["http:\/\/www.visit-ulcinj.com"],"url":"https:\/\/www.visit-ulcinj.com\/blog\/author\/admin\/"}]}},"jetpack_featured_media_url":"","jetpack_sharing_enabled":true,"jetpack_shortlink":"https:\/\/wp.me\/pe6lTn-kUJ","_links":{"self":[{"href":"https:\/\/www.visit-ulcinj.com\/blog\/wp-json\/wp\/v2\/posts\/80397"}],"collection":[{"href":"https:\/\/www.visit-ulcinj.com\/blog\/wp-json\/wp\/v2\/posts"}],"about":[{"href":"https:\/\/www.visit-ulcinj.com\/blog\/wp-json\/wp\/v2\/types\/post"}],"author":[{"embeddable":true,"href":"https:\/\/www.visit-ulcinj.com\/blog\/wp-json\/wp\/v2\/users\/1"}],"replies":[{"embeddable":true,"href":"https:\/\/www.visit-ulcinj.com\/blog\/wp-json\/wp\/v2\/comments?post=80397"}],"version-history":[{"count":2,"href":"https:\/\/www.visit-ulcinj.com\/blog\/wp-json\/wp\/v2\/posts\/80397\/revisions"}],"predecessor-version":[{"id":80418,"href":"https:\/\/www.visit-ulcinj.com\/blog\/wp-json\/wp\/v2\/posts\/80397\/revisions\/80418"}],"wp:attachment":[{"href":"https:\/\/www.visit-ulcinj.com\/blog\/wp-json\/wp\/v2\/media?parent=80397"}],"wp:term":[{"taxonomy":"category","embeddable":true,"href":"https:\/\/www.visit-ulcinj.com\/blog\/wp-json\/wp\/v2\/categories?post=80397"},{"taxonomy":"post_tag","embeddable":true,"href":"https:\/\/www.visit-ulcinj.com\/blog\/wp-json\/wp\/v2\/tags?post=80397"}],"curies":[{"name":"wp","href":"https:\/\/api.w.org\/{rel}","templated":true}]}}