{"id":80399,"date":"2014-03-06T05:33:50","date_gmt":"2014-03-06T04:33:50","guid":{"rendered":"http:\/\/www.visit-ulcinj.com\/blog\/?p=80399"},"modified":"2014-03-06T05:33:50","modified_gmt":"2014-03-06T04:33:50","slug":"fatmir-gjeka-u-zgjodh-kryetar-komunes-se-ulqinit","status":"publish","type":"post","link":"https:\/\/www.visit-ulcinj.com\/blog\/2014\/03\/06\/fatmir-gjeka-u-zgjodh-kryetar-komunes-se-ulqinit\/","title":{"rendered":"Fatmir Gjeka u zgjodh kryetar i Komun\u00ebs s\u00eb Ulqinit"},"content":{"rendered":"<p><strong><a href=\"http:\/\/www.visit-ulcinj.com\/blog\/wp-content\/uploads\/2014\/03\/Fatmir-Gjeka-Kryetar-Ulqini-1.jpg\"><img loading=\"lazy\" class=\"alignleft  wp-image-80400\" alt=\"Fatmir-Gjeka-Kryetar-Ulqini-1\" src=\"http:\/\/www.visit-ulcinj.com\/blog\/wp-content\/uploads\/2014\/03\/Fatmir-Gjeka-Kryetar-Ulqini-1.jpg\" width=\"508\" height=\"360\" \/><\/a>T\u00eb h\u00ebn\u00ebn u mbajt seanca konstitutive e Kuvendit t\u00eb Komun\u00ebs s\u00eb Ulqinit<\/strong><\/p>\n<p>Ulqin \u2013 Kryetari i Partise Demokratike\u00a0dhe kandidati i Koalicionit \u201cBashke per\u00a0te ardhmen e Ulqinit\u201d, Fatmir Gjeka,\u00a0eshte zgjedhur kryetar i Komunes se\u00a0Ulqinit ne seancen konstitutive te Kuvendit\u00a0te Komunes se Ulqinit, e cila u\u00a0mbajt te henen.\u00a0Per te kane votuar 17 keshilltaret e shumices\u00a0se re qeverisese, e cila perbehet\u00a0nga Forca e Re Demokratike, koalicioni\u00a0\u201cBashke per te ardhmen e Ulqinit\u201d dhe\u00a0Mali i Zi Pozitiv, ndersa per kunderkandidatin\u00a0e tij, Rexhep Taganoviq nga\u00a0PDS, kane votuar 11 keshilltare te opozites.\u00a0Nje vote ka qene e pavlefshme,\u00a0kurse tre keshilltare, dy te PSD-se dhe\u00a0ai i Frontit Demokratik nuk kane marre\u00a0pjese ne votim.\u00a0Ne seancen konstitutive eshte zgjedhur\u00a0edhe kryetari i ri i Kuvendit te Komunes\u00a0se Ulqinit, mr. Fuad Haxhibeti nga Forca\u00a0e Re Demokratike. Edhe per te kane votuar\u00a017 keshilltaret e koalicionit te ri qeverises,\u00a0nje keshilltar ka qene kunder,\u00a0kurse te tjeret te permbajtur. Haxhibeti ka qene kandidati i vetem per kryetar\u00a0te Kuvendit te Komunes se Ulqinit.\u00a0Ne fjalen e tij pershendetese, kryetari i\u00a0ri i Komunes se Ulqinit, Fatmir Gjeka, ka\u00a0thene se koalicioni qeverises ndermjet\u00a0Forces se Re Demokratike, \u201cBashke per\u00a0te ardhmen e Ulqinit\u201d dhe Malit te Zi\u00a0Pozitiv eshte alternativa me e mire qeverisese\u00a0qe i ofrohet Ulqinit.\u00a0Ai ka theksuar se eshte i vetedijshem\u00a0per situaten e veshtire ekonomike ne\u00a0te cilen ndodhet komuna e Ulqinit dhe\u00a0qytetaret e saj.<\/p>\n<p><a href=\"http:\/\/www.visit-ulcinj.com\/blog\/wp-content\/uploads\/2014\/03\/Fatmir-Gjeka-Kryetar-Ulqini.jpg\"><img loading=\"lazy\" class=\"alignleft  wp-image-80401\" alt=\"Fatmir-Gjeka-Kryetar-Ulqini\" src=\"http:\/\/www.visit-ulcinj.com\/blog\/wp-content\/uploads\/2014\/03\/Fatmir-Gjeka-Kryetar-Ulqini.jpg\" width=\"508\" height=\"319\" \/><\/a><\/p>\n<p>\u201cEdhe pse eshte nder komunat me te\u00a0pasura per nga burimet natyrore, Ulqini\u00a0sot renditet nder komunat me pak\u00a0te zhvilluara dhe me te varfera ne Mal\u00a0te Zi, me pagat me te uleta. Por ne do\u00a0te bejme cmos qe ta nxjerrim sa me\u00a0shpejt Ulqinin nga kjo pozite te cilen\u00a0kurrsesi nuk e meriton\u201d, ka thene Gjeka.\u00a0Sipas tij, Ulqini ka nevoje per stabilitet\u00a0politik, gje qe e ofron koalicioni i ri\u00a0qeverises, i cili do te jete nje koalicion\u00a0stabel dhe koalicion per zhvillimin e Ulqinit.\u00a0Gjeka i ka ftuar keshilltaret e Kuvendit\u00a0te Komunes se Ulqinit dhe qytetaret\u00a0e Ulqinit per bashkepunim sa me te\u00a0madh me qellim te, sic ka thene ai, \u201carritjes\u00a0se objektivave tona te perbashketa\u00a0\u2013 zhvillimit te Ulqinit dhe jetes me te\u00a0mire te te gjithe qytetareve te tij\u201d.\u00a0Fatmir Gjeka zevendeson ne krye te\u00a0Komunes se Ulqinit, Nazif Cungun nga\u00a0Forca e Re Demokratike, kurse kryetari i\u00a0ri i Kuvendit, mr. Fuad Haxhibeti, Milazim\u00a0Mustafen nga Partia Demokratike.\u00a0Ne seancen konstitutive jane verifikuar\u00a0mandatet e keshilltareve te perberjes\u00a0se re te Kuvendit te Komunes se Ulqinit,\u00a0ku PDS perfaqesohet me nente keshilltare,\u00a0Forca e Re Demokratike me tete\u00a0keshilltare, koalicioni \u201cBashke per te ardhmen\u00a0e Ulqinit\u201d me shtate keshilltare,\u00a0UDSH me tre keshilltare, PSD dhe Mali\u00a0i Zi Pozitiv me nga dy keshilltare, ndersa\u00a0Partia Popullore e Socialisteve dhe\u00a0Fronti Demokratik me nga nje keshilltar.<\/p>\n<p>i.k.<\/p>\n<p>Koha Javore<\/p>\n","protected":false},"excerpt":{"rendered":"<p>T\u00eb h\u00ebn\u00ebn u mbajt seanca konstitutive e Kuvendit t\u00eb Komun\u00ebs s\u00eb Ulqinit Ulqin \u2013 Kryetari i Partise Demokratike\u00a0dhe kandidati i Koalicionit \u201cBashke per\u00a0te ardhmen e Ulqinit\u201d, Fatmir Gjeka,\u00a0eshte zgjedhur kryetar i Komunes se\u00a0Ulqinit ne seancen konstitutive te Kuvendit\u00a0te Komunes se Ulqinit, e cila u\u00a0mbajt te henen.\u00a0Per te kane votuar 17 keshilltaret e shumices\u00a0se re qeverisese, [&hellip;]<\/p>\n","protected":false},"author":1,"featured_media":0,"comment_status":"closed","ping_status":"closed","sticky":false,"template":"","format":"standard","meta":{"spay_email":"","jetpack_publicize_message":"","jetpack_is_tweetstorm":false,"jetpack_publicize_feature_enabled":true},"categories":[8],"tags":[],"jetpack_publicize_connections":[],"yoast_head":"<!-- This site is optimized with the Yoast SEO plugin v19.1 - https:\/\/yoast.com\/wordpress\/plugins\/seo\/ -->\n<title>Fatmir Gjeka u zgjodh kryetar i Komun\u00ebs s\u00eb Ulqinit - Lajme nga Ulqini<\/title>\n<meta name=\"description\" content=\"T\u00eb h\u00ebn\u00ebn u mbajt seanca konstitutive e Kuvendit t\u00eb Komun\u00ebs s\u00eb Ulqinit Ulqin \u2013 Kryetari i Partise Demokratike\u00a0dhe kandidati i Koalicionit \u201cBashke per\u00a0te\" \/>\n<meta name=\"robots\" content=\"index, follow, max-snippet:-1, max-image-preview:large, max-video-preview:-1\" \/>\n<link rel=\"canonical\" href=\"https:\/\/www.visit-ulcinj.com\/blog\/2014\/03\/06\/fatmir-gjeka-u-zgjodh-kryetar-komunes-se-ulqinit\/\" \/>\n<meta property=\"og:locale\" content=\"en_US\" \/>\n<meta property=\"og:type\" content=\"article\" \/>\n<meta property=\"og:title\" content=\"Fatmir Gjeka u zgjodh kryetar i Komun\u00ebs s\u00eb Ulqinit - Lajme nga Ulqini\" \/>\n<meta property=\"og:description\" content=\"T\u00eb h\u00ebn\u00ebn u mbajt seanca konstitutive e Kuvendit t\u00eb Komun\u00ebs s\u00eb Ulqinit Ulqin \u2013 Kryetari i Partise Demokratike\u00a0dhe kandidati i Koalicionit \u201cBashke per\u00a0te\" \/>\n<meta property=\"og:url\" content=\"https:\/\/www.visit-ulcinj.com\/blog\/2014\/03\/06\/fatmir-gjeka-u-zgjodh-kryetar-komunes-se-ulqinit\/\" \/>\n<meta property=\"og:site_name\" content=\"Lajme nga Ulqini\" \/>\n<meta property=\"article:published_time\" content=\"2014-03-06T04:33:50+00:00\" \/>\n<meta property=\"og:image\" content=\"http:\/\/www.visit-ulcinj.com\/blog\/wp-content\/uploads\/2014\/03\/Fatmir-Gjeka-Kryetar-Ulqini-1.jpg\" \/>\n<meta name=\"twitter:label1\" content=\"Written by\" \/>\n\t<meta name=\"twitter:data1\" content=\"ulqini\" \/>\n\t<meta name=\"twitter:label2\" content=\"Est. reading time\" \/>\n\t<meta name=\"twitter:data2\" content=\"2 minutes\" \/>\n<script type=\"application\/ld+json\" class=\"yoast-schema-graph\">{\"@context\":\"https:\/\/schema.org\",\"@graph\":[{\"@type\":\"WebSite\",\"@id\":\"https:\/\/www.visit-ulcinj.com\/blog\/#website\",\"url\":\"https:\/\/www.visit-ulcinj.com\/blog\/\",\"name\":\"Lajme nga Ulqini\",\"description\":\"Lajme,Vijesti,Ulqini,Ulqin,Crna Gora,Mali i Zi\",\"potentialAction\":[{\"@type\":\"SearchAction\",\"target\":{\"@type\":\"EntryPoint\",\"urlTemplate\":\"https:\/\/www.visit-ulcinj.com\/blog\/?s={search_term_string}\"},\"query-input\":\"required name=search_term_string\"}],\"inLanguage\":\"en-US\"},{\"@type\":\"ImageObject\",\"inLanguage\":\"en-US\",\"@id\":\"https:\/\/www.visit-ulcinj.com\/blog\/2014\/03\/06\/fatmir-gjeka-u-zgjodh-kryetar-komunes-se-ulqinit\/#primaryimage\",\"url\":\"https:\/\/www.visit-ulcinj.com\/blog\/wp-content\/uploads\/2014\/03\/Fatmir-Gjeka-Kryetar-Ulqini-1.jpg\",\"contentUrl\":\"https:\/\/www.visit-ulcinj.com\/blog\/wp-content\/uploads\/2014\/03\/Fatmir-Gjeka-Kryetar-Ulqini-1.jpg\",\"width\":640,\"height\":383},{\"@type\":\"WebPage\",\"@id\":\"https:\/\/www.visit-ulcinj.com\/blog\/2014\/03\/06\/fatmir-gjeka-u-zgjodh-kryetar-komunes-se-ulqinit\/#webpage\",\"url\":\"https:\/\/www.visit-ulcinj.com\/blog\/2014\/03\/06\/fatmir-gjeka-u-zgjodh-kryetar-komunes-se-ulqinit\/\",\"name\":\"Fatmir Gjeka u zgjodh kryetar i Komun\u00ebs s\u00eb Ulqinit - Lajme nga Ulqini\",\"isPartOf\":{\"@id\":\"https:\/\/www.visit-ulcinj.com\/blog\/#website\"},\"primaryImageOfPage\":{\"@id\":\"https:\/\/www.visit-ulcinj.com\/blog\/2014\/03\/06\/fatmir-gjeka-u-zgjodh-kryetar-komunes-se-ulqinit\/#primaryimage\"},\"datePublished\":\"2014-03-06T04:33:50+00:00\",\"dateModified\":\"2014-03-06T04:33:50+00:00\",\"author\":{\"@id\":\"https:\/\/www.visit-ulcinj.com\/blog\/#\/schema\/person\/dcab619c614d3038751c63bc2aadc06d\"},\"description\":\"T\u00eb h\u00ebn\u00ebn u mbajt seanca konstitutive e Kuvendit t\u00eb Komun\u00ebs s\u00eb Ulqinit Ulqin \u2013 Kryetari i Partise Demokratike\u00a0dhe kandidati i Koalicionit \u201cBashke per\u00a0te\",\"breadcrumb\":{\"@id\":\"https:\/\/www.visit-ulcinj.com\/blog\/2014\/03\/06\/fatmir-gjeka-u-zgjodh-kryetar-komunes-se-ulqinit\/#breadcrumb\"},\"inLanguage\":\"en-US\",\"potentialAction\":[{\"@type\":\"ReadAction\",\"target\":[\"https:\/\/www.visit-ulcinj.com\/blog\/2014\/03\/06\/fatmir-gjeka-u-zgjodh-kryetar-komunes-se-ulqinit\/\"]}]},{\"@type\":\"BreadcrumbList\",\"@id\":\"https:\/\/www.visit-ulcinj.com\/blog\/2014\/03\/06\/fatmir-gjeka-u-zgjodh-kryetar-komunes-se-ulqinit\/#breadcrumb\",\"itemListElement\":[{\"@type\":\"ListItem\",\"position\":1,\"name\":\"Fatmir Gjeka u zgjodh kryetar i Komun\u00ebs s\u00eb Ulqinit\"}]},{\"@type\":\"Person\",\"@id\":\"https:\/\/www.visit-ulcinj.com\/blog\/#\/schema\/person\/dcab619c614d3038751c63bc2aadc06d\",\"name\":\"ulqini\",\"sameAs\":[\"http:\/\/www.visit-ulcinj.com\"],\"url\":\"https:\/\/www.visit-ulcinj.com\/blog\/author\/admin\/\"}]}<\/script>\n<!-- \/ Yoast SEO plugin. -->","yoast_head_json":{"title":"Fatmir Gjeka u zgjodh kryetar i Komun\u00ebs s\u00eb Ulqinit - Lajme nga Ulqini","description":"T\u00eb h\u00ebn\u00ebn u mbajt seanca konstitutive e Kuvendit t\u00eb Komun\u00ebs s\u00eb Ulqinit Ulqin \u2013 Kryetari i Partise Demokratike\u00a0dhe kandidati i Koalicionit \u201cBashke per\u00a0te","robots":{"index":"index","follow":"follow","max-snippet":"max-snippet:-1","max-image-preview":"max-image-preview:large","max-video-preview":"max-video-preview:-1"},"canonical":"https:\/\/www.visit-ulcinj.com\/blog\/2014\/03\/06\/fatmir-gjeka-u-zgjodh-kryetar-komunes-se-ulqinit\/","og_locale":"en_US","og_type":"article","og_title":"Fatmir Gjeka u zgjodh kryetar i Komun\u00ebs s\u00eb Ulqinit - Lajme nga Ulqini","og_description":"T\u00eb h\u00ebn\u00ebn u mbajt seanca konstitutive e Kuvendit t\u00eb Komun\u00ebs s\u00eb Ulqinit Ulqin \u2013 Kryetari i Partise Demokratike\u00a0dhe kandidati i Koalicionit \u201cBashke per\u00a0te","og_url":"https:\/\/www.visit-ulcinj.com\/blog\/2014\/03\/06\/fatmir-gjeka-u-zgjodh-kryetar-komunes-se-ulqinit\/","og_site_name":"Lajme nga Ulqini","article_published_time":"2014-03-06T04:33:50+00:00","og_image":[{"url":"http:\/\/www.visit-ulcinj.com\/blog\/wp-content\/uploads\/2014\/03\/Fatmir-Gjeka-Kryetar-Ulqini-1.jpg"}],"twitter_misc":{"Written by":"ulqini","Est. reading time":"2 minutes"},"schema":{"@context":"https:\/\/schema.org","@graph":[{"@type":"WebSite","@id":"https:\/\/www.visit-ulcinj.com\/blog\/#website","url":"https:\/\/www.visit-ulcinj.com\/blog\/","name":"Lajme nga Ulqini","description":"Lajme,Vijesti,Ulqini,Ulqin,Crna Gora,Mali i Zi","potentialAction":[{"@type":"SearchAction","target":{"@type":"EntryPoint","urlTemplate":"https:\/\/www.visit-ulcinj.com\/blog\/?s={search_term_string}"},"query-input":"required name=search_term_string"}],"inLanguage":"en-US"},{"@type":"ImageObject","inLanguage":"en-US","@id":"https:\/\/www.visit-ulcinj.com\/blog\/2014\/03\/06\/fatmir-gjeka-u-zgjodh-kryetar-komunes-se-ulqinit\/#primaryimage","url":"https:\/\/www.visit-ulcinj.com\/blog\/wp-content\/uploads\/2014\/03\/Fatmir-Gjeka-Kryetar-Ulqini-1.jpg","contentUrl":"https:\/\/www.visit-ulcinj.com\/blog\/wp-content\/uploads\/2014\/03\/Fatmir-Gjeka-Kryetar-Ulqini-1.jpg","width":640,"height":383},{"@type":"WebPage","@id":"https:\/\/www.visit-ulcinj.com\/blog\/2014\/03\/06\/fatmir-gjeka-u-zgjodh-kryetar-komunes-se-ulqinit\/#webpage","url":"https:\/\/www.visit-ulcinj.com\/blog\/2014\/03\/06\/fatmir-gjeka-u-zgjodh-kryetar-komunes-se-ulqinit\/","name":"Fatmir Gjeka u zgjodh kryetar i Komun\u00ebs s\u00eb Ulqinit - Lajme nga Ulqini","isPartOf":{"@id":"https:\/\/www.visit-ulcinj.com\/blog\/#website"},"primaryImageOfPage":{"@id":"https:\/\/www.visit-ulcinj.com\/blog\/2014\/03\/06\/fatmir-gjeka-u-zgjodh-kryetar-komunes-se-ulqinit\/#primaryimage"},"datePublished":"2014-03-06T04:33:50+00:00","dateModified":"2014-03-06T04:33:50+00:00","author":{"@id":"https:\/\/www.visit-ulcinj.com\/blog\/#\/schema\/person\/dcab619c614d3038751c63bc2aadc06d"},"description":"T\u00eb h\u00ebn\u00ebn u mbajt seanca konstitutive e Kuvendit t\u00eb Komun\u00ebs s\u00eb Ulqinit Ulqin \u2013 Kryetari i Partise Demokratike\u00a0dhe kandidati i Koalicionit \u201cBashke per\u00a0te","breadcrumb":{"@id":"https:\/\/www.visit-ulcinj.com\/blog\/2014\/03\/06\/fatmir-gjeka-u-zgjodh-kryetar-komunes-se-ulqinit\/#breadcrumb"},"inLanguage":"en-US","potentialAction":[{"@type":"ReadAction","target":["https:\/\/www.visit-ulcinj.com\/blog\/2014\/03\/06\/fatmir-gjeka-u-zgjodh-kryetar-komunes-se-ulqinit\/"]}]},{"@type":"BreadcrumbList","@id":"https:\/\/www.visit-ulcinj.com\/blog\/2014\/03\/06\/fatmir-gjeka-u-zgjodh-kryetar-komunes-se-ulqinit\/#breadcrumb","itemListElement":[{"@type":"ListItem","position":1,"name":"Fatmir Gjeka u zgjodh kryetar i Komun\u00ebs s\u00eb Ulqinit"}]},{"@type":"Person","@id":"https:\/\/www.visit-ulcinj.com\/blog\/#\/schema\/person\/dcab619c614d3038751c63bc2aadc06d","name":"ulqini","sameAs":["http:\/\/www.visit-ulcinj.com"],"url":"https:\/\/www.visit-ulcinj.com\/blog\/author\/admin\/"}]}},"jetpack_featured_media_url":"","jetpack_sharing_enabled":true,"jetpack_shortlink":"https:\/\/wp.me\/pe6lTn-kUL","_links":{"self":[{"href":"https:\/\/www.visit-ulcinj.com\/blog\/wp-json\/wp\/v2\/posts\/80399"}],"collection":[{"href":"https:\/\/www.visit-ulcinj.com\/blog\/wp-json\/wp\/v2\/posts"}],"about":[{"href":"https:\/\/www.visit-ulcinj.com\/blog\/wp-json\/wp\/v2\/types\/post"}],"author":[{"embeddable":true,"href":"https:\/\/www.visit-ulcinj.com\/blog\/wp-json\/wp\/v2\/users\/1"}],"replies":[{"embeddable":true,"href":"https:\/\/www.visit-ulcinj.com\/blog\/wp-json\/wp\/v2\/comments?post=80399"}],"version-history":[{"count":1,"href":"https:\/\/www.visit-ulcinj.com\/blog\/wp-json\/wp\/v2\/posts\/80399\/revisions"}],"predecessor-version":[{"id":80402,"href":"https:\/\/www.visit-ulcinj.com\/blog\/wp-json\/wp\/v2\/posts\/80399\/revisions\/80402"}],"wp:attachment":[{"href":"https:\/\/www.visit-ulcinj.com\/blog\/wp-json\/wp\/v2\/media?parent=80399"}],"wp:term":[{"taxonomy":"category","embeddable":true,"href":"https:\/\/www.visit-ulcinj.com\/blog\/wp-json\/wp\/v2\/categories?post=80399"},{"taxonomy":"post_tag","embeddable":true,"href":"https:\/\/www.visit-ulcinj.com\/blog\/wp-json\/wp\/v2\/tags?post=80399"}],"curies":[{"name":"wp","href":"https:\/\/api.w.org\/{rel}","templated":true}]}}