{"id":80409,"date":"2014-03-06T06:29:58","date_gmt":"2014-03-06T05:29:58","guid":{"rendered":"http:\/\/www.visit-ulcinj.com\/blog\/?p=80409"},"modified":"2014-07-12T21:16:32","modified_gmt":"2014-07-12T20:16:32","slug":"turystyczna-oferta-czarnogory-na-targach-turystycznych-w-pradze","status":"publish","type":"post","link":"https:\/\/www.visit-ulcinj.com\/blog\/2014\/03\/06\/turystyczna-oferta-czarnogory-na-targach-turystycznych-w-pradze\/","title":{"rendered":"Turystyczna oferta Czarnog\u00f3ry na targach turystycznych w Pradze"},"content":{"rendered":"<p><a href=\"http:\/\/www.visit-ulcinj.com\/blog\/wp-content\/uploads\/2014\/03\/Turystyczna-oferta-Czarnogory-na-targach-turystycznych.jpg\"><img loading=\"lazy\" class=\"alignleft  wp-image-80410\" alt=\"Turystyczna oferta Czarnogory na targach turystycznych\" src=\"http:\/\/www.visit-ulcinj.com\/blog\/wp-content\/uploads\/2014\/03\/Turystyczna-oferta-Czarnogory-na-targach-turystycznych.jpg\" width=\"508\" height=\"360\" \/><\/a>Na 23. mi\u0119dzynarodowych targach turystyki Holiday World 2014, kt\u00f3re odby\u0142y si\u0119 w Pradze, w\u015br\u00f3d ponad 300 wystawc\u00f3w z 50 kraj\u00f3w \u015bwiata zaprezentowa\u0142a si\u0119 r\u00f3wnie\u017c Czarnog\u00f3ra.<\/p>\n<p>&#8211; Turystyczna oferta Czarnog\u00f3ry cieszy\u0142a si\u0119 du\u017cym zainteresowaniem. Odwiedzaj\u0105cy skupiali si\u0119 przede wszystkim na mo\u017cliwo\u015bciach zakwaterowania w Budvie, ale tak\u017ce w pozosta\u0142ych nadmorskich miejscowo\u015bciach. Cz\u0119sto pytano o ceny. Ponadto wiele biur podr\u00f3\u017cy wykaza\u0142o ch\u0119\u0107 do podj\u0119cia wsp\u00f3\u0142pracy z czarnog\u00f3rskimi organizacjami turystycznymi. Z analiz statystycznych narodowo\u015bci odwiedzaj\u0105cych stanowisko Czarnog\u00f3ry wynika, \u017ce w sezonie letnim mo\u017cna si\u0119 spodziewa\u0107 nap\u0142ywu wielu turyst\u00f3w z Czech \u2013 poinformowali przedstawiciele Turystycznej Organizacji Czarnog\u00f3ry.<\/p>\n<p>W trakcie targ\u00f3w odby\u0142a si\u0119 r\u00f3wnie\u017c konferencja prasowa, na kt\u00f3rej dziennikarze pytali przede wszystkim o rozw\u00f3j specjalistycznej infrastruktury turystycznej, co mo\u017ce wskazywa\u0107 na to, \u017ce nale\u017cy d\u0105\u017cy\u0107 do jej ci\u0105g\u0142ej modernizacji i ulepszania. Po konferencji wystawcy zaoferowali odwiedzaj\u0105cym degustacj\u0119 tradycyjnych czarnog\u00f3rskich potraw oraz wina i rakiji.<\/p>\n<p>&nbsp;<\/p>\n<p><strong>\u0179r\u00f3d\u0142a: pobjeda.me \/ balkanistyka.org<\/strong><\/p>\n<!--YouTube Error: bad URL entered-->\n","protected":false},"excerpt":{"rendered":"<p>Na 23. mi\u0119dzynarodowych targach turystyki Holiday World 2014, kt\u00f3re odby\u0142y si\u0119 w Pradze, w\u015br\u00f3d ponad 300 wystawc\u00f3w z 50 kraj\u00f3w \u015bwiata zaprezentowa\u0142a si\u0119 r\u00f3wnie\u017c Czarnog\u00f3ra. &#8211; Turystyczna oferta Czarnog\u00f3ry cieszy\u0142a si\u0119 du\u017cym zainteresowaniem. Odwiedzaj\u0105cy skupiali si\u0119 przede wszystkim na mo\u017cliwo\u015bciach zakwaterowania w Budvie, ale tak\u017ce w pozosta\u0142ych nadmorskich miejscowo\u015bciach. Cz\u0119sto pytano o ceny. Ponadto wiele [&hellip;]<\/p>\n","protected":false},"author":1,"featured_media":0,"comment_status":"closed","ping_status":"closed","sticky":false,"template":"","format":"standard","meta":{"spay_email":"","jetpack_publicize_message":"","jetpack_is_tweetstorm":false,"jetpack_publicize_feature_enabled":true},"categories":[8],"tags":[],"jetpack_publicize_connections":[],"yoast_head":"<!-- This site is optimized with the Yoast SEO plugin v19.1 - https:\/\/yoast.com\/wordpress\/plugins\/seo\/ -->\n<title>Turystyczna oferta Czarnog\u00f3ry na targach turystycznych w Pradze - Lajme nga Ulqini<\/title>\n<meta name=\"description\" content=\"Na 23. mi\u0119dzynarodowych targach turystyki Holiday World 2014, kt\u00f3re odby\u0142y si\u0119 w Pradze, w\u015br\u00f3d ponad 300 wystawc\u00f3w z 50 kraj\u00f3w \u015bwiata zaprezentowa\u0142a si\u0119\" \/>\n<meta name=\"robots\" content=\"index, follow, max-snippet:-1, max-image-preview:large, max-video-preview:-1\" \/>\n<link rel=\"canonical\" href=\"https:\/\/www.visit-ulcinj.com\/blog\/2014\/03\/06\/turystyczna-oferta-czarnogory-na-targach-turystycznych-w-pradze\/\" \/>\n<meta property=\"og:locale\" content=\"en_US\" \/>\n<meta property=\"og:type\" content=\"article\" \/>\n<meta property=\"og:title\" content=\"Turystyczna oferta Czarnog\u00f3ry na targach turystycznych w Pradze - Lajme nga Ulqini\" \/>\n<meta property=\"og:description\" content=\"Na 23. mi\u0119dzynarodowych targach turystyki Holiday World 2014, kt\u00f3re odby\u0142y si\u0119 w Pradze, w\u015br\u00f3d ponad 300 wystawc\u00f3w z 50 kraj\u00f3w \u015bwiata zaprezentowa\u0142a si\u0119\" \/>\n<meta property=\"og:url\" content=\"https:\/\/www.visit-ulcinj.com\/blog\/2014\/03\/06\/turystyczna-oferta-czarnogory-na-targach-turystycznych-w-pradze\/\" \/>\n<meta property=\"og:site_name\" content=\"Lajme nga Ulqini\" \/>\n<meta property=\"article:published_time\" content=\"2014-03-06T05:29:58+00:00\" \/>\n<meta property=\"article:modified_time\" content=\"2014-07-12T20:16:32+00:00\" \/>\n<meta property=\"og:image\" content=\"http:\/\/www.visit-ulcinj.com\/blog\/wp-content\/uploads\/2014\/03\/Turystyczna-oferta-Czarnogory-na-targach-turystycznych.jpg\" \/>\n<meta name=\"twitter:label1\" content=\"Written by\" \/>\n\t<meta name=\"twitter:data1\" content=\"ulqini\" \/>\n\t<meta name=\"twitter:label2\" content=\"Est. reading time\" \/>\n\t<meta name=\"twitter:data2\" content=\"1 minute\" \/>\n<script type=\"application\/ld+json\" class=\"yoast-schema-graph\">{\"@context\":\"https:\/\/schema.org\",\"@graph\":[{\"@type\":\"WebSite\",\"@id\":\"https:\/\/www.visit-ulcinj.com\/blog\/#website\",\"url\":\"https:\/\/www.visit-ulcinj.com\/blog\/\",\"name\":\"Lajme nga Ulqini\",\"description\":\"Lajme,Vijesti,Ulqini,Ulqin,Crna Gora,Mali i Zi\",\"potentialAction\":[{\"@type\":\"SearchAction\",\"target\":{\"@type\":\"EntryPoint\",\"urlTemplate\":\"https:\/\/www.visit-ulcinj.com\/blog\/?s={search_term_string}\"},\"query-input\":\"required name=search_term_string\"}],\"inLanguage\":\"en-US\"},{\"@type\":\"ImageObject\",\"inLanguage\":\"en-US\",\"@id\":\"https:\/\/www.visit-ulcinj.com\/blog\/2014\/03\/06\/turystyczna-oferta-czarnogory-na-targach-turystycznych-w-pradze\/#primaryimage\",\"url\":\"https:\/\/www.visit-ulcinj.com\/blog\/wp-content\/uploads\/2014\/03\/Turystyczna-oferta-Czarnogory-na-targach-turystycznych.jpg\",\"contentUrl\":\"https:\/\/www.visit-ulcinj.com\/blog\/wp-content\/uploads\/2014\/03\/Turystyczna-oferta-Czarnogory-na-targach-turystycznych.jpg\",\"width\":1024,\"height\":692},{\"@type\":\"WebPage\",\"@id\":\"https:\/\/www.visit-ulcinj.com\/blog\/2014\/03\/06\/turystyczna-oferta-czarnogory-na-targach-turystycznych-w-pradze\/#webpage\",\"url\":\"https:\/\/www.visit-ulcinj.com\/blog\/2014\/03\/06\/turystyczna-oferta-czarnogory-na-targach-turystycznych-w-pradze\/\",\"name\":\"Turystyczna oferta Czarnog\u00f3ry na targach turystycznych w Pradze - Lajme nga Ulqini\",\"isPartOf\":{\"@id\":\"https:\/\/www.visit-ulcinj.com\/blog\/#website\"},\"primaryImageOfPage\":{\"@id\":\"https:\/\/www.visit-ulcinj.com\/blog\/2014\/03\/06\/turystyczna-oferta-czarnogory-na-targach-turystycznych-w-pradze\/#primaryimage\"},\"datePublished\":\"2014-03-06T05:29:58+00:00\",\"dateModified\":\"2014-07-12T20:16:32+00:00\",\"author\":{\"@id\":\"https:\/\/www.visit-ulcinj.com\/blog\/#\/schema\/person\/dcab619c614d3038751c63bc2aadc06d\"},\"description\":\"Na 23. mi\u0119dzynarodowych targach turystyki Holiday World 2014, kt\u00f3re odby\u0142y si\u0119 w Pradze, w\u015br\u00f3d ponad 300 wystawc\u00f3w z 50 kraj\u00f3w \u015bwiata zaprezentowa\u0142a si\u0119\",\"breadcrumb\":{\"@id\":\"https:\/\/www.visit-ulcinj.com\/blog\/2014\/03\/06\/turystyczna-oferta-czarnogory-na-targach-turystycznych-w-pradze\/#breadcrumb\"},\"inLanguage\":\"en-US\",\"potentialAction\":[{\"@type\":\"ReadAction\",\"target\":[\"https:\/\/www.visit-ulcinj.com\/blog\/2014\/03\/06\/turystyczna-oferta-czarnogory-na-targach-turystycznych-w-pradze\/\"]}]},{\"@type\":\"BreadcrumbList\",\"@id\":\"https:\/\/www.visit-ulcinj.com\/blog\/2014\/03\/06\/turystyczna-oferta-czarnogory-na-targach-turystycznych-w-pradze\/#breadcrumb\",\"itemListElement\":[{\"@type\":\"ListItem\",\"position\":1,\"name\":\"Turystyczna oferta Czarnog\u00f3ry na targach turystycznych w Pradze\"}]},{\"@type\":\"Person\",\"@id\":\"https:\/\/www.visit-ulcinj.com\/blog\/#\/schema\/person\/dcab619c614d3038751c63bc2aadc06d\",\"name\":\"ulqini\",\"sameAs\":[\"http:\/\/www.visit-ulcinj.com\"],\"url\":\"https:\/\/www.visit-ulcinj.com\/blog\/author\/admin\/\"}]}<\/script>\n<!-- \/ Yoast SEO plugin. -->","yoast_head_json":{"title":"Turystyczna oferta Czarnog\u00f3ry na targach turystycznych w Pradze - Lajme nga Ulqini","description":"Na 23. mi\u0119dzynarodowych targach turystyki Holiday World 2014, kt\u00f3re odby\u0142y si\u0119 w Pradze, w\u015br\u00f3d ponad 300 wystawc\u00f3w z 50 kraj\u00f3w \u015bwiata zaprezentowa\u0142a si\u0119","robots":{"index":"index","follow":"follow","max-snippet":"max-snippet:-1","max-image-preview":"max-image-preview:large","max-video-preview":"max-video-preview:-1"},"canonical":"https:\/\/www.visit-ulcinj.com\/blog\/2014\/03\/06\/turystyczna-oferta-czarnogory-na-targach-turystycznych-w-pradze\/","og_locale":"en_US","og_type":"article","og_title":"Turystyczna oferta Czarnog\u00f3ry na targach turystycznych w Pradze - Lajme nga Ulqini","og_description":"Na 23. mi\u0119dzynarodowych targach turystyki Holiday World 2014, kt\u00f3re odby\u0142y si\u0119 w Pradze, w\u015br\u00f3d ponad 300 wystawc\u00f3w z 50 kraj\u00f3w \u015bwiata zaprezentowa\u0142a si\u0119","og_url":"https:\/\/www.visit-ulcinj.com\/blog\/2014\/03\/06\/turystyczna-oferta-czarnogory-na-targach-turystycznych-w-pradze\/","og_site_name":"Lajme nga Ulqini","article_published_time":"2014-03-06T05:29:58+00:00","article_modified_time":"2014-07-12T20:16:32+00:00","og_image":[{"url":"http:\/\/www.visit-ulcinj.com\/blog\/wp-content\/uploads\/2014\/03\/Turystyczna-oferta-Czarnogory-na-targach-turystycznych.jpg"}],"twitter_misc":{"Written by":"ulqini","Est. reading time":"1 minute"},"schema":{"@context":"https:\/\/schema.org","@graph":[{"@type":"WebSite","@id":"https:\/\/www.visit-ulcinj.com\/blog\/#website","url":"https:\/\/www.visit-ulcinj.com\/blog\/","name":"Lajme nga Ulqini","description":"Lajme,Vijesti,Ulqini,Ulqin,Crna Gora,Mali i Zi","potentialAction":[{"@type":"SearchAction","target":{"@type":"EntryPoint","urlTemplate":"https:\/\/www.visit-ulcinj.com\/blog\/?s={search_term_string}"},"query-input":"required name=search_term_string"}],"inLanguage":"en-US"},{"@type":"ImageObject","inLanguage":"en-US","@id":"https:\/\/www.visit-ulcinj.com\/blog\/2014\/03\/06\/turystyczna-oferta-czarnogory-na-targach-turystycznych-w-pradze\/#primaryimage","url":"https:\/\/www.visit-ulcinj.com\/blog\/wp-content\/uploads\/2014\/03\/Turystyczna-oferta-Czarnogory-na-targach-turystycznych.jpg","contentUrl":"https:\/\/www.visit-ulcinj.com\/blog\/wp-content\/uploads\/2014\/03\/Turystyczna-oferta-Czarnogory-na-targach-turystycznych.jpg","width":1024,"height":692},{"@type":"WebPage","@id":"https:\/\/www.visit-ulcinj.com\/blog\/2014\/03\/06\/turystyczna-oferta-czarnogory-na-targach-turystycznych-w-pradze\/#webpage","url":"https:\/\/www.visit-ulcinj.com\/blog\/2014\/03\/06\/turystyczna-oferta-czarnogory-na-targach-turystycznych-w-pradze\/","name":"Turystyczna oferta Czarnog\u00f3ry na targach turystycznych w Pradze - Lajme nga Ulqini","isPartOf":{"@id":"https:\/\/www.visit-ulcinj.com\/blog\/#website"},"primaryImageOfPage":{"@id":"https:\/\/www.visit-ulcinj.com\/blog\/2014\/03\/06\/turystyczna-oferta-czarnogory-na-targach-turystycznych-w-pradze\/#primaryimage"},"datePublished":"2014-03-06T05:29:58+00:00","dateModified":"2014-07-12T20:16:32+00:00","author":{"@id":"https:\/\/www.visit-ulcinj.com\/blog\/#\/schema\/person\/dcab619c614d3038751c63bc2aadc06d"},"description":"Na 23. mi\u0119dzynarodowych targach turystyki Holiday World 2014, kt\u00f3re odby\u0142y si\u0119 w Pradze, w\u015br\u00f3d ponad 300 wystawc\u00f3w z 50 kraj\u00f3w \u015bwiata zaprezentowa\u0142a si\u0119","breadcrumb":{"@id":"https:\/\/www.visit-ulcinj.com\/blog\/2014\/03\/06\/turystyczna-oferta-czarnogory-na-targach-turystycznych-w-pradze\/#breadcrumb"},"inLanguage":"en-US","potentialAction":[{"@type":"ReadAction","target":["https:\/\/www.visit-ulcinj.com\/blog\/2014\/03\/06\/turystyczna-oferta-czarnogory-na-targach-turystycznych-w-pradze\/"]}]},{"@type":"BreadcrumbList","@id":"https:\/\/www.visit-ulcinj.com\/blog\/2014\/03\/06\/turystyczna-oferta-czarnogory-na-targach-turystycznych-w-pradze\/#breadcrumb","itemListElement":[{"@type":"ListItem","position":1,"name":"Turystyczna oferta Czarnog\u00f3ry na targach turystycznych w Pradze"}]},{"@type":"Person","@id":"https:\/\/www.visit-ulcinj.com\/blog\/#\/schema\/person\/dcab619c614d3038751c63bc2aadc06d","name":"ulqini","sameAs":["http:\/\/www.visit-ulcinj.com"],"url":"https:\/\/www.visit-ulcinj.com\/blog\/author\/admin\/"}]}},"jetpack_featured_media_url":"","jetpack_sharing_enabled":true,"jetpack_shortlink":"https:\/\/wp.me\/pe6lTn-kUV","_links":{"self":[{"href":"https:\/\/www.visit-ulcinj.com\/blog\/wp-json\/wp\/v2\/posts\/80409"}],"collection":[{"href":"https:\/\/www.visit-ulcinj.com\/blog\/wp-json\/wp\/v2\/posts"}],"about":[{"href":"https:\/\/www.visit-ulcinj.com\/blog\/wp-json\/wp\/v2\/types\/post"}],"author":[{"embeddable":true,"href":"https:\/\/www.visit-ulcinj.com\/blog\/wp-json\/wp\/v2\/users\/1"}],"replies":[{"embeddable":true,"href":"https:\/\/www.visit-ulcinj.com\/blog\/wp-json\/wp\/v2\/comments?post=80409"}],"version-history":[{"count":2,"href":"https:\/\/www.visit-ulcinj.com\/blog\/wp-json\/wp\/v2\/posts\/80409\/revisions"}],"predecessor-version":[{"id":80478,"href":"https:\/\/www.visit-ulcinj.com\/blog\/wp-json\/wp\/v2\/posts\/80409\/revisions\/80478"}],"wp:attachment":[{"href":"https:\/\/www.visit-ulcinj.com\/blog\/wp-json\/wp\/v2\/media?parent=80409"}],"wp:term":[{"taxonomy":"category","embeddable":true,"href":"https:\/\/www.visit-ulcinj.com\/blog\/wp-json\/wp\/v2\/categories?post=80409"},{"taxonomy":"post_tag","embeddable":true,"href":"https:\/\/www.visit-ulcinj.com\/blog\/wp-json\/wp\/v2\/tags?post=80409"}],"curies":[{"name":"wp","href":"https:\/\/api.w.org\/{rel}","templated":true}]}}