{"id":80412,"date":"2014-03-06T06:50:22","date_gmt":"2014-03-06T05:50:22","guid":{"rendered":"http:\/\/www.visit-ulcinj.com\/blog\/?p=80412"},"modified":"2014-03-07T12:05:45","modified_gmt":"2014-03-07T11:05:45","slug":"pastrimi-rrugeve-ne-ullishten-e-valdanosit-nga-mogul","status":"publish","type":"post","link":"https:\/\/www.visit-ulcinj.com\/blog\/2014\/03\/06\/pastrimi-rrugeve-ne-ullishten-e-valdanosit-nga-mogul\/","title":{"rendered":"Pastrimi i rrug\u00ebve n\u00eb ullisht\u00ebn e Valdanosit nga Mogul &#8211; 9.03.2014"},"content":{"rendered":"<p>Grupi p\u00ebr Valdanosin fton pronar\u00ebt, trash\u00ebgimtar\u00ebt e tyre dhe t\u00eb gjith\u00eb qytetar\u00ebt n\u00eb aksionin e madh\u00eb qytetar\u00eb p\u00ebr pastrimin e rrug\u00ebve n\u00eb ullisht\u00ebn e Valdanosit.<\/p>\n<p>T\u00eb dielen, me 09. Mars me fillim n\u00eb ora 10:00.<br \/>\nXhiro-llogaria p\u00ebr ndihm\u00eb financiare 555-9001312518-71<\/p>\n<p><a href=\"http:\/\/www.visit-ulcinj.com\/blog\/wp-content\/uploads\/2014\/03\/hapim-rruget-per-valdanos.jpg\"><img loading=\"lazy\" class=\"alignleft  wp-image-80429\" alt=\"hapim-rruget-per-valdanos\" src=\"http:\/\/www.visit-ulcinj.com\/blog\/wp-content\/uploads\/2014\/03\/hapim-rruget-per-valdanos.jpg\" width=\"508\" height=\"600\" \/><\/a><br \/>\nGupa za Valdanos poziva vlasnike, njihove nasljednike i sve gradjane na veliku akciju \u010di\u0161\u0107enja pristupnih puteva za Valdanos.<\/p>\n<p>U nedjelju, 09 Marta u 10h.<br \/>\n\u017diro-ra\u010dun za finansijsku pomo\u0107 ovoj akciji 555-9001312518-71<\/p>\n<p><strong><a id=\"js_49\" href=\"https:\/\/www.facebook.com\/mogul.ulqin\" data-hovercard=\"\/ajax\/hovercard\/user.php?id=100002743201525\">Mogul Ulqin Facebook<\/a><\/strong><\/p>\n<p><a href=\"http:\/\/www.visit-ulcinj.com\/blog\/wp-content\/uploads\/2014\/03\/Pastrimi-i-rrug\u00ebve-n\u00eb-ullisht\u00ebn-e-Valdanosit-nga-Mogul-1.jpg\"><img loading=\"lazy\" class=\"alignleft  wp-image-80414\" alt=\"Pastrimi i rrug\u00ebve n\u00eb ullisht\u00ebn e Valdanosit nga Mogul-1\" src=\"http:\/\/www.visit-ulcinj.com\/blog\/wp-content\/uploads\/2014\/03\/Pastrimi-i-rrug\u00ebve-n\u00eb-ullisht\u00ebn-e-Valdanosit-nga-Mogul-1.jpg\" width=\"508\" height=\"360\" \/><\/a><\/p>\n<p><a href=\"http:\/\/www.visit-ulcinj.com\/blog\/wp-content\/uploads\/2014\/03\/Pastrimi-i-rrug\u00ebve-n\u00eb-ullisht\u00ebn-e-Valdanosit-nga-Mogul.jpg\"><img loading=\"lazy\" class=\"alignleft size-full wp-image-80413\" alt=\"Pastrimi i rrug\u00ebve n\u00eb ullisht\u00ebn e Valdanosit nga Mogul\" src=\"http:\/\/www.visit-ulcinj.com\/blog\/wp-content\/uploads\/2014\/03\/Pastrimi-i-rrug\u00ebve-n\u00eb-ullisht\u00ebn-e-Valdanosit-nga-Mogul.jpg\" width=\"508\" height=\"360\" \/><\/a><\/p>\n","protected":false},"excerpt":{"rendered":"<p>Grupi p\u00ebr Valdanosin fton pronar\u00ebt, trash\u00ebgimtar\u00ebt e tyre dhe t\u00eb gjith\u00eb qytetar\u00ebt n\u00eb aksionin e madh\u00eb qytetar\u00eb p\u00ebr pastrimin e rrug\u00ebve n\u00eb ullisht\u00ebn e Valdanosit. T\u00eb dielen, me 09. Mars me fillim n\u00eb ora 10:00. Xhiro-llogaria p\u00ebr ndihm\u00eb financiare 555-9001312518-71 Gupa za Valdanos poziva vlasnike, njihove nasljednike i sve gradjane na veliku akciju \u010di\u0161\u0107enja pristupnih [&hellip;]<\/p>\n","protected":false},"author":1,"featured_media":0,"comment_status":"closed","ping_status":"closed","sticky":false,"template":"","format":"standard","meta":{"spay_email":"","jetpack_publicize_message":"","jetpack_is_tweetstorm":false,"jetpack_publicize_feature_enabled":true},"categories":[6950],"tags":[],"jetpack_publicize_connections":[],"yoast_head":"<!-- This site is optimized with the Yoast SEO plugin v19.1 - https:\/\/yoast.com\/wordpress\/plugins\/seo\/ -->\n<title>Pastrimi i rrug\u00ebve n\u00eb ullisht\u00ebn e Valdanosit nga Mogul - 9.03.2014 - Lajme nga Ulqini<\/title>\n<meta name=\"description\" content=\"Grupi p\u00ebr Valdanosin fton pronar\u00ebt, trash\u00ebgimtar\u00ebt e tyre dhe t\u00eb gjith\u00eb qytetar\u00ebt n\u00eb aksionin e madh\u00eb qytetar\u00eb p\u00ebr pastrimin e rrug\u00ebve n\u00eb ullisht\u00ebn e\" \/>\n<meta name=\"robots\" content=\"index, follow, max-snippet:-1, max-image-preview:large, max-video-preview:-1\" \/>\n<link rel=\"canonical\" href=\"https:\/\/www.visit-ulcinj.com\/blog\/2014\/03\/06\/pastrimi-rrugeve-ne-ullishten-e-valdanosit-nga-mogul\/\" \/>\n<meta property=\"og:locale\" content=\"en_US\" \/>\n<meta property=\"og:type\" content=\"article\" \/>\n<meta property=\"og:title\" content=\"Pastrimi i rrug\u00ebve n\u00eb ullisht\u00ebn e Valdanosit nga Mogul - 9.03.2014 - Lajme nga Ulqini\" \/>\n<meta property=\"og:description\" content=\"Grupi p\u00ebr Valdanosin fton pronar\u00ebt, trash\u00ebgimtar\u00ebt e tyre dhe t\u00eb gjith\u00eb qytetar\u00ebt n\u00eb aksionin e madh\u00eb qytetar\u00eb p\u00ebr pastrimin e rrug\u00ebve n\u00eb ullisht\u00ebn e\" \/>\n<meta property=\"og:url\" content=\"https:\/\/www.visit-ulcinj.com\/blog\/2014\/03\/06\/pastrimi-rrugeve-ne-ullishten-e-valdanosit-nga-mogul\/\" \/>\n<meta property=\"og:site_name\" content=\"Lajme nga Ulqini\" \/>\n<meta property=\"article:published_time\" content=\"2014-03-06T05:50:22+00:00\" \/>\n<meta property=\"article:modified_time\" content=\"2014-03-07T11:05:45+00:00\" \/>\n<meta property=\"og:image\" content=\"http:\/\/www.visit-ulcinj.com\/blog\/wp-content\/uploads\/2014\/03\/hapim-rruget-per-valdanos.jpg\" \/>\n<meta name=\"twitter:label1\" content=\"Written by\" \/>\n\t<meta name=\"twitter:data1\" content=\"ulqini\" \/>\n<script type=\"application\/ld+json\" class=\"yoast-schema-graph\">{\"@context\":\"https:\/\/schema.org\",\"@graph\":[{\"@type\":\"WebSite\",\"@id\":\"https:\/\/www.visit-ulcinj.com\/blog\/#website\",\"url\":\"https:\/\/www.visit-ulcinj.com\/blog\/\",\"name\":\"Lajme nga Ulqini\",\"description\":\"Lajme,Vijesti,Ulqini,Ulqin,Crna Gora,Mali i Zi\",\"potentialAction\":[{\"@type\":\"SearchAction\",\"target\":{\"@type\":\"EntryPoint\",\"urlTemplate\":\"https:\/\/www.visit-ulcinj.com\/blog\/?s={search_term_string}\"},\"query-input\":\"required name=search_term_string\"}],\"inLanguage\":\"en-US\"},{\"@type\":\"ImageObject\",\"inLanguage\":\"en-US\",\"@id\":\"https:\/\/www.visit-ulcinj.com\/blog\/2014\/03\/06\/pastrimi-rrugeve-ne-ullishten-e-valdanosit-nga-mogul\/#primaryimage\",\"url\":\"https:\/\/www.visit-ulcinj.com\/blog\/wp-content\/uploads\/2014\/03\/hapim-rruget-per-valdanos.jpg\",\"contentUrl\":\"https:\/\/www.visit-ulcinj.com\/blog\/wp-content\/uploads\/2014\/03\/hapim-rruget-per-valdanos.jpg\",\"width\":685,\"height\":960},{\"@type\":\"WebPage\",\"@id\":\"https:\/\/www.visit-ulcinj.com\/blog\/2014\/03\/06\/pastrimi-rrugeve-ne-ullishten-e-valdanosit-nga-mogul\/#webpage\",\"url\":\"https:\/\/www.visit-ulcinj.com\/blog\/2014\/03\/06\/pastrimi-rrugeve-ne-ullishten-e-valdanosit-nga-mogul\/\",\"name\":\"Pastrimi i rrug\u00ebve n\u00eb ullisht\u00ebn e Valdanosit nga Mogul - 9.03.2014 - Lajme nga Ulqini\",\"isPartOf\":{\"@id\":\"https:\/\/www.visit-ulcinj.com\/blog\/#website\"},\"primaryImageOfPage\":{\"@id\":\"https:\/\/www.visit-ulcinj.com\/blog\/2014\/03\/06\/pastrimi-rrugeve-ne-ullishten-e-valdanosit-nga-mogul\/#primaryimage\"},\"datePublished\":\"2014-03-06T05:50:22+00:00\",\"dateModified\":\"2014-03-07T11:05:45+00:00\",\"author\":{\"@id\":\"https:\/\/www.visit-ulcinj.com\/blog\/#\/schema\/person\/dcab619c614d3038751c63bc2aadc06d\"},\"description\":\"Grupi p\u00ebr Valdanosin fton pronar\u00ebt, trash\u00ebgimtar\u00ebt e tyre dhe t\u00eb gjith\u00eb qytetar\u00ebt n\u00eb aksionin e madh\u00eb qytetar\u00eb p\u00ebr pastrimin e rrug\u00ebve n\u00eb ullisht\u00ebn e\",\"breadcrumb\":{\"@id\":\"https:\/\/www.visit-ulcinj.com\/blog\/2014\/03\/06\/pastrimi-rrugeve-ne-ullishten-e-valdanosit-nga-mogul\/#breadcrumb\"},\"inLanguage\":\"en-US\",\"potentialAction\":[{\"@type\":\"ReadAction\",\"target\":[\"https:\/\/www.visit-ulcinj.com\/blog\/2014\/03\/06\/pastrimi-rrugeve-ne-ullishten-e-valdanosit-nga-mogul\/\"]}]},{\"@type\":\"BreadcrumbList\",\"@id\":\"https:\/\/www.visit-ulcinj.com\/blog\/2014\/03\/06\/pastrimi-rrugeve-ne-ullishten-e-valdanosit-nga-mogul\/#breadcrumb\",\"itemListElement\":[{\"@type\":\"ListItem\",\"position\":1,\"name\":\"Pastrimi i rrug\u00ebve n\u00eb ullisht\u00ebn e Valdanosit nga Mogul &#8211; 9.03.2014\"}]},{\"@type\":\"Person\",\"@id\":\"https:\/\/www.visit-ulcinj.com\/blog\/#\/schema\/person\/dcab619c614d3038751c63bc2aadc06d\",\"name\":\"ulqini\",\"sameAs\":[\"http:\/\/www.visit-ulcinj.com\"],\"url\":\"https:\/\/www.visit-ulcinj.com\/blog\/author\/admin\/\"}]}<\/script>\n<!-- \/ Yoast SEO plugin. -->","yoast_head_json":{"title":"Pastrimi i rrug\u00ebve n\u00eb ullisht\u00ebn e Valdanosit nga Mogul - 9.03.2014 - Lajme nga Ulqini","description":"Grupi p\u00ebr Valdanosin fton pronar\u00ebt, trash\u00ebgimtar\u00ebt e tyre dhe t\u00eb gjith\u00eb qytetar\u00ebt n\u00eb aksionin e madh\u00eb qytetar\u00eb p\u00ebr pastrimin e rrug\u00ebve n\u00eb ullisht\u00ebn e","robots":{"index":"index","follow":"follow","max-snippet":"max-snippet:-1","max-image-preview":"max-image-preview:large","max-video-preview":"max-video-preview:-1"},"canonical":"https:\/\/www.visit-ulcinj.com\/blog\/2014\/03\/06\/pastrimi-rrugeve-ne-ullishten-e-valdanosit-nga-mogul\/","og_locale":"en_US","og_type":"article","og_title":"Pastrimi i rrug\u00ebve n\u00eb ullisht\u00ebn e Valdanosit nga Mogul - 9.03.2014 - Lajme nga Ulqini","og_description":"Grupi p\u00ebr Valdanosin fton pronar\u00ebt, trash\u00ebgimtar\u00ebt e tyre dhe t\u00eb gjith\u00eb qytetar\u00ebt n\u00eb aksionin e madh\u00eb qytetar\u00eb p\u00ebr pastrimin e rrug\u00ebve n\u00eb ullisht\u00ebn e","og_url":"https:\/\/www.visit-ulcinj.com\/blog\/2014\/03\/06\/pastrimi-rrugeve-ne-ullishten-e-valdanosit-nga-mogul\/","og_site_name":"Lajme nga Ulqini","article_published_time":"2014-03-06T05:50:22+00:00","article_modified_time":"2014-03-07T11:05:45+00:00","og_image":[{"url":"http:\/\/www.visit-ulcinj.com\/blog\/wp-content\/uploads\/2014\/03\/hapim-rruget-per-valdanos.jpg"}],"twitter_misc":{"Written by":"ulqini"},"schema":{"@context":"https:\/\/schema.org","@graph":[{"@type":"WebSite","@id":"https:\/\/www.visit-ulcinj.com\/blog\/#website","url":"https:\/\/www.visit-ulcinj.com\/blog\/","name":"Lajme nga Ulqini","description":"Lajme,Vijesti,Ulqini,Ulqin,Crna Gora,Mali i Zi","potentialAction":[{"@type":"SearchAction","target":{"@type":"EntryPoint","urlTemplate":"https:\/\/www.visit-ulcinj.com\/blog\/?s={search_term_string}"},"query-input":"required name=search_term_string"}],"inLanguage":"en-US"},{"@type":"ImageObject","inLanguage":"en-US","@id":"https:\/\/www.visit-ulcinj.com\/blog\/2014\/03\/06\/pastrimi-rrugeve-ne-ullishten-e-valdanosit-nga-mogul\/#primaryimage","url":"https:\/\/www.visit-ulcinj.com\/blog\/wp-content\/uploads\/2014\/03\/hapim-rruget-per-valdanos.jpg","contentUrl":"https:\/\/www.visit-ulcinj.com\/blog\/wp-content\/uploads\/2014\/03\/hapim-rruget-per-valdanos.jpg","width":685,"height":960},{"@type":"WebPage","@id":"https:\/\/www.visit-ulcinj.com\/blog\/2014\/03\/06\/pastrimi-rrugeve-ne-ullishten-e-valdanosit-nga-mogul\/#webpage","url":"https:\/\/www.visit-ulcinj.com\/blog\/2014\/03\/06\/pastrimi-rrugeve-ne-ullishten-e-valdanosit-nga-mogul\/","name":"Pastrimi i rrug\u00ebve n\u00eb ullisht\u00ebn e Valdanosit nga Mogul - 9.03.2014 - Lajme nga Ulqini","isPartOf":{"@id":"https:\/\/www.visit-ulcinj.com\/blog\/#website"},"primaryImageOfPage":{"@id":"https:\/\/www.visit-ulcinj.com\/blog\/2014\/03\/06\/pastrimi-rrugeve-ne-ullishten-e-valdanosit-nga-mogul\/#primaryimage"},"datePublished":"2014-03-06T05:50:22+00:00","dateModified":"2014-03-07T11:05:45+00:00","author":{"@id":"https:\/\/www.visit-ulcinj.com\/blog\/#\/schema\/person\/dcab619c614d3038751c63bc2aadc06d"},"description":"Grupi p\u00ebr Valdanosin fton pronar\u00ebt, trash\u00ebgimtar\u00ebt e tyre dhe t\u00eb gjith\u00eb qytetar\u00ebt n\u00eb aksionin e madh\u00eb qytetar\u00eb p\u00ebr pastrimin e rrug\u00ebve n\u00eb ullisht\u00ebn e","breadcrumb":{"@id":"https:\/\/www.visit-ulcinj.com\/blog\/2014\/03\/06\/pastrimi-rrugeve-ne-ullishten-e-valdanosit-nga-mogul\/#breadcrumb"},"inLanguage":"en-US","potentialAction":[{"@type":"ReadAction","target":["https:\/\/www.visit-ulcinj.com\/blog\/2014\/03\/06\/pastrimi-rrugeve-ne-ullishten-e-valdanosit-nga-mogul\/"]}]},{"@type":"BreadcrumbList","@id":"https:\/\/www.visit-ulcinj.com\/blog\/2014\/03\/06\/pastrimi-rrugeve-ne-ullishten-e-valdanosit-nga-mogul\/#breadcrumb","itemListElement":[{"@type":"ListItem","position":1,"name":"Pastrimi i rrug\u00ebve n\u00eb ullisht\u00ebn e Valdanosit nga Mogul &#8211; 9.03.2014"}]},{"@type":"Person","@id":"https:\/\/www.visit-ulcinj.com\/blog\/#\/schema\/person\/dcab619c614d3038751c63bc2aadc06d","name":"ulqini","sameAs":["http:\/\/www.visit-ulcinj.com"],"url":"https:\/\/www.visit-ulcinj.com\/blog\/author\/admin\/"}]}},"jetpack_featured_media_url":"","jetpack_sharing_enabled":true,"jetpack_shortlink":"https:\/\/wp.me\/pe6lTn-kUY","_links":{"self":[{"href":"https:\/\/www.visit-ulcinj.com\/blog\/wp-json\/wp\/v2\/posts\/80412"}],"collection":[{"href":"https:\/\/www.visit-ulcinj.com\/blog\/wp-json\/wp\/v2\/posts"}],"about":[{"href":"https:\/\/www.visit-ulcinj.com\/blog\/wp-json\/wp\/v2\/types\/post"}],"author":[{"embeddable":true,"href":"https:\/\/www.visit-ulcinj.com\/blog\/wp-json\/wp\/v2\/users\/1"}],"replies":[{"embeddable":true,"href":"https:\/\/www.visit-ulcinj.com\/blog\/wp-json\/wp\/v2\/comments?post=80412"}],"version-history":[{"count":5,"href":"https:\/\/www.visit-ulcinj.com\/blog\/wp-json\/wp\/v2\/posts\/80412\/revisions"}],"predecessor-version":[{"id":80432,"href":"https:\/\/www.visit-ulcinj.com\/blog\/wp-json\/wp\/v2\/posts\/80412\/revisions\/80432"}],"wp:attachment":[{"href":"https:\/\/www.visit-ulcinj.com\/blog\/wp-json\/wp\/v2\/media?parent=80412"}],"wp:term":[{"taxonomy":"category","embeddable":true,"href":"https:\/\/www.visit-ulcinj.com\/blog\/wp-json\/wp\/v2\/categories?post=80412"},{"taxonomy":"post_tag","embeddable":true,"href":"https:\/\/www.visit-ulcinj.com\/blog\/wp-json\/wp\/v2\/tags?post=80412"}],"curies":[{"name":"wp","href":"https:\/\/api.w.org\/{rel}","templated":true}]}}