{"id":80424,"date":"2014-03-07T10:24:16","date_gmt":"2014-03-07T09:24:16","guid":{"rendered":"http:\/\/www.visit-ulcinj.com\/blog\/?p=80424"},"modified":"2014-03-07T10:25:09","modified_gmt":"2014-03-07T09:25:09","slug":"ne-damo-ulcinj-nuk-e-dorezojme-ulqinin","status":"publish","type":"post","link":"https:\/\/www.visit-ulcinj.com\/blog\/2014\/03\/07\/ne-damo-ulcinj-nuk-e-dorezojme-ulqinin\/","title":{"rendered":"Ne damo Ulcinj! Nuk e dorezojme Ulqinin!\u201d"},"content":{"rendered":"<p><strong>OVAJ TEKST NEKA POSLU\u017dI SVIM LJUDIMA-STANOVNI\u0160TVU ULCINJA- KAO PROGRAM<\/strong><\/p>\n<p><strong> A P E L I GIORGI LLESHIT ULQINAKUT ME ZEM\u00cbR<\/strong><\/p>\n<p><strong> L E X O N I DHE MOS HARRONI SE \u00c7KA NA PRET<\/strong><\/p>\n<p><strong> OVAJ TEKST MORAJU PRO\u010cITATI SVI STANOVNICI OP\u0160TINE ULCINJ-SVIH SELA, MJESTA. MJESNIH ZAJEDNICA, MAHALA.<\/strong><br \/>\n<strong> OVAJ TEKST TREBA &#8220;INSTALIRATI&#8221; U SVAKOM MOZGU SVAKOG GRA\u0110ANINA O\u0160TINE ULCINJ<\/strong><\/p>\n<p><a href=\"http:\/\/www.visit-ulcinj.com\/blog\/wp-content\/uploads\/2014\/03\/Giorgi-Lesi-ulcinj.jpg\"><img loading=\"lazy\" class=\"alignleft  wp-image-80426\" alt=\"Giorgi Lesi-ulcinj\" src=\"http:\/\/www.visit-ulcinj.com\/blog\/wp-content\/uploads\/2014\/03\/Giorgi-Lesi-ulcinj.jpg\" width=\"508\" height=\"360\" \/><\/a><\/p>\n<p>Giorgi Le\u0161i-Gjergj LLESHI:<\/p>\n<p><strong>\u201dNe damo Ulcinj! Nuk e dorezojme Ulqinin!\u201d<\/strong><\/p>\n<p>U vie\u0161e navrata sam u ono vrjeme pisao i upore\u0111ivao privatizaciju Luke Bar i Solane Bajo Sekulic. Radi se o istom kriminalnom &#8220;Modus Operandi&#8221;. Prvo se jeftino kupovalo a onda se industrijsko zemlji\u0161te lokalnim malverzacijam preina\u010davalo u gra\u0111evinsko. Tako se plja\u010dkalo dru\u0161tveno bogatsvo u vrjednosti od vi\u0111e miliardi dolara. Nakon \u0161to je javnost bila senzibilizovana korigovana je odluka s kojom je prostor Solane bio progla\u0161en za grad\u0111evinsko zemlji\u0161te. Tako smo &#8220;\u0161tite\u0107i ptice&#8221; sprje\u010dili jednu jo\u0161 ve\u0107u plja\u010dku ovog grada. Budu\u0107i da vlasnici po svaku cjenu nastavljaju proces likvidiranja Solane, pretpostavljam, da na ovu pri\u010du nije stavljena ta\u010dka. Imaju oni jedan rezervni plan u d\u017eepu. U naredno vrjeme pokua\u0161\u0107e neka politi\u0107ki uticajna osoba, institucija ili partija pod nekim ubjedljivim izgovorom (kao npr. miliarde investicija zavise od toga) da promjeni stauts solanskog zemlji\u0161ta. Problem Solane treba rje\u0161avati u dva smjera, njenom nacionalzacijom i stavljanjem cjelokupnog ekosistema pod zakonsku za\u0161titu.\u201c<\/p>\n<p>\u201eUlcinj: Grad na umoru 20. M\u00e4rz 2010 um 08:03 (Objavljeno 20. Marta 2010) Ve\u0107 preko dvije decenije nijemi smo svjedoci sistematskog uni\u0161tavanja jednog nekada tako lijepog grada na krajnjem jugu Jadrana. Ako svi oni kojima je stalo do ovog grada, zajedni\u010dki ne uzdignu glas protiv bezakonja, Ulcinjani \u0107e u bliskoj budu\u0107nosti bespomo\u0107no, ba\u0161 kao i pred zaklju\u010danom kapijom \u201eVladanosa\u201c, stajati pred kapijom svojega grada. Treba zaustaviti rasprodaju ovoga grada. Svi postoje\u0107i hotelski kapaciteti su namjerno poru\u0161eni i zapu\u0161teni, kako bi se u bescijenje kasirali od strane raznih interesnih grupacija. \u017dalosno je \u0161ta napravi\u0161e od hotela \u201dGaleba\u201d, Lida, Ade Bojne, Albatrosa&#8230;&#8230;. Ovaj grad se mora odbraniti! Navodim nekoliko va\u017enih problema sa visokim prioritetom za njihovo rje\u0161avanje: 1. Ukidanje morskog dobra. 2. Zaustavljanje procesa privatizacije, sve dok se ne defini\u0161u jasni i transparentni kriteriji, po\u0161to je dosada\u0161nji proces privatizacije imao katastrofalne posljedice po grad. 3. Grad Ulcinj i cjelokupni ekolo\u0161ki sistem ne mogu podnjeti vi\u0161e hotelskih kapaciteta od onih predratnih. Treba pod hitno obnoviti tj. ponovo izgraditi stare kapacitiete. Ne trebaju nam saudisjki \u0161eici i ruski oligarhi. Master plan za Veliku Pla\u017eu, je plan za ekolo\u0161ko i kulturno uni\u0161tenje ovog podru\u010dja, zato ga treba reducirati na jednu podno\u0161ljivu mjeru. 4. Solana i solanska polja moraju se pod hitno staviti pod za\u0161titu zakona, kao biotop i stani\u0161te ptica. 5. Rje\u0161avajmo ekolo\u0161ke probleme. Neodlo\u017eivo je rje\u0161avanje problema u vezi sa odpadnim kanalizacijskim vodama i sanacijom Port Milene. 6. Povra\u0107aj zemlji\u0161ta u uvali Valdanos vlasnicima. 7. Osnivanje jedne dvojezi\u010dne visoko\u0161kolske ustanove na podru\u010dju ulcinjske op\u0161tine. Predugo su Ulcinjani nasjedali la\u017eima republi\u010dke vlade i loklnim organima vlasti, koji ve\u0107 preko dvije decenije kumuju uni\u0161tavanju ovog grada. U iskustvu, organizovanosti i anga\u017emanu jedine aktivne gra\u0111anske inicijative na podru\u010dju grada, koja se ve\u0107 decenijama zala\u017ee za povra\u0107aj zemlji\u0161ta uvale Valdanos, gdje se gra\u0111ani ovoga grada jedinstveno bore za svoja prava, vidim realnu mogu\u0107nost da njihov moto<br \/>\n\u201dNe damo Vladanos!!\u201d dobije jednu novu dimenziju gradjanskog otpora: \u201d Ne damo Ulcinj! Nuk e dorezojme Ulqinin!\u201d<\/p>\n","protected":false},"excerpt":{"rendered":"<p>OVAJ TEKST NEKA POSLU\u017dI SVIM LJUDIMA-STANOVNI\u0160TVU ULCINJA- KAO PROGRAM A P E L I GIORGI LLESHIT ULQINAKUT ME ZEM\u00cbR L E X O N I DHE MOS HARRONI SE \u00c7KA NA PRET OVAJ TEKST MORAJU PRO\u010cITATI SVI STANOVNICI OP\u0160TINE ULCINJ-SVIH SELA, MJESTA. MJESNIH ZAJEDNICA, MAHALA. OVAJ TEKST TREBA &#8220;INSTALIRATI&#8221; U SVAKOM MOZGU SVAKOG GRA\u0110ANINA O\u0160TINE [&hellip;]<\/p>\n","protected":false},"author":1,"featured_media":0,"comment_status":"closed","ping_status":"closed","sticky":false,"template":"","format":"standard","meta":{"spay_email":"","jetpack_publicize_message":"","jetpack_is_tweetstorm":false,"jetpack_publicize_feature_enabled":true},"categories":[8337],"tags":[],"jetpack_publicize_connections":[],"yoast_head":"<!-- This site is optimized with the Yoast SEO plugin v19.1 - https:\/\/yoast.com\/wordpress\/plugins\/seo\/ -->\n<title>Ne damo Ulcinj! Nuk e dorezojme Ulqinin!\u201d - Lajme nga Ulqini<\/title>\n<meta name=\"description\" content=\"OVAJ TEKST NEKA POSLU\u017dI SVIM LJUDIMA-STANOVNI\u0160TVU ULCINJA- KAO PROGRAM A P E L I GIORGI LLESHIT ULQINAKUT ME ZEM\u00cbR L E X O N I DHE MOS HARRONI SE \u00c7KA NA\" \/>\n<meta name=\"robots\" content=\"index, follow, max-snippet:-1, max-image-preview:large, max-video-preview:-1\" \/>\n<link rel=\"canonical\" href=\"https:\/\/www.visit-ulcinj.com\/blog\/2014\/03\/07\/ne-damo-ulcinj-nuk-e-dorezojme-ulqinin\/\" \/>\n<meta property=\"og:locale\" content=\"en_US\" \/>\n<meta property=\"og:type\" content=\"article\" \/>\n<meta property=\"og:title\" content=\"Ne damo Ulcinj! Nuk e dorezojme Ulqinin!\u201d - Lajme nga Ulqini\" \/>\n<meta property=\"og:description\" content=\"OVAJ TEKST NEKA POSLU\u017dI SVIM LJUDIMA-STANOVNI\u0160TVU ULCINJA- KAO PROGRAM A P E L I GIORGI LLESHIT ULQINAKUT ME ZEM\u00cbR L E X O N I DHE MOS HARRONI SE \u00c7KA NA\" \/>\n<meta property=\"og:url\" content=\"https:\/\/www.visit-ulcinj.com\/blog\/2014\/03\/07\/ne-damo-ulcinj-nuk-e-dorezojme-ulqinin\/\" \/>\n<meta property=\"og:site_name\" content=\"Lajme nga Ulqini\" \/>\n<meta property=\"article:published_time\" content=\"2014-03-07T09:24:16+00:00\" \/>\n<meta property=\"article:modified_time\" content=\"2014-03-07T09:25:09+00:00\" \/>\n<meta property=\"og:image\" content=\"http:\/\/www.visit-ulcinj.com\/blog\/wp-content\/uploads\/2014\/03\/Giorgi-Lesi-ulcinj.jpg\" \/>\n<meta name=\"twitter:label1\" content=\"Written by\" \/>\n\t<meta name=\"twitter:data1\" content=\"ulqini\" \/>\n\t<meta name=\"twitter:label2\" content=\"Est. reading time\" \/>\n\t<meta name=\"twitter:data2\" content=\"3 minutes\" \/>\n<script type=\"application\/ld+json\" class=\"yoast-schema-graph\">{\"@context\":\"https:\/\/schema.org\",\"@graph\":[{\"@type\":\"WebSite\",\"@id\":\"https:\/\/www.visit-ulcinj.com\/blog\/#website\",\"url\":\"https:\/\/www.visit-ulcinj.com\/blog\/\",\"name\":\"Lajme nga Ulqini\",\"description\":\"Lajme,Vijesti,Ulqini,Ulqin,Crna Gora,Mali i Zi\",\"potentialAction\":[{\"@type\":\"SearchAction\",\"target\":{\"@type\":\"EntryPoint\",\"urlTemplate\":\"https:\/\/www.visit-ulcinj.com\/blog\/?s={search_term_string}\"},\"query-input\":\"required name=search_term_string\"}],\"inLanguage\":\"en-US\"},{\"@type\":\"ImageObject\",\"inLanguage\":\"en-US\",\"@id\":\"https:\/\/www.visit-ulcinj.com\/blog\/2014\/03\/07\/ne-damo-ulcinj-nuk-e-dorezojme-ulqinin\/#primaryimage\",\"url\":\"https:\/\/www.visit-ulcinj.com\/blog\/wp-content\/uploads\/2014\/03\/Giorgi-Lesi-ulcinj.jpg\",\"contentUrl\":\"https:\/\/www.visit-ulcinj.com\/blog\/wp-content\/uploads\/2014\/03\/Giorgi-Lesi-ulcinj.jpg\",\"width\":700,\"height\":394},{\"@type\":\"WebPage\",\"@id\":\"https:\/\/www.visit-ulcinj.com\/blog\/2014\/03\/07\/ne-damo-ulcinj-nuk-e-dorezojme-ulqinin\/#webpage\",\"url\":\"https:\/\/www.visit-ulcinj.com\/blog\/2014\/03\/07\/ne-damo-ulcinj-nuk-e-dorezojme-ulqinin\/\",\"name\":\"Ne damo Ulcinj! Nuk e dorezojme Ulqinin!\u201d - Lajme nga Ulqini\",\"isPartOf\":{\"@id\":\"https:\/\/www.visit-ulcinj.com\/blog\/#website\"},\"primaryImageOfPage\":{\"@id\":\"https:\/\/www.visit-ulcinj.com\/blog\/2014\/03\/07\/ne-damo-ulcinj-nuk-e-dorezojme-ulqinin\/#primaryimage\"},\"datePublished\":\"2014-03-07T09:24:16+00:00\",\"dateModified\":\"2014-03-07T09:25:09+00:00\",\"author\":{\"@id\":\"https:\/\/www.visit-ulcinj.com\/blog\/#\/schema\/person\/dcab619c614d3038751c63bc2aadc06d\"},\"description\":\"OVAJ TEKST NEKA POSLU\u017dI SVIM LJUDIMA-STANOVNI\u0160TVU ULCINJA- KAO PROGRAM A P E L I GIORGI LLESHIT ULQINAKUT ME ZEM\u00cbR L E X O N I DHE MOS HARRONI SE \u00c7KA NA\",\"breadcrumb\":{\"@id\":\"https:\/\/www.visit-ulcinj.com\/blog\/2014\/03\/07\/ne-damo-ulcinj-nuk-e-dorezojme-ulqinin\/#breadcrumb\"},\"inLanguage\":\"en-US\",\"potentialAction\":[{\"@type\":\"ReadAction\",\"target\":[\"https:\/\/www.visit-ulcinj.com\/blog\/2014\/03\/07\/ne-damo-ulcinj-nuk-e-dorezojme-ulqinin\/\"]}]},{\"@type\":\"BreadcrumbList\",\"@id\":\"https:\/\/www.visit-ulcinj.com\/blog\/2014\/03\/07\/ne-damo-ulcinj-nuk-e-dorezojme-ulqinin\/#breadcrumb\",\"itemListElement\":[{\"@type\":\"ListItem\",\"position\":1,\"name\":\"Ne damo Ulcinj! Nuk e dorezojme Ulqinin!\u201d\"}]},{\"@type\":\"Person\",\"@id\":\"https:\/\/www.visit-ulcinj.com\/blog\/#\/schema\/person\/dcab619c614d3038751c63bc2aadc06d\",\"name\":\"ulqini\",\"sameAs\":[\"http:\/\/www.visit-ulcinj.com\"],\"url\":\"https:\/\/www.visit-ulcinj.com\/blog\/author\/admin\/\"}]}<\/script>\n<!-- \/ Yoast SEO plugin. -->","yoast_head_json":{"title":"Ne damo Ulcinj! Nuk e dorezojme Ulqinin!\u201d - Lajme nga Ulqini","description":"OVAJ TEKST NEKA POSLU\u017dI SVIM LJUDIMA-STANOVNI\u0160TVU ULCINJA- KAO PROGRAM A P E L I GIORGI LLESHIT ULQINAKUT ME ZEM\u00cbR L E X O N I DHE MOS HARRONI SE \u00c7KA NA","robots":{"index":"index","follow":"follow","max-snippet":"max-snippet:-1","max-image-preview":"max-image-preview:large","max-video-preview":"max-video-preview:-1"},"canonical":"https:\/\/www.visit-ulcinj.com\/blog\/2014\/03\/07\/ne-damo-ulcinj-nuk-e-dorezojme-ulqinin\/","og_locale":"en_US","og_type":"article","og_title":"Ne damo Ulcinj! Nuk e dorezojme Ulqinin!\u201d - Lajme nga Ulqini","og_description":"OVAJ TEKST NEKA POSLU\u017dI SVIM LJUDIMA-STANOVNI\u0160TVU ULCINJA- KAO PROGRAM A P E L I GIORGI LLESHIT ULQINAKUT ME ZEM\u00cbR L E X O N I DHE MOS HARRONI SE \u00c7KA NA","og_url":"https:\/\/www.visit-ulcinj.com\/blog\/2014\/03\/07\/ne-damo-ulcinj-nuk-e-dorezojme-ulqinin\/","og_site_name":"Lajme nga Ulqini","article_published_time":"2014-03-07T09:24:16+00:00","article_modified_time":"2014-03-07T09:25:09+00:00","og_image":[{"url":"http:\/\/www.visit-ulcinj.com\/blog\/wp-content\/uploads\/2014\/03\/Giorgi-Lesi-ulcinj.jpg"}],"twitter_misc":{"Written by":"ulqini","Est. reading time":"3 minutes"},"schema":{"@context":"https:\/\/schema.org","@graph":[{"@type":"WebSite","@id":"https:\/\/www.visit-ulcinj.com\/blog\/#website","url":"https:\/\/www.visit-ulcinj.com\/blog\/","name":"Lajme nga Ulqini","description":"Lajme,Vijesti,Ulqini,Ulqin,Crna Gora,Mali i Zi","potentialAction":[{"@type":"SearchAction","target":{"@type":"EntryPoint","urlTemplate":"https:\/\/www.visit-ulcinj.com\/blog\/?s={search_term_string}"},"query-input":"required name=search_term_string"}],"inLanguage":"en-US"},{"@type":"ImageObject","inLanguage":"en-US","@id":"https:\/\/www.visit-ulcinj.com\/blog\/2014\/03\/07\/ne-damo-ulcinj-nuk-e-dorezojme-ulqinin\/#primaryimage","url":"https:\/\/www.visit-ulcinj.com\/blog\/wp-content\/uploads\/2014\/03\/Giorgi-Lesi-ulcinj.jpg","contentUrl":"https:\/\/www.visit-ulcinj.com\/blog\/wp-content\/uploads\/2014\/03\/Giorgi-Lesi-ulcinj.jpg","width":700,"height":394},{"@type":"WebPage","@id":"https:\/\/www.visit-ulcinj.com\/blog\/2014\/03\/07\/ne-damo-ulcinj-nuk-e-dorezojme-ulqinin\/#webpage","url":"https:\/\/www.visit-ulcinj.com\/blog\/2014\/03\/07\/ne-damo-ulcinj-nuk-e-dorezojme-ulqinin\/","name":"Ne damo Ulcinj! Nuk e dorezojme Ulqinin!\u201d - Lajme nga Ulqini","isPartOf":{"@id":"https:\/\/www.visit-ulcinj.com\/blog\/#website"},"primaryImageOfPage":{"@id":"https:\/\/www.visit-ulcinj.com\/blog\/2014\/03\/07\/ne-damo-ulcinj-nuk-e-dorezojme-ulqinin\/#primaryimage"},"datePublished":"2014-03-07T09:24:16+00:00","dateModified":"2014-03-07T09:25:09+00:00","author":{"@id":"https:\/\/www.visit-ulcinj.com\/blog\/#\/schema\/person\/dcab619c614d3038751c63bc2aadc06d"},"description":"OVAJ TEKST NEKA POSLU\u017dI SVIM LJUDIMA-STANOVNI\u0160TVU ULCINJA- KAO PROGRAM A P E L I GIORGI LLESHIT ULQINAKUT ME ZEM\u00cbR L E X O N I DHE MOS HARRONI SE \u00c7KA NA","breadcrumb":{"@id":"https:\/\/www.visit-ulcinj.com\/blog\/2014\/03\/07\/ne-damo-ulcinj-nuk-e-dorezojme-ulqinin\/#breadcrumb"},"inLanguage":"en-US","potentialAction":[{"@type":"ReadAction","target":["https:\/\/www.visit-ulcinj.com\/blog\/2014\/03\/07\/ne-damo-ulcinj-nuk-e-dorezojme-ulqinin\/"]}]},{"@type":"BreadcrumbList","@id":"https:\/\/www.visit-ulcinj.com\/blog\/2014\/03\/07\/ne-damo-ulcinj-nuk-e-dorezojme-ulqinin\/#breadcrumb","itemListElement":[{"@type":"ListItem","position":1,"name":"Ne damo Ulcinj! Nuk e dorezojme Ulqinin!\u201d"}]},{"@type":"Person","@id":"https:\/\/www.visit-ulcinj.com\/blog\/#\/schema\/person\/dcab619c614d3038751c63bc2aadc06d","name":"ulqini","sameAs":["http:\/\/www.visit-ulcinj.com"],"url":"https:\/\/www.visit-ulcinj.com\/blog\/author\/admin\/"}]}},"jetpack_featured_media_url":"","jetpack_sharing_enabled":true,"jetpack_shortlink":"https:\/\/wp.me\/pe6lTn-kVa","_links":{"self":[{"href":"https:\/\/www.visit-ulcinj.com\/blog\/wp-json\/wp\/v2\/posts\/80424"}],"collection":[{"href":"https:\/\/www.visit-ulcinj.com\/blog\/wp-json\/wp\/v2\/posts"}],"about":[{"href":"https:\/\/www.visit-ulcinj.com\/blog\/wp-json\/wp\/v2\/types\/post"}],"author":[{"embeddable":true,"href":"https:\/\/www.visit-ulcinj.com\/blog\/wp-json\/wp\/v2\/users\/1"}],"replies":[{"embeddable":true,"href":"https:\/\/www.visit-ulcinj.com\/blog\/wp-json\/wp\/v2\/comments?post=80424"}],"version-history":[{"count":2,"href":"https:\/\/www.visit-ulcinj.com\/blog\/wp-json\/wp\/v2\/posts\/80424\/revisions"}],"predecessor-version":[{"id":80428,"href":"https:\/\/www.visit-ulcinj.com\/blog\/wp-json\/wp\/v2\/posts\/80424\/revisions\/80428"}],"wp:attachment":[{"href":"https:\/\/www.visit-ulcinj.com\/blog\/wp-json\/wp\/v2\/media?parent=80424"}],"wp:term":[{"taxonomy":"category","embeddable":true,"href":"https:\/\/www.visit-ulcinj.com\/blog\/wp-json\/wp\/v2\/categories?post=80424"},{"taxonomy":"post_tag","embeddable":true,"href":"https:\/\/www.visit-ulcinj.com\/blog\/wp-json\/wp\/v2\/tags?post=80424"}],"curies":[{"name":"wp","href":"https:\/\/api.w.org\/{rel}","templated":true}]}}