{"id":80433,"date":"2014-03-07T19:01:01","date_gmt":"2014-03-07T18:01:01","guid":{"rendered":"http:\/\/www.visit-ulcinj.com\/blog\/?p=80433"},"modified":"2014-03-08T11:02:43","modified_gmt":"2014-03-08T10:02:43","slug":"komuna-ulqinit-urimi-kryetarit-gjeka-per-8-marsin-diten-e-gruas","status":"publish","type":"post","link":"https:\/\/www.visit-ulcinj.com\/blog\/2014\/03\/07\/komuna-ulqinit-urimi-kryetarit-gjeka-per-8-marsin-diten-e-gruas\/","title":{"rendered":"Komuna Ulqinit &#8211; Urimi i Kryetarit Gjeka, p\u00ebr 8 Marsin Dit\u00ebn e Gruas"},"content":{"rendered":"<p><strong><a href=\"http:\/\/www.visit-ulcinj.com\/blog\/wp-content\/uploads\/2014\/03\/gezuar-8-marsin_Fatmir_Gjeka.jpg\"><img loading=\"lazy\" class=\"alignleft  wp-image-80434\" alt=\"gezuar-8-marsin_Fatmir_Gjeka\" src=\"http:\/\/www.visit-ulcinj.com\/blog\/wp-content\/uploads\/2014\/03\/gezuar-8-marsin_Fatmir_Gjeka.jpg\" width=\"508\" height=\"360\" \/><\/a>Kryetari i Komun\u00ebs s\u00eb Ulqinit Fatmir Gjeka uron Dit\u00ebn nd\u00ebrkomb\u00ebtare t\u00eb gruas<\/strong><\/p>\n<p>Kryetari i Komun\u00ebs s\u00eb Ulqinit Z.Fatmir Gjeka p\u00ebr nder t\u00eb tet\u00eb marsit- Dit\u00ebs nd\u00ebrkombetare t\u00eb grave, ka uruar n\u00ebnat, bashk\u00ebshortet dhe motrat duke ju shprehur mir\u00ebnjohje t\u00eb thell\u00eb dhe urime p\u00ebr k\u00ebt\u00eb fest\u00eb.<br \/>\nN\u00eb urimin e tij nd\u00ebr t\u00eb tjera thuhet q\u00eb Komuna e Ulqinit edhe m\u00eb tej do t\u00eb riafirmoj p\u00ebrkushtimet dhe vizionin p\u00ebr avancimin e barazise gjinore.<\/p>\n<p>&nbsp;<\/p>\n<p>Komuna Ulqinit<\/p>\n","protected":false},"excerpt":{"rendered":"<p>Kryetari i Komun\u00ebs s\u00eb Ulqinit Fatmir Gjeka uron Dit\u00ebn nd\u00ebrkomb\u00ebtare t\u00eb gruas Kryetari i Komun\u00ebs s\u00eb Ulqinit Z.Fatmir Gjeka p\u00ebr nder t\u00eb tet\u00eb marsit- Dit\u00ebs nd\u00ebrkombetare t\u00eb grave, ka uruar n\u00ebnat, bashk\u00ebshortet dhe motrat duke ju shprehur mir\u00ebnjohje t\u00eb thell\u00eb dhe urime p\u00ebr k\u00ebt\u00eb fest\u00eb. N\u00eb urimin e tij nd\u00ebr t\u00eb tjera thuhet q\u00eb Komuna [&hellip;]<\/p>\n","protected":false},"author":1,"featured_media":0,"comment_status":"closed","ping_status":"closed","sticky":false,"template":"","format":"standard","meta":{"spay_email":"","jetpack_publicize_message":"","jetpack_is_tweetstorm":false,"jetpack_publicize_feature_enabled":true},"categories":[1],"tags":[],"jetpack_publicize_connections":[],"yoast_head":"<!-- This site is optimized with the Yoast SEO plugin v19.1 - https:\/\/yoast.com\/wordpress\/plugins\/seo\/ -->\n<title>Komuna Ulqinit - Urimi i Kryetarit Gjeka, p\u00ebr 8 Marsin Dit\u00ebn e Gruas - Lajme nga Ulqini<\/title>\n<meta name=\"description\" content=\"Kryetari i Komun\u00ebs s\u00eb Ulqinit Fatmir Gjeka uron Dit\u00ebn nd\u00ebrkomb\u00ebtare t\u00eb gruas Kryetari i Komun\u00ebs s\u00eb Ulqinit Z.Fatmir Gjeka p\u00ebr nder t\u00eb tet\u00eb marsit- Dit\u00ebs\" \/>\n<meta name=\"robots\" content=\"index, follow, max-snippet:-1, max-image-preview:large, max-video-preview:-1\" \/>\n<link rel=\"canonical\" href=\"https:\/\/www.visit-ulcinj.com\/blog\/2014\/03\/07\/komuna-ulqinit-urimi-kryetarit-gjeka-per-8-marsin-diten-e-gruas\/\" \/>\n<meta property=\"og:locale\" content=\"en_US\" \/>\n<meta property=\"og:type\" content=\"article\" \/>\n<meta property=\"og:title\" content=\"Komuna Ulqinit - Urimi i Kryetarit Gjeka, p\u00ebr 8 Marsin Dit\u00ebn e Gruas - Lajme nga Ulqini\" \/>\n<meta property=\"og:description\" content=\"Kryetari i Komun\u00ebs s\u00eb Ulqinit Fatmir Gjeka uron Dit\u00ebn nd\u00ebrkomb\u00ebtare t\u00eb gruas Kryetari i Komun\u00ebs s\u00eb Ulqinit Z.Fatmir Gjeka p\u00ebr nder t\u00eb tet\u00eb marsit- Dit\u00ebs\" \/>\n<meta property=\"og:url\" content=\"https:\/\/www.visit-ulcinj.com\/blog\/2014\/03\/07\/komuna-ulqinit-urimi-kryetarit-gjeka-per-8-marsin-diten-e-gruas\/\" \/>\n<meta property=\"og:site_name\" content=\"Lajme nga Ulqini\" \/>\n<meta property=\"article:published_time\" content=\"2014-03-07T18:01:01+00:00\" \/>\n<meta property=\"article:modified_time\" content=\"2014-03-08T10:02:43+00:00\" \/>\n<meta property=\"og:image\" content=\"http:\/\/www.visit-ulcinj.com\/blog\/wp-content\/uploads\/2014\/03\/gezuar-8-marsin_Fatmir_Gjeka.jpg\" \/>\n<meta name=\"twitter:label1\" content=\"Written by\" \/>\n\t<meta name=\"twitter:data1\" content=\"ulqini\" \/>\n<script type=\"application\/ld+json\" class=\"yoast-schema-graph\">{\"@context\":\"https:\/\/schema.org\",\"@graph\":[{\"@type\":\"WebSite\",\"@id\":\"https:\/\/www.visit-ulcinj.com\/blog\/#website\",\"url\":\"https:\/\/www.visit-ulcinj.com\/blog\/\",\"name\":\"Lajme nga Ulqini\",\"description\":\"Lajme,Vijesti,Ulqini,Ulqin,Crna Gora,Mali i Zi\",\"potentialAction\":[{\"@type\":\"SearchAction\",\"target\":{\"@type\":\"EntryPoint\",\"urlTemplate\":\"https:\/\/www.visit-ulcinj.com\/blog\/?s={search_term_string}\"},\"query-input\":\"required name=search_term_string\"}],\"inLanguage\":\"en-US\"},{\"@type\":\"ImageObject\",\"inLanguage\":\"en-US\",\"@id\":\"https:\/\/www.visit-ulcinj.com\/blog\/2014\/03\/07\/komuna-ulqinit-urimi-kryetarit-gjeka-per-8-marsin-diten-e-gruas\/#primaryimage\",\"url\":\"https:\/\/www.visit-ulcinj.com\/blog\/wp-content\/uploads\/2014\/03\/gezuar-8-marsin_Fatmir_Gjeka.jpg\",\"contentUrl\":\"https:\/\/www.visit-ulcinj.com\/blog\/wp-content\/uploads\/2014\/03\/gezuar-8-marsin_Fatmir_Gjeka.jpg\",\"width\":769,\"height\":400},{\"@type\":\"WebPage\",\"@id\":\"https:\/\/www.visit-ulcinj.com\/blog\/2014\/03\/07\/komuna-ulqinit-urimi-kryetarit-gjeka-per-8-marsin-diten-e-gruas\/#webpage\",\"url\":\"https:\/\/www.visit-ulcinj.com\/blog\/2014\/03\/07\/komuna-ulqinit-urimi-kryetarit-gjeka-per-8-marsin-diten-e-gruas\/\",\"name\":\"Komuna Ulqinit - Urimi i Kryetarit Gjeka, p\u00ebr 8 Marsin Dit\u00ebn e Gruas - Lajme nga Ulqini\",\"isPartOf\":{\"@id\":\"https:\/\/www.visit-ulcinj.com\/blog\/#website\"},\"primaryImageOfPage\":{\"@id\":\"https:\/\/www.visit-ulcinj.com\/blog\/2014\/03\/07\/komuna-ulqinit-urimi-kryetarit-gjeka-per-8-marsin-diten-e-gruas\/#primaryimage\"},\"datePublished\":\"2014-03-07T18:01:01+00:00\",\"dateModified\":\"2014-03-08T10:02:43+00:00\",\"author\":{\"@id\":\"https:\/\/www.visit-ulcinj.com\/blog\/#\/schema\/person\/dcab619c614d3038751c63bc2aadc06d\"},\"description\":\"Kryetari i Komun\u00ebs s\u00eb Ulqinit Fatmir Gjeka uron Dit\u00ebn nd\u00ebrkomb\u00ebtare t\u00eb gruas Kryetari i Komun\u00ebs s\u00eb Ulqinit Z.Fatmir Gjeka p\u00ebr nder t\u00eb tet\u00eb marsit- Dit\u00ebs\",\"breadcrumb\":{\"@id\":\"https:\/\/www.visit-ulcinj.com\/blog\/2014\/03\/07\/komuna-ulqinit-urimi-kryetarit-gjeka-per-8-marsin-diten-e-gruas\/#breadcrumb\"},\"inLanguage\":\"en-US\",\"potentialAction\":[{\"@type\":\"ReadAction\",\"target\":[\"https:\/\/www.visit-ulcinj.com\/blog\/2014\/03\/07\/komuna-ulqinit-urimi-kryetarit-gjeka-per-8-marsin-diten-e-gruas\/\"]}]},{\"@type\":\"BreadcrumbList\",\"@id\":\"https:\/\/www.visit-ulcinj.com\/blog\/2014\/03\/07\/komuna-ulqinit-urimi-kryetarit-gjeka-per-8-marsin-diten-e-gruas\/#breadcrumb\",\"itemListElement\":[{\"@type\":\"ListItem\",\"position\":1,\"name\":\"Komuna Ulqinit &#8211; Urimi i Kryetarit Gjeka, p\u00ebr 8 Marsin Dit\u00ebn e Gruas\"}]},{\"@type\":\"Person\",\"@id\":\"https:\/\/www.visit-ulcinj.com\/blog\/#\/schema\/person\/dcab619c614d3038751c63bc2aadc06d\",\"name\":\"ulqini\",\"sameAs\":[\"http:\/\/www.visit-ulcinj.com\"],\"url\":\"https:\/\/www.visit-ulcinj.com\/blog\/author\/admin\/\"}]}<\/script>\n<!-- \/ Yoast SEO plugin. -->","yoast_head_json":{"title":"Komuna Ulqinit - Urimi i Kryetarit Gjeka, p\u00ebr 8 Marsin Dit\u00ebn e Gruas - Lajme nga Ulqini","description":"Kryetari i Komun\u00ebs s\u00eb Ulqinit Fatmir Gjeka uron Dit\u00ebn nd\u00ebrkomb\u00ebtare t\u00eb gruas Kryetari i Komun\u00ebs s\u00eb Ulqinit Z.Fatmir Gjeka p\u00ebr nder t\u00eb tet\u00eb marsit- Dit\u00ebs","robots":{"index":"index","follow":"follow","max-snippet":"max-snippet:-1","max-image-preview":"max-image-preview:large","max-video-preview":"max-video-preview:-1"},"canonical":"https:\/\/www.visit-ulcinj.com\/blog\/2014\/03\/07\/komuna-ulqinit-urimi-kryetarit-gjeka-per-8-marsin-diten-e-gruas\/","og_locale":"en_US","og_type":"article","og_title":"Komuna Ulqinit - Urimi i Kryetarit Gjeka, p\u00ebr 8 Marsin Dit\u00ebn e Gruas - Lajme nga Ulqini","og_description":"Kryetari i Komun\u00ebs s\u00eb Ulqinit Fatmir Gjeka uron Dit\u00ebn nd\u00ebrkomb\u00ebtare t\u00eb gruas Kryetari i Komun\u00ebs s\u00eb Ulqinit Z.Fatmir Gjeka p\u00ebr nder t\u00eb tet\u00eb marsit- Dit\u00ebs","og_url":"https:\/\/www.visit-ulcinj.com\/blog\/2014\/03\/07\/komuna-ulqinit-urimi-kryetarit-gjeka-per-8-marsin-diten-e-gruas\/","og_site_name":"Lajme nga Ulqini","article_published_time":"2014-03-07T18:01:01+00:00","article_modified_time":"2014-03-08T10:02:43+00:00","og_image":[{"url":"http:\/\/www.visit-ulcinj.com\/blog\/wp-content\/uploads\/2014\/03\/gezuar-8-marsin_Fatmir_Gjeka.jpg"}],"twitter_misc":{"Written by":"ulqini"},"schema":{"@context":"https:\/\/schema.org","@graph":[{"@type":"WebSite","@id":"https:\/\/www.visit-ulcinj.com\/blog\/#website","url":"https:\/\/www.visit-ulcinj.com\/blog\/","name":"Lajme nga Ulqini","description":"Lajme,Vijesti,Ulqini,Ulqin,Crna Gora,Mali i Zi","potentialAction":[{"@type":"SearchAction","target":{"@type":"EntryPoint","urlTemplate":"https:\/\/www.visit-ulcinj.com\/blog\/?s={search_term_string}"},"query-input":"required name=search_term_string"}],"inLanguage":"en-US"},{"@type":"ImageObject","inLanguage":"en-US","@id":"https:\/\/www.visit-ulcinj.com\/blog\/2014\/03\/07\/komuna-ulqinit-urimi-kryetarit-gjeka-per-8-marsin-diten-e-gruas\/#primaryimage","url":"https:\/\/www.visit-ulcinj.com\/blog\/wp-content\/uploads\/2014\/03\/gezuar-8-marsin_Fatmir_Gjeka.jpg","contentUrl":"https:\/\/www.visit-ulcinj.com\/blog\/wp-content\/uploads\/2014\/03\/gezuar-8-marsin_Fatmir_Gjeka.jpg","width":769,"height":400},{"@type":"WebPage","@id":"https:\/\/www.visit-ulcinj.com\/blog\/2014\/03\/07\/komuna-ulqinit-urimi-kryetarit-gjeka-per-8-marsin-diten-e-gruas\/#webpage","url":"https:\/\/www.visit-ulcinj.com\/blog\/2014\/03\/07\/komuna-ulqinit-urimi-kryetarit-gjeka-per-8-marsin-diten-e-gruas\/","name":"Komuna Ulqinit - Urimi i Kryetarit Gjeka, p\u00ebr 8 Marsin Dit\u00ebn e Gruas - Lajme nga Ulqini","isPartOf":{"@id":"https:\/\/www.visit-ulcinj.com\/blog\/#website"},"primaryImageOfPage":{"@id":"https:\/\/www.visit-ulcinj.com\/blog\/2014\/03\/07\/komuna-ulqinit-urimi-kryetarit-gjeka-per-8-marsin-diten-e-gruas\/#primaryimage"},"datePublished":"2014-03-07T18:01:01+00:00","dateModified":"2014-03-08T10:02:43+00:00","author":{"@id":"https:\/\/www.visit-ulcinj.com\/blog\/#\/schema\/person\/dcab619c614d3038751c63bc2aadc06d"},"description":"Kryetari i Komun\u00ebs s\u00eb Ulqinit Fatmir Gjeka uron Dit\u00ebn nd\u00ebrkomb\u00ebtare t\u00eb gruas Kryetari i Komun\u00ebs s\u00eb Ulqinit Z.Fatmir Gjeka p\u00ebr nder t\u00eb tet\u00eb marsit- Dit\u00ebs","breadcrumb":{"@id":"https:\/\/www.visit-ulcinj.com\/blog\/2014\/03\/07\/komuna-ulqinit-urimi-kryetarit-gjeka-per-8-marsin-diten-e-gruas\/#breadcrumb"},"inLanguage":"en-US","potentialAction":[{"@type":"ReadAction","target":["https:\/\/www.visit-ulcinj.com\/blog\/2014\/03\/07\/komuna-ulqinit-urimi-kryetarit-gjeka-per-8-marsin-diten-e-gruas\/"]}]},{"@type":"BreadcrumbList","@id":"https:\/\/www.visit-ulcinj.com\/blog\/2014\/03\/07\/komuna-ulqinit-urimi-kryetarit-gjeka-per-8-marsin-diten-e-gruas\/#breadcrumb","itemListElement":[{"@type":"ListItem","position":1,"name":"Komuna Ulqinit &#8211; Urimi i Kryetarit Gjeka, p\u00ebr 8 Marsin Dit\u00ebn e Gruas"}]},{"@type":"Person","@id":"https:\/\/www.visit-ulcinj.com\/blog\/#\/schema\/person\/dcab619c614d3038751c63bc2aadc06d","name":"ulqini","sameAs":["http:\/\/www.visit-ulcinj.com"],"url":"https:\/\/www.visit-ulcinj.com\/blog\/author\/admin\/"}]}},"jetpack_featured_media_url":"","jetpack_sharing_enabled":true,"jetpack_shortlink":"https:\/\/wp.me\/pe6lTn-kVj","_links":{"self":[{"href":"https:\/\/www.visit-ulcinj.com\/blog\/wp-json\/wp\/v2\/posts\/80433"}],"collection":[{"href":"https:\/\/www.visit-ulcinj.com\/blog\/wp-json\/wp\/v2\/posts"}],"about":[{"href":"https:\/\/www.visit-ulcinj.com\/blog\/wp-json\/wp\/v2\/types\/post"}],"author":[{"embeddable":true,"href":"https:\/\/www.visit-ulcinj.com\/blog\/wp-json\/wp\/v2\/users\/1"}],"replies":[{"embeddable":true,"href":"https:\/\/www.visit-ulcinj.com\/blog\/wp-json\/wp\/v2\/comments?post=80433"}],"version-history":[{"count":2,"href":"https:\/\/www.visit-ulcinj.com\/blog\/wp-json\/wp\/v2\/posts\/80433\/revisions"}],"predecessor-version":[{"id":80436,"href":"https:\/\/www.visit-ulcinj.com\/blog\/wp-json\/wp\/v2\/posts\/80433\/revisions\/80436"}],"wp:attachment":[{"href":"https:\/\/www.visit-ulcinj.com\/blog\/wp-json\/wp\/v2\/media?parent=80433"}],"wp:term":[{"taxonomy":"category","embeddable":true,"href":"https:\/\/www.visit-ulcinj.com\/blog\/wp-json\/wp\/v2\/categories?post=80433"},{"taxonomy":"post_tag","embeddable":true,"href":"https:\/\/www.visit-ulcinj.com\/blog\/wp-json\/wp\/v2\/tags?post=80433"}],"curies":[{"name":"wp","href":"https:\/\/api.w.org\/{rel}","templated":true}]}}