{"id":80448,"date":"2014-03-07T21:16:09","date_gmt":"2014-03-07T20:16:09","guid":{"rendered":"http:\/\/www.visit-ulcinj.com\/blog\/?p=80448"},"modified":"2014-03-07T21:30:06","modified_gmt":"2014-03-07T20:30:06","slug":"na-adi-bojani-slobodan-pristup","status":"publish","type":"post","link":"https:\/\/www.visit-ulcinj.com\/blog\/2014\/03\/07\/na-adi-bojani-slobodan-pristup\/","title":{"rendered":"Na Adi Bojani slobodan pristup"},"content":{"rendered":"<p><a href=\"http:\/\/www.visit-ulcinj.com\/blog\/wp-content\/uploads\/2014\/03\/Ada-Bojana-slobodan-pristup.jpg\"><img loading=\"lazy\" class=\"alignleft size-full wp-image-80449\" alt=\"Ada-Bojana-slobodan-pristup\" src=\"http:\/\/www.visit-ulcinj.com\/blog\/wp-content\/uploads\/2014\/03\/Ada-Bojana-slobodan-pristup.jpg\" width=\"407\" height=\"302\" srcset=\"https:\/\/www.visit-ulcinj.com\/blog\/wp-content\/uploads\/2014\/03\/Ada-Bojana-slobodan-pristup.jpg 407w, https:\/\/www.visit-ulcinj.com\/blog\/wp-content\/uploads\/2014\/03\/Ada-Bojana-slobodan-pristup-300x222.jpg 300w\" sizes=\"(max-width: 407px) 100vw, 407px\" \/><\/a>HTP \u201eUl\u00adcinj\u00adska ri\u00advi\u00adje\u00adra\u201d pri\u00adhva\u00adti\u00adla je na\u00adlaz sud\u00adskog vje\u00ad\u0161ta\u00adka an\u00adga\u00ad\u017eo\u00adva\u00adnog u sud\u00adskom po\u00adstup\u00adku, ko\u00adji se vo\u00addi iz\u00adme\u00ad\u0111u Ul\u00adci\u00adnja\u00adni\u00adna Sr\u00ad\u0111a\u00adna Ku\u00adzma\u00adna i ovog ho\u00adtel\u00adskog pred\u00adu\u00adze\u00ad\u0107a zbog one\u00admo\u00adgu\u00ad\u0107a\u00adva\u00adnja slo\u00adbod\u00adnog kre\u00adta\u00adnja, da put ko\u00adji vo\u00addi ka nu\u00addi\u00adsti\u010d\u00adkom na\u00adse\u00adlju Ada Bo\u00adja\u00adna ima jav\u00adni ka\u00adrak\u00adter. Ti\u00adme je fak\u00adti\u010d\u00adki po\u00adtvr\u00ad\u0111e\u00adno da se ulaz na to ostvro ve\u0107 go\u00addi\u00adnama ne\u00adle\u00adgal\u00adno na\u00adpla\u00ad\u0107u\u00adje na po\u00adsto\u00adje\u00ad\u0107em mje\u00adstu. Sud\u00adski vje\u00ad\u0161tak utvr\u00addio je da je put na tom ostr\u00advu, u po\u00advr\u00ad\u0161i\u00adni od 7.985 me\u00adta\u00adra kva\u00addrat\u00adnih, u ka\u00adta\u00adstru upi\u00adsan kao jav\u00adni. Ku\u00adzman je tu\u00ad\u017eio HTP \u201eUli\u00adcinj\u00adska ri\u00advi\u00adje\u00adra\u201d i di\u00adrek\u00adto\u00adra Ra\u00addo\u00admi\u00adra Mi\u00adka\u00adna Ze\u00adca jer su mu za\u00adbra\u00adni\u00adli da tim pu\u00adtem ula\u00adzi na Adu gdje se na\u00adla\u00adzi nje\u00adgo\u00adva vi\u00adken\u00addi\u00adca.<br \/>\nHTP \u201eUl\u00adcinj\u00adska ri\u00advi\u00adje\u00adra\u201d je na ula\u00adzu na ostr\u00advo po\u00adsta\u00advi\u00adla na\u00adplat\u00adnu ram\u00adpu i to\u00adkom se\u00adzo\u00adne na\u00adpla\u00ad\u0107u\u00adje sva\u00adki ula\u00adzak, tvr\u00adde\u00ad\u0107i da ta\u00adko \u0161ti\u00adti go\u00adste u nu\u00addi\u00adsti\u010d\u00adkom kam\u00adpu. Ci\u00adje\u00adna ula\u00adska za vo\u00adzi\u00adlo je pet eura, dok se po oso\u00adbi na\u00adpla\u00ad\u0107u\u00adje dva eura. Se\u00adzon\u00adska ula\u00adzni\u00adca ko\u00ad\u0161ta \u010dak 100 eura i svi ko\u00adji se kre\u00ad\u0107u tom tra\u00adsom mo\u00adra\u00adju da pla\u00adte bez ob\u00adzi\u00adra da li \u017ee\u00adle u objek\u00adte pred\u00adu\u00adze\u00ad\u0107a, ugo\u00adsti\u00adtelj\u00adske objek\u00adte ili vi\u00adken\u00addi\u00adce.<br \/>\nNa\u00adkon iz\u00adve\u00adde\u00adnih do\u00adka\u00adza, prav\u00adni za\u00adstup\u00adnik HTP-a Raj\u00adko Haj\u00addu\u00adko\u00advi\u0107 po\u00adnu\u00addio je Ku\u00adzma\u00adnu sud\u00adsko po\u00adrav\u00adna\u00adnje i sa\u00adop\u00ad\u0161tio da je od\u00adlu\u00adka me\u00adnad\u017e\u00admen\u00adta pred\u00adu\u00adze\u00ad\u0107a da on ima slo\u00adbo\u00addan pri\u00adstup Adi, od\u00adno\u00adsno da, ka\u00adko je is\u00adta\u00adkao , \u201emo\u00ad\u017ee u po da\u00adna, u po no\u00ad\u0107i da u\u0111e i iza\u00ad\u0111e\u201d.<br \/>\nKu\u00adzman tvr\u00addi da je \u017ea\u00adlo\u00adsno to \u0161to je go\u00adto\u00advo pet go\u00addi\u00adna mo\u00adrao da do\u00adka\u00adzu\u00adje da mu je ugro\u00ad\u017ee\u00adno jed\u00adno od osnov\u00adnih ljud\u00adskih pra\u00adva \u2013 slo\u00adbo\u00adda kre\u00adta\u00adnja.<br \/>\n\u2013 Od 2009. go\u00addi\u00adne, ka\u00adda su mi za\u00adbra\u00adni\u00adli ulaz i pro\u00adgla\u00adsi\u00adli me ne\u00adpo\u00ad\u017eelj\u00adnom oso\u00adbom, tra\u00adju mo\u00adje mu\u00adke da do\u00adka\u00ad\u017eem da sam u pra\u00advu. Sa\u00adda je ko\u00adna\u010d\u00adno utvr\u00ad\u0111e\u00adno da je put do Ade ja\u00advan, pa sa\u00admim tim bi\u00adlo ka\u00adkva na\u00adplat\u00adna ram\u00adpa na toj di\u00ado\u00adni\u00adci pred\u00adsta\u00advlja kr\u00ad\u0161e\u00adnje za\u00adko\u00adna. Prav\u00adda je \u010de\u00adsto spo\u00adra, ali je do\u00adsti\u00ad\u017ena. Sa\u00ad\u010de\u00adka\u00ad\u0107u da Osnov\u00adni sud do\u00adne\u00adse pre\u00adsu\u00addu, da slo\u00adbod\u00adno mo\u00adgu da u\u0111em na ostvro, a tek na\u00adkon to\u00adga raz\u00admo\u00adtri\u00ad\u0107u po\u00adnu\u00addu o van\u00adsud\u00adskom po\u00adrav\u00adna\u00adnju. Mo\u00ad\u017eda se sa\u00adda ne\u00adko\u00adme \u017eu\u00adri da sve \u0161to pri\u00adje okon\u00ad\u010da, ali ja \u0107u bi\u00adti str\u00adpljiv, kao i pret\u00adhod\u00adnih ne\u00adko\u00adli\u00adko go\u00addi\u00adna iako sam bio pod kon\u00adstant\u00adnim stre\u00adsom i iz\u00adlo\u00ad\u017een ve\u00adli\u00adkim tro\u00ad\u0161ko\u00advi\u00adma \u2013 na\u00adgla\u00ad\u0161a\u00adva Ku\u00adzman.<br \/>\nU NVO \u201eMo\u00adgul\u201d ko\u00adja vr\u00ad\u0161i mo\u00adni\u00adto\u00adring ra\u00adda Osnov\u00adnog su\u00adda sma\u00adtra\u00adju da je ova\u00adkav ras\u00adplet na su\u00ad\u0111e\u00adnju mo\u00adgao da se o\u010de\u00adku\u00adje, tim pri\u00adje \u0161to su i oni na\u00adkon op\u00adse\u00ad\u017enih ana\u00adli\u00adza za\u00adkon\u00adske re\u00adgu\u00adla\u00adti\u00adve i do\u00adku\u00adme\u00adna\u00adta, do ko\u00adjih su do\u00ad\u0161li ko\u00adri\u00adste\u00ad\u0107i Za\u00adkon o slo\u00adbod\u00adnom pri\u00adstu\u00adpu in\u00adfor\u00adma\u00adci\u00adja\u00adma, utvr\u00addi\u00adli ne\u00adpo\u00adbit\u00adnu \u010di\u00adnje\u00adni\u00adcu da se ra\u00addi o jav\u00adnom pu\u00adtu.<br \/>\n\u2013 Ram\u00adpom i na\u00adpla\u00adtom kr\u00ad\u0161i se Ustav i za\u00adkon ko\u00adji ga\u00adran\u00adtu\u00adju slo\u00adbo\u00addu kre\u00adta\u00adnja i ne\u00adsma\u00adtan pri\u00adstup oba\u00adli. Go\u00adto\u00advo iden\u00adti\u00ad\u010dan na\u00adlaz vje\u00ad\u0161ta\u00adka ima\u00adli smo i 2011. go\u00addi\u00adne, pa je pro\u00adsto ne\u00adja\u00adsno za\u00ad\u0161to je tre\u00adba\u00adlo tri go\u00addi\u00adne da se utvr\u00addi ne\u00ad\u0161to, \u0161to ap\u00adso\u00adlut\u00adno ni\u00adje bi\u00adlo spor\u00adno \u2013 ka\u00ad\u017ee iz\u00advr\u00ad\u0161ni di\u00adrek\u00adtor \u201eMo\u00adgu\u00adla\u201d D\u017ee\u00admal Pe\u00adro\u00advi\u0107.<br \/>\nOn na\u00adgla\u00ad\u0161a\u00adva da je \u201eMo\u00adgul\u201d pro\u00ad\u0161le go\u00addi\u00adne pred na\u00adplat\u00adnom ram\u00adpom or\u00adga\u00adni\u00adzo\u00advao i pro\u00adte\u00adsni skup \u201eOslo\u00adbo\u00addi\u00adte pro\u00adlaz\u201d.<br \/>\nAk\u00adti\u00advi\u00adsti NVO, mje\u00ad\u0161ta\u00adni i ne\u00adko\u00adli\u00adko po\u00adsla\u00adni\u00adka Skup\u00ad\u0161ti\u00adne Cr\u00adne Go\u00adre tom pri\u00adli\u00adkom su po\u00adku\u00ad\u0161a\u00adli da u\u0111u na Adu, ali obez\u00adbje\u00ad\u0111e\u00adnje i po\u00adli\u00adci\u00adja ni\u00adje\u00adsu do\u00adzvo\u00adli\u00adli pro\u00adlaz.<br \/>\n\u2013 Na\u00adkon per\u00adfor\u00adman\u00adsa pod\u00adni\u00adje\u00adli smo kri\u00advi\u010d\u00adne pri\u00adja\u00adve pro\u00adtiv svih ko\u00adji nam ta\u00adda ni\u00adje\u00adsu do\u00adzvo\u00adli\u00adli ulaz. Po\u00adziv na sud jo\u0161 ni\u00adje\u00adsmo do\u00adbi\u00adli, ali smo u me\u00ad\u0111u\u00advre\u00adme\u00adnu mi utu\u00ad\u017ee\u00adni, jer na\u00advod\u00adno re\u00addar\u00adska slu\u00ad\u017eba ni\u00adje bi\u00adla pro\u00adpi\u00adsno obi\u00adlje\u00ad\u017ee\u00adna \u2013 tvr\u00addi Pe\u00adro\u00advi\u0107 i do\u00adda\u00adje da na\u00adkon sve\u00adga o\u010de\u00adku\u00adje da i taj po\u00adstu\u00adpak po\u010d\u00adne.<br \/>\nPe\u00adro\u00advi\u0107 vje\u00adru\u00adje i da \u0107e HTP \u201eUl\u00adcinj\u00adska ri\u00advi\u00adje\u00adra\u201d uklo\u00adni\u00adti na\u00adplat\u00adnu ram\u00adpu sa jav\u00adnog pu\u00adta, te da \u0107e NVO sek\u00adtor na to\u00adme in\u00adsi\u00adsti\u00adra\u00adti.<br \/>\n\u2013 Na\u00adda\u00admo se da ne\u00ad\u0107e\u00admo mo\u00adra\u00adti po\u00adno\u00advo da or\u00adga\u00adni\u00adzu\u00adje\u00admo per\u00adfor\u00admans i ula\u00adzak na Adu. U slu\u00ad\u010da\u00adju da ram\u00adpa osta\u00adne, nad\u00adle\u00ad\u017eni or\u00adga\u00adni mo\u00adra\u00ad\u0107e da nam omo\u00adgu\u00ad\u0107e slo\u00adbo\u00addan pri\u00adstup i pro\u00adlaz tom di\u00ado\u00adni\u00adcom \u2013 po\u00adru\u00ad\u010du\u00adje Pe\u00adro\u00advi\u0107.<br \/>\n<strong>M.Kne\u00ad\u017ee\u00advi\u0107<\/strong><\/p>\n<p><a href=\"http:\/\/www.visit-ulcinj.com\/blog\/wp-content\/uploads\/2013\/06\/Protest-na-Adi-Bojani-Ulcinj.jpg\"><img loading=\"lazy\" class=\"alignleft  wp-image-72415\" alt=\"Protest na Adi Bojani-Ulcinj\" src=\"http:\/\/www.visit-ulcinj.com\/blog\/wp-content\/uploads\/2013\/06\/Protest-na-Adi-Bojani-Ulcinj.jpg\" width=\"508\" height=\"360\" \/><\/a><br \/>\n<strong>\u0110u\u00adra\u00ad\u0161ko\u00advi\u0107: Neo\u00adzbi\u00adljan iz\u00adgo\u00advor da ram\u00adpa \u0161ti\u00adti nu\u00addi\u00adzam<\/strong><\/p>\n<p>Po\u00adsla\u00adnik De\u00admo\u00adkrat\u00adskog fron\u00adta dr Lji\u00adlja\u00adna \u0110u\u00adra\u00ad\u0161ko\u00advi\u0107, ko\u00adja je u ma\u00adju pro\u00ad\u0161le go\u00addi\u00adne pri\u00adsu\u00adstvo\u00adva\u00adla pro\u00adtest\u00adnom sku\u00adpu pred na\u00adplat\u00adnom ram\u00adpom HTP \u201eUl\u00adcinj\u00adska ri\u00advi\u00adje\u00adra\u201d, ka\u00ad\u017ee da to pred\u00adu\u00adze\u00ad\u0107e ima vi\u00ad\u0161e mo\u00adgu\u0107\u00adno\u00adsti da za\u00ad\u0161ti\u00adti nu\u00addi\u00adste to\u00adkom se\u00adzo\u00adne, ne ome\u00adta\u00adju\u00ad\u0107i slo\u00adbo\u00addan pri\u00adstup oba\u00adli.<br \/>\n\u2013 Neo\u00adzbi\u00adljan je iz\u00adgo\u00advor da ram\u00adpa na jav\u00adnom pu\u00adtu, ki\u00adlo\u00adme\u00adtar od nu\u00addi\u00adsti\u010d\u00adkog na\u00adse\u00adlja \u0161ti\u00adti nu\u00addi\u00adzam. Ta\u00adkav punkt mo\u00ad\u017ee se po\u00adsta\u00advi\u00adti na ula\u00adzu u sa\u00admi kom\u00adpleks i ima\u00ad\u0107e isti efe\u00adkat, ako je u skla\u00addu sa pro\u00adpi\u00adsi\u00adma. Ka\u00adko \u0107e se to even\u00adtu\u00adal\u00adno ure\u00addi\u00adti stvar je od\u00adgo\u00advor\u00adnih u pred\u00adu\u00adze\u00ad\u0107u. Ada Bo\u00adja\u00adna je jav\u00adno, a ne pri\u00advat\u00adno do\u00adbro. Sa dru\u00adge stra\u00adne, mo\u00adra se omo\u00adgu\u00ad\u0107i\u00adti gra\u00ad\u0111a\u00adni\u00adma da ne\u00adsme\u00adta\u00adno idu u svo\u00adje vi\u00adken\u00addi\u00adce, ri\u00adbar\u00adske ku\u00ad\u0107i\u00adce ili re\u00adsto\u00adra\u00adne \u2013 sma\u00adtra \u0110u\u00adra\u00ad\u0161ko\u00advi\u00ad\u0107e\u00adva.<\/p>\n<p><a href=\"http:\/\/www.visit-ulcinj.com\/blog\/wp-content\/uploads\/2010\/09\/Ulcinji-Rivi\u00e9ra-Montenegr\u00f3-Akci\u00f3s-aj\u00e1nlatok.6.jpg\"><img loading=\"lazy\" class=\"alignleft  wp-image-37554\" alt=\"Ulcinji Rivi\u00e9ra Montenegr\u00f3 - Akci\u00f3s aj\u00e1nlatok.6, Kis Strand , Strandok Ulcinj , Nudista Strand , V\u00f6r\u00f6s ulcinj , Nagy strand ulcinj , V\u00f6r\u00f6s strand ulcinj , Kir\u00e1lyn\u0151 strandja ulcinj , Montenegr\u00f3 orsz\u00e1gi apartmanok , Montenegr\u00f3 ulcinj orsz\u00e1gi sz\u00e1ll\u00e1sok , ulcinj mag\u00e1nsz\u00e1ll\u00e1sok , Montenegr\u00f3 orsz\u00e1g , K\u00e9k Adria , Apartmanok , sz\u00e1ll\u00e1sok , Montener\u00f3 - Apartments , accommodation , sz\u00e1ll\u00e1s , apartmanok , sz\u00e1ll\u00e1shely , foglal\u00e1s ,mag\u00e1nsz\u00e1ll\u00e1s , sz\u00e1ll\u00e1shely keres\u0151 , olcs\u00f3 sz\u00e1ll\u00e1s , akci\u00f3s aj\u00e1nlatok , Montenegr\u00f3 , ulcinj , wellness sz\u00e1ll\u00e1sok , utaz\u00e1s , nyaral\u00e1s , utazni , utaz\u00e1sok , last-minute , akci\u00f3s sz\u00e1ll\u00e1sok , wellness , idegenforgalom , pihen\u00e9s , program , rendezv\u00e9ny , szabadid\u0151 , sz\u00e1ll\u00e1slehet\u0151s\u00e9g , mag\u00e1nh\u00e1z , vend\u00e9gl\u00e1t\u00f3helyek , ada bojana , D\u00e9l ulcinj , tavak d\u00e9l \u0160as , fedett medence el\u0151- \u00e9s ut\u00f3szezonban , szauna , sportp\u00e1ly\u00e1k , v\u00edzisportok, terasz , \u00e9tterem , diszk\u00f3 , tenisz , lovagl\u00e1s. horg\u00e1szparadicsom a Bojana foly\u00f3n, naperny\u0151t , napoz\u00f3\u00e1gyat b\u00e9relni , \u00e9tkezni , j\u00e1tszani , sz\u00f6rf\u00f6zni , kite-olni , v\u00edzis\u00edelni , focizni , strand r\u00f6plabd\u00e1zni, Ulcinji Rivi\u00e9ra, Akci\u00f3s aj\u00e1nlatok,\" src=\"http:\/\/www.visit-ulcinj.com\/blog\/wp-content\/uploads\/2010\/09\/Ulcinji-Rivi\u00e9ra-Montenegr\u00f3-Akci\u00f3s-aj\u00e1nlatok.6.jpg\" width=\"508\" height=\"360\" \/><\/a><\/p>\n<p><strong> Sa\u00admo tu\u00adri\u00adsti\u010d\u00adki objek\u00adti su vla\u00adsni\u00ad\u0161tvo HTP-a<\/strong><\/p>\n<p>U na\u00adla\u00adzu sud\u00adskog vje\u00ad\u0161ta\u00adka pro\u00adsli\u00adje\u00ad\u0111e\u00adnog Osnov\u00adnom su\u00addu u Ul\u00adci\u00adnju is\u00adti\u00ad\u010de se da su sa\u00admo zgra\u00adde u tu\u00adri\u00adzmu i ugo\u00adsti\u00adtelj\u00adstvu na tom ostr\u00advu svo\u00adji\u00adna HTP \u201eUl\u00adcinj\u00adska ri\u00advi\u00adje\u00adra\u201d.<br \/>\n\u2013 Ada je u ka\u00adta\u00adstru za\u00adve\u00adde\u00adna kao dr\u00ad\u017eav\u00adna svo\u00adji\u00adna, a Mor\u00adsko do\u00adbro kao ko\u00adri\u00adsnik. Sa\u00ado\u00adbra\u00ad\u0107aj\u00adni\u00adca pre\u00adma Adi na\u00adla\u00adzi se u Re\u00adgi\u00adstru op\u00ad\u0161tin\u00adskih i ne\u00adka\u00adte\u00adgo\u00adri\u00adsa\u00adnih pu\u00adte\u00adva u Op\u00ad\u0161ti\u00adni Ul\u00adcinj \u2013 utvr\u00addio je vje\u00ad\u0161tak.<\/p>\n<p><strong>Izvor: DAN<\/strong><\/p>\n","protected":false},"excerpt":{"rendered":"<p>HTP \u201eUl\u00adcinj\u00adska ri\u00advi\u00adje\u00adra\u201d pri\u00adhva\u00adti\u00adla je na\u00adlaz sud\u00adskog vje\u00ad\u0161ta\u00adka an\u00adga\u00ad\u017eo\u00adva\u00adnog u sud\u00adskom po\u00adstup\u00adku, ko\u00adji se vo\u00addi iz\u00adme\u00ad\u0111u Ul\u00adci\u00adnja\u00adni\u00adna Sr\u00ad\u0111a\u00adna Ku\u00adzma\u00adna i ovog ho\u00adtel\u00adskog pred\u00adu\u00adze\u00ad\u0107a zbog one\u00admo\u00adgu\u00ad\u0107a\u00adva\u00adnja slo\u00adbod\u00adnog kre\u00adta\u00adnja, da put ko\u00adji vo\u00addi ka nu\u00addi\u00adsti\u010d\u00adkom na\u00adse\u00adlju Ada Bo\u00adja\u00adna ima jav\u00adni ka\u00adrak\u00adter. Ti\u00adme je fak\u00adti\u010d\u00adki po\u00adtvr\u00ad\u0111e\u00adno da se ulaz na to ostvro ve\u0107 go\u00addi\u00adnama ne\u00adle\u00adgal\u00adno na\u00adpla\u00ad\u0107u\u00adje na po\u00adsto\u00adje\u00ad\u0107em [&hellip;]<\/p>\n","protected":false},"author":1,"featured_media":0,"comment_status":"closed","ping_status":"closed","sticky":false,"template":"","format":"standard","meta":{"spay_email":"","jetpack_publicize_message":"","jetpack_is_tweetstorm":false,"jetpack_publicize_feature_enabled":true},"categories":[8337],"tags":[],"jetpack_publicize_connections":[],"yoast_head":"<!-- This site is optimized with the Yoast SEO plugin v19.1 - https:\/\/yoast.com\/wordpress\/plugins\/seo\/ -->\n<title>Na Adi Bojani slobodan pristup - Lajme nga Ulqini<\/title>\n<meta name=\"description\" content=\"HTP \u201eUl\u00adcinj\u00adska ri\u00advi\u00adje\u00adra\u201d pri\u00adhva\u00adti\u00adla je na\u00adlaz sud\u00adskog vje\u00ad\u0161ta\u00adka an\u00adga\u00ad\u017eo\u00adva\u00adnog u sud\u00adskom po\u00adstup\u00adku, ko\u00adji se vo\u00addi iz\u00adme\u00ad\u0111u Ul\u00adci\u00adnja\u00adni\u00adna\" \/>\n<meta name=\"robots\" content=\"index, follow, max-snippet:-1, max-image-preview:large, max-video-preview:-1\" \/>\n<link rel=\"canonical\" href=\"https:\/\/www.visit-ulcinj.com\/blog\/2014\/03\/07\/na-adi-bojani-slobodan-pristup\/\" \/>\n<meta property=\"og:locale\" content=\"en_US\" \/>\n<meta property=\"og:type\" content=\"article\" \/>\n<meta property=\"og:title\" content=\"Na Adi Bojani slobodan pristup - Lajme nga Ulqini\" \/>\n<meta property=\"og:description\" content=\"HTP \u201eUl\u00adcinj\u00adska ri\u00advi\u00adje\u00adra\u201d pri\u00adhva\u00adti\u00adla je na\u00adlaz sud\u00adskog vje\u00ad\u0161ta\u00adka an\u00adga\u00ad\u017eo\u00adva\u00adnog u sud\u00adskom po\u00adstup\u00adku, ko\u00adji se vo\u00addi iz\u00adme\u00ad\u0111u Ul\u00adci\u00adnja\u00adni\u00adna\" \/>\n<meta property=\"og:url\" content=\"https:\/\/www.visit-ulcinj.com\/blog\/2014\/03\/07\/na-adi-bojani-slobodan-pristup\/\" \/>\n<meta property=\"og:site_name\" content=\"Lajme nga Ulqini\" \/>\n<meta property=\"article:published_time\" content=\"2014-03-07T20:16:09+00:00\" \/>\n<meta property=\"article:modified_time\" content=\"2014-03-07T20:30:06+00:00\" \/>\n<meta property=\"og:image\" content=\"http:\/\/www.visit-ulcinj.com\/blog\/wp-content\/uploads\/2014\/03\/Ada-Bojana-slobodan-pristup.jpg\" \/>\n<meta name=\"twitter:label1\" content=\"Written by\" \/>\n\t<meta name=\"twitter:data1\" content=\"ulqini\" \/>\n\t<meta name=\"twitter:label2\" content=\"Est. reading time\" \/>\n\t<meta name=\"twitter:data2\" content=\"8 minutes\" \/>\n<script type=\"application\/ld+json\" class=\"yoast-schema-graph\">{\"@context\":\"https:\/\/schema.org\",\"@graph\":[{\"@type\":\"WebSite\",\"@id\":\"https:\/\/www.visit-ulcinj.com\/blog\/#website\",\"url\":\"https:\/\/www.visit-ulcinj.com\/blog\/\",\"name\":\"Lajme nga Ulqini\",\"description\":\"Lajme,Vijesti,Ulqini,Ulqin,Crna Gora,Mali i Zi\",\"potentialAction\":[{\"@type\":\"SearchAction\",\"target\":{\"@type\":\"EntryPoint\",\"urlTemplate\":\"https:\/\/www.visit-ulcinj.com\/blog\/?s={search_term_string}\"},\"query-input\":\"required name=search_term_string\"}],\"inLanguage\":\"en-US\"},{\"@type\":\"ImageObject\",\"inLanguage\":\"en-US\",\"@id\":\"https:\/\/www.visit-ulcinj.com\/blog\/2014\/03\/07\/na-adi-bojani-slobodan-pristup\/#primaryimage\",\"url\":\"https:\/\/www.visit-ulcinj.com\/blog\/wp-content\/uploads\/2014\/03\/Ada-Bojana-slobodan-pristup.jpg\",\"contentUrl\":\"https:\/\/www.visit-ulcinj.com\/blog\/wp-content\/uploads\/2014\/03\/Ada-Bojana-slobodan-pristup.jpg\",\"width\":407,\"height\":302},{\"@type\":\"WebPage\",\"@id\":\"https:\/\/www.visit-ulcinj.com\/blog\/2014\/03\/07\/na-adi-bojani-slobodan-pristup\/#webpage\",\"url\":\"https:\/\/www.visit-ulcinj.com\/blog\/2014\/03\/07\/na-adi-bojani-slobodan-pristup\/\",\"name\":\"Na Adi Bojani slobodan pristup - Lajme nga Ulqini\",\"isPartOf\":{\"@id\":\"https:\/\/www.visit-ulcinj.com\/blog\/#website\"},\"primaryImageOfPage\":{\"@id\":\"https:\/\/www.visit-ulcinj.com\/blog\/2014\/03\/07\/na-adi-bojani-slobodan-pristup\/#primaryimage\"},\"datePublished\":\"2014-03-07T20:16:09+00:00\",\"dateModified\":\"2014-03-07T20:30:06+00:00\",\"author\":{\"@id\":\"https:\/\/www.visit-ulcinj.com\/blog\/#\/schema\/person\/dcab619c614d3038751c63bc2aadc06d\"},\"description\":\"HTP \u201eUl\u00adcinj\u00adska ri\u00advi\u00adje\u00adra\u201d pri\u00adhva\u00adti\u00adla je na\u00adlaz sud\u00adskog vje\u00ad\u0161ta\u00adka an\u00adga\u00ad\u017eo\u00adva\u00adnog u sud\u00adskom po\u00adstup\u00adku, ko\u00adji se vo\u00addi iz\u00adme\u00ad\u0111u Ul\u00adci\u00adnja\u00adni\u00adna\",\"breadcrumb\":{\"@id\":\"https:\/\/www.visit-ulcinj.com\/blog\/2014\/03\/07\/na-adi-bojani-slobodan-pristup\/#breadcrumb\"},\"inLanguage\":\"en-US\",\"potentialAction\":[{\"@type\":\"ReadAction\",\"target\":[\"https:\/\/www.visit-ulcinj.com\/blog\/2014\/03\/07\/na-adi-bojani-slobodan-pristup\/\"]}]},{\"@type\":\"BreadcrumbList\",\"@id\":\"https:\/\/www.visit-ulcinj.com\/blog\/2014\/03\/07\/na-adi-bojani-slobodan-pristup\/#breadcrumb\",\"itemListElement\":[{\"@type\":\"ListItem\",\"position\":1,\"name\":\"Na Adi Bojani slobodan pristup\"}]},{\"@type\":\"Person\",\"@id\":\"https:\/\/www.visit-ulcinj.com\/blog\/#\/schema\/person\/dcab619c614d3038751c63bc2aadc06d\",\"name\":\"ulqini\",\"sameAs\":[\"http:\/\/www.visit-ulcinj.com\"],\"url\":\"https:\/\/www.visit-ulcinj.com\/blog\/author\/admin\/\"}]}<\/script>\n<!-- \/ Yoast SEO plugin. -->","yoast_head_json":{"title":"Na Adi Bojani slobodan pristup - Lajme nga Ulqini","description":"HTP \u201eUl\u00adcinj\u00adska ri\u00advi\u00adje\u00adra\u201d pri\u00adhva\u00adti\u00adla je na\u00adlaz sud\u00adskog vje\u00ad\u0161ta\u00adka an\u00adga\u00ad\u017eo\u00adva\u00adnog u sud\u00adskom po\u00adstup\u00adku, ko\u00adji se vo\u00addi iz\u00adme\u00ad\u0111u Ul\u00adci\u00adnja\u00adni\u00adna","robots":{"index":"index","follow":"follow","max-snippet":"max-snippet:-1","max-image-preview":"max-image-preview:large","max-video-preview":"max-video-preview:-1"},"canonical":"https:\/\/www.visit-ulcinj.com\/blog\/2014\/03\/07\/na-adi-bojani-slobodan-pristup\/","og_locale":"en_US","og_type":"article","og_title":"Na Adi Bojani slobodan pristup - Lajme nga Ulqini","og_description":"HTP \u201eUl\u00adcinj\u00adska ri\u00advi\u00adje\u00adra\u201d pri\u00adhva\u00adti\u00adla je na\u00adlaz sud\u00adskog vje\u00ad\u0161ta\u00adka an\u00adga\u00ad\u017eo\u00adva\u00adnog u sud\u00adskom po\u00adstup\u00adku, ko\u00adji se vo\u00addi iz\u00adme\u00ad\u0111u Ul\u00adci\u00adnja\u00adni\u00adna","og_url":"https:\/\/www.visit-ulcinj.com\/blog\/2014\/03\/07\/na-adi-bojani-slobodan-pristup\/","og_site_name":"Lajme nga Ulqini","article_published_time":"2014-03-07T20:16:09+00:00","article_modified_time":"2014-03-07T20:30:06+00:00","og_image":[{"url":"http:\/\/www.visit-ulcinj.com\/blog\/wp-content\/uploads\/2014\/03\/Ada-Bojana-slobodan-pristup.jpg"}],"twitter_misc":{"Written by":"ulqini","Est. reading time":"8 minutes"},"schema":{"@context":"https:\/\/schema.org","@graph":[{"@type":"WebSite","@id":"https:\/\/www.visit-ulcinj.com\/blog\/#website","url":"https:\/\/www.visit-ulcinj.com\/blog\/","name":"Lajme nga Ulqini","description":"Lajme,Vijesti,Ulqini,Ulqin,Crna Gora,Mali i Zi","potentialAction":[{"@type":"SearchAction","target":{"@type":"EntryPoint","urlTemplate":"https:\/\/www.visit-ulcinj.com\/blog\/?s={search_term_string}"},"query-input":"required name=search_term_string"}],"inLanguage":"en-US"},{"@type":"ImageObject","inLanguage":"en-US","@id":"https:\/\/www.visit-ulcinj.com\/blog\/2014\/03\/07\/na-adi-bojani-slobodan-pristup\/#primaryimage","url":"https:\/\/www.visit-ulcinj.com\/blog\/wp-content\/uploads\/2014\/03\/Ada-Bojana-slobodan-pristup.jpg","contentUrl":"https:\/\/www.visit-ulcinj.com\/blog\/wp-content\/uploads\/2014\/03\/Ada-Bojana-slobodan-pristup.jpg","width":407,"height":302},{"@type":"WebPage","@id":"https:\/\/www.visit-ulcinj.com\/blog\/2014\/03\/07\/na-adi-bojani-slobodan-pristup\/#webpage","url":"https:\/\/www.visit-ulcinj.com\/blog\/2014\/03\/07\/na-adi-bojani-slobodan-pristup\/","name":"Na Adi Bojani slobodan pristup - Lajme nga Ulqini","isPartOf":{"@id":"https:\/\/www.visit-ulcinj.com\/blog\/#website"},"primaryImageOfPage":{"@id":"https:\/\/www.visit-ulcinj.com\/blog\/2014\/03\/07\/na-adi-bojani-slobodan-pristup\/#primaryimage"},"datePublished":"2014-03-07T20:16:09+00:00","dateModified":"2014-03-07T20:30:06+00:00","author":{"@id":"https:\/\/www.visit-ulcinj.com\/blog\/#\/schema\/person\/dcab619c614d3038751c63bc2aadc06d"},"description":"HTP \u201eUl\u00adcinj\u00adska ri\u00advi\u00adje\u00adra\u201d pri\u00adhva\u00adti\u00adla je na\u00adlaz sud\u00adskog vje\u00ad\u0161ta\u00adka an\u00adga\u00ad\u017eo\u00adva\u00adnog u sud\u00adskom po\u00adstup\u00adku, ko\u00adji se vo\u00addi iz\u00adme\u00ad\u0111u Ul\u00adci\u00adnja\u00adni\u00adna","breadcrumb":{"@id":"https:\/\/www.visit-ulcinj.com\/blog\/2014\/03\/07\/na-adi-bojani-slobodan-pristup\/#breadcrumb"},"inLanguage":"en-US","potentialAction":[{"@type":"ReadAction","target":["https:\/\/www.visit-ulcinj.com\/blog\/2014\/03\/07\/na-adi-bojani-slobodan-pristup\/"]}]},{"@type":"BreadcrumbList","@id":"https:\/\/www.visit-ulcinj.com\/blog\/2014\/03\/07\/na-adi-bojani-slobodan-pristup\/#breadcrumb","itemListElement":[{"@type":"ListItem","position":1,"name":"Na Adi Bojani slobodan pristup"}]},{"@type":"Person","@id":"https:\/\/www.visit-ulcinj.com\/blog\/#\/schema\/person\/dcab619c614d3038751c63bc2aadc06d","name":"ulqini","sameAs":["http:\/\/www.visit-ulcinj.com"],"url":"https:\/\/www.visit-ulcinj.com\/blog\/author\/admin\/"}]}},"jetpack_featured_media_url":"","jetpack_sharing_enabled":true,"jetpack_shortlink":"https:\/\/wp.me\/pe6lTn-kVy","_links":{"self":[{"href":"https:\/\/www.visit-ulcinj.com\/blog\/wp-json\/wp\/v2\/posts\/80448"}],"collection":[{"href":"https:\/\/www.visit-ulcinj.com\/blog\/wp-json\/wp\/v2\/posts"}],"about":[{"href":"https:\/\/www.visit-ulcinj.com\/blog\/wp-json\/wp\/v2\/types\/post"}],"author":[{"embeddable":true,"href":"https:\/\/www.visit-ulcinj.com\/blog\/wp-json\/wp\/v2\/users\/1"}],"replies":[{"embeddable":true,"href":"https:\/\/www.visit-ulcinj.com\/blog\/wp-json\/wp\/v2\/comments?post=80448"}],"version-history":[{"count":1,"href":"https:\/\/www.visit-ulcinj.com\/blog\/wp-json\/wp\/v2\/posts\/80448\/revisions"}],"predecessor-version":[{"id":80450,"href":"https:\/\/www.visit-ulcinj.com\/blog\/wp-json\/wp\/v2\/posts\/80448\/revisions\/80450"}],"wp:attachment":[{"href":"https:\/\/www.visit-ulcinj.com\/blog\/wp-json\/wp\/v2\/media?parent=80448"}],"wp:term":[{"taxonomy":"category","embeddable":true,"href":"https:\/\/www.visit-ulcinj.com\/blog\/wp-json\/wp\/v2\/categories?post=80448"},{"taxonomy":"post_tag","embeddable":true,"href":"https:\/\/www.visit-ulcinj.com\/blog\/wp-json\/wp\/v2\/tags?post=80448"}],"curies":[{"name":"wp","href":"https:\/\/api.w.org\/{rel}","templated":true}]}}