{"id":80458,"date":"2014-03-07T22:10:09","date_gmt":"2014-03-07T21:10:09","guid":{"rendered":"http:\/\/www.visit-ulcinj.com\/blog\/?p=80458"},"modified":"2014-03-07T22:10:20","modified_gmt":"2014-03-07T21:10:20","slug":"koco-danaj-prirodna-albanija-mir-na-balkanu","status":"publish","type":"post","link":"https:\/\/www.visit-ulcinj.com\/blog\/2014\/03\/07\/koco-danaj-prirodna-albanija-mir-na-balkanu\/","title":{"rendered":"Ko\u010do Danaj: Prirodna Albanija = Mir na Balkanu"},"content":{"rendered":"<p><strong><a href=\"http:\/\/www.visit-ulcinj.com\/blog\/wp-content\/uploads\/2013\/09\/KOCO-DANAJ.jpg\"><img loading=\"lazy\" class=\"alignleft  wp-image-74574\" alt=\"KOCO DANAJ\" src=\"http:\/\/www.visit-ulcinj.com\/blog\/wp-content\/uploads\/2013\/09\/KOCO-DANAJ.jpg\" width=\"508\" height=\"314\" \/><\/a>Lider Liste za Prirodnu Albaniju, Ko\u010do Danaj, tvrdi da je Prirodna Albanija klju\u010d stabilnosti za Balkan. Ka\u017ee da od Ulcinja do Plava ima dosta onih koji podr\u017eavaju njegove ideje.<\/strong><\/p>\n<p>U intervjuu Dnevnim novinama, potvr\u0111uje da \u0107e u martu posjetiti Plav i Gusinje kako bi promovisao projekat zajedni\u010dke dr\u017eave Albanaca.<\/p>\n<p>&#8220;Posjeti\u0107u gradove Plav i Gusinje, kao i sela Vusanje i Martinaj (selo Martinovi\u0107i kod Gusinja, prim. aut.). Oni koji \u0107e me do\u010dekati su moji prijatelji Albanci, intelektualci koji rade i koji ne rade u op\u0161tini\u201c, kazao je Danaj.<\/p>\n<p>Komentari\u0161u\u0107i brojne reakcije koje su se pojavile povodom najave njegovog dolaska, ka\u017ee da mu je \u017eao onih politi\u010dara i opozicionih snaga koje su tra\u017eile da bude progla\u0161en personom non grata.<\/p>\n<p>\u201eZa\u0161to? Pa ja sam Platformu o prirodnoj Albaniji \u0161tampao i pre\u0161tampao na albanskom, srpskom, engleskom, gr\u010dkom i italijanskom jeziku. Poslao sam je svim relevantnim politi\u010darima u Crnoj Gori, Srbiji, Gr\u010dkoj, Makedoniji itd. Zna\u010di, ni\u010dega tu ilegalnog nema. Osnov ove Platforme jeste dijalog. Oni koji sebe smatraju demokratama, nemaju strah od dijaloga. Zatim, jedna demokratska partija zna da u demokratiji ne smije biti &#8220;tabua&#8221;. Onda oni koji su tra\u017eili da me proglase personom non grata nijesu demokrate i prvo moraju da nau\u010de \u0161ta je to demokratija\u201c, rekao je Danaj.<\/p>\n<p>Na pitanje kako, po njegovom mi\u0161ljenu, na koncept Prirodne Albanije reaguje crnogorski premijer Milo \u0110ukanovi\u0107 i kakav je njegov odnos prema Albancima u Crnoj Gori, Danaj tvrdi da se \u0110ukanovi\u0107 izjasnio protiv njegovih ideja.<\/p>\n<p>\u201eAli on grije\u0161i kada progla\u0161ava op\u0161tinu Gusinje, a ne i op\u0161tinu Tuzi, odnosno Malesiju. Ovo je jedan tipi\u010dni antialbanski stav, nezahvalnost za doprinos koji su Albanci dali crnogorskoj nezavisnosti\u201c, rekao je Danaj Dnevnim novinama.<\/p>\n<p><strong>Izvor: RTCG<\/strong><\/p>\n","protected":false},"excerpt":{"rendered":"<p>Lider Liste za Prirodnu Albaniju, Ko\u010do Danaj, tvrdi da je Prirodna Albanija klju\u010d stabilnosti za Balkan. Ka\u017ee da od Ulcinja do Plava ima dosta onih koji podr\u017eavaju njegove ideje. U intervjuu Dnevnim novinama, potvr\u0111uje da \u0107e u martu posjetiti Plav i Gusinje kako bi promovisao projekat zajedni\u010dke dr\u017eave Albanaca. &#8220;Posjeti\u0107u gradove Plav i Gusinje, kao [&hellip;]<\/p>\n","protected":false},"author":1,"featured_media":0,"comment_status":"closed","ping_status":"closed","sticky":false,"template":"","format":"standard","meta":{"spay_email":"","jetpack_publicize_message":"","jetpack_is_tweetstorm":false,"jetpack_publicize_feature_enabled":true},"categories":[6950],"tags":[],"jetpack_publicize_connections":[],"yoast_head":"<!-- This site is optimized with the Yoast SEO plugin v19.1 - https:\/\/yoast.com\/wordpress\/plugins\/seo\/ -->\n<title>Ko\u010do Danaj: Prirodna Albanija = Mir na Balkanu - Lajme nga Ulqini<\/title>\n<meta name=\"description\" content=\"Lider Liste za Prirodnu Albaniju, Ko\u010do Danaj, tvrdi da je Prirodna Albanija klju\u010d stabilnosti za Balkan. Ka\u017ee da od Ulcinja do Plava ima dosta onih koji\" \/>\n<meta name=\"robots\" content=\"index, follow, max-snippet:-1, max-image-preview:large, max-video-preview:-1\" \/>\n<link rel=\"canonical\" href=\"https:\/\/www.visit-ulcinj.com\/blog\/2014\/03\/07\/koco-danaj-prirodna-albanija-mir-na-balkanu\/\" \/>\n<meta property=\"og:locale\" content=\"en_US\" \/>\n<meta property=\"og:type\" content=\"article\" \/>\n<meta property=\"og:title\" content=\"Ko\u010do Danaj: Prirodna Albanija = Mir na Balkanu - Lajme nga Ulqini\" \/>\n<meta property=\"og:description\" content=\"Lider Liste za Prirodnu Albaniju, Ko\u010do Danaj, tvrdi da je Prirodna Albanija klju\u010d stabilnosti za Balkan. Ka\u017ee da od Ulcinja do Plava ima dosta onih koji\" \/>\n<meta property=\"og:url\" content=\"https:\/\/www.visit-ulcinj.com\/blog\/2014\/03\/07\/koco-danaj-prirodna-albanija-mir-na-balkanu\/\" \/>\n<meta property=\"og:site_name\" content=\"Lajme nga Ulqini\" \/>\n<meta property=\"article:published_time\" content=\"2014-03-07T21:10:09+00:00\" \/>\n<meta property=\"article:modified_time\" content=\"2014-03-07T21:10:20+00:00\" \/>\n<meta property=\"og:image\" content=\"http:\/\/www.visit-ulcinj.com\/blog\/wp-content\/uploads\/2013\/09\/KOCO-DANAJ.jpg\" \/>\n<meta name=\"twitter:label1\" content=\"Written by\" \/>\n\t<meta name=\"twitter:data1\" content=\"ulqini\" \/>\n\t<meta name=\"twitter:label2\" content=\"Est. reading time\" \/>\n\t<meta name=\"twitter:data2\" content=\"2 minutes\" \/>\n<script type=\"application\/ld+json\" class=\"yoast-schema-graph\">{\"@context\":\"https:\/\/schema.org\",\"@graph\":[{\"@type\":\"WebSite\",\"@id\":\"https:\/\/www.visit-ulcinj.com\/blog\/#website\",\"url\":\"https:\/\/www.visit-ulcinj.com\/blog\/\",\"name\":\"Lajme nga Ulqini\",\"description\":\"Lajme,Vijesti,Ulqini,Ulqin,Crna Gora,Mali i Zi\",\"potentialAction\":[{\"@type\":\"SearchAction\",\"target\":{\"@type\":\"EntryPoint\",\"urlTemplate\":\"https:\/\/www.visit-ulcinj.com\/blog\/?s={search_term_string}\"},\"query-input\":\"required name=search_term_string\"}],\"inLanguage\":\"en-US\"},{\"@type\":\"ImageObject\",\"inLanguage\":\"en-US\",\"@id\":\"https:\/\/www.visit-ulcinj.com\/blog\/2014\/03\/07\/koco-danaj-prirodna-albanija-mir-na-balkanu\/#primaryimage\",\"url\":\"https:\/\/www.visit-ulcinj.com\/blog\/wp-content\/uploads\/2013\/09\/KOCO-DANAJ.jpg\",\"contentUrl\":\"https:\/\/www.visit-ulcinj.com\/blog\/wp-content\/uploads\/2013\/09\/KOCO-DANAJ.jpg\",\"width\":645,\"height\":314},{\"@type\":\"WebPage\",\"@id\":\"https:\/\/www.visit-ulcinj.com\/blog\/2014\/03\/07\/koco-danaj-prirodna-albanija-mir-na-balkanu\/#webpage\",\"url\":\"https:\/\/www.visit-ulcinj.com\/blog\/2014\/03\/07\/koco-danaj-prirodna-albanija-mir-na-balkanu\/\",\"name\":\"Ko\u010do Danaj: Prirodna Albanija = Mir na Balkanu - Lajme nga Ulqini\",\"isPartOf\":{\"@id\":\"https:\/\/www.visit-ulcinj.com\/blog\/#website\"},\"primaryImageOfPage\":{\"@id\":\"https:\/\/www.visit-ulcinj.com\/blog\/2014\/03\/07\/koco-danaj-prirodna-albanija-mir-na-balkanu\/#primaryimage\"},\"datePublished\":\"2014-03-07T21:10:09+00:00\",\"dateModified\":\"2014-03-07T21:10:20+00:00\",\"author\":{\"@id\":\"https:\/\/www.visit-ulcinj.com\/blog\/#\/schema\/person\/dcab619c614d3038751c63bc2aadc06d\"},\"description\":\"Lider Liste za Prirodnu Albaniju, Ko\u010do Danaj, tvrdi da je Prirodna Albanija klju\u010d stabilnosti za Balkan. Ka\u017ee da od Ulcinja do Plava ima dosta onih koji\",\"breadcrumb\":{\"@id\":\"https:\/\/www.visit-ulcinj.com\/blog\/2014\/03\/07\/koco-danaj-prirodna-albanija-mir-na-balkanu\/#breadcrumb\"},\"inLanguage\":\"en-US\",\"potentialAction\":[{\"@type\":\"ReadAction\",\"target\":[\"https:\/\/www.visit-ulcinj.com\/blog\/2014\/03\/07\/koco-danaj-prirodna-albanija-mir-na-balkanu\/\"]}]},{\"@type\":\"BreadcrumbList\",\"@id\":\"https:\/\/www.visit-ulcinj.com\/blog\/2014\/03\/07\/koco-danaj-prirodna-albanija-mir-na-balkanu\/#breadcrumb\",\"itemListElement\":[{\"@type\":\"ListItem\",\"position\":1,\"name\":\"Ko\u010do Danaj: Prirodna Albanija = Mir na Balkanu\"}]},{\"@type\":\"Person\",\"@id\":\"https:\/\/www.visit-ulcinj.com\/blog\/#\/schema\/person\/dcab619c614d3038751c63bc2aadc06d\",\"name\":\"ulqini\",\"sameAs\":[\"http:\/\/www.visit-ulcinj.com\"],\"url\":\"https:\/\/www.visit-ulcinj.com\/blog\/author\/admin\/\"}]}<\/script>\n<!-- \/ Yoast SEO plugin. -->","yoast_head_json":{"title":"Ko\u010do Danaj: Prirodna Albanija = Mir na Balkanu - Lajme nga Ulqini","description":"Lider Liste za Prirodnu Albaniju, Ko\u010do Danaj, tvrdi da je Prirodna Albanija klju\u010d stabilnosti za Balkan. Ka\u017ee da od Ulcinja do Plava ima dosta onih koji","robots":{"index":"index","follow":"follow","max-snippet":"max-snippet:-1","max-image-preview":"max-image-preview:large","max-video-preview":"max-video-preview:-1"},"canonical":"https:\/\/www.visit-ulcinj.com\/blog\/2014\/03\/07\/koco-danaj-prirodna-albanija-mir-na-balkanu\/","og_locale":"en_US","og_type":"article","og_title":"Ko\u010do Danaj: Prirodna Albanija = Mir na Balkanu - Lajme nga Ulqini","og_description":"Lider Liste za Prirodnu Albaniju, Ko\u010do Danaj, tvrdi da je Prirodna Albanija klju\u010d stabilnosti za Balkan. Ka\u017ee da od Ulcinja do Plava ima dosta onih koji","og_url":"https:\/\/www.visit-ulcinj.com\/blog\/2014\/03\/07\/koco-danaj-prirodna-albanija-mir-na-balkanu\/","og_site_name":"Lajme nga Ulqini","article_published_time":"2014-03-07T21:10:09+00:00","article_modified_time":"2014-03-07T21:10:20+00:00","og_image":[{"url":"http:\/\/www.visit-ulcinj.com\/blog\/wp-content\/uploads\/2013\/09\/KOCO-DANAJ.jpg"}],"twitter_misc":{"Written by":"ulqini","Est. reading time":"2 minutes"},"schema":{"@context":"https:\/\/schema.org","@graph":[{"@type":"WebSite","@id":"https:\/\/www.visit-ulcinj.com\/blog\/#website","url":"https:\/\/www.visit-ulcinj.com\/blog\/","name":"Lajme nga Ulqini","description":"Lajme,Vijesti,Ulqini,Ulqin,Crna Gora,Mali i Zi","potentialAction":[{"@type":"SearchAction","target":{"@type":"EntryPoint","urlTemplate":"https:\/\/www.visit-ulcinj.com\/blog\/?s={search_term_string}"},"query-input":"required name=search_term_string"}],"inLanguage":"en-US"},{"@type":"ImageObject","inLanguage":"en-US","@id":"https:\/\/www.visit-ulcinj.com\/blog\/2014\/03\/07\/koco-danaj-prirodna-albanija-mir-na-balkanu\/#primaryimage","url":"https:\/\/www.visit-ulcinj.com\/blog\/wp-content\/uploads\/2013\/09\/KOCO-DANAJ.jpg","contentUrl":"https:\/\/www.visit-ulcinj.com\/blog\/wp-content\/uploads\/2013\/09\/KOCO-DANAJ.jpg","width":645,"height":314},{"@type":"WebPage","@id":"https:\/\/www.visit-ulcinj.com\/blog\/2014\/03\/07\/koco-danaj-prirodna-albanija-mir-na-balkanu\/#webpage","url":"https:\/\/www.visit-ulcinj.com\/blog\/2014\/03\/07\/koco-danaj-prirodna-albanija-mir-na-balkanu\/","name":"Ko\u010do Danaj: Prirodna Albanija = Mir na Balkanu - Lajme nga Ulqini","isPartOf":{"@id":"https:\/\/www.visit-ulcinj.com\/blog\/#website"},"primaryImageOfPage":{"@id":"https:\/\/www.visit-ulcinj.com\/blog\/2014\/03\/07\/koco-danaj-prirodna-albanija-mir-na-balkanu\/#primaryimage"},"datePublished":"2014-03-07T21:10:09+00:00","dateModified":"2014-03-07T21:10:20+00:00","author":{"@id":"https:\/\/www.visit-ulcinj.com\/blog\/#\/schema\/person\/dcab619c614d3038751c63bc2aadc06d"},"description":"Lider Liste za Prirodnu Albaniju, Ko\u010do Danaj, tvrdi da je Prirodna Albanija klju\u010d stabilnosti za Balkan. Ka\u017ee da od Ulcinja do Plava ima dosta onih koji","breadcrumb":{"@id":"https:\/\/www.visit-ulcinj.com\/blog\/2014\/03\/07\/koco-danaj-prirodna-albanija-mir-na-balkanu\/#breadcrumb"},"inLanguage":"en-US","potentialAction":[{"@type":"ReadAction","target":["https:\/\/www.visit-ulcinj.com\/blog\/2014\/03\/07\/koco-danaj-prirodna-albanija-mir-na-balkanu\/"]}]},{"@type":"BreadcrumbList","@id":"https:\/\/www.visit-ulcinj.com\/blog\/2014\/03\/07\/koco-danaj-prirodna-albanija-mir-na-balkanu\/#breadcrumb","itemListElement":[{"@type":"ListItem","position":1,"name":"Ko\u010do Danaj: Prirodna Albanija = Mir na Balkanu"}]},{"@type":"Person","@id":"https:\/\/www.visit-ulcinj.com\/blog\/#\/schema\/person\/dcab619c614d3038751c63bc2aadc06d","name":"ulqini","sameAs":["http:\/\/www.visit-ulcinj.com"],"url":"https:\/\/www.visit-ulcinj.com\/blog\/author\/admin\/"}]}},"jetpack_featured_media_url":"","jetpack_sharing_enabled":true,"jetpack_shortlink":"https:\/\/wp.me\/pe6lTn-kVI","_links":{"self":[{"href":"https:\/\/www.visit-ulcinj.com\/blog\/wp-json\/wp\/v2\/posts\/80458"}],"collection":[{"href":"https:\/\/www.visit-ulcinj.com\/blog\/wp-json\/wp\/v2\/posts"}],"about":[{"href":"https:\/\/www.visit-ulcinj.com\/blog\/wp-json\/wp\/v2\/types\/post"}],"author":[{"embeddable":true,"href":"https:\/\/www.visit-ulcinj.com\/blog\/wp-json\/wp\/v2\/users\/1"}],"replies":[{"embeddable":true,"href":"https:\/\/www.visit-ulcinj.com\/blog\/wp-json\/wp\/v2\/comments?post=80458"}],"version-history":[{"count":2,"href":"https:\/\/www.visit-ulcinj.com\/blog\/wp-json\/wp\/v2\/posts\/80458\/revisions"}],"predecessor-version":[{"id":80460,"href":"https:\/\/www.visit-ulcinj.com\/blog\/wp-json\/wp\/v2\/posts\/80458\/revisions\/80460"}],"wp:attachment":[{"href":"https:\/\/www.visit-ulcinj.com\/blog\/wp-json\/wp\/v2\/media?parent=80458"}],"wp:term":[{"taxonomy":"category","embeddable":true,"href":"https:\/\/www.visit-ulcinj.com\/blog\/wp-json\/wp\/v2\/categories?post=80458"},{"taxonomy":"post_tag","embeddable":true,"href":"https:\/\/www.visit-ulcinj.com\/blog\/wp-json\/wp\/v2\/tags?post=80458"}],"curies":[{"name":"wp","href":"https:\/\/api.w.org\/{rel}","templated":true}]}}