{"id":80461,"date":"2014-03-07T22:48:20","date_gmt":"2014-03-07T21:48:20","guid":{"rendered":"http:\/\/www.visit-ulcinj.com\/blog\/?p=80461"},"modified":"2014-03-07T22:53:28","modified_gmt":"2014-03-07T21:53:28","slug":"qytetaret-e-ulqinit-ndihen-te-pasigurt-ne-rruget-e-qytetit-video","status":"publish","type":"post","link":"https:\/\/www.visit-ulcinj.com\/blog\/2014\/03\/07\/qytetaret-e-ulqinit-ndihen-te-pasigurt-ne-rruget-e-qytetit-video\/","title":{"rendered":"Qytetar\u00ebt e Ulqinit ndihen t\u00eb pasigurt n\u00eb rrug\u00ebt e qytetit &#8211; Video"},"content":{"rendered":"<p><a href=\"http:\/\/www.visit-ulcinj.com\/blog\/wp-content\/uploads\/2014\/03\/Hatixhe-Nelaj-Tv-Teuta.jpg\"><img loading=\"lazy\" class=\"alignleft  wp-image-80462\" alt=\"Hatixhe-Nelaj-Tv-Teuta\" src=\"http:\/\/www.visit-ulcinj.com\/blog\/wp-content\/uploads\/2014\/03\/Hatixhe-Nelaj-Tv-Teuta.jpg\" width=\"508\" height=\"360\" \/><\/a>Trotuaret e rrug\u00ebve t\u00eb qytetit t\u00eb Ulqinit jan\u00eb pothuajse t\u00eb st\u00ebrmbushura me vetura, gj\u00eb\u00a0 q\u00eb paraqet\u00a0 penges\u00eb shum\u00eb t\u00eb madhe p\u00ebr\u00a0 k\u00ebmb\u00ebsor\u00ebt, ngase kjo e zvog\u00eblon duksh\u00ebm hap\u00ebsir\u00ebn e tyre p\u00ebr l\u00ebvizje.<\/p>\n<p>Vet\u00ebm pak metra larg komun\u00ebs s\u00eb Ulqinit, njerzit q\u00eb shkojn\u00eb dhe dalin nga komuna, e t\u00eb cil\u00ebt jan\u00eb t\u00eb shumt\u00eb n\u00eb num\u00ebr, jo vet\u00ebm q\u00eb pengohen n\u00eb vazhdim\u00ebsi nga automjetet, por edhe mund t\u00eb jen\u00eb n\u00eb rrezik p\u00ebr jet\u00eb, nga veturat q\u00eb kalojn\u00eb n\u00eb kalimin per kembesore, i cili \u00ebsht\u00eb i p\u00ebrcaktuar edhe me shenja t\u00eb komunikacionit p\u00ebr k\u00ebmb\u00ebsor me vija t\u00eb bardha.<\/p>\n<p>Kjo mund t\u00eb paraqes edhe rrezik p\u00ebr ndonj\u00eb aksident t\u00eb pa dashur, ngase hap\u00ebsira p\u00ebr t\u00eb l\u00ebvizur \u00ebsht\u00eb shum\u00eb e limituar dhe shpesh k\u00ebmb\u00ebsoret dijn t\u00eb p\u00ebsojn lendime trupore.<\/p>\n<p>Kalimi i veturave n\u00ebp\u00ebr kalimin per kembesore, si\u00e7 shihet edhe n\u00eb kamer\u00ebn e Tv Teutes, nuk pengohet nga askush, madje, edhe pse kamera ka q\u00ebndruar p\u00ebr or\u00eb t\u00eb t\u00ebra, aty nuk \u00ebsht\u00eb v\u00ebrejtur asnj\u00eb polic.<\/p>\n<p>Sipas\u00a0 reportazhit t\u00eb raportuses Hatixhe Nelaj nga Tv Teuta duhet cekur se s\u2019ka nevoj\u00eb p\u00ebr shum\u00eb fjal\u00eb, sepse veprat flasin vet\u00eb.<\/p>\n<!--YouTube Error: bad URL entered-->\n","protected":false},"excerpt":{"rendered":"<p>Trotuaret e rrug\u00ebve t\u00eb qytetit t\u00eb Ulqinit jan\u00eb pothuajse t\u00eb st\u00ebrmbushura me vetura, gj\u00eb\u00a0 q\u00eb paraqet\u00a0 penges\u00eb shum\u00eb t\u00eb madhe p\u00ebr\u00a0 k\u00ebmb\u00ebsor\u00ebt, ngase kjo e zvog\u00eblon duksh\u00ebm hap\u00ebsir\u00ebn e tyre p\u00ebr l\u00ebvizje. Vet\u00ebm pak metra larg komun\u00ebs s\u00eb Ulqinit, njerzit q\u00eb shkojn\u00eb dhe dalin nga komuna, e t\u00eb cil\u00ebt jan\u00eb t\u00eb shumt\u00eb n\u00eb num\u00ebr, jo [&hellip;]<\/p>\n","protected":false},"author":1,"featured_media":0,"comment_status":"closed","ping_status":"closed","sticky":false,"template":"","format":"standard","meta":{"spay_email":"","jetpack_publicize_message":"","jetpack_is_tweetstorm":false,"jetpack_publicize_feature_enabled":true},"categories":[11],"tags":[],"jetpack_publicize_connections":[],"yoast_head":"<!-- This site is optimized with the Yoast SEO plugin v19.1 - https:\/\/yoast.com\/wordpress\/plugins\/seo\/ -->\n<title>Qytetar\u00ebt e Ulqinit ndihen t\u00eb pasigurt n\u00eb rrug\u00ebt e qytetit - Video - Lajme nga Ulqini<\/title>\n<meta name=\"description\" content=\"Trotuaret e rrug\u00ebve t\u00eb qytetit t\u00eb Ulqinit jan\u00eb pothuajse t\u00eb st\u00ebrmbushura me vetura, gj\u00eb\u00a0 q\u00eb paraqet\u00a0 penges\u00eb shum\u00eb t\u00eb madhe p\u00ebr\u00a0 k\u00ebmb\u00ebsor\u00ebt, ngase kjo e\" \/>\n<meta name=\"robots\" content=\"index, follow, max-snippet:-1, max-image-preview:large, max-video-preview:-1\" \/>\n<link rel=\"canonical\" href=\"https:\/\/www.visit-ulcinj.com\/blog\/2014\/03\/07\/qytetaret-e-ulqinit-ndihen-te-pasigurt-ne-rruget-e-qytetit-video\/\" \/>\n<meta property=\"og:locale\" content=\"en_US\" \/>\n<meta property=\"og:type\" content=\"article\" \/>\n<meta property=\"og:title\" content=\"Qytetar\u00ebt e Ulqinit ndihen t\u00eb pasigurt n\u00eb rrug\u00ebt e qytetit - Video - Lajme nga Ulqini\" \/>\n<meta property=\"og:description\" content=\"Trotuaret e rrug\u00ebve t\u00eb qytetit t\u00eb Ulqinit jan\u00eb pothuajse t\u00eb st\u00ebrmbushura me vetura, gj\u00eb\u00a0 q\u00eb paraqet\u00a0 penges\u00eb shum\u00eb t\u00eb madhe p\u00ebr\u00a0 k\u00ebmb\u00ebsor\u00ebt, ngase kjo e\" \/>\n<meta property=\"og:url\" content=\"https:\/\/www.visit-ulcinj.com\/blog\/2014\/03\/07\/qytetaret-e-ulqinit-ndihen-te-pasigurt-ne-rruget-e-qytetit-video\/\" \/>\n<meta property=\"og:site_name\" content=\"Lajme nga Ulqini\" \/>\n<meta property=\"article:published_time\" content=\"2014-03-07T21:48:20+00:00\" \/>\n<meta property=\"article:modified_time\" content=\"2014-03-07T21:53:28+00:00\" \/>\n<meta property=\"og:image\" content=\"http:\/\/www.visit-ulcinj.com\/blog\/wp-content\/uploads\/2014\/03\/Hatixhe-Nelaj-Tv-Teuta.jpg\" \/>\n<meta name=\"twitter:label1\" content=\"Written by\" \/>\n\t<meta name=\"twitter:data1\" content=\"ulqini\" \/>\n\t<meta name=\"twitter:label2\" content=\"Est. reading time\" \/>\n\t<meta name=\"twitter:data2\" content=\"1 minute\" \/>\n<script type=\"application\/ld+json\" class=\"yoast-schema-graph\">{\"@context\":\"https:\/\/schema.org\",\"@graph\":[{\"@type\":\"WebSite\",\"@id\":\"https:\/\/www.visit-ulcinj.com\/blog\/#website\",\"url\":\"https:\/\/www.visit-ulcinj.com\/blog\/\",\"name\":\"Lajme nga Ulqini\",\"description\":\"Lajme,Vijesti,Ulqini,Ulqin,Crna Gora,Mali i Zi\",\"potentialAction\":[{\"@type\":\"SearchAction\",\"target\":{\"@type\":\"EntryPoint\",\"urlTemplate\":\"https:\/\/www.visit-ulcinj.com\/blog\/?s={search_term_string}\"},\"query-input\":\"required name=search_term_string\"}],\"inLanguage\":\"en-US\"},{\"@type\":\"ImageObject\",\"inLanguage\":\"en-US\",\"@id\":\"https:\/\/www.visit-ulcinj.com\/blog\/2014\/03\/07\/qytetaret-e-ulqinit-ndihen-te-pasigurt-ne-rruget-e-qytetit-video\/#primaryimage\",\"url\":\"https:\/\/www.visit-ulcinj.com\/blog\/wp-content\/uploads\/2014\/03\/Hatixhe-Nelaj-Tv-Teuta.jpg\",\"contentUrl\":\"https:\/\/www.visit-ulcinj.com\/blog\/wp-content\/uploads\/2014\/03\/Hatixhe-Nelaj-Tv-Teuta.jpg\",\"width\":526,\"height\":393},{\"@type\":\"WebPage\",\"@id\":\"https:\/\/www.visit-ulcinj.com\/blog\/2014\/03\/07\/qytetaret-e-ulqinit-ndihen-te-pasigurt-ne-rruget-e-qytetit-video\/#webpage\",\"url\":\"https:\/\/www.visit-ulcinj.com\/blog\/2014\/03\/07\/qytetaret-e-ulqinit-ndihen-te-pasigurt-ne-rruget-e-qytetit-video\/\",\"name\":\"Qytetar\u00ebt e Ulqinit ndihen t\u00eb pasigurt n\u00eb rrug\u00ebt e qytetit - Video - Lajme nga Ulqini\",\"isPartOf\":{\"@id\":\"https:\/\/www.visit-ulcinj.com\/blog\/#website\"},\"primaryImageOfPage\":{\"@id\":\"https:\/\/www.visit-ulcinj.com\/blog\/2014\/03\/07\/qytetaret-e-ulqinit-ndihen-te-pasigurt-ne-rruget-e-qytetit-video\/#primaryimage\"},\"datePublished\":\"2014-03-07T21:48:20+00:00\",\"dateModified\":\"2014-03-07T21:53:28+00:00\",\"author\":{\"@id\":\"https:\/\/www.visit-ulcinj.com\/blog\/#\/schema\/person\/dcab619c614d3038751c63bc2aadc06d\"},\"description\":\"Trotuaret e rrug\u00ebve t\u00eb qytetit t\u00eb Ulqinit jan\u00eb pothuajse t\u00eb st\u00ebrmbushura me vetura, gj\u00eb\u00a0 q\u00eb paraqet\u00a0 penges\u00eb shum\u00eb t\u00eb madhe p\u00ebr\u00a0 k\u00ebmb\u00ebsor\u00ebt, ngase kjo e\",\"breadcrumb\":{\"@id\":\"https:\/\/www.visit-ulcinj.com\/blog\/2014\/03\/07\/qytetaret-e-ulqinit-ndihen-te-pasigurt-ne-rruget-e-qytetit-video\/#breadcrumb\"},\"inLanguage\":\"en-US\",\"potentialAction\":[{\"@type\":\"ReadAction\",\"target\":[\"https:\/\/www.visit-ulcinj.com\/blog\/2014\/03\/07\/qytetaret-e-ulqinit-ndihen-te-pasigurt-ne-rruget-e-qytetit-video\/\"]}]},{\"@type\":\"BreadcrumbList\",\"@id\":\"https:\/\/www.visit-ulcinj.com\/blog\/2014\/03\/07\/qytetaret-e-ulqinit-ndihen-te-pasigurt-ne-rruget-e-qytetit-video\/#breadcrumb\",\"itemListElement\":[{\"@type\":\"ListItem\",\"position\":1,\"name\":\"Qytetar\u00ebt e Ulqinit ndihen t\u00eb pasigurt n\u00eb rrug\u00ebt e qytetit &#8211; Video\"}]},{\"@type\":\"Person\",\"@id\":\"https:\/\/www.visit-ulcinj.com\/blog\/#\/schema\/person\/dcab619c614d3038751c63bc2aadc06d\",\"name\":\"ulqini\",\"sameAs\":[\"http:\/\/www.visit-ulcinj.com\"],\"url\":\"https:\/\/www.visit-ulcinj.com\/blog\/author\/admin\/\"}]}<\/script>\n<!-- \/ Yoast SEO plugin. -->","yoast_head_json":{"title":"Qytetar\u00ebt e Ulqinit ndihen t\u00eb pasigurt n\u00eb rrug\u00ebt e qytetit - Video - Lajme nga Ulqini","description":"Trotuaret e rrug\u00ebve t\u00eb qytetit t\u00eb Ulqinit jan\u00eb pothuajse t\u00eb st\u00ebrmbushura me vetura, gj\u00eb\u00a0 q\u00eb paraqet\u00a0 penges\u00eb shum\u00eb t\u00eb madhe p\u00ebr\u00a0 k\u00ebmb\u00ebsor\u00ebt, ngase kjo e","robots":{"index":"index","follow":"follow","max-snippet":"max-snippet:-1","max-image-preview":"max-image-preview:large","max-video-preview":"max-video-preview:-1"},"canonical":"https:\/\/www.visit-ulcinj.com\/blog\/2014\/03\/07\/qytetaret-e-ulqinit-ndihen-te-pasigurt-ne-rruget-e-qytetit-video\/","og_locale":"en_US","og_type":"article","og_title":"Qytetar\u00ebt e Ulqinit ndihen t\u00eb pasigurt n\u00eb rrug\u00ebt e qytetit - Video - Lajme nga Ulqini","og_description":"Trotuaret e rrug\u00ebve t\u00eb qytetit t\u00eb Ulqinit jan\u00eb pothuajse t\u00eb st\u00ebrmbushura me vetura, gj\u00eb\u00a0 q\u00eb paraqet\u00a0 penges\u00eb shum\u00eb t\u00eb madhe p\u00ebr\u00a0 k\u00ebmb\u00ebsor\u00ebt, ngase kjo e","og_url":"https:\/\/www.visit-ulcinj.com\/blog\/2014\/03\/07\/qytetaret-e-ulqinit-ndihen-te-pasigurt-ne-rruget-e-qytetit-video\/","og_site_name":"Lajme nga Ulqini","article_published_time":"2014-03-07T21:48:20+00:00","article_modified_time":"2014-03-07T21:53:28+00:00","og_image":[{"url":"http:\/\/www.visit-ulcinj.com\/blog\/wp-content\/uploads\/2014\/03\/Hatixhe-Nelaj-Tv-Teuta.jpg"}],"twitter_misc":{"Written by":"ulqini","Est. reading time":"1 minute"},"schema":{"@context":"https:\/\/schema.org","@graph":[{"@type":"WebSite","@id":"https:\/\/www.visit-ulcinj.com\/blog\/#website","url":"https:\/\/www.visit-ulcinj.com\/blog\/","name":"Lajme nga Ulqini","description":"Lajme,Vijesti,Ulqini,Ulqin,Crna Gora,Mali i Zi","potentialAction":[{"@type":"SearchAction","target":{"@type":"EntryPoint","urlTemplate":"https:\/\/www.visit-ulcinj.com\/blog\/?s={search_term_string}"},"query-input":"required name=search_term_string"}],"inLanguage":"en-US"},{"@type":"ImageObject","inLanguage":"en-US","@id":"https:\/\/www.visit-ulcinj.com\/blog\/2014\/03\/07\/qytetaret-e-ulqinit-ndihen-te-pasigurt-ne-rruget-e-qytetit-video\/#primaryimage","url":"https:\/\/www.visit-ulcinj.com\/blog\/wp-content\/uploads\/2014\/03\/Hatixhe-Nelaj-Tv-Teuta.jpg","contentUrl":"https:\/\/www.visit-ulcinj.com\/blog\/wp-content\/uploads\/2014\/03\/Hatixhe-Nelaj-Tv-Teuta.jpg","width":526,"height":393},{"@type":"WebPage","@id":"https:\/\/www.visit-ulcinj.com\/blog\/2014\/03\/07\/qytetaret-e-ulqinit-ndihen-te-pasigurt-ne-rruget-e-qytetit-video\/#webpage","url":"https:\/\/www.visit-ulcinj.com\/blog\/2014\/03\/07\/qytetaret-e-ulqinit-ndihen-te-pasigurt-ne-rruget-e-qytetit-video\/","name":"Qytetar\u00ebt e Ulqinit ndihen t\u00eb pasigurt n\u00eb rrug\u00ebt e qytetit - Video - Lajme nga Ulqini","isPartOf":{"@id":"https:\/\/www.visit-ulcinj.com\/blog\/#website"},"primaryImageOfPage":{"@id":"https:\/\/www.visit-ulcinj.com\/blog\/2014\/03\/07\/qytetaret-e-ulqinit-ndihen-te-pasigurt-ne-rruget-e-qytetit-video\/#primaryimage"},"datePublished":"2014-03-07T21:48:20+00:00","dateModified":"2014-03-07T21:53:28+00:00","author":{"@id":"https:\/\/www.visit-ulcinj.com\/blog\/#\/schema\/person\/dcab619c614d3038751c63bc2aadc06d"},"description":"Trotuaret e rrug\u00ebve t\u00eb qytetit t\u00eb Ulqinit jan\u00eb pothuajse t\u00eb st\u00ebrmbushura me vetura, gj\u00eb\u00a0 q\u00eb paraqet\u00a0 penges\u00eb shum\u00eb t\u00eb madhe p\u00ebr\u00a0 k\u00ebmb\u00ebsor\u00ebt, ngase kjo e","breadcrumb":{"@id":"https:\/\/www.visit-ulcinj.com\/blog\/2014\/03\/07\/qytetaret-e-ulqinit-ndihen-te-pasigurt-ne-rruget-e-qytetit-video\/#breadcrumb"},"inLanguage":"en-US","potentialAction":[{"@type":"ReadAction","target":["https:\/\/www.visit-ulcinj.com\/blog\/2014\/03\/07\/qytetaret-e-ulqinit-ndihen-te-pasigurt-ne-rruget-e-qytetit-video\/"]}]},{"@type":"BreadcrumbList","@id":"https:\/\/www.visit-ulcinj.com\/blog\/2014\/03\/07\/qytetaret-e-ulqinit-ndihen-te-pasigurt-ne-rruget-e-qytetit-video\/#breadcrumb","itemListElement":[{"@type":"ListItem","position":1,"name":"Qytetar\u00ebt e Ulqinit ndihen t\u00eb pasigurt n\u00eb rrug\u00ebt e qytetit &#8211; Video"}]},{"@type":"Person","@id":"https:\/\/www.visit-ulcinj.com\/blog\/#\/schema\/person\/dcab619c614d3038751c63bc2aadc06d","name":"ulqini","sameAs":["http:\/\/www.visit-ulcinj.com"],"url":"https:\/\/www.visit-ulcinj.com\/blog\/author\/admin\/"}]}},"jetpack_featured_media_url":"","jetpack_sharing_enabled":true,"jetpack_shortlink":"https:\/\/wp.me\/pe6lTn-kVL","_links":{"self":[{"href":"https:\/\/www.visit-ulcinj.com\/blog\/wp-json\/wp\/v2\/posts\/80461"}],"collection":[{"href":"https:\/\/www.visit-ulcinj.com\/blog\/wp-json\/wp\/v2\/posts"}],"about":[{"href":"https:\/\/www.visit-ulcinj.com\/blog\/wp-json\/wp\/v2\/types\/post"}],"author":[{"embeddable":true,"href":"https:\/\/www.visit-ulcinj.com\/blog\/wp-json\/wp\/v2\/users\/1"}],"replies":[{"embeddable":true,"href":"https:\/\/www.visit-ulcinj.com\/blog\/wp-json\/wp\/v2\/comments?post=80461"}],"version-history":[{"count":3,"href":"https:\/\/www.visit-ulcinj.com\/blog\/wp-json\/wp\/v2\/posts\/80461\/revisions"}],"predecessor-version":[{"id":80465,"href":"https:\/\/www.visit-ulcinj.com\/blog\/wp-json\/wp\/v2\/posts\/80461\/revisions\/80465"}],"wp:attachment":[{"href":"https:\/\/www.visit-ulcinj.com\/blog\/wp-json\/wp\/v2\/media?parent=80461"}],"wp:term":[{"taxonomy":"category","embeddable":true,"href":"https:\/\/www.visit-ulcinj.com\/blog\/wp-json\/wp\/v2\/categories?post=80461"},{"taxonomy":"post_tag","embeddable":true,"href":"https:\/\/www.visit-ulcinj.com\/blog\/wp-json\/wp\/v2\/tags?post=80461"}],"curies":[{"name":"wp","href":"https:\/\/api.w.org\/{rel}","templated":true}]}}