{"id":80494,"date":"2014-03-08T11:40:58","date_gmt":"2014-03-08T10:40:58","guid":{"rendered":"http:\/\/www.visit-ulcinj.com\/blog\/?p=80494"},"modified":"2014-03-08T11:40:58","modified_gmt":"2014-03-08T10:40:58","slug":"vazhdon-percarja-e-shqiptareve-edhe-ne-kraje","status":"publish","type":"post","link":"https:\/\/www.visit-ulcinj.com\/blog\/2014\/03\/08\/vazhdon-percarja-e-shqiptareve-edhe-ne-kraje\/","title":{"rendered":"Vazhdon p\u00ebr\u00e7arja e Shqiptar\u00ebve edhe n\u00eb Kraj\u00eb"},"content":{"rendered":"<p><strong><a href=\"http:\/\/www.visit-ulcinj.com\/blog\/wp-content\/uploads\/2014\/03\/percarje-politike-ne-kraje-1.jpg\"><img loading=\"lazy\" class=\"alignleft  wp-image-80495\" alt=\"percarje-politike ne kraje-1\" src=\"http:\/\/www.visit-ulcinj.com\/blog\/wp-content\/uploads\/2014\/03\/percarje-politike-ne-kraje-1.jpg\" width=\"508\" height=\"360\" srcset=\"https:\/\/www.visit-ulcinj.com\/blog\/wp-content\/uploads\/2014\/03\/percarje-politike-ne-kraje-1.jpg 600w, https:\/\/www.visit-ulcinj.com\/blog\/wp-content\/uploads\/2014\/03\/percarje-politike-ne-kraje-1-300x212.jpg 300w\" sizes=\"(max-width: 508px) 100vw, 508px\" \/><\/a>Shqiptar\u00ebt n\u00eb Komun\u00ebn e Tivarit, respektivisht banor\u00ebt e Kraj\u00ebs ishin t\u00eb fundit nd\u00ebr komunat ku jetojn\u00eb shqiptar\u00eb q\u00eb p\u00ebr vite me radh\u00eb n\u00eb zgjedhjet lokale\u00a0 ishin t\u00eb bashkuar reth nj\u00eb forca politike, por nga zgjedhjet e arshshme situata do t\u00eb ndryshoj\u00eb.<\/strong><\/p>\n<p>P\u00ebr vite me radh\u00eb subjekti i vet\u00ebm politik shqiptar\u00eb q\u00eb ka marr\u00eb pjes\u00eb n\u00eb zgjedhjet lokale n\u00eb Komunen e Tivarit ishte Lidhja Demokratike n\u00eb Mal t\u00eb Zi. N\u00eb k\u00ebt\u00eb m\u00ebnyr\u00eb shqiptar\u00ebt e Kraj\u00ebs u konsideruan t\u00eb bashkuar sa i p\u00ebrket politik\u00ebs.<\/p>\n<p>Por nga zgjedhjet e ardhshme lokale n\u00eb Komun\u00ebn e Tivarit situata do t\u00eb ndryshoj\u00eb, pasi Forca e re demokratike ka zyrtarizuar qendrimin e saj\u00eb q\u00eb do t\u00eb marr\u00eb pjes\u00eb n\u00eb zgjedhjet e arshshme lokale n\u00eb k\u00ebt\u00eb komun\u00eb.<\/p>\n<p>Nga ana tjeter \u00ebsht\u00eb edhe Partia Demokratike e cila ka deg\u00ebn e saj\u00eb n\u00eb Kraj\u00eb, dhe sigurisht q\u00eb edhe nga kjo forc\u00eb politike pritet q\u00eb t\u00eb vendosin t\u00eb marrin pjes\u00eb n\u00eb zgjedhjet lokale. N\u00eb k\u00ebt\u00eb m\u00ebnyr\u00eb votuesit e Kraj\u00ebs, shqiptar\u00ebt n\u00eb Komun\u00ebn e Tivarit p\u00ebr her\u00eb t\u00eb par\u00eb do ken\u00eb p\u00ebrball vet\u00ebs p\u00ebr t\u00eb zgjedhur nj\u00ebren nga tri partit\u00eb shqiptare.<\/p>\n<p>Duke u referuar rezultateve t\u00eb zgjedhjeve t\u00eb fundit lokale n\u00eb Komun\u00ebn e Tivarit (2010), si parti e vetme shqiptare ishte vet\u00ebm Lidhja Demokratike n\u00eb Mal t\u00eb Zi e cila arriti t\u00eb marr\u00eb 749 vota t\u00eb p\u00ebrkthyer n\u00eb nj\u00eb mandat k\u00ebshilltari.<\/p>\n<p>Nd\u00ebrsa n\u00eb zgjedhjet e fundit parlamentare t\u00eb 2012 n\u00eb Kraj\u00eb votat p\u00ebr partit\u00eb shqiptare ishin af\u00ebrsisht t\u00eb barabarta me votat q\u00eb ka marr\u00eb Lidhja Demokratike n\u00eb Mal t\u00eb Zi e vetme n\u00eb zgjedhjet lokale n\u00eb Komunen e Tivarit, por k\u00ebsaj radh\u00eb t\u00eb shp\u00ebrndar\u00eb n\u00eb dy koalicione.\u00a0 Koalicioni shqiptar\u00eb (Partia Demokratike, Lidhja Demokratike n\u00eb Mal t\u00eb Zi dhe Alternativa Shqiptare) kan\u00eb marr\u00eb 448 vota nd\u00ebrsa Forca ka marr\u00eb 173 vota. N\u00eb zgjedhjet e fundit parlamentare n\u00eb Kraj\u00eb ka marr\u00eb m\u00eb shum vota koalicioni malazez PDS-PSD 495 vota kundrejt Koalicionit shqiptar\u00eb i cili ka marr\u00eb 448 vota.<\/p>\n<p>N\u00eb k\u00ebt\u00eb m\u00ebnyr\u00eb n\u00ebse n\u00eb zgjedhjet e ardhshme lokale n\u00eb Komun\u00ebn e Tivarit subjektet politike shqiptare vendosin t\u00eb dalin t\u00eb vetme, at\u00ebher mund\u00ebsia q\u00eb k\u00ebto subjekte t\u00eb mos marrin asnj\u00eb k\u00ebshilltar\u00eb n\u00eb Kuvendin Komunal t\u00eb Tivarit \u00ebsht\u00eb shum\u00eb e madhe. Forca e re demokratike e ka dh\u00ebn\u00eb shenj\u00eb e par\u00eb pasi ka ftuar p\u00ebr bisedime t\u00eb gjitha partite shqiptare q\u00eb veprojn\u00eb n\u00eb k\u00ebt\u00eb komun\u00eb p\u00ebr krijim e koalicionit t\u00eb subjekteve shqiptare. Por sa i realizueshem do t\u00eb jet\u00eb ky koalicion mbetet p\u00ebr tu par\u00eb.<strong>\/KrajaOnline\/<\/strong><\/p>\n","protected":false},"excerpt":{"rendered":"<p>Shqiptar\u00ebt n\u00eb Komun\u00ebn e Tivarit, respektivisht banor\u00ebt e Kraj\u00ebs ishin t\u00eb fundit nd\u00ebr komunat ku jetojn\u00eb shqiptar\u00eb q\u00eb p\u00ebr vite me radh\u00eb n\u00eb zgjedhjet lokale\u00a0 ishin t\u00eb bashkuar reth nj\u00eb forca politike, por nga zgjedhjet e arshshme situata do t\u00eb ndryshoj\u00eb. P\u00ebr vite me radh\u00eb subjekti i vet\u00ebm politik shqiptar\u00eb q\u00eb ka marr\u00eb pjes\u00eb n\u00eb [&hellip;]<\/p>\n","protected":false},"author":1,"featured_media":0,"comment_status":"closed","ping_status":"closed","sticky":false,"template":"","format":"standard","meta":{"spay_email":"","jetpack_publicize_message":"","jetpack_is_tweetstorm":false,"jetpack_publicize_feature_enabled":true},"categories":[6],"tags":[],"jetpack_publicize_connections":[],"yoast_head":"<!-- This site is optimized with the Yoast SEO plugin v19.1 - https:\/\/yoast.com\/wordpress\/plugins\/seo\/ -->\n<title>Vazhdon p\u00ebr\u00e7arja e Shqiptar\u00ebve edhe n\u00eb Kraj\u00eb - Lajme nga Ulqini<\/title>\n<meta name=\"description\" content=\"Shqiptar\u00ebt n\u00eb Komun\u00ebn e Tivarit, respektivisht banor\u00ebt e Kraj\u00ebs ishin t\u00eb fundit nd\u00ebr komunat ku jetojn\u00eb shqiptar\u00eb q\u00eb p\u00ebr vite me radh\u00eb n\u00eb zgjedhjet\" \/>\n<meta name=\"robots\" content=\"index, follow, max-snippet:-1, max-image-preview:large, max-video-preview:-1\" \/>\n<link rel=\"canonical\" href=\"https:\/\/www.visit-ulcinj.com\/blog\/2014\/03\/08\/vazhdon-percarja-e-shqiptareve-edhe-ne-kraje\/\" \/>\n<meta property=\"og:locale\" content=\"en_US\" \/>\n<meta property=\"og:type\" content=\"article\" \/>\n<meta property=\"og:title\" content=\"Vazhdon p\u00ebr\u00e7arja e Shqiptar\u00ebve edhe n\u00eb Kraj\u00eb - Lajme nga Ulqini\" \/>\n<meta property=\"og:description\" content=\"Shqiptar\u00ebt n\u00eb Komun\u00ebn e Tivarit, respektivisht banor\u00ebt e Kraj\u00ebs ishin t\u00eb fundit nd\u00ebr komunat ku jetojn\u00eb shqiptar\u00eb q\u00eb p\u00ebr vite me radh\u00eb n\u00eb zgjedhjet\" \/>\n<meta property=\"og:url\" content=\"https:\/\/www.visit-ulcinj.com\/blog\/2014\/03\/08\/vazhdon-percarja-e-shqiptareve-edhe-ne-kraje\/\" \/>\n<meta property=\"og:site_name\" content=\"Lajme nga Ulqini\" \/>\n<meta property=\"article:published_time\" content=\"2014-03-08T10:40:58+00:00\" \/>\n<meta property=\"og:image\" content=\"http:\/\/www.visit-ulcinj.com\/blog\/wp-content\/uploads\/2014\/03\/percarje-politike-ne-kraje-1.jpg\" \/>\n<meta name=\"twitter:label1\" content=\"Written by\" \/>\n\t<meta name=\"twitter:data1\" content=\"ulqini\" \/>\n\t<meta name=\"twitter:label2\" content=\"Est. reading time\" \/>\n\t<meta name=\"twitter:data2\" content=\"2 minutes\" \/>\n<script type=\"application\/ld+json\" class=\"yoast-schema-graph\">{\"@context\":\"https:\/\/schema.org\",\"@graph\":[{\"@type\":\"WebSite\",\"@id\":\"https:\/\/www.visit-ulcinj.com\/blog\/#website\",\"url\":\"https:\/\/www.visit-ulcinj.com\/blog\/\",\"name\":\"Lajme nga Ulqini\",\"description\":\"Lajme,Vijesti,Ulqini,Ulqin,Crna Gora,Mali i Zi\",\"potentialAction\":[{\"@type\":\"SearchAction\",\"target\":{\"@type\":\"EntryPoint\",\"urlTemplate\":\"https:\/\/www.visit-ulcinj.com\/blog\/?s={search_term_string}\"},\"query-input\":\"required name=search_term_string\"}],\"inLanguage\":\"en-US\"},{\"@type\":\"ImageObject\",\"inLanguage\":\"en-US\",\"@id\":\"https:\/\/www.visit-ulcinj.com\/blog\/2014\/03\/08\/vazhdon-percarja-e-shqiptareve-edhe-ne-kraje\/#primaryimage\",\"url\":\"https:\/\/www.visit-ulcinj.com\/blog\/wp-content\/uploads\/2014\/03\/percarje-politike-ne-kraje-1.jpg\",\"contentUrl\":\"https:\/\/www.visit-ulcinj.com\/blog\/wp-content\/uploads\/2014\/03\/percarje-politike-ne-kraje-1.jpg\",\"width\":600,\"height\":425},{\"@type\":\"WebPage\",\"@id\":\"https:\/\/www.visit-ulcinj.com\/blog\/2014\/03\/08\/vazhdon-percarja-e-shqiptareve-edhe-ne-kraje\/#webpage\",\"url\":\"https:\/\/www.visit-ulcinj.com\/blog\/2014\/03\/08\/vazhdon-percarja-e-shqiptareve-edhe-ne-kraje\/\",\"name\":\"Vazhdon p\u00ebr\u00e7arja e Shqiptar\u00ebve edhe n\u00eb Kraj\u00eb - Lajme nga Ulqini\",\"isPartOf\":{\"@id\":\"https:\/\/www.visit-ulcinj.com\/blog\/#website\"},\"primaryImageOfPage\":{\"@id\":\"https:\/\/www.visit-ulcinj.com\/blog\/2014\/03\/08\/vazhdon-percarja-e-shqiptareve-edhe-ne-kraje\/#primaryimage\"},\"datePublished\":\"2014-03-08T10:40:58+00:00\",\"dateModified\":\"2014-03-08T10:40:58+00:00\",\"author\":{\"@id\":\"https:\/\/www.visit-ulcinj.com\/blog\/#\/schema\/person\/dcab619c614d3038751c63bc2aadc06d\"},\"description\":\"Shqiptar\u00ebt n\u00eb Komun\u00ebn e Tivarit, respektivisht banor\u00ebt e Kraj\u00ebs ishin t\u00eb fundit nd\u00ebr komunat ku jetojn\u00eb shqiptar\u00eb q\u00eb p\u00ebr vite me radh\u00eb n\u00eb zgjedhjet\",\"breadcrumb\":{\"@id\":\"https:\/\/www.visit-ulcinj.com\/blog\/2014\/03\/08\/vazhdon-percarja-e-shqiptareve-edhe-ne-kraje\/#breadcrumb\"},\"inLanguage\":\"en-US\",\"potentialAction\":[{\"@type\":\"ReadAction\",\"target\":[\"https:\/\/www.visit-ulcinj.com\/blog\/2014\/03\/08\/vazhdon-percarja-e-shqiptareve-edhe-ne-kraje\/\"]}]},{\"@type\":\"BreadcrumbList\",\"@id\":\"https:\/\/www.visit-ulcinj.com\/blog\/2014\/03\/08\/vazhdon-percarja-e-shqiptareve-edhe-ne-kraje\/#breadcrumb\",\"itemListElement\":[{\"@type\":\"ListItem\",\"position\":1,\"name\":\"Vazhdon p\u00ebr\u00e7arja e Shqiptar\u00ebve edhe n\u00eb Kraj\u00eb\"}]},{\"@type\":\"Person\",\"@id\":\"https:\/\/www.visit-ulcinj.com\/blog\/#\/schema\/person\/dcab619c614d3038751c63bc2aadc06d\",\"name\":\"ulqini\",\"sameAs\":[\"http:\/\/www.visit-ulcinj.com\"],\"url\":\"https:\/\/www.visit-ulcinj.com\/blog\/author\/admin\/\"}]}<\/script>\n<!-- \/ Yoast SEO plugin. -->","yoast_head_json":{"title":"Vazhdon p\u00ebr\u00e7arja e Shqiptar\u00ebve edhe n\u00eb Kraj\u00eb - Lajme nga Ulqini","description":"Shqiptar\u00ebt n\u00eb Komun\u00ebn e Tivarit, respektivisht banor\u00ebt e Kraj\u00ebs ishin t\u00eb fundit nd\u00ebr komunat ku jetojn\u00eb shqiptar\u00eb q\u00eb p\u00ebr vite me radh\u00eb n\u00eb zgjedhjet","robots":{"index":"index","follow":"follow","max-snippet":"max-snippet:-1","max-image-preview":"max-image-preview:large","max-video-preview":"max-video-preview:-1"},"canonical":"https:\/\/www.visit-ulcinj.com\/blog\/2014\/03\/08\/vazhdon-percarja-e-shqiptareve-edhe-ne-kraje\/","og_locale":"en_US","og_type":"article","og_title":"Vazhdon p\u00ebr\u00e7arja e Shqiptar\u00ebve edhe n\u00eb Kraj\u00eb - Lajme nga Ulqini","og_description":"Shqiptar\u00ebt n\u00eb Komun\u00ebn e Tivarit, respektivisht banor\u00ebt e Kraj\u00ebs ishin t\u00eb fundit nd\u00ebr komunat ku jetojn\u00eb shqiptar\u00eb q\u00eb p\u00ebr vite me radh\u00eb n\u00eb zgjedhjet","og_url":"https:\/\/www.visit-ulcinj.com\/blog\/2014\/03\/08\/vazhdon-percarja-e-shqiptareve-edhe-ne-kraje\/","og_site_name":"Lajme nga Ulqini","article_published_time":"2014-03-08T10:40:58+00:00","og_image":[{"url":"http:\/\/www.visit-ulcinj.com\/blog\/wp-content\/uploads\/2014\/03\/percarje-politike-ne-kraje-1.jpg"}],"twitter_misc":{"Written by":"ulqini","Est. reading time":"2 minutes"},"schema":{"@context":"https:\/\/schema.org","@graph":[{"@type":"WebSite","@id":"https:\/\/www.visit-ulcinj.com\/blog\/#website","url":"https:\/\/www.visit-ulcinj.com\/blog\/","name":"Lajme nga Ulqini","description":"Lajme,Vijesti,Ulqini,Ulqin,Crna Gora,Mali i Zi","potentialAction":[{"@type":"SearchAction","target":{"@type":"EntryPoint","urlTemplate":"https:\/\/www.visit-ulcinj.com\/blog\/?s={search_term_string}"},"query-input":"required name=search_term_string"}],"inLanguage":"en-US"},{"@type":"ImageObject","inLanguage":"en-US","@id":"https:\/\/www.visit-ulcinj.com\/blog\/2014\/03\/08\/vazhdon-percarja-e-shqiptareve-edhe-ne-kraje\/#primaryimage","url":"https:\/\/www.visit-ulcinj.com\/blog\/wp-content\/uploads\/2014\/03\/percarje-politike-ne-kraje-1.jpg","contentUrl":"https:\/\/www.visit-ulcinj.com\/blog\/wp-content\/uploads\/2014\/03\/percarje-politike-ne-kraje-1.jpg","width":600,"height":425},{"@type":"WebPage","@id":"https:\/\/www.visit-ulcinj.com\/blog\/2014\/03\/08\/vazhdon-percarja-e-shqiptareve-edhe-ne-kraje\/#webpage","url":"https:\/\/www.visit-ulcinj.com\/blog\/2014\/03\/08\/vazhdon-percarja-e-shqiptareve-edhe-ne-kraje\/","name":"Vazhdon p\u00ebr\u00e7arja e Shqiptar\u00ebve edhe n\u00eb Kraj\u00eb - Lajme nga Ulqini","isPartOf":{"@id":"https:\/\/www.visit-ulcinj.com\/blog\/#website"},"primaryImageOfPage":{"@id":"https:\/\/www.visit-ulcinj.com\/blog\/2014\/03\/08\/vazhdon-percarja-e-shqiptareve-edhe-ne-kraje\/#primaryimage"},"datePublished":"2014-03-08T10:40:58+00:00","dateModified":"2014-03-08T10:40:58+00:00","author":{"@id":"https:\/\/www.visit-ulcinj.com\/blog\/#\/schema\/person\/dcab619c614d3038751c63bc2aadc06d"},"description":"Shqiptar\u00ebt n\u00eb Komun\u00ebn e Tivarit, respektivisht banor\u00ebt e Kraj\u00ebs ishin t\u00eb fundit nd\u00ebr komunat ku jetojn\u00eb shqiptar\u00eb q\u00eb p\u00ebr vite me radh\u00eb n\u00eb zgjedhjet","breadcrumb":{"@id":"https:\/\/www.visit-ulcinj.com\/blog\/2014\/03\/08\/vazhdon-percarja-e-shqiptareve-edhe-ne-kraje\/#breadcrumb"},"inLanguage":"en-US","potentialAction":[{"@type":"ReadAction","target":["https:\/\/www.visit-ulcinj.com\/blog\/2014\/03\/08\/vazhdon-percarja-e-shqiptareve-edhe-ne-kraje\/"]}]},{"@type":"BreadcrumbList","@id":"https:\/\/www.visit-ulcinj.com\/blog\/2014\/03\/08\/vazhdon-percarja-e-shqiptareve-edhe-ne-kraje\/#breadcrumb","itemListElement":[{"@type":"ListItem","position":1,"name":"Vazhdon p\u00ebr\u00e7arja e Shqiptar\u00ebve edhe n\u00eb Kraj\u00eb"}]},{"@type":"Person","@id":"https:\/\/www.visit-ulcinj.com\/blog\/#\/schema\/person\/dcab619c614d3038751c63bc2aadc06d","name":"ulqini","sameAs":["http:\/\/www.visit-ulcinj.com"],"url":"https:\/\/www.visit-ulcinj.com\/blog\/author\/admin\/"}]}},"jetpack_featured_media_url":"","jetpack_sharing_enabled":true,"jetpack_shortlink":"https:\/\/wp.me\/pe6lTn-kWi","_links":{"self":[{"href":"https:\/\/www.visit-ulcinj.com\/blog\/wp-json\/wp\/v2\/posts\/80494"}],"collection":[{"href":"https:\/\/www.visit-ulcinj.com\/blog\/wp-json\/wp\/v2\/posts"}],"about":[{"href":"https:\/\/www.visit-ulcinj.com\/blog\/wp-json\/wp\/v2\/types\/post"}],"author":[{"embeddable":true,"href":"https:\/\/www.visit-ulcinj.com\/blog\/wp-json\/wp\/v2\/users\/1"}],"replies":[{"embeddable":true,"href":"https:\/\/www.visit-ulcinj.com\/blog\/wp-json\/wp\/v2\/comments?post=80494"}],"version-history":[{"count":1,"href":"https:\/\/www.visit-ulcinj.com\/blog\/wp-json\/wp\/v2\/posts\/80494\/revisions"}],"predecessor-version":[{"id":80496,"href":"https:\/\/www.visit-ulcinj.com\/blog\/wp-json\/wp\/v2\/posts\/80494\/revisions\/80496"}],"wp:attachment":[{"href":"https:\/\/www.visit-ulcinj.com\/blog\/wp-json\/wp\/v2\/media?parent=80494"}],"wp:term":[{"taxonomy":"category","embeddable":true,"href":"https:\/\/www.visit-ulcinj.com\/blog\/wp-json\/wp\/v2\/categories?post=80494"},{"taxonomy":"post_tag","embeddable":true,"href":"https:\/\/www.visit-ulcinj.com\/blog\/wp-json\/wp\/v2\/tags?post=80494"}],"curies":[{"name":"wp","href":"https:\/\/api.w.org\/{rel}","templated":true}]}}