{"id":80497,"date":"2014-03-08T12:02:11","date_gmt":"2014-03-08T11:02:11","guid":{"rendered":"http:\/\/www.visit-ulcinj.com\/blog\/?p=80497"},"modified":"2014-03-08T12:02:32","modified_gmt":"2014-03-08T11:02:32","slug":"anton-berishaj-u-d-rektorit-te-universitetit-hasan-prishtina","status":"publish","type":"post","link":"https:\/\/www.visit-ulcinj.com\/blog\/2014\/03\/08\/anton-berishaj-u-d-rektorit-te-universitetit-hasan-prishtina\/","title":{"rendered":"Anton Berishaj, u.d. i rektorit t\u00eb Universitetit \u201cHasan Prishtina\u201d"},"content":{"rendered":"<p><strong><a href=\"http:\/\/www.visit-ulcinj.com\/blog\/wp-content\/uploads\/2014\/03\/Anton-Berishaj.jpg\"><img loading=\"lazy\" class=\"alignleft  wp-image-80498\" alt=\"Anton-Berishaj\" src=\"http:\/\/www.visit-ulcinj.com\/blog\/wp-content\/uploads\/2014\/03\/Anton-Berishaj.jpg\" width=\"508\" height=\"360\" \/><\/a>Prishtin\u00eb, 7 mars \u2013 (E plot\u00ebsuar) K\u00ebshilli Drejtues i Universitetit t\u00eb Prishtin\u00ebs zgjodhi p\u00ebr ushtrues detyre t\u00eb rektorit Anton Berishajn.<\/strong><\/p>\n<p><strong><br \/>\n<\/strong><br \/>\nProfesori i sociologjis\u00eb dhe an\u00ebtari i Akademis\u00eb s\u00eb Shkencave dhe Arteve t\u00eb Kosov\u00ebs, Berishaj, u zgjodh me 7 vota pro dhe dy kund\u00ebr t\u00eb K\u00ebshillit Drejtues.<\/p>\n<p>Ushtruesi i sapozgjedhur i detyr\u00ebs s\u00eb rektorit t\u00eb Universitetit \u201cHasan Prishtina\u201d, Anton Berishaj, u lind m\u00eb 13 korrik 1954 n\u00eb fshatin Prift\u00ebn t\u00eb Mal\u00ebsis\u00eb. Shkoll\u00ebn e ul\u00ebt fillore e kreu n\u00eb Prift\u00ebn, tet\u00ebvje\u00e7aren n\u00eb Tuz, nd\u00ebrsa gjimnazin n\u00eb Ulqin.<\/p>\n<p>N\u00eb vitin shkollor 1978\/79 u diplomua n\u00eb Deg\u00ebn e Filozofis\u00eb dhe Sociologjis\u00eb, n\u00eb Universitetin e Prishtin\u00ebs. Nj\u00eb koh\u00eb ishte profesor i l\u00ebnd\u00ebve filozofi, sociologji, psikologji n\u00eb disa shkolla t\u00eb mesme n\u00eb Prishtin\u00eb e Tuz, nd\u00ebrsa karrier\u00ebn universitare e filloi n\u00eb vitin shkollor 1983\/84, s\u00eb pari asistent i angazhuar, e m\u00eb von\u00eb ligj\u00ebrues, fillimisht n\u00eb l\u00ebnd\u00ebt \u201cSociologji industriale\u201d dhe \u201cStruktura e shoq\u00ebris\u00eb\u201d, n\u00eb Deg\u00ebn e Filozofis\u00eb dhe Sociologjis\u00eb, e m\u00eb von\u00eb \u201cSociologji e p\u00ebrgjithshme\u201d n\u00eb Fakultetin e Mjek\u00ebsis\u00eb.<\/p>\n<p>M\u00eb 1983\/84 u regjistrua n\u00eb studimet pasuniversitare n\u00eb Deg\u00ebn e Sociologjis\u00eb t\u00eb Universitetit t\u00eb Zagrebit, ku u diplomua n\u00eb vitin shkollor 1986\/87. N\u00eb korrik t\u00eb vitit 1997 po n\u00eb k\u00ebt\u00eb universitet mbrojtje tem\u00ebn e doktorantur\u00ebs, me titull: \u201cNdryshimet familjare n\u00eb Mal\u00ebsi\u201d.<\/p>\n<p>N\u00eb vitin shkollor 1997\/98 mori titullin docent p\u00ebr l\u00ebnd\u00ebt \u201cStruktura dhe zhvillimi shoq\u00ebror\u201d dhe \u201cSociologjia e p\u00ebrgjithshme II\u201d. M\u00eb 2005, u zgjodh profesor i rregullt. Aktualisht ligj\u00ebron n\u00eb bachelor dhe master l\u00ebnd\u00ebt \u201cSociologji e migrimeve\u201d, \u201cSociologji e religjionit\u201d, \u201cHyrje n\u00eb sociologji\u201d, \u201cSociologji e familjes\u201d, \u201cStruktura e shoq\u00ebrive bashk\u00ebkohore\u201d, \u201cOrganizimi dhe zhvillimi shoq\u00ebror\u201d, \u201cPuna dhe organizata\u201d dhe \u201cMartesa dhe familja\u201d.<\/p>\n<p>N\u00eb dhjetor t\u00eb vitit 2012 u zgjodh an\u00ebtar korrespondent i Akademis\u00eb s\u00eb Shkencave dhe t\u00eb Arteve t\u00eb Kosov\u00ebs.<\/p>\n<p>\u00cbsht\u00eb autor i disa veprave shkencore e monografive si dhe tekstesh shkollore nga fusha e sociologjis\u00eb, t\u00eb botuara n\u00eb Kosov\u00eb e jasht\u00eb saj, si dhe e punimesh shkencore.<\/p>\n<p><strong>***<br \/>\n<\/strong><br \/>\n<strong>N\u00eb gar\u00eb p\u00ebr U.D. t\u00eb rektorit Muzafere Limani e Anton Berishaj<\/strong><\/p>\n<p>12:28-Prishtin\u00eb, 7 mars \u2013 K\u00ebshilli Drejtues i Universitetit t\u00eb Prishtin\u00ebs sapo ka dal\u00eb n\u00eb nj\u00eb pushim, pas nj\u00eb mbledhjeje n\u00eb t\u00eb cil\u00ebn duhet t\u00eb zgjedh\u00eb ushtruesin e detyr\u00ebs s\u00eb rektorit.<\/p>\n<p>Burime t\u00eb Koha.net b\u00ebjn\u00eb t\u00eb ditur se n\u00eb gar\u00eb p\u00ebr k\u00ebt\u00eb post kan\u00eb mbetur Myzafere Limani, profesoresh\u00eb e inxhinieris\u00eb elektrike e kompjuterike, dhe Anton Berishaj, profesor i sociologjis\u00eb n\u00eb Fakultetin Filozofik t\u00eb UP-s\u00eb.<\/p>\n<p>Nga gara sot jan\u00eb t\u00ebrhequr Abdullah Zejnullahu dhe Naser Zabeli, nd\u00ebrsa m\u00eb her\u00ebt k\u00ebt\u00eb e kishte b\u00ebr\u00eb edhe Qendrim Gashi.<\/p>\n<p>Universiteti i Prishtin\u00ebs ka mbi nj\u00eb muaj qysh se ka mbetur pa rektor, pas dor\u00ebheqjes s\u00eb Ibrahim Gashit dhe prorektor\u00ebve t\u00eb tij, pas skandalit me avancimet e tyre dhe t\u00eb protestave studentore. <strong>\/Koha Net\/<\/strong><\/p>\n","protected":false},"excerpt":{"rendered":"<p>Prishtin\u00eb, 7 mars \u2013 (E plot\u00ebsuar) K\u00ebshilli Drejtues i Universitetit t\u00eb Prishtin\u00ebs zgjodhi p\u00ebr ushtrues detyre t\u00eb rektorit Anton Berishajn. Profesori i sociologjis\u00eb dhe an\u00ebtari i Akademis\u00eb s\u00eb Shkencave dhe Arteve t\u00eb Kosov\u00ebs, Berishaj, u zgjodh me 7 vota pro dhe dy kund\u00ebr t\u00eb K\u00ebshillit Drejtues. Ushtruesi i sapozgjedhur i detyr\u00ebs s\u00eb rektorit t\u00eb Universitetit [&hellip;]<\/p>\n","protected":false},"author":1,"featured_media":0,"comment_status":"closed","ping_status":"closed","sticky":false,"template":"","format":"standard","meta":{"spay_email":"","jetpack_publicize_message":"","jetpack_is_tweetstorm":false,"jetpack_publicize_feature_enabled":true},"categories":[12],"tags":[],"jetpack_publicize_connections":[],"yoast_head":"<!-- This site is optimized with the Yoast SEO plugin v19.1 - https:\/\/yoast.com\/wordpress\/plugins\/seo\/ -->\n<title>Anton Berishaj, u.d. i rektorit t\u00eb Universitetit \u201cHasan Prishtina\u201d - Lajme nga Ulqini<\/title>\n<meta name=\"description\" content=\"Prishtin\u00eb, 7 mars \u2013 (E plot\u00ebsuar) K\u00ebshilli Drejtues i Universitetit t\u00eb Prishtin\u00ebs zgjodhi p\u00ebr ushtrues detyre t\u00eb rektorit Anton Berishajn. Profesori i\" \/>\n<meta name=\"robots\" content=\"index, follow, max-snippet:-1, max-image-preview:large, max-video-preview:-1\" \/>\n<link rel=\"canonical\" href=\"https:\/\/www.visit-ulcinj.com\/blog\/2014\/03\/08\/anton-berishaj-u-d-rektorit-te-universitetit-hasan-prishtina\/\" \/>\n<meta property=\"og:locale\" content=\"en_US\" \/>\n<meta property=\"og:type\" content=\"article\" \/>\n<meta property=\"og:title\" content=\"Anton Berishaj, u.d. i rektorit t\u00eb Universitetit \u201cHasan Prishtina\u201d - Lajme nga Ulqini\" \/>\n<meta property=\"og:description\" content=\"Prishtin\u00eb, 7 mars \u2013 (E plot\u00ebsuar) K\u00ebshilli Drejtues i Universitetit t\u00eb Prishtin\u00ebs zgjodhi p\u00ebr ushtrues detyre t\u00eb rektorit Anton Berishajn. Profesori i\" \/>\n<meta property=\"og:url\" content=\"https:\/\/www.visit-ulcinj.com\/blog\/2014\/03\/08\/anton-berishaj-u-d-rektorit-te-universitetit-hasan-prishtina\/\" \/>\n<meta property=\"og:site_name\" content=\"Lajme nga Ulqini\" \/>\n<meta property=\"article:published_time\" content=\"2014-03-08T11:02:11+00:00\" \/>\n<meta property=\"article:modified_time\" content=\"2014-03-08T11:02:32+00:00\" \/>\n<meta property=\"og:image\" content=\"http:\/\/www.visit-ulcinj.com\/blog\/wp-content\/uploads\/2014\/03\/Anton-Berishaj.jpg\" \/>\n<meta name=\"twitter:label1\" content=\"Written by\" \/>\n\t<meta name=\"twitter:data1\" content=\"ulqini\" \/>\n\t<meta name=\"twitter:label2\" content=\"Est. reading time\" \/>\n\t<meta name=\"twitter:data2\" content=\"2 minutes\" \/>\n<script type=\"application\/ld+json\" class=\"yoast-schema-graph\">{\"@context\":\"https:\/\/schema.org\",\"@graph\":[{\"@type\":\"WebSite\",\"@id\":\"https:\/\/www.visit-ulcinj.com\/blog\/#website\",\"url\":\"https:\/\/www.visit-ulcinj.com\/blog\/\",\"name\":\"Lajme nga Ulqini\",\"description\":\"Lajme,Vijesti,Ulqini,Ulqin,Crna Gora,Mali i Zi\",\"potentialAction\":[{\"@type\":\"SearchAction\",\"target\":{\"@type\":\"EntryPoint\",\"urlTemplate\":\"https:\/\/www.visit-ulcinj.com\/blog\/?s={search_term_string}\"},\"query-input\":\"required name=search_term_string\"}],\"inLanguage\":\"en-US\"},{\"@type\":\"ImageObject\",\"inLanguage\":\"en-US\",\"@id\":\"https:\/\/www.visit-ulcinj.com\/blog\/2014\/03\/08\/anton-berishaj-u-d-rektorit-te-universitetit-hasan-prishtina\/#primaryimage\",\"url\":\"https:\/\/www.visit-ulcinj.com\/blog\/wp-content\/uploads\/2014\/03\/Anton-Berishaj.jpg\",\"contentUrl\":\"https:\/\/www.visit-ulcinj.com\/blog\/wp-content\/uploads\/2014\/03\/Anton-Berishaj.jpg\",\"width\":960,\"height\":380},{\"@type\":\"WebPage\",\"@id\":\"https:\/\/www.visit-ulcinj.com\/blog\/2014\/03\/08\/anton-berishaj-u-d-rektorit-te-universitetit-hasan-prishtina\/#webpage\",\"url\":\"https:\/\/www.visit-ulcinj.com\/blog\/2014\/03\/08\/anton-berishaj-u-d-rektorit-te-universitetit-hasan-prishtina\/\",\"name\":\"Anton Berishaj, u.d. i rektorit t\u00eb Universitetit \u201cHasan Prishtina\u201d - Lajme nga Ulqini\",\"isPartOf\":{\"@id\":\"https:\/\/www.visit-ulcinj.com\/blog\/#website\"},\"primaryImageOfPage\":{\"@id\":\"https:\/\/www.visit-ulcinj.com\/blog\/2014\/03\/08\/anton-berishaj-u-d-rektorit-te-universitetit-hasan-prishtina\/#primaryimage\"},\"datePublished\":\"2014-03-08T11:02:11+00:00\",\"dateModified\":\"2014-03-08T11:02:32+00:00\",\"author\":{\"@id\":\"https:\/\/www.visit-ulcinj.com\/blog\/#\/schema\/person\/dcab619c614d3038751c63bc2aadc06d\"},\"description\":\"Prishtin\u00eb, 7 mars \u2013 (E plot\u00ebsuar) K\u00ebshilli Drejtues i Universitetit t\u00eb Prishtin\u00ebs zgjodhi p\u00ebr ushtrues detyre t\u00eb rektorit Anton Berishajn. Profesori i\",\"breadcrumb\":{\"@id\":\"https:\/\/www.visit-ulcinj.com\/blog\/2014\/03\/08\/anton-berishaj-u-d-rektorit-te-universitetit-hasan-prishtina\/#breadcrumb\"},\"inLanguage\":\"en-US\",\"potentialAction\":[{\"@type\":\"ReadAction\",\"target\":[\"https:\/\/www.visit-ulcinj.com\/blog\/2014\/03\/08\/anton-berishaj-u-d-rektorit-te-universitetit-hasan-prishtina\/\"]}]},{\"@type\":\"BreadcrumbList\",\"@id\":\"https:\/\/www.visit-ulcinj.com\/blog\/2014\/03\/08\/anton-berishaj-u-d-rektorit-te-universitetit-hasan-prishtina\/#breadcrumb\",\"itemListElement\":[{\"@type\":\"ListItem\",\"position\":1,\"name\":\"Anton Berishaj, u.d. i rektorit t\u00eb Universitetit \u201cHasan Prishtina\u201d\"}]},{\"@type\":\"Person\",\"@id\":\"https:\/\/www.visit-ulcinj.com\/blog\/#\/schema\/person\/dcab619c614d3038751c63bc2aadc06d\",\"name\":\"ulqini\",\"sameAs\":[\"http:\/\/www.visit-ulcinj.com\"],\"url\":\"https:\/\/www.visit-ulcinj.com\/blog\/author\/admin\/\"}]}<\/script>\n<!-- \/ Yoast SEO plugin. -->","yoast_head_json":{"title":"Anton Berishaj, u.d. i rektorit t\u00eb Universitetit \u201cHasan Prishtina\u201d - Lajme nga Ulqini","description":"Prishtin\u00eb, 7 mars \u2013 (E plot\u00ebsuar) K\u00ebshilli Drejtues i Universitetit t\u00eb Prishtin\u00ebs zgjodhi p\u00ebr ushtrues detyre t\u00eb rektorit Anton Berishajn. Profesori i","robots":{"index":"index","follow":"follow","max-snippet":"max-snippet:-1","max-image-preview":"max-image-preview:large","max-video-preview":"max-video-preview:-1"},"canonical":"https:\/\/www.visit-ulcinj.com\/blog\/2014\/03\/08\/anton-berishaj-u-d-rektorit-te-universitetit-hasan-prishtina\/","og_locale":"en_US","og_type":"article","og_title":"Anton Berishaj, u.d. i rektorit t\u00eb Universitetit \u201cHasan Prishtina\u201d - Lajme nga Ulqini","og_description":"Prishtin\u00eb, 7 mars \u2013 (E plot\u00ebsuar) K\u00ebshilli Drejtues i Universitetit t\u00eb Prishtin\u00ebs zgjodhi p\u00ebr ushtrues detyre t\u00eb rektorit Anton Berishajn. Profesori i","og_url":"https:\/\/www.visit-ulcinj.com\/blog\/2014\/03\/08\/anton-berishaj-u-d-rektorit-te-universitetit-hasan-prishtina\/","og_site_name":"Lajme nga Ulqini","article_published_time":"2014-03-08T11:02:11+00:00","article_modified_time":"2014-03-08T11:02:32+00:00","og_image":[{"url":"http:\/\/www.visit-ulcinj.com\/blog\/wp-content\/uploads\/2014\/03\/Anton-Berishaj.jpg"}],"twitter_misc":{"Written by":"ulqini","Est. reading time":"2 minutes"},"schema":{"@context":"https:\/\/schema.org","@graph":[{"@type":"WebSite","@id":"https:\/\/www.visit-ulcinj.com\/blog\/#website","url":"https:\/\/www.visit-ulcinj.com\/blog\/","name":"Lajme nga Ulqini","description":"Lajme,Vijesti,Ulqini,Ulqin,Crna Gora,Mali i Zi","potentialAction":[{"@type":"SearchAction","target":{"@type":"EntryPoint","urlTemplate":"https:\/\/www.visit-ulcinj.com\/blog\/?s={search_term_string}"},"query-input":"required name=search_term_string"}],"inLanguage":"en-US"},{"@type":"ImageObject","inLanguage":"en-US","@id":"https:\/\/www.visit-ulcinj.com\/blog\/2014\/03\/08\/anton-berishaj-u-d-rektorit-te-universitetit-hasan-prishtina\/#primaryimage","url":"https:\/\/www.visit-ulcinj.com\/blog\/wp-content\/uploads\/2014\/03\/Anton-Berishaj.jpg","contentUrl":"https:\/\/www.visit-ulcinj.com\/blog\/wp-content\/uploads\/2014\/03\/Anton-Berishaj.jpg","width":960,"height":380},{"@type":"WebPage","@id":"https:\/\/www.visit-ulcinj.com\/blog\/2014\/03\/08\/anton-berishaj-u-d-rektorit-te-universitetit-hasan-prishtina\/#webpage","url":"https:\/\/www.visit-ulcinj.com\/blog\/2014\/03\/08\/anton-berishaj-u-d-rektorit-te-universitetit-hasan-prishtina\/","name":"Anton Berishaj, u.d. i rektorit t\u00eb Universitetit \u201cHasan Prishtina\u201d - Lajme nga Ulqini","isPartOf":{"@id":"https:\/\/www.visit-ulcinj.com\/blog\/#website"},"primaryImageOfPage":{"@id":"https:\/\/www.visit-ulcinj.com\/blog\/2014\/03\/08\/anton-berishaj-u-d-rektorit-te-universitetit-hasan-prishtina\/#primaryimage"},"datePublished":"2014-03-08T11:02:11+00:00","dateModified":"2014-03-08T11:02:32+00:00","author":{"@id":"https:\/\/www.visit-ulcinj.com\/blog\/#\/schema\/person\/dcab619c614d3038751c63bc2aadc06d"},"description":"Prishtin\u00eb, 7 mars \u2013 (E plot\u00ebsuar) K\u00ebshilli Drejtues i Universitetit t\u00eb Prishtin\u00ebs zgjodhi p\u00ebr ushtrues detyre t\u00eb rektorit Anton Berishajn. Profesori i","breadcrumb":{"@id":"https:\/\/www.visit-ulcinj.com\/blog\/2014\/03\/08\/anton-berishaj-u-d-rektorit-te-universitetit-hasan-prishtina\/#breadcrumb"},"inLanguage":"en-US","potentialAction":[{"@type":"ReadAction","target":["https:\/\/www.visit-ulcinj.com\/blog\/2014\/03\/08\/anton-berishaj-u-d-rektorit-te-universitetit-hasan-prishtina\/"]}]},{"@type":"BreadcrumbList","@id":"https:\/\/www.visit-ulcinj.com\/blog\/2014\/03\/08\/anton-berishaj-u-d-rektorit-te-universitetit-hasan-prishtina\/#breadcrumb","itemListElement":[{"@type":"ListItem","position":1,"name":"Anton Berishaj, u.d. i rektorit t\u00eb Universitetit \u201cHasan Prishtina\u201d"}]},{"@type":"Person","@id":"https:\/\/www.visit-ulcinj.com\/blog\/#\/schema\/person\/dcab619c614d3038751c63bc2aadc06d","name":"ulqini","sameAs":["http:\/\/www.visit-ulcinj.com"],"url":"https:\/\/www.visit-ulcinj.com\/blog\/author\/admin\/"}]}},"jetpack_featured_media_url":"","jetpack_sharing_enabled":true,"jetpack_shortlink":"https:\/\/wp.me\/pe6lTn-kWl","_links":{"self":[{"href":"https:\/\/www.visit-ulcinj.com\/blog\/wp-json\/wp\/v2\/posts\/80497"}],"collection":[{"href":"https:\/\/www.visit-ulcinj.com\/blog\/wp-json\/wp\/v2\/posts"}],"about":[{"href":"https:\/\/www.visit-ulcinj.com\/blog\/wp-json\/wp\/v2\/types\/post"}],"author":[{"embeddable":true,"href":"https:\/\/www.visit-ulcinj.com\/blog\/wp-json\/wp\/v2\/users\/1"}],"replies":[{"embeddable":true,"href":"https:\/\/www.visit-ulcinj.com\/blog\/wp-json\/wp\/v2\/comments?post=80497"}],"version-history":[{"count":2,"href":"https:\/\/www.visit-ulcinj.com\/blog\/wp-json\/wp\/v2\/posts\/80497\/revisions"}],"predecessor-version":[{"id":80500,"href":"https:\/\/www.visit-ulcinj.com\/blog\/wp-json\/wp\/v2\/posts\/80497\/revisions\/80500"}],"wp:attachment":[{"href":"https:\/\/www.visit-ulcinj.com\/blog\/wp-json\/wp\/v2\/media?parent=80497"}],"wp:term":[{"taxonomy":"category","embeddable":true,"href":"https:\/\/www.visit-ulcinj.com\/blog\/wp-json\/wp\/v2\/categories?post=80497"},{"taxonomy":"post_tag","embeddable":true,"href":"https:\/\/www.visit-ulcinj.com\/blog\/wp-json\/wp\/v2\/tags?post=80497"}],"curies":[{"name":"wp","href":"https:\/\/api.w.org\/{rel}","templated":true}]}}