{"id":80501,"date":"2014-03-08T12:12:24","date_gmt":"2014-03-08T11:12:24","guid":{"rendered":"http:\/\/www.visit-ulcinj.com\/blog\/?p=80501"},"modified":"2014-03-08T12:25:14","modified_gmt":"2014-03-08T11:25:14","slug":"ciscenje-port-milene-pocinje-krajem-marta","status":"publish","type":"post","link":"https:\/\/www.visit-ulcinj.com\/blog\/2014\/03\/08\/ciscenje-port-milene-pocinje-krajem-marta\/","title":{"rendered":"\u010ci\u0161\u0107enje Port Milene po\u010dinje krajem marta"},"content":{"rendered":"<p><strong><a href=\"http:\/\/www.visit-ulcinj.com\/blog\/wp-content\/uploads\/2014\/03\/Kanal-Port-Milena-ulcinj.jpg\"><img loading=\"lazy\" class=\"alignleft  wp-image-80502\" alt=\"Kanal Port Milena-ulcinj\" src=\"http:\/\/www.visit-ulcinj.com\/blog\/wp-content\/uploads\/2014\/03\/Kanal-Port-Milena-ulcinj.jpg\" width=\"508\" height=\"360\" \/><\/a>U zavr\u0161noj fazi projekat saniranja crne ekolo\u0161ke ta\u010dke Ulcinja<\/strong><\/p>\n<p><em>Projekat \u0107e trajati dvije godine, a vrijedan je 257.900 eura. Obuhvata i tra\u017eenje rje\u0161enje za recikla\u017eu izva\u0111enog mulja<\/em><\/p>\n<p><strong>PODGORICA \u2013 \u010ci\u0161\u0107enje Port Milene, crne ekolo\u0161ke ta\u010dke Ulcinja, trebalo bi da po\u010dne do kraja marta. To je predvi\u0111eno projektom koji su pripremili Program Ujedinjenih nacija za industrijski razvoj (UNIDO) i op\u0161tina Ulcinj u saradnji sa Ministarstvom odr\u017eivog razvoja i turizma.<\/strong><\/p>\n<p>Bosiljka Vukovi\u0107<\/p>\n<p><strong>Ko\u010dnica <\/strong><\/p>\n<p>Port Milena zbog zaga\u0111enosti godinama va\u017ei za ko\u010dnicu razvoja najju\u017enijeg crnogorskog grada. Projektom je predvi\u0111eno \u010di\u0161\u0107enje kanala i njegova sanacija primjenom ekolo\u0161ki ispravnih tehnologija.<\/p>\n<p><a href=\"http:\/\/www.visit-ulcinj.com\/blog\/wp-content\/uploads\/2012\/12\/Kanal-Port-Milena.jpg\"><img loading=\"lazy\" class=\"alignleft  wp-image-66587\" alt=\"Kanal-Port-Milena\" src=\"http:\/\/www.visit-ulcinj.com\/blog\/wp-content\/uploads\/2012\/12\/Kanal-Port-Milena.jpg\" width=\"508\" height=\"360\" \/><\/a><\/p>\n<p>Bosiljka Vukovi\u0107 iz Ministarstva odr\u017eivog razvoja i turizma ka\u017ee da sada nemaju precizne podatke o koli\u010dini mulja. Zato je jedan od najva\u017enijih segmenata tog projekta da se utvrdi kvalitet i koli\u010dina polutanata, kao i mulja i sedimenta koji su se nagomilali u kanalu.<\/p>\n<p>&#8211; Dodatna pa\u017enja \u0107e se posvetiti mogu\u0107im opcijama iskopavanja\/\u010di\u0161\u0107enja dna kanala od mulja koji se nagomilao u sedimentu, kao i materijala koji \u0107e se mo\u017eda morati ukloniti radi izgradnje planirane marine. Dalje \u0107e se fokus staviti na bezbjedno pre\u010di\u0161\u0107avanje i odlaganje, odnosno ponovnu upotrebu mulja i iskopanog materijala \u2013 ka\u017ee Vukovi\u0107.<\/p>\n<p>Ona dodaje da \u0107e se poseban akcenat staviti na pronala\u017eenje rje\u0161enja za recikla\u017eu za o\u010di\u0161\u0107eni i tretirani sediment i mulj, kako bi se dao pozitivan doprinos sprovo\u0111enju projekata za obnovu u ostalim degradiranim oblastima, poput rudarskih.<\/p>\n<p>&#8211; Kao posljednje, ali ne i najmanje va\u017eno, koncept treba da poka\u017ee kako se ekonomi\u010dnim mjerama za ekolo\u0161ku obnovu mo\u017ee pobijediti zaga\u0111enje otpadom i obnoviti ekolo\u0161ka funkcionalnost kanala Port Milena sa fokusom na naselje \u0160toj \u2013 obja\u0161njava Vukovi\u0107.<\/p>\n<p>Prema njenim rije\u010dima, koncept \u0107e se razviti na takav na\u010din da ga je mogu\u0107e primijeniti na jo\u0161 nekoliko projekata, me\u0111u kojima su povezivanje rijeke Bojane sa eko-sistemom Zagonjsko jezero, te da bude komplementaran sa aktivnostima Njema\u010dke razvojne banke KfW, koje su usmjerene na uspostavljanje op\u0161tinskog sistema kolektora za pre\u010di\u0161\u0107avanje otpadnih voda sjeverno od kanala, kao i sa projektima za pro\u0161ireni basen rijeke Drim koje finansira GEF.<\/p>\n<p>Projekat je trenutno u zavr\u0161noj fazi usagla\u0161avanja projektnog zadatka i procedure potpisivanja ugovora izme\u0111u Vlada Crne Gore, Slovenije i UNIDO-a. Predvi\u0111eno je da traje dvije godine, a njegova ukupna vrijednost je 257.900 eura, od \u010dega 210.000 obezbje\u0111uje Vlada Slovenije, dok 47.900 obezbje\u0111uje op\u0161tina Ulcinj u saradnji sa Ministarstvom odr\u017eivog razvoja i turizma.<\/p>\n<p><strong>Naziv<\/strong><\/p>\n<p>Kanal Port Milena je iskopan 1885. godine radi isu\u0161ivanja Zoganjskog jezera. Ime je dobio po crnogorskoj kraljici Mileni. Povezuje Jadransko more sa Zoganjskim jezerom i \u010dini dio pro\u0161irenog basena rijeke Drim. Kanal je duga\u010dak pribli\u017eno 4,5 kilometra, a \u0161irok 80 do 120 metara.<\/p>\n<p>Port Milena prepoznatljiva je po brojnim kalimerama, specijalnim napravama za izlov ribe. Nekada je bio prirodna laguna i najve\u0107e mrestili\u0161te ribe u ju\u017enom Jadranu. Danas taj kanal gu\u0161e otpadne vode iz naselja Kodra, Toto\u0161i, Bijela Gora i Donja Bratica.<\/p>\n<p><strong><em>D.\u0160.<\/em><\/strong><\/p>\n<p><strong>Izvor: POBJEDA<\/strong><\/p>\n","protected":false},"excerpt":{"rendered":"<p>U zavr\u0161noj fazi projekat saniranja crne ekolo\u0161ke ta\u010dke Ulcinja Projekat \u0107e trajati dvije godine, a vrijedan je 257.900 eura. Obuhvata i tra\u017eenje rje\u0161enje za recikla\u017eu izva\u0111enog mulja PODGORICA \u2013 \u010ci\u0161\u0107enje Port Milene, crne ekolo\u0161ke ta\u010dke Ulcinja, trebalo bi da po\u010dne do kraja marta. To je predvi\u0111eno projektom koji su pripremili Program Ujedinjenih nacija za industrijski [&hellip;]<\/p>\n","protected":false},"author":1,"featured_media":0,"comment_status":"closed","ping_status":"closed","sticky":false,"template":"","format":"standard","meta":{"spay_email":"","jetpack_publicize_message":"","jetpack_is_tweetstorm":false,"jetpack_publicize_feature_enabled":true},"categories":[8337],"tags":[],"jetpack_publicize_connections":[],"yoast_head":"<!-- This site is optimized with the Yoast SEO plugin v19.1 - https:\/\/yoast.com\/wordpress\/plugins\/seo\/ -->\n<title>\u010ci\u0161\u0107enje Port Milene po\u010dinje krajem marta - Lajme nga Ulqini<\/title>\n<meta name=\"description\" content=\"U zavr\u0161noj fazi projekat saniranja crne ekolo\u0161ke ta\u010dke Ulcinja Projekat \u0107e trajati dvije godine, a vrijedan je 257.900 eura. Obuhvata i tra\u017eenje rje\u0161enje\" \/>\n<meta name=\"robots\" content=\"index, follow, max-snippet:-1, max-image-preview:large, max-video-preview:-1\" \/>\n<link rel=\"canonical\" href=\"https:\/\/www.visit-ulcinj.com\/blog\/2014\/03\/08\/ciscenje-port-milene-pocinje-krajem-marta\/\" \/>\n<meta property=\"og:locale\" content=\"en_US\" \/>\n<meta property=\"og:type\" content=\"article\" \/>\n<meta property=\"og:title\" content=\"\u010ci\u0161\u0107enje Port Milene po\u010dinje krajem marta - Lajme nga Ulqini\" \/>\n<meta property=\"og:description\" content=\"U zavr\u0161noj fazi projekat saniranja crne ekolo\u0161ke ta\u010dke Ulcinja Projekat \u0107e trajati dvije godine, a vrijedan je 257.900 eura. Obuhvata i tra\u017eenje rje\u0161enje\" \/>\n<meta property=\"og:url\" content=\"https:\/\/www.visit-ulcinj.com\/blog\/2014\/03\/08\/ciscenje-port-milene-pocinje-krajem-marta\/\" \/>\n<meta property=\"og:site_name\" content=\"Lajme nga Ulqini\" \/>\n<meta property=\"article:published_time\" content=\"2014-03-08T11:12:24+00:00\" \/>\n<meta property=\"article:modified_time\" content=\"2014-03-08T11:25:14+00:00\" \/>\n<meta property=\"og:image\" content=\"http:\/\/www.visit-ulcinj.com\/blog\/wp-content\/uploads\/2014\/03\/Kanal-Port-Milena-ulcinj.jpg\" \/>\n<meta name=\"twitter:label1\" content=\"Written by\" \/>\n\t<meta name=\"twitter:data1\" content=\"ulqini\" \/>\n\t<meta name=\"twitter:label2\" content=\"Est. reading time\" \/>\n\t<meta name=\"twitter:data2\" content=\"3 minutes\" \/>\n<script type=\"application\/ld+json\" class=\"yoast-schema-graph\">{\"@context\":\"https:\/\/schema.org\",\"@graph\":[{\"@type\":\"WebSite\",\"@id\":\"https:\/\/www.visit-ulcinj.com\/blog\/#website\",\"url\":\"https:\/\/www.visit-ulcinj.com\/blog\/\",\"name\":\"Lajme nga Ulqini\",\"description\":\"Lajme,Vijesti,Ulqini,Ulqin,Crna Gora,Mali i Zi\",\"potentialAction\":[{\"@type\":\"SearchAction\",\"target\":{\"@type\":\"EntryPoint\",\"urlTemplate\":\"https:\/\/www.visit-ulcinj.com\/blog\/?s={search_term_string}\"},\"query-input\":\"required name=search_term_string\"}],\"inLanguage\":\"en-US\"},{\"@type\":\"ImageObject\",\"inLanguage\":\"en-US\",\"@id\":\"https:\/\/www.visit-ulcinj.com\/blog\/2014\/03\/08\/ciscenje-port-milene-pocinje-krajem-marta\/#primaryimage\",\"url\":\"https:\/\/www.visit-ulcinj.com\/blog\/wp-content\/uploads\/2014\/03\/Kanal-Port-Milena-ulcinj.jpg\",\"contentUrl\":\"https:\/\/www.visit-ulcinj.com\/blog\/wp-content\/uploads\/2014\/03\/Kanal-Port-Milena-ulcinj.jpg\",\"width\":1000,\"height\":750},{\"@type\":\"WebPage\",\"@id\":\"https:\/\/www.visit-ulcinj.com\/blog\/2014\/03\/08\/ciscenje-port-milene-pocinje-krajem-marta\/#webpage\",\"url\":\"https:\/\/www.visit-ulcinj.com\/blog\/2014\/03\/08\/ciscenje-port-milene-pocinje-krajem-marta\/\",\"name\":\"\u010ci\u0161\u0107enje Port Milene po\u010dinje krajem marta - Lajme nga Ulqini\",\"isPartOf\":{\"@id\":\"https:\/\/www.visit-ulcinj.com\/blog\/#website\"},\"primaryImageOfPage\":{\"@id\":\"https:\/\/www.visit-ulcinj.com\/blog\/2014\/03\/08\/ciscenje-port-milene-pocinje-krajem-marta\/#primaryimage\"},\"datePublished\":\"2014-03-08T11:12:24+00:00\",\"dateModified\":\"2014-03-08T11:25:14+00:00\",\"author\":{\"@id\":\"https:\/\/www.visit-ulcinj.com\/blog\/#\/schema\/person\/dcab619c614d3038751c63bc2aadc06d\"},\"description\":\"U zavr\u0161noj fazi projekat saniranja crne ekolo\u0161ke ta\u010dke Ulcinja Projekat \u0107e trajati dvije godine, a vrijedan je 257.900 eura. Obuhvata i tra\u017eenje rje\u0161enje\",\"breadcrumb\":{\"@id\":\"https:\/\/www.visit-ulcinj.com\/blog\/2014\/03\/08\/ciscenje-port-milene-pocinje-krajem-marta\/#breadcrumb\"},\"inLanguage\":\"en-US\",\"potentialAction\":[{\"@type\":\"ReadAction\",\"target\":[\"https:\/\/www.visit-ulcinj.com\/blog\/2014\/03\/08\/ciscenje-port-milene-pocinje-krajem-marta\/\"]}]},{\"@type\":\"BreadcrumbList\",\"@id\":\"https:\/\/www.visit-ulcinj.com\/blog\/2014\/03\/08\/ciscenje-port-milene-pocinje-krajem-marta\/#breadcrumb\",\"itemListElement\":[{\"@type\":\"ListItem\",\"position\":1,\"name\":\"\u010ci\u0161\u0107enje Port Milene po\u010dinje krajem marta\"}]},{\"@type\":\"Person\",\"@id\":\"https:\/\/www.visit-ulcinj.com\/blog\/#\/schema\/person\/dcab619c614d3038751c63bc2aadc06d\",\"name\":\"ulqini\",\"sameAs\":[\"http:\/\/www.visit-ulcinj.com\"],\"url\":\"https:\/\/www.visit-ulcinj.com\/blog\/author\/admin\/\"}]}<\/script>\n<!-- \/ Yoast SEO plugin. -->","yoast_head_json":{"title":"\u010ci\u0161\u0107enje Port Milene po\u010dinje krajem marta - Lajme nga Ulqini","description":"U zavr\u0161noj fazi projekat saniranja crne ekolo\u0161ke ta\u010dke Ulcinja Projekat \u0107e trajati dvije godine, a vrijedan je 257.900 eura. Obuhvata i tra\u017eenje rje\u0161enje","robots":{"index":"index","follow":"follow","max-snippet":"max-snippet:-1","max-image-preview":"max-image-preview:large","max-video-preview":"max-video-preview:-1"},"canonical":"https:\/\/www.visit-ulcinj.com\/blog\/2014\/03\/08\/ciscenje-port-milene-pocinje-krajem-marta\/","og_locale":"en_US","og_type":"article","og_title":"\u010ci\u0161\u0107enje Port Milene po\u010dinje krajem marta - Lajme nga Ulqini","og_description":"U zavr\u0161noj fazi projekat saniranja crne ekolo\u0161ke ta\u010dke Ulcinja Projekat \u0107e trajati dvije godine, a vrijedan je 257.900 eura. Obuhvata i tra\u017eenje rje\u0161enje","og_url":"https:\/\/www.visit-ulcinj.com\/blog\/2014\/03\/08\/ciscenje-port-milene-pocinje-krajem-marta\/","og_site_name":"Lajme nga Ulqini","article_published_time":"2014-03-08T11:12:24+00:00","article_modified_time":"2014-03-08T11:25:14+00:00","og_image":[{"url":"http:\/\/www.visit-ulcinj.com\/blog\/wp-content\/uploads\/2014\/03\/Kanal-Port-Milena-ulcinj.jpg"}],"twitter_misc":{"Written by":"ulqini","Est. reading time":"3 minutes"},"schema":{"@context":"https:\/\/schema.org","@graph":[{"@type":"WebSite","@id":"https:\/\/www.visit-ulcinj.com\/blog\/#website","url":"https:\/\/www.visit-ulcinj.com\/blog\/","name":"Lajme nga Ulqini","description":"Lajme,Vijesti,Ulqini,Ulqin,Crna Gora,Mali i Zi","potentialAction":[{"@type":"SearchAction","target":{"@type":"EntryPoint","urlTemplate":"https:\/\/www.visit-ulcinj.com\/blog\/?s={search_term_string}"},"query-input":"required name=search_term_string"}],"inLanguage":"en-US"},{"@type":"ImageObject","inLanguage":"en-US","@id":"https:\/\/www.visit-ulcinj.com\/blog\/2014\/03\/08\/ciscenje-port-milene-pocinje-krajem-marta\/#primaryimage","url":"https:\/\/www.visit-ulcinj.com\/blog\/wp-content\/uploads\/2014\/03\/Kanal-Port-Milena-ulcinj.jpg","contentUrl":"https:\/\/www.visit-ulcinj.com\/blog\/wp-content\/uploads\/2014\/03\/Kanal-Port-Milena-ulcinj.jpg","width":1000,"height":750},{"@type":"WebPage","@id":"https:\/\/www.visit-ulcinj.com\/blog\/2014\/03\/08\/ciscenje-port-milene-pocinje-krajem-marta\/#webpage","url":"https:\/\/www.visit-ulcinj.com\/blog\/2014\/03\/08\/ciscenje-port-milene-pocinje-krajem-marta\/","name":"\u010ci\u0161\u0107enje Port Milene po\u010dinje krajem marta - Lajme nga Ulqini","isPartOf":{"@id":"https:\/\/www.visit-ulcinj.com\/blog\/#website"},"primaryImageOfPage":{"@id":"https:\/\/www.visit-ulcinj.com\/blog\/2014\/03\/08\/ciscenje-port-milene-pocinje-krajem-marta\/#primaryimage"},"datePublished":"2014-03-08T11:12:24+00:00","dateModified":"2014-03-08T11:25:14+00:00","author":{"@id":"https:\/\/www.visit-ulcinj.com\/blog\/#\/schema\/person\/dcab619c614d3038751c63bc2aadc06d"},"description":"U zavr\u0161noj fazi projekat saniranja crne ekolo\u0161ke ta\u010dke Ulcinja Projekat \u0107e trajati dvije godine, a vrijedan je 257.900 eura. Obuhvata i tra\u017eenje rje\u0161enje","breadcrumb":{"@id":"https:\/\/www.visit-ulcinj.com\/blog\/2014\/03\/08\/ciscenje-port-milene-pocinje-krajem-marta\/#breadcrumb"},"inLanguage":"en-US","potentialAction":[{"@type":"ReadAction","target":["https:\/\/www.visit-ulcinj.com\/blog\/2014\/03\/08\/ciscenje-port-milene-pocinje-krajem-marta\/"]}]},{"@type":"BreadcrumbList","@id":"https:\/\/www.visit-ulcinj.com\/blog\/2014\/03\/08\/ciscenje-port-milene-pocinje-krajem-marta\/#breadcrumb","itemListElement":[{"@type":"ListItem","position":1,"name":"\u010ci\u0161\u0107enje Port Milene po\u010dinje krajem marta"}]},{"@type":"Person","@id":"https:\/\/www.visit-ulcinj.com\/blog\/#\/schema\/person\/dcab619c614d3038751c63bc2aadc06d","name":"ulqini","sameAs":["http:\/\/www.visit-ulcinj.com"],"url":"https:\/\/www.visit-ulcinj.com\/blog\/author\/admin\/"}]}},"jetpack_featured_media_url":"","jetpack_sharing_enabled":true,"jetpack_shortlink":"https:\/\/wp.me\/pe6lTn-kWp","_links":{"self":[{"href":"https:\/\/www.visit-ulcinj.com\/blog\/wp-json\/wp\/v2\/posts\/80501"}],"collection":[{"href":"https:\/\/www.visit-ulcinj.com\/blog\/wp-json\/wp\/v2\/posts"}],"about":[{"href":"https:\/\/www.visit-ulcinj.com\/blog\/wp-json\/wp\/v2\/types\/post"}],"author":[{"embeddable":true,"href":"https:\/\/www.visit-ulcinj.com\/blog\/wp-json\/wp\/v2\/users\/1"}],"replies":[{"embeddable":true,"href":"https:\/\/www.visit-ulcinj.com\/blog\/wp-json\/wp\/v2\/comments?post=80501"}],"version-history":[{"count":1,"href":"https:\/\/www.visit-ulcinj.com\/blog\/wp-json\/wp\/v2\/posts\/80501\/revisions"}],"predecessor-version":[{"id":80503,"href":"https:\/\/www.visit-ulcinj.com\/blog\/wp-json\/wp\/v2\/posts\/80501\/revisions\/80503"}],"wp:attachment":[{"href":"https:\/\/www.visit-ulcinj.com\/blog\/wp-json\/wp\/v2\/media?parent=80501"}],"wp:term":[{"taxonomy":"category","embeddable":true,"href":"https:\/\/www.visit-ulcinj.com\/blog\/wp-json\/wp\/v2\/categories?post=80501"},{"taxonomy":"post_tag","embeddable":true,"href":"https:\/\/www.visit-ulcinj.com\/blog\/wp-json\/wp\/v2\/tags?post=80501"}],"curies":[{"name":"wp","href":"https:\/\/api.w.org\/{rel}","templated":true}]}}