{"id":80504,"date":"2014-03-08T19:38:08","date_gmt":"2014-03-08T18:38:08","guid":{"rendered":"http:\/\/www.visit-ulcinj.com\/blog\/?p=80504"},"modified":"2014-03-08T19:38:50","modified_gmt":"2014-03-08T18:38:50","slug":"shkolla-e-vjeter-e-anes-malit-mbane-nje-histori-te-lavdisheme-video","status":"publish","type":"post","link":"https:\/\/www.visit-ulcinj.com\/blog\/2014\/03\/08\/shkolla-e-vjeter-e-anes-malit-mbane-nje-histori-te-lavdisheme-video\/","title":{"rendered":"Shkolla e vjet\u00ebr e An\u00ebs Malit mban\u00eb nj\u00eb histori t\u00eb lavdish\u00ebme &#8211; Video"},"content":{"rendered":"<p><b><a href=\"http:\/\/www.visit-ulcinj.com\/blog\/wp-content\/uploads\/2011\/01\/Shkolla-e-vjeter-simbol-i-dijes-dhe-vetedijes-se-Anes-se-Malit.jpg\"><img loading=\"lazy\" class=\"alignleft  wp-image-42938\" alt=\"Shkolla e vjeter-simbol i dijes dhe vetedijes se Anes se Malit\" src=\"http:\/\/www.visit-ulcinj.com\/blog\/wp-content\/uploads\/2011\/01\/Shkolla-e-vjeter-simbol-i-dijes-dhe-vetedijes-se-Anes-se-Malit.jpg\" width=\"508\" height=\"360\" \/><\/a>Nga Haxhi Zeneli<\/b> (<i>K\u00ebng\u00ebtar Popullor<\/i>)<\/p>\n<p>Pas suksesit t\u00eb banor\u00ebve t\u00eb trev\u00ebs s\u00eb An\u00ebs Malit,ska dyshim se q\u00ebndronte kjo shkoll\u00eb e l\u00ebnun pas dore tash sa vite,ku jan\u00eb duke u b\u00ebr\u00eb p\u00ebrpjekje p\u00ebr t\u00eb p\u00ebrmisuar gabimet e disa byrokrat\u00ebve q\u00eb n\u00ebnshkruan nj\u00eb pjes\u00eb t\u00eb k\u00ebsaj prone shkollore.<\/p>\n<p>Shkolla e par\u00eb e An\u00ebs s\u00eb Malit,q\u00eb tani quh\u00ebt nga banor\u00ebt e k\u00ebtyre an\u00ebve,shkolla e vjet\u00ebr,<\/p>\n<p>pa dyshim ishte nj\u00eb shkoll\u00eb e cila ndriti mendjet dhe dinjitetin e k\u00ebtij populli,t\u00eb k\u00ebsaj treve.<\/p>\n<p>Nj\u00eb shkoll\u00eb e cila u dallonte nga m\u00ebnyra e pun\u00ebs.M\u00ebsimet n\u00eb k\u00ebt\u00eb shkoll\u00eb zhvilloh\u00ebshin n\u00eb at\u00eb m\u00ebnyr\u00eb q\u00eb nx\u00ebnsit mos t\u00eb shkojn\u00eb n\u00eb sht\u00ebpi pa kuptuar l\u00ebnd\u00ebt msimore.Ora e m\u00ebsimi n\u00eb l\u00ebnd\u00ebn e Fizik\u00ebs,Matematik\u00ebs Bazave Politeknike e shum\u00eb l\u00ebnd\u00ebve t\u00eb tjera,p\u00ebrve\u00e7 q\u00eb u spjegonin n\u00eb teori,ata spjegoh\u00ebshin edhe n\u00eb m\u00ebnyr\u00eb praktike,ku n\u00eb parkun e shkoll\u00ebs ishin t\u00eb instaluara nga vet\u00eb nx\u00ebn\u00ebsit,shum\u00eb vegla teknike t\u00eb l\u00ebnd\u00ebve t\u00eb p\u00ebrmendure,q\u00eb nx\u00ebn\u00ebsit t\u00eb kuptonin m\u00ebsimet m\u00eb s\u00eb miri.Nx\u00ebn\u00ebsit q\u00eb mbaronin klas\u00ebt n\u00eb k\u00ebt\u00eb shkoll\u00eb,ata kur shkonin p\u00ebr t\u00eb studijuar m\u00eb lart\u00eb,ata ishin t\u00eb dalluar \u00e7do kund tjet\u00ebr,sepse shkolla kishte nj\u00eb diciplin\u00eb dhe kriterium t\u00eb rrall\u00eb.<\/p>\n<p>Kjo shkoll\u00eb u nd\u00ebrtua n\u00eb vitin 1933, dhe ka qen\u00eb e hapur deri ne vitin 1972,deri sa u nd\u00ebrtu shkolla e re.N\u00ebp\u00ebr klas\u00ebt e k\u00ebsaj shkolle kan\u00eb kaluar shum\u00eb m\u00ebsues,t\u00eb k\u00ebtyre trevave por edhe jasht\u00eb trev\u00ebs s\u00eb An\u00ebs Malit,t\u00eb cil\u00ebt ja ngrit\u00ebn vlerat e saja.Para se t\u00eb hapet kjo shkoll\u00eb,n\u00eb An\u00eb t\u00eb Malit n\u00eb koh\u00ebn e Jugosllavis s\u00eb vjet\u00eb ka pasur disa shkolla q\u00eb kan\u00eb punuar n\u00ebp\u00ebr sht\u00ebpit private ose ndonji objekt tjeter si\u00e7 ishte mejtepi n\u00eb fshatin Selit\u00eb,dhe k\u00ebtu m\u00ebsimet u zhvillonin n\u00eb Gjuh\u00ebn Serbe,nga m\u00ebsues t\u00eb ardhur.Me hyrjen e Italis,1941-1944,n\u00eb An\u00eb t\u00eb Malit, Ulqin Kraj\u00eb e vise tjera shqiptare,p\u00ebr her\u00eb par\u00eb u hap\u00ebn shkollat n\u00eb gjuh\u00ebn shqipe. M\u00ebsuesit e par\u00eb kan\u00eb qen\u00eb nga Shqip\u00ebria.K\u00ebtu po ve\u00e7ojm\u00eb si nj\u00eb nga m\u00ebsuesit e par\u00eb i k\u00ebsaj shkolle i cili ka qen\u00eb edhe Prenk Jakova.Nj\u00eb njeri i cili b\u00ebri shum\u00eb p\u00ebr muzik\u00ebn shqiptare.<\/p>\n<p>Prenk Jakova,nj\u00eb p\u00ebsonalitet si ky,ilirisht mund t\u00eb themi tashti se ja shton\u00eb vler\u00ebn historike edhe m\u00eb shum\u00eb k\u00ebsaj shkolle.<\/p>\n<p>Prenk Jakova i njohur si kompozitor i shum\u00eb veprave muzikore ai kompozoj oper\u00ebn e par\u00eb shqipe \u201cMrika\u201d dhe \u201cGjergj kastrioti Skenderbeu\u201d.Prenk Jakova u lind n\u00eb vitin 1917 i cili rrjedh\u00eb nga nje familje patriotike.I ati Prekes,Kol Ded Jakova ishte nj\u00eb nd\u00ebr organizator\u00ebt kryesor p\u00ebr mbrojtjen e kufijve kombetar nga jugosllavet n\u00eb luft\u00ebn e Koplikut 1920.P\u00ebr mesues Preken na spjegon edhe ish\u00eb nx\u00ebn\u00ebsi,dhe vet\u00eb mesuesi i k\u00ebsaj shkolle,Haxhi Taipi,tashti\u00a0 pensionist,ku ruan kujtimet m\u00eb t\u00eb mira p\u00ebr k\u00ebt\u00eb m\u00ebsues,ai na shpjegon p\u00ebr m\u00ebsues Preken, si nj\u00eb m\u00ebsues dhe humanist i madh\u00eb,q\u00eb ai i donte shum\u00eb ata,ku shpjegon nj\u00eb rast se si m\u00ebsuesi kishte shitur di\u00e7ka dhe ju kishte ndar\u00eb parat nx\u00ebn\u00ebsve.Pas luftes se dyt\u00eb bot\u00ebrore u mbyll kufiri dhe kjo shkoll\u00eb i humbi t\u00eb gjitha lidhjet me tok\u00ebn m\u00ebm\u00eb e cila mbeti n\u00eb meshiren e republik\u00ebs s\u00eb Malit t\u00eb Zi.<\/p>\n<p>Nga bankat e k\u00ebsaj shkolle dual\u00ebn mjaft gjenerata t\u00eb sukses\u00ebshme,me tituj t\u00eb lart\u00eb edhe Dr.Shkence,mjek,ekonomist,historian,dhe shum\u00eb profesinist t\u00eb l\u00ebmive t\u00eb ndryshme.<\/p>\n<p>Kjo shkoll\u00eb e cila e shpiu k\u00ebt\u00eb popull n\u00eb rrug\u00eb t\u00eb drejt\u00eb komb\u00ebtare q\u00eb mos t\u00eb humbin identitetin e tyre,edhe pse q\u00ebndronin para nj\u00eb makinerie t\u00eb fort\u00eb asimiluese,anamalsit p\u00ebrs\u00ebri mbet\u00ebn shqiptar.<\/p>\n<p>Kjo fotografi e shkoll\u00ebs kolazh,tregon qart\u00eb sipas mbishkrimit t\u00eb saj\u00eb q\u00eb daton nga viti 1963.<\/p>\n<p>Nga kjo fotografi mundemi t\u00eb vrejm\u00eb pun\u00ebn dhe aktivitetin e saj\u00eb\u00a0 e cila sherbeu si modeli i shkollave t\u00eb ish-Jugosllavis,s\u00eb pas luft\u00ebs s\u00eb dyt\u00eb bot\u00ebrore,ishte cil\u00ebsuar si nj\u00eb shkoll\u00eb sukses p\u00ebr pun\u00ebn shembullore t\u00eb stafit t\u00eb saj\u00eb,n\u00eb krye me drejtorin Jenuz Divanin,i cili erdhi prej vitit 1947 e q\u00ebndroi deri sa u pensionu n\u00eb vitin 1966.<\/p>\n<p>Drejtor Jenuzit b\u00ebri pun\u00ebn e nj\u00eb humanisti t\u00eb v\u00ebrtet\u00eb.Fillimi i Jenuz Divanit,ishte i v\u00ebshtir\u00eb i cili u p\u00ebrball me nj\u00eb popull po thuaj se krejt analfabet,q\u00eb shumica nuk dijshin shkrim,lexim.<\/p>\n<p>Drejtor Jenuzi,ishte nj\u00eb puntor\u00eb i madh\u00eb,me nj\u00eb energji dhe diciplin\u00eb shembullore,ai kishte autoritet tek kolektivi i shkoll\u00ebs poashtu edhe tek banor\u00ebt e An\u00ebs Malit.Ai shpesh\u00eb her\u00eb shkonte tek prind\u00ebrit e nx\u00ebns\u00ebve q\u00eb ti lus njerzit p\u00ebr\u00eb ti sjellur f\u00ebmij\u00ebt e tyre n\u00eb shkoll\u00eb,sepse,n\u00eb at\u00eb koh\u00eb njerzit nuk i besonin shkoll\u00ebs s\u00eb sllavo-komunist\u00ebve,te cil\u00ebt kishin frik\u00eb se f\u00ebmij\u00ebt e tyre do tu b\u00ebhen \u201cshkje\u201dk\u00ebshtu q\u00eb Jenuzi shkonte p\u00ebr ti lutur,bile ka ndodhur q\u00eb nganj\u00ebher p\u00ebrdorte edhe m\u00ebnyrat frig\u00ebsuese,p\u00ebr prind\u00ebrit q\u00eb nuk bind\u00ebshin.<\/p>\n<p><a href=\"http:\/\/www.visit-ulcinj.com\/blog\/wp-content\/uploads\/2014\/03\/Junuz-Divani.jpg\"><img loading=\"lazy\" class=\"alignleft  wp-image-80505\" alt=\"Junuz-Divani\" src=\"http:\/\/www.visit-ulcinj.com\/blog\/wp-content\/uploads\/2014\/03\/Junuz-Divani.jpg\" width=\"350\" height=\"400\" \/><\/a>Drejtor Jenuzi njerzit e donin.dhe e rrespektonin,ai kishte autoritet,ku edhe sot ata q\u00eb e kan\u00eb njohur flasin p\u00ebr t\u00eb mir\u00eb p\u00ebr Jenuz Divanin.<\/p>\n<p>Sipas shkrimit t\u00eb fotos n\u00eb Gjuh\u00ebn S\u00ebrbe,me shkronja qirilic\u00eb,n\u00eb mesin e nj\u00eb popullate 100% shqiptare,ku shif\u00ebt fare qart\u00eb p\u00ebr diskriminimin dhe asimilimin q\u00eb sllav\u00ebt donin tu b\u00ebnin shqiptar\u00ebve,ku ende edhe sot situate nuk ka ndryshuar shum\u00eb nga ajo koh\u00eb.<\/p>\n<p>Mirpo anamalsit mendjempreh\u00ebt dhe t\u00eb urt\u00eb,nuk ran\u00eb viktim\u00eb t\u00eb k\u00ebtyre planeve,asimiluese,ata me k\u00ebmb\u00ebngul\u00ebje asnj\u00ebher\u00eb nuk hoq\u00ebn dor\u00eb nga gjuha,dhe kombi i tyre,edhe pse ka ndodhur q\u00eb ata t\u00eb provokoh\u00ebshin apo malltretoh\u00ebshin ndonj\u00ebher\u00eb p\u00ebr ate \u00e7ka ishin.<\/p>\n<p>Me kalimin e koh\u00ebs kur Kosova hapi universitetin,gj\u00ebrat filluan t\u00eb l\u00ebviz\u00ebnin p\u00ebr m\u00eb mir\u00eb.<\/p>\n<p>Mund t\u00eb themi se Kosova ishte dritarja q\u00eb solli rrez\u00ebt e para n\u00eb k\u00ebto treva.<\/p>\n<p>Nga Kosova filluen t\u00eb vinin tekstet shkollore n\u00eb Gjuh\u00ebn Shqipe,erdh\u00ebn libra prej m\u00eb t\u00eb ndryshm\u00ebve.Deshti fati q\u00eb<\/p>\n<p>anamal\u00ebsit t\u00eb shkolloh\u00ebn n\u00eb gjuh\u00ebn e te parvet t\u00eb tyre dhe mos t\u00eb harronin\u00eb at\u00eb.<\/p>\n<p>Kosova hapi edhe dyert e Universitetit dhe n\u00eb shumic\u00ebn e rast\u00ebve student\u00ebt q\u00eb konkuronin atje u pranonin pa kushte t\u00eb pranimit.Ku mesazhi p\u00ebr ata q\u00eb diplomonin t\u00eb ktheheshin n\u00eb troj\u00ebt e tyre,p\u00ebr t\u00eb dh\u00ebn\u00eb kontributin.<\/p>\n<p>Anamal\u00ebsit me mund dhe sakrific\u00eb,t\u00eb cil\u00ebt ishin t\u00eb etur p\u00ebr shkollim,ata gjat\u00eb k\u00ebtyre viteve b\u00ebn\u00eb pothuajse revolucion n\u00eb shkollimin e tyre,ku n\u00eb shkollat dhe univerzitetin e Kosov\u00ebs ishte prezente e \u00e7do sht\u00ebpi anamalase.<\/p>\n<p>&nbsp;<\/p>\n<p>P\u00ebr ti kujtuar dhe mos ti harruar t\u00eb gjitha k\u00ebto q\u00eb p\u00ebrmend\u00ebm m\u00eb lart\u00eb,anamalsit duh\u00ebn t\u00eb angazhohe\u00ebn br\u00ebnda dhe jasht\u00eb vendit kudo q\u00eb ata jetojn\u00eb,p\u00ebr t\u00eb rezervuar mjetet adekuate p\u00ebr restaurimin e k\u00ebsaj qendre shum\u00eb dometh\u00ebn\u00ebse p\u00ebr trev\u00ebn e tyre,e cila me padurim po na thrret q\u00eb s\u00eb paku t\u00eb vejm\u00eb nj\u00eb ngjyr\u00eb mbi ato murije t\u00eb etura,q\u00eb jan\u00eb thar\u00eb nga stuhit e koh\u00ebs.Na th\u00ebrret kjo dritare e thyer q\u00eb dikur na ngrohte pas saj\u00eb dielli me rrezet pranverore n\u00eb bankat e k\u00ebsaj shkolle.<\/p>\n<p>Dih\u00ebt fare mir\u00eb se shteti i Malit t\u00eb Zi,nuk do ta b\u00ebjn\u00eb asgj\u00eb p\u00ebr k\u00ebte shkoll\u00eb!,sepse kjo shkoll\u00eb ishte po ajo q\u00eb ndaloj \u00e7ubrilloviq\u00ebt dhe planin e tyre p\u00ebr ta b\u00ebr\u00eb at\u00eb q\u00eb do t\u00eb b\u00ebnin n\u00eb trojet shqiptare t\u00eb Plav\u00ebs dhe Gucis.<\/p>\n<p>Kjo shkoll\u00eb pas restaurimit te saj t\u00eb shpall\u00ebt qend\u00ebr muzeale kulturo-arsimore e An\u00ebs s\u00eb Malit.Inisiativa t\u00eb tilla nderojn\u00eb veht\u00ebn,t\u00eb par\u00ebt dhe m\u00ebsuesit tan\u00eb q\u00eb derdh\u00ebn djers\u00ebn dhe mundin e tyre n\u00eb k\u00ebt\u00eb shkoll\u00eb.<\/p>\n<p>Nj\u00eb popull i cili nuk ruan t\u00eb kaluar\u00ebn e ti,ai shpejt do harroj se kush ishte,dhe Brenda nj\u0113 kohe t\u00eb shkurt\u00ebr do humbas identitetin e tij.<\/p>\n<p>&nbsp;<\/p>\n<p>Haxhi Zeneli<\/p>\n<p>7,Mars,2014<\/p>\n<!--YouTube Error: bad URL entered-->\n","protected":false},"excerpt":{"rendered":"<p>Nga Haxhi Zeneli (K\u00ebng\u00ebtar Popullor) Pas suksesit t\u00eb banor\u00ebve t\u00eb trev\u00ebs s\u00eb An\u00ebs Malit,ska dyshim se q\u00ebndronte kjo shkoll\u00eb e l\u00ebnun pas dore tash sa vite,ku jan\u00eb duke u b\u00ebr\u00eb p\u00ebrpjekje p\u00ebr t\u00eb p\u00ebrmisuar gabimet e disa byrokrat\u00ebve q\u00eb n\u00ebnshkruan nj\u00eb pjes\u00eb t\u00eb k\u00ebsaj prone shkollore. Shkolla e par\u00eb e An\u00ebs s\u00eb Malit,q\u00eb tani quh\u00ebt [&hellip;]<\/p>\n","protected":false},"author":1,"featured_media":0,"comment_status":"closed","ping_status":"closed","sticky":false,"template":"","format":"standard","meta":{"spay_email":"","jetpack_publicize_message":"","jetpack_is_tweetstorm":false,"jetpack_publicize_feature_enabled":true},"categories":[4],"tags":[],"jetpack_publicize_connections":[],"yoast_head":"<!-- This site is optimized with the Yoast SEO plugin v19.1 - https:\/\/yoast.com\/wordpress\/plugins\/seo\/ -->\n<title>Shkolla e vjet\u00ebr e An\u00ebs Malit mban\u00eb nj\u00eb histori t\u00eb lavdish\u00ebme - Video - Lajme nga Ulqini<\/title>\n<meta name=\"description\" content=\"Nga Haxhi Zeneli (K\u00ebng\u00ebtar Popullor) Pas suksesit t\u00eb banor\u00ebve t\u00eb trev\u00ebs s\u00eb An\u00ebs Malit,ska dyshim se q\u00ebndronte kjo shkoll\u00eb e l\u00ebnun pas dore tash sa vite,ku\" \/>\n<meta name=\"robots\" content=\"index, follow, max-snippet:-1, max-image-preview:large, max-video-preview:-1\" \/>\n<link rel=\"canonical\" href=\"https:\/\/www.visit-ulcinj.com\/blog\/2014\/03\/08\/shkolla-e-vjeter-e-anes-malit-mbane-nje-histori-te-lavdisheme-video\/\" \/>\n<meta property=\"og:locale\" content=\"en_US\" \/>\n<meta property=\"og:type\" content=\"article\" \/>\n<meta property=\"og:title\" content=\"Shkolla e vjet\u00ebr e An\u00ebs Malit mban\u00eb nj\u00eb histori t\u00eb lavdish\u00ebme - Video - Lajme nga Ulqini\" \/>\n<meta property=\"og:description\" content=\"Nga Haxhi Zeneli (K\u00ebng\u00ebtar Popullor) Pas suksesit t\u00eb banor\u00ebve t\u00eb trev\u00ebs s\u00eb An\u00ebs Malit,ska dyshim se q\u00ebndronte kjo shkoll\u00eb e l\u00ebnun pas dore tash sa vite,ku\" \/>\n<meta property=\"og:url\" content=\"https:\/\/www.visit-ulcinj.com\/blog\/2014\/03\/08\/shkolla-e-vjeter-e-anes-malit-mbane-nje-histori-te-lavdisheme-video\/\" \/>\n<meta property=\"og:site_name\" content=\"Lajme nga Ulqini\" \/>\n<meta property=\"article:published_time\" content=\"2014-03-08T18:38:08+00:00\" \/>\n<meta property=\"article:modified_time\" content=\"2014-03-08T18:38:50+00:00\" \/>\n<meta property=\"og:image\" content=\"http:\/\/www.visit-ulcinj.com\/blog\/wp-content\/uploads\/2011\/01\/Shkolla-e-vjeter-simbol-i-dijes-dhe-vetedijes-se-Anes-se-Malit.jpg\" \/>\n<meta name=\"twitter:label1\" content=\"Written by\" \/>\n\t<meta name=\"twitter:data1\" content=\"ulqini\" \/>\n\t<meta name=\"twitter:label2\" content=\"Est. reading time\" \/>\n\t<meta name=\"twitter:data2\" content=\"7 minutes\" \/>\n<script type=\"application\/ld+json\" class=\"yoast-schema-graph\">{\"@context\":\"https:\/\/schema.org\",\"@graph\":[{\"@type\":\"WebSite\",\"@id\":\"https:\/\/www.visit-ulcinj.com\/blog\/#website\",\"url\":\"https:\/\/www.visit-ulcinj.com\/blog\/\",\"name\":\"Lajme nga Ulqini\",\"description\":\"Lajme,Vijesti,Ulqini,Ulqin,Crna Gora,Mali i Zi\",\"potentialAction\":[{\"@type\":\"SearchAction\",\"target\":{\"@type\":\"EntryPoint\",\"urlTemplate\":\"https:\/\/www.visit-ulcinj.com\/blog\/?s={search_term_string}\"},\"query-input\":\"required name=search_term_string\"}],\"inLanguage\":\"en-US\"},{\"@type\":\"ImageObject\",\"inLanguage\":\"en-US\",\"@id\":\"https:\/\/www.visit-ulcinj.com\/blog\/2014\/03\/08\/shkolla-e-vjeter-e-anes-malit-mbane-nje-histori-te-lavdisheme-video\/#primaryimage\",\"url\":\"https:\/\/www.visit-ulcinj.com\/blog\/wp-content\/uploads\/2011\/01\/Shkolla-e-vjeter-simbol-i-dijes-dhe-vetedijes-se-Anes-se-Malit.jpg\",\"contentUrl\":\"https:\/\/www.visit-ulcinj.com\/blog\/wp-content\/uploads\/2011\/01\/Shkolla-e-vjeter-simbol-i-dijes-dhe-vetedijes-se-Anes-se-Malit.jpg\",\"width\":\"720\",\"height\":\"540\"},{\"@type\":\"WebPage\",\"@id\":\"https:\/\/www.visit-ulcinj.com\/blog\/2014\/03\/08\/shkolla-e-vjeter-e-anes-malit-mbane-nje-histori-te-lavdisheme-video\/#webpage\",\"url\":\"https:\/\/www.visit-ulcinj.com\/blog\/2014\/03\/08\/shkolla-e-vjeter-e-anes-malit-mbane-nje-histori-te-lavdisheme-video\/\",\"name\":\"Shkolla e vjet\u00ebr e An\u00ebs Malit mban\u00eb nj\u00eb histori t\u00eb lavdish\u00ebme - Video - Lajme nga Ulqini\",\"isPartOf\":{\"@id\":\"https:\/\/www.visit-ulcinj.com\/blog\/#website\"},\"primaryImageOfPage\":{\"@id\":\"https:\/\/www.visit-ulcinj.com\/blog\/2014\/03\/08\/shkolla-e-vjeter-e-anes-malit-mbane-nje-histori-te-lavdisheme-video\/#primaryimage\"},\"datePublished\":\"2014-03-08T18:38:08+00:00\",\"dateModified\":\"2014-03-08T18:38:50+00:00\",\"author\":{\"@id\":\"https:\/\/www.visit-ulcinj.com\/blog\/#\/schema\/person\/dcab619c614d3038751c63bc2aadc06d\"},\"description\":\"Nga Haxhi Zeneli (K\u00ebng\u00ebtar Popullor) Pas suksesit t\u00eb banor\u00ebve t\u00eb trev\u00ebs s\u00eb An\u00ebs Malit,ska dyshim se q\u00ebndronte kjo shkoll\u00eb e l\u00ebnun pas dore tash sa vite,ku\",\"breadcrumb\":{\"@id\":\"https:\/\/www.visit-ulcinj.com\/blog\/2014\/03\/08\/shkolla-e-vjeter-e-anes-malit-mbane-nje-histori-te-lavdisheme-video\/#breadcrumb\"},\"inLanguage\":\"en-US\",\"potentialAction\":[{\"@type\":\"ReadAction\",\"target\":[\"https:\/\/www.visit-ulcinj.com\/blog\/2014\/03\/08\/shkolla-e-vjeter-e-anes-malit-mbane-nje-histori-te-lavdisheme-video\/\"]}]},{\"@type\":\"BreadcrumbList\",\"@id\":\"https:\/\/www.visit-ulcinj.com\/blog\/2014\/03\/08\/shkolla-e-vjeter-e-anes-malit-mbane-nje-histori-te-lavdisheme-video\/#breadcrumb\",\"itemListElement\":[{\"@type\":\"ListItem\",\"position\":1,\"name\":\"Shkolla e vjet\u00ebr e An\u00ebs Malit mban\u00eb nj\u00eb histori t\u00eb lavdish\u00ebme &#8211; Video\"}]},{\"@type\":\"Person\",\"@id\":\"https:\/\/www.visit-ulcinj.com\/blog\/#\/schema\/person\/dcab619c614d3038751c63bc2aadc06d\",\"name\":\"ulqini\",\"sameAs\":[\"http:\/\/www.visit-ulcinj.com\"],\"url\":\"https:\/\/www.visit-ulcinj.com\/blog\/author\/admin\/\"}]}<\/script>\n<!-- \/ Yoast SEO plugin. -->","yoast_head_json":{"title":"Shkolla e vjet\u00ebr e An\u00ebs Malit mban\u00eb nj\u00eb histori t\u00eb lavdish\u00ebme - Video - Lajme nga Ulqini","description":"Nga Haxhi Zeneli (K\u00ebng\u00ebtar Popullor) Pas suksesit t\u00eb banor\u00ebve t\u00eb trev\u00ebs s\u00eb An\u00ebs Malit,ska dyshim se q\u00ebndronte kjo shkoll\u00eb e l\u00ebnun pas dore tash sa vite,ku","robots":{"index":"index","follow":"follow","max-snippet":"max-snippet:-1","max-image-preview":"max-image-preview:large","max-video-preview":"max-video-preview:-1"},"canonical":"https:\/\/www.visit-ulcinj.com\/blog\/2014\/03\/08\/shkolla-e-vjeter-e-anes-malit-mbane-nje-histori-te-lavdisheme-video\/","og_locale":"en_US","og_type":"article","og_title":"Shkolla e vjet\u00ebr e An\u00ebs Malit mban\u00eb nj\u00eb histori t\u00eb lavdish\u00ebme - Video - Lajme nga Ulqini","og_description":"Nga Haxhi Zeneli (K\u00ebng\u00ebtar Popullor) Pas suksesit t\u00eb banor\u00ebve t\u00eb trev\u00ebs s\u00eb An\u00ebs Malit,ska dyshim se q\u00ebndronte kjo shkoll\u00eb e l\u00ebnun pas dore tash sa vite,ku","og_url":"https:\/\/www.visit-ulcinj.com\/blog\/2014\/03\/08\/shkolla-e-vjeter-e-anes-malit-mbane-nje-histori-te-lavdisheme-video\/","og_site_name":"Lajme nga Ulqini","article_published_time":"2014-03-08T18:38:08+00:00","article_modified_time":"2014-03-08T18:38:50+00:00","og_image":[{"url":"http:\/\/www.visit-ulcinj.com\/blog\/wp-content\/uploads\/2011\/01\/Shkolla-e-vjeter-simbol-i-dijes-dhe-vetedijes-se-Anes-se-Malit.jpg"}],"twitter_misc":{"Written by":"ulqini","Est. reading time":"7 minutes"},"schema":{"@context":"https:\/\/schema.org","@graph":[{"@type":"WebSite","@id":"https:\/\/www.visit-ulcinj.com\/blog\/#website","url":"https:\/\/www.visit-ulcinj.com\/blog\/","name":"Lajme nga Ulqini","description":"Lajme,Vijesti,Ulqini,Ulqin,Crna Gora,Mali i Zi","potentialAction":[{"@type":"SearchAction","target":{"@type":"EntryPoint","urlTemplate":"https:\/\/www.visit-ulcinj.com\/blog\/?s={search_term_string}"},"query-input":"required name=search_term_string"}],"inLanguage":"en-US"},{"@type":"ImageObject","inLanguage":"en-US","@id":"https:\/\/www.visit-ulcinj.com\/blog\/2014\/03\/08\/shkolla-e-vjeter-e-anes-malit-mbane-nje-histori-te-lavdisheme-video\/#primaryimage","url":"https:\/\/www.visit-ulcinj.com\/blog\/wp-content\/uploads\/2011\/01\/Shkolla-e-vjeter-simbol-i-dijes-dhe-vetedijes-se-Anes-se-Malit.jpg","contentUrl":"https:\/\/www.visit-ulcinj.com\/blog\/wp-content\/uploads\/2011\/01\/Shkolla-e-vjeter-simbol-i-dijes-dhe-vetedijes-se-Anes-se-Malit.jpg","width":"720","height":"540"},{"@type":"WebPage","@id":"https:\/\/www.visit-ulcinj.com\/blog\/2014\/03\/08\/shkolla-e-vjeter-e-anes-malit-mbane-nje-histori-te-lavdisheme-video\/#webpage","url":"https:\/\/www.visit-ulcinj.com\/blog\/2014\/03\/08\/shkolla-e-vjeter-e-anes-malit-mbane-nje-histori-te-lavdisheme-video\/","name":"Shkolla e vjet\u00ebr e An\u00ebs Malit mban\u00eb nj\u00eb histori t\u00eb lavdish\u00ebme - Video - Lajme nga Ulqini","isPartOf":{"@id":"https:\/\/www.visit-ulcinj.com\/blog\/#website"},"primaryImageOfPage":{"@id":"https:\/\/www.visit-ulcinj.com\/blog\/2014\/03\/08\/shkolla-e-vjeter-e-anes-malit-mbane-nje-histori-te-lavdisheme-video\/#primaryimage"},"datePublished":"2014-03-08T18:38:08+00:00","dateModified":"2014-03-08T18:38:50+00:00","author":{"@id":"https:\/\/www.visit-ulcinj.com\/blog\/#\/schema\/person\/dcab619c614d3038751c63bc2aadc06d"},"description":"Nga Haxhi Zeneli (K\u00ebng\u00ebtar Popullor) Pas suksesit t\u00eb banor\u00ebve t\u00eb trev\u00ebs s\u00eb An\u00ebs Malit,ska dyshim se q\u00ebndronte kjo shkoll\u00eb e l\u00ebnun pas dore tash sa vite,ku","breadcrumb":{"@id":"https:\/\/www.visit-ulcinj.com\/blog\/2014\/03\/08\/shkolla-e-vjeter-e-anes-malit-mbane-nje-histori-te-lavdisheme-video\/#breadcrumb"},"inLanguage":"en-US","potentialAction":[{"@type":"ReadAction","target":["https:\/\/www.visit-ulcinj.com\/blog\/2014\/03\/08\/shkolla-e-vjeter-e-anes-malit-mbane-nje-histori-te-lavdisheme-video\/"]}]},{"@type":"BreadcrumbList","@id":"https:\/\/www.visit-ulcinj.com\/blog\/2014\/03\/08\/shkolla-e-vjeter-e-anes-malit-mbane-nje-histori-te-lavdisheme-video\/#breadcrumb","itemListElement":[{"@type":"ListItem","position":1,"name":"Shkolla e vjet\u00ebr e An\u00ebs Malit mban\u00eb nj\u00eb histori t\u00eb lavdish\u00ebme &#8211; Video"}]},{"@type":"Person","@id":"https:\/\/www.visit-ulcinj.com\/blog\/#\/schema\/person\/dcab619c614d3038751c63bc2aadc06d","name":"ulqini","sameAs":["http:\/\/www.visit-ulcinj.com"],"url":"https:\/\/www.visit-ulcinj.com\/blog\/author\/admin\/"}]}},"jetpack_featured_media_url":"","jetpack_sharing_enabled":true,"jetpack_shortlink":"https:\/\/wp.me\/pe6lTn-kWs","_links":{"self":[{"href":"https:\/\/www.visit-ulcinj.com\/blog\/wp-json\/wp\/v2\/posts\/80504"}],"collection":[{"href":"https:\/\/www.visit-ulcinj.com\/blog\/wp-json\/wp\/v2\/posts"}],"about":[{"href":"https:\/\/www.visit-ulcinj.com\/blog\/wp-json\/wp\/v2\/types\/post"}],"author":[{"embeddable":true,"href":"https:\/\/www.visit-ulcinj.com\/blog\/wp-json\/wp\/v2\/users\/1"}],"replies":[{"embeddable":true,"href":"https:\/\/www.visit-ulcinj.com\/blog\/wp-json\/wp\/v2\/comments?post=80504"}],"version-history":[{"count":2,"href":"https:\/\/www.visit-ulcinj.com\/blog\/wp-json\/wp\/v2\/posts\/80504\/revisions"}],"predecessor-version":[{"id":80507,"href":"https:\/\/www.visit-ulcinj.com\/blog\/wp-json\/wp\/v2\/posts\/80504\/revisions\/80507"}],"wp:attachment":[{"href":"https:\/\/www.visit-ulcinj.com\/blog\/wp-json\/wp\/v2\/media?parent=80504"}],"wp:term":[{"taxonomy":"category","embeddable":true,"href":"https:\/\/www.visit-ulcinj.com\/blog\/wp-json\/wp\/v2\/categories?post=80504"},{"taxonomy":"post_tag","embeddable":true,"href":"https:\/\/www.visit-ulcinj.com\/blog\/wp-json\/wp\/v2\/tags?post=80504"}],"curies":[{"name":"wp","href":"https:\/\/api.w.org\/{rel}","templated":true}]}}