{"id":80523,"date":"2014-03-09T09:17:53","date_gmt":"2014-03-09T08:17:53","guid":{"rendered":"http:\/\/www.visit-ulcinj.com\/blog\/?p=80523"},"modified":"2014-03-10T09:13:04","modified_gmt":"2014-03-10T08:13:04","slug":"dervishi-investime-ne-regullimin-e-hapesires-ne-rane-video","status":"publish","type":"post","link":"https:\/\/www.visit-ulcinj.com\/blog\/2014\/03\/09\/dervishi-investime-ne-regullimin-e-hapesires-ne-rane-video\/","title":{"rendered":"Dervishi: Investime ne regullimin e hapesires ne Rane &#8211; Video"},"content":{"rendered":"<p><a href=\"http:\/\/www.visit-ulcinj.com\/blog\/wp-content\/uploads\/2014\/03\/Investime-ne-regullimin-e-hapesires-ne-Rane.jpg\"><img loading=\"lazy\" class=\"alignleft  wp-image-80524\" alt=\"Investime ne regullimin e hapesires ne Rane\" src=\"http:\/\/www.visit-ulcinj.com\/blog\/wp-content\/uploads\/2014\/03\/Investime-ne-regullimin-e-hapesires-ne-Rane.jpg\" width=\"508\" height=\"360\" \/><\/a>Avdo Dervishi sekretar p\u00ebr \u00e7eshtje dhe veprimtari komunale shpjegoi n\u00eb detaje projektin se si parashihet t\u00eb b\u00ebhet nd\u00ebrtimi i parkingjeve dhe m\u00ebnyr\u00ebn e realizimit t\u00eb tij n\u00eb Ran\u00eb pran restorantit Hollegro.<\/p>\n<p><a href=\"http:\/\/www.visit-ulcinj.com\/blog\/wp-content\/uploads\/2014\/03\/Investime-ne-regullimin-e-hapesires-ne-Rane-1.jpg\"><img loading=\"lazy\" class=\"alignleft  wp-image-80525\" alt=\"Investime ne regullimin e hapesires ne Rane -1\" src=\"http:\/\/www.visit-ulcinj.com\/blog\/wp-content\/uploads\/2014\/03\/Investime-ne-regullimin-e-hapesires-ne-Rane-1.jpg\" width=\"508\" height=\"360\" \/><\/a><\/p>\n<p><strong>Foto: <a id=\"js_46\" href=\"https:\/\/www.facebook.com\/ismet.karamanaga\" data-hovercard=\"\/ajax\/hovercard\/user.php?id=1359492972\">Ismet Karamanaga<\/a> Facebook<br \/>\n<\/strong><br \/>\n<strong>Ju ftojm ta ndiqni Videon realizuar nga Tv Teuta<\/strong><br \/>\n<!--YouTube Error: bad URL entered--><\/p>\n","protected":false},"excerpt":{"rendered":"<p>Avdo Dervishi sekretar p\u00ebr \u00e7eshtje dhe veprimtari komunale shpjegoi n\u00eb detaje projektin se si parashihet t\u00eb b\u00ebhet nd\u00ebrtimi i parkingjeve dhe m\u00ebnyr\u00ebn e realizimit t\u00eb tij n\u00eb Ran\u00eb pran restorantit Hollegro. Foto: Ismet Karamanaga Facebook Ju ftojm ta ndiqni Videon realizuar nga Tv Teuta<\/p>\n","protected":false},"author":1,"featured_media":0,"comment_status":"closed","ping_status":"closed","sticky":false,"template":"","format":"standard","meta":{"spay_email":"","jetpack_publicize_message":"","jetpack_is_tweetstorm":false,"jetpack_publicize_feature_enabled":true},"categories":[10,1],"tags":[],"jetpack_publicize_connections":[],"yoast_head":"<!-- This site is optimized with the Yoast SEO plugin v19.1 - https:\/\/yoast.com\/wordpress\/plugins\/seo\/ -->\n<title>Dervishi: Investime ne regullimin e hapesires ne Rane - Video - Lajme nga Ulqini<\/title>\n<meta name=\"description\" content=\"Avdo Dervishi sekretar p\u00ebr \u00e7eshtje dhe veprimtari komunale shpjegoi n\u00eb detaje projektin se si parashihet t\u00eb b\u00ebhet nd\u00ebrtimi i parkingjeve dhe m\u00ebnyr\u00ebn e\" \/>\n<meta name=\"robots\" content=\"index, follow, max-snippet:-1, max-image-preview:large, max-video-preview:-1\" \/>\n<link rel=\"canonical\" href=\"https:\/\/www.visit-ulcinj.com\/blog\/2014\/03\/09\/dervishi-investime-ne-regullimin-e-hapesires-ne-rane-video\/\" \/>\n<meta property=\"og:locale\" content=\"en_US\" \/>\n<meta property=\"og:type\" content=\"article\" \/>\n<meta property=\"og:title\" content=\"Dervishi: Investime ne regullimin e hapesires ne Rane - Video - Lajme nga Ulqini\" \/>\n<meta property=\"og:description\" content=\"Avdo Dervishi sekretar p\u00ebr \u00e7eshtje dhe veprimtari komunale shpjegoi n\u00eb detaje projektin se si parashihet t\u00eb b\u00ebhet nd\u00ebrtimi i parkingjeve dhe m\u00ebnyr\u00ebn e\" \/>\n<meta property=\"og:url\" content=\"https:\/\/www.visit-ulcinj.com\/blog\/2014\/03\/09\/dervishi-investime-ne-regullimin-e-hapesires-ne-rane-video\/\" \/>\n<meta property=\"og:site_name\" content=\"Lajme nga Ulqini\" \/>\n<meta property=\"article:published_time\" content=\"2014-03-09T08:17:53+00:00\" \/>\n<meta property=\"article:modified_time\" content=\"2014-03-10T08:13:04+00:00\" \/>\n<meta property=\"og:image\" content=\"http:\/\/www.visit-ulcinj.com\/blog\/wp-content\/uploads\/2014\/03\/Investime-ne-regullimin-e-hapesires-ne-Rane.jpg\" \/>\n<meta name=\"twitter:label1\" content=\"Written by\" \/>\n\t<meta name=\"twitter:data1\" content=\"ulqini\" \/>\n<script type=\"application\/ld+json\" class=\"yoast-schema-graph\">{\"@context\":\"https:\/\/schema.org\",\"@graph\":[{\"@type\":\"WebSite\",\"@id\":\"https:\/\/www.visit-ulcinj.com\/blog\/#website\",\"url\":\"https:\/\/www.visit-ulcinj.com\/blog\/\",\"name\":\"Lajme nga Ulqini\",\"description\":\"Lajme,Vijesti,Ulqini,Ulqin,Crna Gora,Mali i Zi\",\"potentialAction\":[{\"@type\":\"SearchAction\",\"target\":{\"@type\":\"EntryPoint\",\"urlTemplate\":\"https:\/\/www.visit-ulcinj.com\/blog\/?s={search_term_string}\"},\"query-input\":\"required name=search_term_string\"}],\"inLanguage\":\"en-US\"},{\"@type\":\"ImageObject\",\"inLanguage\":\"en-US\",\"@id\":\"https:\/\/www.visit-ulcinj.com\/blog\/2014\/03\/09\/dervishi-investime-ne-regullimin-e-hapesires-ne-rane-video\/#primaryimage\",\"url\":\"https:\/\/www.visit-ulcinj.com\/blog\/wp-content\/uploads\/2014\/03\/Investime-ne-regullimin-e-hapesires-ne-Rane.jpg\",\"contentUrl\":\"https:\/\/www.visit-ulcinj.com\/blog\/wp-content\/uploads\/2014\/03\/Investime-ne-regullimin-e-hapesires-ne-Rane.jpg\",\"width\":960,\"height\":720},{\"@type\":\"WebPage\",\"@id\":\"https:\/\/www.visit-ulcinj.com\/blog\/2014\/03\/09\/dervishi-investime-ne-regullimin-e-hapesires-ne-rane-video\/#webpage\",\"url\":\"https:\/\/www.visit-ulcinj.com\/blog\/2014\/03\/09\/dervishi-investime-ne-regullimin-e-hapesires-ne-rane-video\/\",\"name\":\"Dervishi: Investime ne regullimin e hapesires ne Rane - Video - Lajme nga Ulqini\",\"isPartOf\":{\"@id\":\"https:\/\/www.visit-ulcinj.com\/blog\/#website\"},\"primaryImageOfPage\":{\"@id\":\"https:\/\/www.visit-ulcinj.com\/blog\/2014\/03\/09\/dervishi-investime-ne-regullimin-e-hapesires-ne-rane-video\/#primaryimage\"},\"datePublished\":\"2014-03-09T08:17:53+00:00\",\"dateModified\":\"2014-03-10T08:13:04+00:00\",\"author\":{\"@id\":\"https:\/\/www.visit-ulcinj.com\/blog\/#\/schema\/person\/dcab619c614d3038751c63bc2aadc06d\"},\"description\":\"Avdo Dervishi sekretar p\u00ebr \u00e7eshtje dhe veprimtari komunale shpjegoi n\u00eb detaje projektin se si parashihet t\u00eb b\u00ebhet nd\u00ebrtimi i parkingjeve dhe m\u00ebnyr\u00ebn e\",\"breadcrumb\":{\"@id\":\"https:\/\/www.visit-ulcinj.com\/blog\/2014\/03\/09\/dervishi-investime-ne-regullimin-e-hapesires-ne-rane-video\/#breadcrumb\"},\"inLanguage\":\"en-US\",\"potentialAction\":[{\"@type\":\"ReadAction\",\"target\":[\"https:\/\/www.visit-ulcinj.com\/blog\/2014\/03\/09\/dervishi-investime-ne-regullimin-e-hapesires-ne-rane-video\/\"]}]},{\"@type\":\"BreadcrumbList\",\"@id\":\"https:\/\/www.visit-ulcinj.com\/blog\/2014\/03\/09\/dervishi-investime-ne-regullimin-e-hapesires-ne-rane-video\/#breadcrumb\",\"itemListElement\":[{\"@type\":\"ListItem\",\"position\":1,\"name\":\"Dervishi: Investime ne regullimin e hapesires ne Rane &#8211; Video\"}]},{\"@type\":\"Person\",\"@id\":\"https:\/\/www.visit-ulcinj.com\/blog\/#\/schema\/person\/dcab619c614d3038751c63bc2aadc06d\",\"name\":\"ulqini\",\"sameAs\":[\"http:\/\/www.visit-ulcinj.com\"],\"url\":\"https:\/\/www.visit-ulcinj.com\/blog\/author\/admin\/\"}]}<\/script>\n<!-- \/ Yoast SEO plugin. -->","yoast_head_json":{"title":"Dervishi: Investime ne regullimin e hapesires ne Rane - Video - Lajme nga Ulqini","description":"Avdo Dervishi sekretar p\u00ebr \u00e7eshtje dhe veprimtari komunale shpjegoi n\u00eb detaje projektin se si parashihet t\u00eb b\u00ebhet nd\u00ebrtimi i parkingjeve dhe m\u00ebnyr\u00ebn e","robots":{"index":"index","follow":"follow","max-snippet":"max-snippet:-1","max-image-preview":"max-image-preview:large","max-video-preview":"max-video-preview:-1"},"canonical":"https:\/\/www.visit-ulcinj.com\/blog\/2014\/03\/09\/dervishi-investime-ne-regullimin-e-hapesires-ne-rane-video\/","og_locale":"en_US","og_type":"article","og_title":"Dervishi: Investime ne regullimin e hapesires ne Rane - Video - Lajme nga Ulqini","og_description":"Avdo Dervishi sekretar p\u00ebr \u00e7eshtje dhe veprimtari komunale shpjegoi n\u00eb detaje projektin se si parashihet t\u00eb b\u00ebhet nd\u00ebrtimi i parkingjeve dhe m\u00ebnyr\u00ebn e","og_url":"https:\/\/www.visit-ulcinj.com\/blog\/2014\/03\/09\/dervishi-investime-ne-regullimin-e-hapesires-ne-rane-video\/","og_site_name":"Lajme nga Ulqini","article_published_time":"2014-03-09T08:17:53+00:00","article_modified_time":"2014-03-10T08:13:04+00:00","og_image":[{"url":"http:\/\/www.visit-ulcinj.com\/blog\/wp-content\/uploads\/2014\/03\/Investime-ne-regullimin-e-hapesires-ne-Rane.jpg"}],"twitter_misc":{"Written by":"ulqini"},"schema":{"@context":"https:\/\/schema.org","@graph":[{"@type":"WebSite","@id":"https:\/\/www.visit-ulcinj.com\/blog\/#website","url":"https:\/\/www.visit-ulcinj.com\/blog\/","name":"Lajme nga Ulqini","description":"Lajme,Vijesti,Ulqini,Ulqin,Crna Gora,Mali i Zi","potentialAction":[{"@type":"SearchAction","target":{"@type":"EntryPoint","urlTemplate":"https:\/\/www.visit-ulcinj.com\/blog\/?s={search_term_string}"},"query-input":"required name=search_term_string"}],"inLanguage":"en-US"},{"@type":"ImageObject","inLanguage":"en-US","@id":"https:\/\/www.visit-ulcinj.com\/blog\/2014\/03\/09\/dervishi-investime-ne-regullimin-e-hapesires-ne-rane-video\/#primaryimage","url":"https:\/\/www.visit-ulcinj.com\/blog\/wp-content\/uploads\/2014\/03\/Investime-ne-regullimin-e-hapesires-ne-Rane.jpg","contentUrl":"https:\/\/www.visit-ulcinj.com\/blog\/wp-content\/uploads\/2014\/03\/Investime-ne-regullimin-e-hapesires-ne-Rane.jpg","width":960,"height":720},{"@type":"WebPage","@id":"https:\/\/www.visit-ulcinj.com\/blog\/2014\/03\/09\/dervishi-investime-ne-regullimin-e-hapesires-ne-rane-video\/#webpage","url":"https:\/\/www.visit-ulcinj.com\/blog\/2014\/03\/09\/dervishi-investime-ne-regullimin-e-hapesires-ne-rane-video\/","name":"Dervishi: Investime ne regullimin e hapesires ne Rane - Video - Lajme nga Ulqini","isPartOf":{"@id":"https:\/\/www.visit-ulcinj.com\/blog\/#website"},"primaryImageOfPage":{"@id":"https:\/\/www.visit-ulcinj.com\/blog\/2014\/03\/09\/dervishi-investime-ne-regullimin-e-hapesires-ne-rane-video\/#primaryimage"},"datePublished":"2014-03-09T08:17:53+00:00","dateModified":"2014-03-10T08:13:04+00:00","author":{"@id":"https:\/\/www.visit-ulcinj.com\/blog\/#\/schema\/person\/dcab619c614d3038751c63bc2aadc06d"},"description":"Avdo Dervishi sekretar p\u00ebr \u00e7eshtje dhe veprimtari komunale shpjegoi n\u00eb detaje projektin se si parashihet t\u00eb b\u00ebhet nd\u00ebrtimi i parkingjeve dhe m\u00ebnyr\u00ebn e","breadcrumb":{"@id":"https:\/\/www.visit-ulcinj.com\/blog\/2014\/03\/09\/dervishi-investime-ne-regullimin-e-hapesires-ne-rane-video\/#breadcrumb"},"inLanguage":"en-US","potentialAction":[{"@type":"ReadAction","target":["https:\/\/www.visit-ulcinj.com\/blog\/2014\/03\/09\/dervishi-investime-ne-regullimin-e-hapesires-ne-rane-video\/"]}]},{"@type":"BreadcrumbList","@id":"https:\/\/www.visit-ulcinj.com\/blog\/2014\/03\/09\/dervishi-investime-ne-regullimin-e-hapesires-ne-rane-video\/#breadcrumb","itemListElement":[{"@type":"ListItem","position":1,"name":"Dervishi: Investime ne regullimin e hapesires ne Rane &#8211; Video"}]},{"@type":"Person","@id":"https:\/\/www.visit-ulcinj.com\/blog\/#\/schema\/person\/dcab619c614d3038751c63bc2aadc06d","name":"ulqini","sameAs":["http:\/\/www.visit-ulcinj.com"],"url":"https:\/\/www.visit-ulcinj.com\/blog\/author\/admin\/"}]}},"jetpack_featured_media_url":"","jetpack_sharing_enabled":true,"jetpack_shortlink":"https:\/\/wp.me\/pe6lTn-kWL","_links":{"self":[{"href":"https:\/\/www.visit-ulcinj.com\/blog\/wp-json\/wp\/v2\/posts\/80523"}],"collection":[{"href":"https:\/\/www.visit-ulcinj.com\/blog\/wp-json\/wp\/v2\/posts"}],"about":[{"href":"https:\/\/www.visit-ulcinj.com\/blog\/wp-json\/wp\/v2\/types\/post"}],"author":[{"embeddable":true,"href":"https:\/\/www.visit-ulcinj.com\/blog\/wp-json\/wp\/v2\/users\/1"}],"replies":[{"embeddable":true,"href":"https:\/\/www.visit-ulcinj.com\/blog\/wp-json\/wp\/v2\/comments?post=80523"}],"version-history":[{"count":3,"href":"https:\/\/www.visit-ulcinj.com\/blog\/wp-json\/wp\/v2\/posts\/80523\/revisions"}],"predecessor-version":[{"id":80528,"href":"https:\/\/www.visit-ulcinj.com\/blog\/wp-json\/wp\/v2\/posts\/80523\/revisions\/80528"}],"wp:attachment":[{"href":"https:\/\/www.visit-ulcinj.com\/blog\/wp-json\/wp\/v2\/media?parent=80523"}],"wp:term":[{"taxonomy":"category","embeddable":true,"href":"https:\/\/www.visit-ulcinj.com\/blog\/wp-json\/wp\/v2\/categories?post=80523"},{"taxonomy":"post_tag","embeddable":true,"href":"https:\/\/www.visit-ulcinj.com\/blog\/wp-json\/wp\/v2\/tags?post=80523"}],"curies":[{"name":"wp","href":"https:\/\/api.w.org\/{rel}","templated":true}]}}