{"id":80539,"date":"2014-03-10T09:22:10","date_gmt":"2014-03-10T08:22:10","guid":{"rendered":"http:\/\/www.visit-ulcinj.com\/blog\/?p=80539"},"modified":"2014-03-10T09:22:10","modified_gmt":"2014-03-10T08:22:10","slug":"nika-koncepti-kulture-qytetrim-dhe-politike","status":"publish","type":"post","link":"https:\/\/www.visit-ulcinj.com\/blog\/2014\/03\/10\/nika-koncepti-kulture-qytetrim-dhe-politike\/","title":{"rendered":"Nika: Koncepti kultur\u00eb qytetrim dhe politik\u00eb"},"content":{"rendered":"<p><b><a href=\"http:\/\/www.visit-ulcinj.com\/blog\/wp-content\/uploads\/2013\/12\/Muhamet-Nika.jpg\"><img loading=\"lazy\" class=\"alignleft  wp-image-77361\" alt=\"Muhamet-Nika\" src=\"http:\/\/www.visit-ulcinj.com\/blog\/wp-content\/uploads\/2013\/12\/Muhamet-Nika.jpg\" width=\"300\" height=\"247\" \/><\/a>Shkruan :Muhamet Nika<\/b><\/p>\n<p>Kultura,definohet si arritja m\u00eb e madhe e nj\u00eb populli, n\u00eb fush\u00ebn e vet\u00ebdijes shpirt\u00ebrore, shoq\u00ebrore e materiale , kurse qytet\u00ebrimi lidhet , p\u00ebrve\u00e7 k\u00ebsaj\u00a0 edhe me an\u00ebn shkencore, t\u00eb arritjeve e shpikjeve t\u00eb ndryshme t\u00eb njer\u00ebzimit. Qytet\u00ebrimet e ndryshme, shpikjeve shkencore dhe boll\u00ebkut n\u00eb prodhim,\u00a0 u jepnin p\u00ebrpar\u00ebsi, n\u00eb krahasim \u00a0me \u00a0vet\u00ebdijen shpirt\u00ebrore dhe shoq\u00ebrore t\u00eb nj\u00eb populli t\u00eb nj\u00eb kohe. K\u00ebshtu, ta z\u00ebm\u00eb, n\u00eb aspektin e qytet\u00ebrimit, Roma shk\u00eblqente n\u00eb koh\u00ebn e vet, por si kultur\u00eb ajo kurr\u00eb nuk , mundi ta z\u00eb kultur\u00ebn greke- n\u00ebse e tejkaloi si qytet\u00ebrim.\u00a0 Nga kjo , tez\u00eb\u00a0 duket se bota e artit- kultur\u00ebs, \u00ebsht\u00eb par\u00ebsore, sepse, bazohet dhe vler\u00ebson,\u00a0 natyr\u00ebn\u00a0\u00a0\u00a0 abstrakte t\u00eb njeriut(ndjenjat e brendshme shpirt\u00ebrore dhe intelektin trunor, q\u00eb pason pas\u00a0\u00a0 perceptimeve\u00a0 fizike t\u00eb bot\u00ebs..Nga kjo teori,\u00a0 nj\u00eb njeri, mund t\u00eb quhet i kulturuar, n\u00ebse , \u00ebsht\u00eb i edukuar\u00a0 dhe\u00a0 i arsimuar, kurse , shkalla m\u00eb e lart\u00eb e nj\u00eb vet\u00ebdijeje t\u00eb kulturuar, manifestohet n\u00eb procesin e meditimit shpirt\u00ebror, kjo \u00e7\u00ebshtje,p\u00ebr gjat\u00eb historis\u00eb, p\u00ebrve\u00e7 q\u00eb ishte m\u00ebsim religjioz, ishte edhe edukat\u00eb qytetare. Me meditim, nis Abrahami (Ibrahimi, as)- Babilonas(i komb\u00ebsis\u00eb \u00e7ifute), q\u00eb v\u00ebshtronte yjet, Buda q\u00eb rrinte, n\u00ebn drurin e bambusit, dhe iu paraqit vizioni i\u00a0 t\u00eb p\u00ebrtejmes, Muhamedi a.s, q\u00eb q\u00ebndronte, nat\u00ebn, n\u00eb shpell\u00ebn Hira\u00a0 n\u00eb meditim dhe ku i ulet fjala e par\u00eb, nga zoti, q\u00eb ishte: Lexo , m\u00ebso, studijo( t\u00eb tria k\u00ebto fjal\u00eb , n\u00eb arabisht, shqiptohen IKRA. Nga etimologjia e\u00a0 k\u00ebsaj, rezulton, t\u00eb ket\u00eb dal\u00eb, fjala Kuran, duke p\u00ebrmbledh\u00eb, n\u00eb vete, t\u00eb\u00a0\u00a0 3 kuptimet e p\u00ebrmendura. Por, n\u00eb t\u00eb gjitha besimet kryesore t\u00eb njer\u00ebzimit,\u00a0 p\u00ebr mes profet\u00ebve t\u00eb tyre, Zoti, pat porositur, q\u00eb t\u00eb lexojm\u00eb&#8230;?!!!<\/p>\n<p><a href=\"http:\/\/www.visit-ulcinj.com\/blog\/\" target=\"_blank\"><b>\u00a0Si iu p\u00ebrgjigj Diogjeni Aleksandrit<\/b><\/a><\/p>\n<p>Thuhet se n\u00eb Greqin\u00eb e lasht\u00eb, nga vendlindja e\u00a0 filozof\u00ebve t\u00eb lasht\u00ebsis\u00eb, ekzistonin , shtylla prej guri, t\u00eb ngritura lart nga toka, n\u00eb maj\u00ebn e t\u00eb cil\u00ebve, q\u00ebndronin me dit\u00eb t\u00eb t\u00ebra, personalitete t\u00eb ndryshme,\u00a0 t\u00eb\u00a0 filozofis\u00eb, religjionit e artit, kuptohet, t\u00eb kredhur n\u00eb meditime- rreth fizikut t\u00eb\u00a0\u00a0 k\u00ebsaj bote, krijimin e saj nga Qenia Superiore dhe raportin shpirt\u00ebror t\u00eb tyre, me t\u00eb. Personat e till\u00eb, ishin tep\u00ebr t\u00eb \u00e7muar, p\u00ebr meditimin e vet Pasi q\u00eb nuk leshin, ata varnin, nj\u00eb litar, \u00a0nga lart\u00eb posht\u00eb shtyll\u00ebs, kurse njer\u00ebzit nga toka,\u00a0 p\u00ebr te lidhnin ushqimet e tyre&#8230;. Nd\u00ebrsa, rasti i Diogjenit, q\u00eb q\u00ebndronte , n\u00eb fu\u00e7i, pran\u00eb nj\u00eb sheshi, t\u00eb cilin shkoi, p\u00ebr ta, vizituar, Aleksandri i Madh duke i sugjeruar , se \u00e7far\u00eb i nevojitet , p\u00ebr t\u00eb dal\u00eb nga fu\u00e7ia&#8230;. Atij si mbret, Diogjeni , iu p\u00ebrgjigj, prerazi: \u201c T\u00eb ma lironi diellin&#8230;?!\u201d At\u00eb her\u00eb, Aleksandri, tha : Po t\u00eb mos isha Aleksand\u00ebr, do t\u00eb kisha dashur t\u00eb jem<\/p>\n<p>Diogjen&#8230;Mir\u00ebpo, bartja e k\u00ebsaj kulture, n\u00eb Rom\u00eb, shohim t\u00eb devalvoj\u00eb me kalimin e koh\u00ebs&#8230;.Roma,\u00a0 si\u00e7 u tha, sh\u00ebnon nj\u00eb civilizim \u2013 qytet\u00ebrim t\u00eb jasht\u00ebzakonsh\u00ebm, t\u00eb<\/p>\n<p>cilit,v\u00ebrejm\u00eb, se i mungonte ana shpirt\u00ebrore dhe meditimi i hersh\u00ebm grek.\u00a0 N\u00eb munges\u00eb t\u00eb k\u00ebsaj bote, qytet\u00ebrimi romak, \u00a0bazohej,\u00a0 m\u00eb tep\u00ebr n\u00eb luksin e mir\u00ebqenies, dhe arg\u00ebtimit t\u00eb shfrenuar,\u00a0 duke e b\u00ebr\u00eb at\u00eb m\u00eb t\u00eb vrazhd\u00eb .<\/p>\n<p>Izetbegoviq, e quan qytet\u00ebrimin romak \u00a0nj\u00eb civilizim i pakulturuar&#8230;.Kjo s\u00ebmurje\u00a0 e qytet\u00ebrimit , n\u00eb munges\u00eb t\u00eb kultur\u00ebs, edukimit qytetar\u00eb, ka dominuar bot\u00ebn p\u00ebr gjat\u00eb historis\u00eb. \u00cbsht\u00eb interesant\u00eb, q\u00eb daljes, nga ky \u00a0terr i mesjet\u00ebs\u00a0 i ndihmoi, shum\u00eb edhe shk\u00ebputja e disa murgjve , nga jeta brenda manastireve, ata vendosnin t\u00eb bridhnin fshatrave, nga ku filluan , t\u00eb arsimonin, falas turmat e gj\u00ebra fshatare. Edhe , Rilindja , e fitoi, k\u00ebt\u00eb em\u00ebr, kur mbi qytet\u00ebrimin e at\u00ebhersh\u00ebm\u00a0 t\u00eb koh\u00ebs, dominoi,kultura dhe filozofia\u00a0 greke&#8230;Zakonisht, konfrontimet rreth k\u00ebtyre, pik\u00ebpamjeve, m\u00eb von\u00eb, taborrizuan\u00a0\u00a0 konfrontimin edhe mendimin politik\u00eb .<\/p>\n<p><a href=\"http:\/\/www.visit-ulcinj.com\/blog\/\" target=\"_blank\"><b>Politika<\/b><\/a><\/p>\n<p>Sipas nj\u00eb definicioni, politika \u00ebsht\u00eb nj\u00eb marr\u00ebveshje e qytetar\u00ebve, p\u00ebr t\u00eb qeveris\u00eb vendin. Ajo si em\u00ebr, vjen , nga fjala<a href=\"http:\/\/www.visit-ulcinj.com\/blog\/\" target=\"_blank\"><b><i> Polis, q\u00eb do t\u00eb thot\u00eb qytet<\/i><\/b>,<\/a> fjala \u00ebsht\u00eb p\u00ebr qytetet greke q\u00eb ishin shtete. Ata shquheshin, si shtete me politik\u00eb demokratike, ku udh\u00ebhiqte populli, n\u00eb m\u00ebnyr\u00eb krejt transparente, p\u00ebrmes\u00a0 nj\u00eb kuvendi t\u00eb hapur,\u00a0 n\u00eb t\u00eb cilin, vendosej edhe prokuroria\u00a0 gjyq\u00ebsori etj. Si dhe\u00a0 qytetet shtete, n\u00eb t\u00eb cilat, udh\u00ebhiqte aristokracia, t\u00eb pasurit- mbreti..?!!! Duket se e gjith\u00eb shoq\u00ebria njer\u00ebzore, p\u00ebr gjat\u00eb gjith\u00eb historis\u00eb, \u00ebsht\u00eb p\u00ebrsiatur, brenda k\u00ebtyre dy formave t\u00eb qeverisjes; aristokraci \u2013monarki, republik\u00eb(demokraci)- pushteti popullor. Por ,q\u00eb problemi i sunduesit dhe sundimtarit, gjithher\u00eb ka qen\u00eb problem, sepse, ai , i cili, disponon edhe me pasuri edhe me pushtet, \u00ebsht\u00eb n\u00eb pozita superiore me t\u00eb sunduarin\u00a0 pa pron\u00eb- pra dy me nj\u00eb&#8230;.?!!!<\/p>\n<p>Nisur nga p\u00ebrvojat e k\u00ebqija, t\u00eb te sunduarit, e atij , q\u00eb ka pushtetin edhe pron\u00ebn-Ka mbetur e sh\u00ebnuar,\u00a0 se\u00a0 feudal\u00ebt anglez\u00eb, kur vendos\u00ebn , p\u00ebr tu bashkuar, me q\u00ebllim , q\u00eb t\u00eb formojn\u00eb, nj\u00eb shtet t\u00eb p\u00ebrbashk\u00ebt, ata pasi debatuan mir\u00eb, se kush duhej t\u2019i qeveriste, ran\u00eb n\u00eb ujdi, q\u00eb t\u00eb hyjn\u00eb n\u00ebn sundimin e atij, i cili do t\u00eb dor\u00ebzonte tok\u00ebn, sepse, ai, edhe me pron\u00eb(tok\u00eb) edhe me\u00a0 pushtet si sundimtar do t\u00eb ishte tep\u00ebr i fuqish\u00ebm&#8230;U pranua, q\u00eb p\u00ebr t\u00ebr\u00eb Anglin\u00eb , t\u00eb n\u00ebnshkruhej\u00a0 nga fisnik\u00ebt, nj\u00eb q\u00eb i thon\u00eb \u201cKARTA E MADHE \u2013MAGNUM KARTA\u201d, nd\u00ebrsa , p\u00ebr kryetar, u vu, fisniku Gjon, t\u00eb cilit iu konfiskua\u00a0 pasuria, andaj\u00a0 p\u00ebr k\u00ebt\u00eb , njihet si ,Gjoni i Pa Tok\u00eb&#8230;. Mir\u00ebpo me kalimin e koh\u00ebs, ai u rebelua n\u00eb pushtet , duke shkel\u00eb kontrat\u00ebn dhe duke u b\u00ebr\u00eb diktator&#8230;?!Por ngjau q\u00eb fisnik\u00ebt , me nj\u00eb her\u00eb u organizuan, duke ia hequr kok\u00ebn. Kujtimi, p\u00ebr k\u00ebt\u00eb ngjarje , te anglez\u00ebt, edhe pse kish ndodhur para disa qindra vjet\u00ebsh, \u00ebsht\u00eb tep\u00ebr i fresk\u00ebt, dhe askush, nga pushtetar\u00ebt, nuk kujtohet t\u00eb p\u00ebrvet\u00ebsoj\u00eb\u00a0 gj\u00ebn\u00eb e p\u00ebrbashk\u00ebt. MAGNUM KARTA, respektohet edhe sot&#8230;<\/p>\n<p><a href=\"http:\/\/www.visit-ulcinj.com\/blog\/\" target=\"_blank\"><b>Cila form\u00eb e qeverisjes na flen\u00eb neve shqiptar\u00ebve n\u00eb Ulqin&#8230;?!!!<\/b><\/a><\/p>\n<p>Duke shikuar kriz\u00ebn e vazhdueshme , rreth ushtrimit t\u00eb pushtetit vendor dhe krizat partiake t\u00eb brendshme , krijohet p\u00ebrshtypja, se ne shqiptar\u00ebt, deklarohemi, p\u00ebr pushtet popullor, por n\u00eb zem\u00ebr , na flen\u00eb monarkia, d\u00ebshirojm\u00eb t\u00eb jemi , t\u00eb p\u00ebrjetsh\u00ebm dhe mund\u00ebsisht ta privatizojm\u00eb at\u00eb&#8230;Mungesa e organizimit t\u00eb m\u00ebparsh\u00ebm politik,\u00a0 i cili\u00a0 kryesisht, p\u00ebr ne shqiptar\u00ebt, p\u00ebrjetohej si di\u00e7ka i huaj , ose q\u00eb ushtrohej, nga t\u00eb huajt, serbo- malazez\u00ebt, b\u00ebn\u00eb q\u00eb edhe sot, qeverisjen e kemi ,si di\u00e7ka t\u00eb huaj, t\u00eb cil\u00ebn vet\u00ebm se duam ta grabisim dhe ndihemi t\u00eb\u00a0 rrezikuar nga ajo. N\u00eb k\u00ebt\u00eb\u00a0 trajtes\u00eb, kemi vendosur, t\u00eb trajtojm\u00eb disa probleme t\u00eb organizimit politik por edhe atij , kulturor, t\u00eb cilat, u manifestuan , gjat\u00eb vitit 2012- 2014, po dhe t\u00eb disa problemeve kulturore, p\u00ebr t\u00eb cilat kemi shprehur pik\u00ebpamjet tona koh\u00eb pas kohe.<\/p>\n<p><a href=\"http:\/\/www.visit-ulcinj.com\/blog\/\" target=\"_blank\"><b>Shkruan :Muhamet Nika<\/b><\/a><\/p>\n","protected":false},"excerpt":{"rendered":"<p>Shkruan :Muhamet Nika Kultura,definohet si arritja m\u00eb e madhe e nj\u00eb populli, n\u00eb fush\u00ebn e vet\u00ebdijes shpirt\u00ebrore, shoq\u00ebrore e materiale , kurse qytet\u00ebrimi lidhet , p\u00ebrve\u00e7 k\u00ebsaj\u00a0 edhe me an\u00ebn shkencore, t\u00eb arritjeve e shpikjeve t\u00eb ndryshme t\u00eb njer\u00ebzimit. Qytet\u00ebrimet e ndryshme, shpikjeve shkencore dhe boll\u00ebkut n\u00eb prodhim,\u00a0 u jepnin p\u00ebrpar\u00ebsi, n\u00eb krahasim \u00a0me \u00a0vet\u00ebdijen [&hellip;]<\/p>\n","protected":false},"author":1,"featured_media":0,"comment_status":"closed","ping_status":"closed","sticky":false,"template":"","format":"standard","meta":{"spay_email":"","jetpack_publicize_message":"","jetpack_is_tweetstorm":false,"jetpack_publicize_feature_enabled":true},"categories":[12],"tags":[],"jetpack_publicize_connections":[],"yoast_head":"<!-- This site is optimized with the Yoast SEO plugin v19.1 - https:\/\/yoast.com\/wordpress\/plugins\/seo\/ -->\n<title>Nika: Koncepti kultur\u00eb qytetrim dhe politik\u00eb - Lajme nga Ulqini<\/title>\n<meta name=\"description\" content=\"Shkruan :Muhamet Nika Kultura,definohet si arritja m\u00eb e madhe e nj\u00eb populli, n\u00eb fush\u00ebn e vet\u00ebdijes shpirt\u00ebrore, shoq\u00ebrore e materiale , kurse qytet\u00ebrimi\" \/>\n<meta name=\"robots\" content=\"index, follow, max-snippet:-1, max-image-preview:large, max-video-preview:-1\" \/>\n<link rel=\"canonical\" href=\"https:\/\/www.visit-ulcinj.com\/blog\/2014\/03\/10\/nika-koncepti-kulture-qytetrim-dhe-politike\/\" \/>\n<meta property=\"og:locale\" content=\"en_US\" \/>\n<meta property=\"og:type\" content=\"article\" \/>\n<meta property=\"og:title\" content=\"Nika: Koncepti kultur\u00eb qytetrim dhe politik\u00eb - Lajme nga Ulqini\" \/>\n<meta property=\"og:description\" content=\"Shkruan :Muhamet Nika Kultura,definohet si arritja m\u00eb e madhe e nj\u00eb populli, n\u00eb fush\u00ebn e vet\u00ebdijes shpirt\u00ebrore, shoq\u00ebrore e materiale , kurse qytet\u00ebrimi\" \/>\n<meta property=\"og:url\" content=\"https:\/\/www.visit-ulcinj.com\/blog\/2014\/03\/10\/nika-koncepti-kulture-qytetrim-dhe-politike\/\" \/>\n<meta property=\"og:site_name\" content=\"Lajme nga Ulqini\" \/>\n<meta property=\"article:published_time\" content=\"2014-03-10T08:22:10+00:00\" \/>\n<meta property=\"og:image\" content=\"http:\/\/www.visit-ulcinj.com\/blog\/wp-content\/uploads\/2013\/12\/Muhamet-Nika.jpg\" \/>\n<meta name=\"twitter:label1\" content=\"Written by\" \/>\n\t<meta name=\"twitter:data1\" content=\"ulqini\" \/>\n\t<meta name=\"twitter:label2\" content=\"Est. reading time\" \/>\n\t<meta name=\"twitter:data2\" content=\"6 minutes\" \/>\n<script type=\"application\/ld+json\" class=\"yoast-schema-graph\">{\"@context\":\"https:\/\/schema.org\",\"@graph\":[{\"@type\":\"WebSite\",\"@id\":\"https:\/\/www.visit-ulcinj.com\/blog\/#website\",\"url\":\"https:\/\/www.visit-ulcinj.com\/blog\/\",\"name\":\"Lajme nga Ulqini\",\"description\":\"Lajme,Vijesti,Ulqini,Ulqin,Crna Gora,Mali i Zi\",\"potentialAction\":[{\"@type\":\"SearchAction\",\"target\":{\"@type\":\"EntryPoint\",\"urlTemplate\":\"https:\/\/www.visit-ulcinj.com\/blog\/?s={search_term_string}\"},\"query-input\":\"required name=search_term_string\"}],\"inLanguage\":\"en-US\"},{\"@type\":\"ImageObject\",\"inLanguage\":\"en-US\",\"@id\":\"https:\/\/www.visit-ulcinj.com\/blog\/2014\/03\/10\/nika-koncepti-kulture-qytetrim-dhe-politike\/#primaryimage\",\"url\":\"https:\/\/www.visit-ulcinj.com\/blog\/wp-content\/uploads\/2013\/12\/Muhamet-Nika.jpg\",\"contentUrl\":\"https:\/\/www.visit-ulcinj.com\/blog\/wp-content\/uploads\/2013\/12\/Muhamet-Nika.jpg\",\"width\":389,\"height\":247},{\"@type\":\"WebPage\",\"@id\":\"https:\/\/www.visit-ulcinj.com\/blog\/2014\/03\/10\/nika-koncepti-kulture-qytetrim-dhe-politike\/#webpage\",\"url\":\"https:\/\/www.visit-ulcinj.com\/blog\/2014\/03\/10\/nika-koncepti-kulture-qytetrim-dhe-politike\/\",\"name\":\"Nika: Koncepti kultur\u00eb qytetrim dhe politik\u00eb - Lajme nga Ulqini\",\"isPartOf\":{\"@id\":\"https:\/\/www.visit-ulcinj.com\/blog\/#website\"},\"primaryImageOfPage\":{\"@id\":\"https:\/\/www.visit-ulcinj.com\/blog\/2014\/03\/10\/nika-koncepti-kulture-qytetrim-dhe-politike\/#primaryimage\"},\"datePublished\":\"2014-03-10T08:22:10+00:00\",\"dateModified\":\"2014-03-10T08:22:10+00:00\",\"author\":{\"@id\":\"https:\/\/www.visit-ulcinj.com\/blog\/#\/schema\/person\/dcab619c614d3038751c63bc2aadc06d\"},\"description\":\"Shkruan :Muhamet Nika Kultura,definohet si arritja m\u00eb e madhe e nj\u00eb populli, n\u00eb fush\u00ebn e vet\u00ebdijes shpirt\u00ebrore, shoq\u00ebrore e materiale , kurse qytet\u00ebrimi\",\"breadcrumb\":{\"@id\":\"https:\/\/www.visit-ulcinj.com\/blog\/2014\/03\/10\/nika-koncepti-kulture-qytetrim-dhe-politike\/#breadcrumb\"},\"inLanguage\":\"en-US\",\"potentialAction\":[{\"@type\":\"ReadAction\",\"target\":[\"https:\/\/www.visit-ulcinj.com\/blog\/2014\/03\/10\/nika-koncepti-kulture-qytetrim-dhe-politike\/\"]}]},{\"@type\":\"BreadcrumbList\",\"@id\":\"https:\/\/www.visit-ulcinj.com\/blog\/2014\/03\/10\/nika-koncepti-kulture-qytetrim-dhe-politike\/#breadcrumb\",\"itemListElement\":[{\"@type\":\"ListItem\",\"position\":1,\"name\":\"Nika: Koncepti kultur\u00eb qytetrim dhe politik\u00eb\"}]},{\"@type\":\"Person\",\"@id\":\"https:\/\/www.visit-ulcinj.com\/blog\/#\/schema\/person\/dcab619c614d3038751c63bc2aadc06d\",\"name\":\"ulqini\",\"sameAs\":[\"http:\/\/www.visit-ulcinj.com\"],\"url\":\"https:\/\/www.visit-ulcinj.com\/blog\/author\/admin\/\"}]}<\/script>\n<!-- \/ Yoast SEO plugin. -->","yoast_head_json":{"title":"Nika: Koncepti kultur\u00eb qytetrim dhe politik\u00eb - Lajme nga Ulqini","description":"Shkruan :Muhamet Nika Kultura,definohet si arritja m\u00eb e madhe e nj\u00eb populli, n\u00eb fush\u00ebn e vet\u00ebdijes shpirt\u00ebrore, shoq\u00ebrore e materiale , kurse qytet\u00ebrimi","robots":{"index":"index","follow":"follow","max-snippet":"max-snippet:-1","max-image-preview":"max-image-preview:large","max-video-preview":"max-video-preview:-1"},"canonical":"https:\/\/www.visit-ulcinj.com\/blog\/2014\/03\/10\/nika-koncepti-kulture-qytetrim-dhe-politike\/","og_locale":"en_US","og_type":"article","og_title":"Nika: Koncepti kultur\u00eb qytetrim dhe politik\u00eb - Lajme nga Ulqini","og_description":"Shkruan :Muhamet Nika Kultura,definohet si arritja m\u00eb e madhe e nj\u00eb populli, n\u00eb fush\u00ebn e vet\u00ebdijes shpirt\u00ebrore, shoq\u00ebrore e materiale , kurse qytet\u00ebrimi","og_url":"https:\/\/www.visit-ulcinj.com\/blog\/2014\/03\/10\/nika-koncepti-kulture-qytetrim-dhe-politike\/","og_site_name":"Lajme nga Ulqini","article_published_time":"2014-03-10T08:22:10+00:00","og_image":[{"url":"http:\/\/www.visit-ulcinj.com\/blog\/wp-content\/uploads\/2013\/12\/Muhamet-Nika.jpg"}],"twitter_misc":{"Written by":"ulqini","Est. reading time":"6 minutes"},"schema":{"@context":"https:\/\/schema.org","@graph":[{"@type":"WebSite","@id":"https:\/\/www.visit-ulcinj.com\/blog\/#website","url":"https:\/\/www.visit-ulcinj.com\/blog\/","name":"Lajme nga Ulqini","description":"Lajme,Vijesti,Ulqini,Ulqin,Crna Gora,Mali i Zi","potentialAction":[{"@type":"SearchAction","target":{"@type":"EntryPoint","urlTemplate":"https:\/\/www.visit-ulcinj.com\/blog\/?s={search_term_string}"},"query-input":"required name=search_term_string"}],"inLanguage":"en-US"},{"@type":"ImageObject","inLanguage":"en-US","@id":"https:\/\/www.visit-ulcinj.com\/blog\/2014\/03\/10\/nika-koncepti-kulture-qytetrim-dhe-politike\/#primaryimage","url":"https:\/\/www.visit-ulcinj.com\/blog\/wp-content\/uploads\/2013\/12\/Muhamet-Nika.jpg","contentUrl":"https:\/\/www.visit-ulcinj.com\/blog\/wp-content\/uploads\/2013\/12\/Muhamet-Nika.jpg","width":389,"height":247},{"@type":"WebPage","@id":"https:\/\/www.visit-ulcinj.com\/blog\/2014\/03\/10\/nika-koncepti-kulture-qytetrim-dhe-politike\/#webpage","url":"https:\/\/www.visit-ulcinj.com\/blog\/2014\/03\/10\/nika-koncepti-kulture-qytetrim-dhe-politike\/","name":"Nika: Koncepti kultur\u00eb qytetrim dhe politik\u00eb - Lajme nga Ulqini","isPartOf":{"@id":"https:\/\/www.visit-ulcinj.com\/blog\/#website"},"primaryImageOfPage":{"@id":"https:\/\/www.visit-ulcinj.com\/blog\/2014\/03\/10\/nika-koncepti-kulture-qytetrim-dhe-politike\/#primaryimage"},"datePublished":"2014-03-10T08:22:10+00:00","dateModified":"2014-03-10T08:22:10+00:00","author":{"@id":"https:\/\/www.visit-ulcinj.com\/blog\/#\/schema\/person\/dcab619c614d3038751c63bc2aadc06d"},"description":"Shkruan :Muhamet Nika Kultura,definohet si arritja m\u00eb e madhe e nj\u00eb populli, n\u00eb fush\u00ebn e vet\u00ebdijes shpirt\u00ebrore, shoq\u00ebrore e materiale , kurse qytet\u00ebrimi","breadcrumb":{"@id":"https:\/\/www.visit-ulcinj.com\/blog\/2014\/03\/10\/nika-koncepti-kulture-qytetrim-dhe-politike\/#breadcrumb"},"inLanguage":"en-US","potentialAction":[{"@type":"ReadAction","target":["https:\/\/www.visit-ulcinj.com\/blog\/2014\/03\/10\/nika-koncepti-kulture-qytetrim-dhe-politike\/"]}]},{"@type":"BreadcrumbList","@id":"https:\/\/www.visit-ulcinj.com\/blog\/2014\/03\/10\/nika-koncepti-kulture-qytetrim-dhe-politike\/#breadcrumb","itemListElement":[{"@type":"ListItem","position":1,"name":"Nika: Koncepti kultur\u00eb qytetrim dhe politik\u00eb"}]},{"@type":"Person","@id":"https:\/\/www.visit-ulcinj.com\/blog\/#\/schema\/person\/dcab619c614d3038751c63bc2aadc06d","name":"ulqini","sameAs":["http:\/\/www.visit-ulcinj.com"],"url":"https:\/\/www.visit-ulcinj.com\/blog\/author\/admin\/"}]}},"jetpack_featured_media_url":"","jetpack_sharing_enabled":true,"jetpack_shortlink":"https:\/\/wp.me\/pe6lTn-kX1","_links":{"self":[{"href":"https:\/\/www.visit-ulcinj.com\/blog\/wp-json\/wp\/v2\/posts\/80539"}],"collection":[{"href":"https:\/\/www.visit-ulcinj.com\/blog\/wp-json\/wp\/v2\/posts"}],"about":[{"href":"https:\/\/www.visit-ulcinj.com\/blog\/wp-json\/wp\/v2\/types\/post"}],"author":[{"embeddable":true,"href":"https:\/\/www.visit-ulcinj.com\/blog\/wp-json\/wp\/v2\/users\/1"}],"replies":[{"embeddable":true,"href":"https:\/\/www.visit-ulcinj.com\/blog\/wp-json\/wp\/v2\/comments?post=80539"}],"version-history":[{"count":1,"href":"https:\/\/www.visit-ulcinj.com\/blog\/wp-json\/wp\/v2\/posts\/80539\/revisions"}],"predecessor-version":[{"id":80540,"href":"https:\/\/www.visit-ulcinj.com\/blog\/wp-json\/wp\/v2\/posts\/80539\/revisions\/80540"}],"wp:attachment":[{"href":"https:\/\/www.visit-ulcinj.com\/blog\/wp-json\/wp\/v2\/media?parent=80539"}],"wp:term":[{"taxonomy":"category","embeddable":true,"href":"https:\/\/www.visit-ulcinj.com\/blog\/wp-json\/wp\/v2\/categories?post=80539"},{"taxonomy":"post_tag","embeddable":true,"href":"https:\/\/www.visit-ulcinj.com\/blog\/wp-json\/wp\/v2\/tags?post=80539"}],"curies":[{"name":"wp","href":"https:\/\/api.w.org\/{rel}","templated":true}]}}