{"id":80541,"date":"2014-03-10T09:33:22","date_gmt":"2014-03-10T08:33:22","guid":{"rendered":"http:\/\/www.visit-ulcinj.com\/blog\/?p=80541"},"modified":"2014-03-13T15:29:29","modified_gmt":"2014-03-13T14:29:29","slug":"otvaranje-puta-za-maslinjake-valdanosa","status":"publish","type":"post","link":"https:\/\/www.visit-ulcinj.com\/blog\/2014\/03\/10\/otvaranje-puta-za-maslinjake-valdanosa\/","title":{"rendered":"Otvaranje puta za maslinjake Valdanosa &#8211; Video"},"content":{"rendered":"<div><strong><a href=\"http:\/\/www.visit-ulcinj.com\/blog\/wp-content\/uploads\/2014\/03\/Otvaranje-puta-za-maslinjake-Valdanosa.jpg\"><img loading=\"lazy\" class=\"alignleft  wp-image-80542\" alt=\"Otvaranje puta za maslinjake Valdanosa\" src=\"http:\/\/www.visit-ulcinj.com\/blog\/wp-content\/uploads\/2014\/03\/Otvaranje-puta-za-maslinjake-Valdanosa.jpg\" width=\"508\" height=\"360\" \/><\/a>VALDANOS <\/strong><\/div>\n<div id=\"id_531d773bcc4a48235328604\">09.03.2014.<br \/>\nNastavak otvaranja puta prema centalnom dijelu maslinjaka Valdanosa.<br \/>\nVi\u0161e stotina gra\u0111ana i vlasnika oduzetih maslinjaka, \u010dlanova NGO sektora na \u010delu sa Mogulom i &#8220;nezamijenjivim &#8221; odborom za povra\u0107aj maslinade u Valdanosu, i danas je radilo na rskr\u0161\u0107avanju puta prema centralnom dijelu maslinade u Valdanosu. Akcija koja je zaista vrijedna, i koja \u0107e vjerujem umnogome doprinijeti da se problem Valdanosa pozitivno rije\u0161i, za dobrobit svih gra\u0111ana Ulcinja.<\/div>\n<div><\/div>\n<div>Bilo je lijepo vidjeti veliku grupu ljudi koji su se masovno odazvali pozivu i svoj vikend i slobodno vrijeme iskoristili za dobrobit svih gra\u0111ana Ulcinja. Razne Barijere, \u017ei\u010dane ograde i kapije se polako ali sigurno uklanjaju i sa Valdanosa. Valdanos je dugo vremena bio zatvoren, kao kakav koncetracioni logor, sa jednom ku\u0107icom &#8220;stra\u017earnicom&#8221; na samom ulazu. Ova &#8220;stra\u017earnica&#8221; je jo\u0161 uvijek tu, ali ve\u0107 joj se ljuljaju i tresu kapije&#8230; Slamanju svih ovih barijera, \u017eica, ograda, kao i otvaranje ove ru\u017ene kapije i stra\u017earnice na samom ulazu u Valdanos, je po mom mi\u0161ljenu proces koji je neminovan i nezaustaviv. Me\u0111utim, svakako klju\u010dnu ulogu u ovom procesu ima Mogul i D\u017eemal Perovi\u0107 na \u010delu.<\/div>\n<div><\/div>\n<div>\n<p data-ft=\"{&quot;tn&quot;:&quot;C&quot;}\"><strong><a id=\"js_32\" href=\"https:\/\/www.facebook.com\/ismet.karamanaga?hc_location=timeline\" data-hovercard=\"\/ajax\/hovercard\/user.php?id=1359492972&amp;extragetparams=%7B%22hc_location%22%3A%22timeline%22%7D\">Za vi\u0161e Fotro: Ismet Karamanaga Facebook<\/a><\/strong><\/p>\n<p data-ft=\"{&quot;tn&quot;:&quot;C&quot;}\"><!--YouTube Error: bad URL entered--><\/p>\n\n\t\t<style type=\"text\/css\">\n\t\t\t#gallery-1 {\n\t\t\t\tmargin: auto;\n\t\t\t}\n\t\t\t#gallery-1 .gallery-item {\n\t\t\t\tfloat: left;\n\t\t\t\tmargin-top: 10px;\n\t\t\t\ttext-align: center;\n\t\t\t\twidth: 33%;\n\t\t\t}\n\t\t\t#gallery-1 img {\n\t\t\t\tborder: 2px solid #cfcfcf;\n\t\t\t}\n\t\t\t#gallery-1 .gallery-caption {\n\t\t\t\tmargin-left: 0;\n\t\t\t}\n\t\t\t\/* see gallery_shortcode() in wp-includes\/media.php *\/\n\t\t<\/style>\n\t\t<div id='gallery-1' class='gallery galleryid-80541 gallery-columns-3 gallery-size-thumbnail'><dl class='gallery-item'>\n\t\t\t<dt class='gallery-icon landscape'>\n\t\t\t\t<a href='https:\/\/www.visit-ulcinj.com\/blog\/2014\/03\/10\/otvaranje-puta-za-maslinjake-valdanosa\/otvaranje-puta-za-maslinjake-valdanosa-1\/'><img width=\"150\" height=\"150\" src=\"https:\/\/www.visit-ulcinj.com\/blog\/wp-content\/uploads\/2014\/03\/Otvaranje-puta-za-maslinjake-Valdanosa-1-150x150.jpg\" class=\"attachment-thumbnail size-thumbnail\" alt=\"\" loading=\"lazy\" \/><\/a>\n\t\t\t<\/dt><\/dl><dl class='gallery-item'>\n\t\t\t<dt class='gallery-icon landscape'>\n\t\t\t\t<a href='https:\/\/www.visit-ulcinj.com\/blog\/2014\/03\/10\/otvaranje-puta-za-maslinjake-valdanosa\/otvaranje-puta-za-maslinjake-valdanosa-2\/'><img width=\"150\" height=\"150\" src=\"https:\/\/www.visit-ulcinj.com\/blog\/wp-content\/uploads\/2014\/03\/Otvaranje-puta-za-maslinjake-Valdanosa-2-150x150.jpg\" class=\"attachment-thumbnail size-thumbnail\" alt=\"\" loading=\"lazy\" \/><\/a>\n\t\t\t<\/dt><\/dl><dl class='gallery-item'>\n\t\t\t<dt class='gallery-icon landscape'>\n\t\t\t\t<a href='https:\/\/www.visit-ulcinj.com\/blog\/2014\/03\/10\/otvaranje-puta-za-maslinjake-valdanosa\/otvaranje-puta-za-maslinjake-valdanosa-3\/'><img width=\"150\" height=\"150\" src=\"https:\/\/www.visit-ulcinj.com\/blog\/wp-content\/uploads\/2014\/03\/Otvaranje-puta-za-maslinjake-Valdanosa-3-150x150.jpg\" class=\"attachment-thumbnail size-thumbnail\" alt=\"\" loading=\"lazy\" \/><\/a>\n\t\t\t<\/dt><\/dl><br style=\"clear: both\" \/>\n\t\t<\/div>\n\n<p data-ft=\"{&quot;tn&quot;:&quot;C&quot;}\">\n<\/div>\n","protected":false},"excerpt":{"rendered":"<p>VALDANOS 09.03.2014. Nastavak otvaranja puta prema centalnom dijelu maslinjaka Valdanosa. Vi\u0161e stotina gra\u0111ana i vlasnika oduzetih maslinjaka, \u010dlanova NGO sektora na \u010delu sa Mogulom i &#8220;nezamijenjivim &#8221; odborom za povra\u0107aj maslinade u Valdanosu, i danas je radilo na rskr\u0161\u0107avanju puta prema centralnom dijelu maslinade u Valdanosu. Akcija koja je zaista vrijedna, i koja \u0107e vjerujem [&hellip;]<\/p>\n","protected":false},"author":1,"featured_media":0,"comment_status":"closed","ping_status":"closed","sticky":false,"template":"","format":"standard","meta":{"spay_email":"","jetpack_publicize_message":"","jetpack_is_tweetstorm":false,"jetpack_publicize_feature_enabled":true},"categories":[8337],"tags":[],"jetpack_publicize_connections":[],"yoast_head":"<!-- This site is optimized with the Yoast SEO plugin v19.1 - https:\/\/yoast.com\/wordpress\/plugins\/seo\/ -->\n<title>Otvaranje puta za maslinjake Valdanosa - Video - Lajme nga Ulqini<\/title>\n<meta name=\"description\" content=\"VALDANOS 09.03.2014. Nastavak otvaranja puta prema centalnom dijelu maslinjaka Valdanosa. Vi\u0161e stotina gra\u0111ana i vlasnika oduzetih maslinjaka, \u010dlanova NGO\" \/>\n<meta name=\"robots\" content=\"index, follow, max-snippet:-1, max-image-preview:large, max-video-preview:-1\" \/>\n<link rel=\"canonical\" href=\"https:\/\/www.visit-ulcinj.com\/blog\/2014\/03\/10\/otvaranje-puta-za-maslinjake-valdanosa\/\" \/>\n<meta property=\"og:locale\" content=\"en_US\" \/>\n<meta property=\"og:type\" content=\"article\" \/>\n<meta property=\"og:title\" content=\"Otvaranje puta za maslinjake Valdanosa - Video - Lajme nga Ulqini\" \/>\n<meta property=\"og:description\" content=\"VALDANOS 09.03.2014. Nastavak otvaranja puta prema centalnom dijelu maslinjaka Valdanosa. Vi\u0161e stotina gra\u0111ana i vlasnika oduzetih maslinjaka, \u010dlanova NGO\" \/>\n<meta property=\"og:url\" content=\"https:\/\/www.visit-ulcinj.com\/blog\/2014\/03\/10\/otvaranje-puta-za-maslinjake-valdanosa\/\" \/>\n<meta property=\"og:site_name\" content=\"Lajme nga Ulqini\" \/>\n<meta property=\"article:published_time\" content=\"2014-03-10T08:33:22+00:00\" \/>\n<meta property=\"article:modified_time\" content=\"2014-03-13T14:29:29+00:00\" \/>\n<meta property=\"og:image\" content=\"https:\/\/www.visit-ulcinj.com\/blog\/wp-content\/uploads\/2014\/03\/Otvaranje-puta-za-maslinjake-Valdanosa-1-150x150.jpg\" \/>\n<meta name=\"twitter:label1\" content=\"Written by\" \/>\n\t<meta name=\"twitter:data1\" content=\"ulqini\" \/>\n\t<meta name=\"twitter:label2\" content=\"Est. reading time\" \/>\n\t<meta name=\"twitter:data2\" content=\"1 minute\" \/>\n<script type=\"application\/ld+json\" class=\"yoast-schema-graph\">{\"@context\":\"https:\/\/schema.org\",\"@graph\":[{\"@type\":\"WebSite\",\"@id\":\"https:\/\/www.visit-ulcinj.com\/blog\/#website\",\"url\":\"https:\/\/www.visit-ulcinj.com\/blog\/\",\"name\":\"Lajme nga Ulqini\",\"description\":\"Lajme,Vijesti,Ulqini,Ulqin,Crna Gora,Mali i Zi\",\"potentialAction\":[{\"@type\":\"SearchAction\",\"target\":{\"@type\":\"EntryPoint\",\"urlTemplate\":\"https:\/\/www.visit-ulcinj.com\/blog\/?s={search_term_string}\"},\"query-input\":\"required name=search_term_string\"}],\"inLanguage\":\"en-US\"},{\"@type\":\"ImageObject\",\"inLanguage\":\"en-US\",\"@id\":\"https:\/\/www.visit-ulcinj.com\/blog\/2014\/03\/10\/otvaranje-puta-za-maslinjake-valdanosa\/#primaryimage\",\"url\":\"https:\/\/www.visit-ulcinj.com\/blog\/wp-content\/uploads\/2014\/03\/Otvaranje-puta-za-maslinjake-Valdanosa.jpg\",\"contentUrl\":\"https:\/\/www.visit-ulcinj.com\/blog\/wp-content\/uploads\/2014\/03\/Otvaranje-puta-za-maslinjake-Valdanosa.jpg\",\"width\":960,\"height\":720},{\"@type\":\"WebPage\",\"@id\":\"https:\/\/www.visit-ulcinj.com\/blog\/2014\/03\/10\/otvaranje-puta-za-maslinjake-valdanosa\/#webpage\",\"url\":\"https:\/\/www.visit-ulcinj.com\/blog\/2014\/03\/10\/otvaranje-puta-za-maslinjake-valdanosa\/\",\"name\":\"Otvaranje puta za maslinjake Valdanosa - Video - Lajme nga Ulqini\",\"isPartOf\":{\"@id\":\"https:\/\/www.visit-ulcinj.com\/blog\/#website\"},\"primaryImageOfPage\":{\"@id\":\"https:\/\/www.visit-ulcinj.com\/blog\/2014\/03\/10\/otvaranje-puta-za-maslinjake-valdanosa\/#primaryimage\"},\"datePublished\":\"2014-03-10T08:33:22+00:00\",\"dateModified\":\"2014-03-13T14:29:29+00:00\",\"author\":{\"@id\":\"https:\/\/www.visit-ulcinj.com\/blog\/#\/schema\/person\/dcab619c614d3038751c63bc2aadc06d\"},\"description\":\"VALDANOS 09.03.2014. Nastavak otvaranja puta prema centalnom dijelu maslinjaka Valdanosa. Vi\u0161e stotina gra\u0111ana i vlasnika oduzetih maslinjaka, \u010dlanova NGO\",\"breadcrumb\":{\"@id\":\"https:\/\/www.visit-ulcinj.com\/blog\/2014\/03\/10\/otvaranje-puta-za-maslinjake-valdanosa\/#breadcrumb\"},\"inLanguage\":\"en-US\",\"potentialAction\":[{\"@type\":\"ReadAction\",\"target\":[\"https:\/\/www.visit-ulcinj.com\/blog\/2014\/03\/10\/otvaranje-puta-za-maslinjake-valdanosa\/\"]}]},{\"@type\":\"BreadcrumbList\",\"@id\":\"https:\/\/www.visit-ulcinj.com\/blog\/2014\/03\/10\/otvaranje-puta-za-maslinjake-valdanosa\/#breadcrumb\",\"itemListElement\":[{\"@type\":\"ListItem\",\"position\":1,\"name\":\"Otvaranje puta za maslinjake Valdanosa &#8211; Video\"}]},{\"@type\":\"Person\",\"@id\":\"https:\/\/www.visit-ulcinj.com\/blog\/#\/schema\/person\/dcab619c614d3038751c63bc2aadc06d\",\"name\":\"ulqini\",\"sameAs\":[\"http:\/\/www.visit-ulcinj.com\"],\"url\":\"https:\/\/www.visit-ulcinj.com\/blog\/author\/admin\/\"}]}<\/script>\n<!-- \/ Yoast SEO plugin. -->","yoast_head_json":{"title":"Otvaranje puta za maslinjake Valdanosa - Video - Lajme nga Ulqini","description":"VALDANOS 09.03.2014. Nastavak otvaranja puta prema centalnom dijelu maslinjaka Valdanosa. Vi\u0161e stotina gra\u0111ana i vlasnika oduzetih maslinjaka, \u010dlanova NGO","robots":{"index":"index","follow":"follow","max-snippet":"max-snippet:-1","max-image-preview":"max-image-preview:large","max-video-preview":"max-video-preview:-1"},"canonical":"https:\/\/www.visit-ulcinj.com\/blog\/2014\/03\/10\/otvaranje-puta-za-maslinjake-valdanosa\/","og_locale":"en_US","og_type":"article","og_title":"Otvaranje puta za maslinjake Valdanosa - Video - Lajme nga Ulqini","og_description":"VALDANOS 09.03.2014. Nastavak otvaranja puta prema centalnom dijelu maslinjaka Valdanosa. Vi\u0161e stotina gra\u0111ana i vlasnika oduzetih maslinjaka, \u010dlanova NGO","og_url":"https:\/\/www.visit-ulcinj.com\/blog\/2014\/03\/10\/otvaranje-puta-za-maslinjake-valdanosa\/","og_site_name":"Lajme nga Ulqini","article_published_time":"2014-03-10T08:33:22+00:00","article_modified_time":"2014-03-13T14:29:29+00:00","og_image":[{"url":"https:\/\/www.visit-ulcinj.com\/blog\/wp-content\/uploads\/2014\/03\/Otvaranje-puta-za-maslinjake-Valdanosa-1-150x150.jpg"}],"twitter_misc":{"Written by":"ulqini","Est. reading time":"1 minute"},"schema":{"@context":"https:\/\/schema.org","@graph":[{"@type":"WebSite","@id":"https:\/\/www.visit-ulcinj.com\/blog\/#website","url":"https:\/\/www.visit-ulcinj.com\/blog\/","name":"Lajme nga Ulqini","description":"Lajme,Vijesti,Ulqini,Ulqin,Crna Gora,Mali i Zi","potentialAction":[{"@type":"SearchAction","target":{"@type":"EntryPoint","urlTemplate":"https:\/\/www.visit-ulcinj.com\/blog\/?s={search_term_string}"},"query-input":"required name=search_term_string"}],"inLanguage":"en-US"},{"@type":"ImageObject","inLanguage":"en-US","@id":"https:\/\/www.visit-ulcinj.com\/blog\/2014\/03\/10\/otvaranje-puta-za-maslinjake-valdanosa\/#primaryimage","url":"https:\/\/www.visit-ulcinj.com\/blog\/wp-content\/uploads\/2014\/03\/Otvaranje-puta-za-maslinjake-Valdanosa.jpg","contentUrl":"https:\/\/www.visit-ulcinj.com\/blog\/wp-content\/uploads\/2014\/03\/Otvaranje-puta-za-maslinjake-Valdanosa.jpg","width":960,"height":720},{"@type":"WebPage","@id":"https:\/\/www.visit-ulcinj.com\/blog\/2014\/03\/10\/otvaranje-puta-za-maslinjake-valdanosa\/#webpage","url":"https:\/\/www.visit-ulcinj.com\/blog\/2014\/03\/10\/otvaranje-puta-za-maslinjake-valdanosa\/","name":"Otvaranje puta za maslinjake Valdanosa - Video - Lajme nga Ulqini","isPartOf":{"@id":"https:\/\/www.visit-ulcinj.com\/blog\/#website"},"primaryImageOfPage":{"@id":"https:\/\/www.visit-ulcinj.com\/blog\/2014\/03\/10\/otvaranje-puta-za-maslinjake-valdanosa\/#primaryimage"},"datePublished":"2014-03-10T08:33:22+00:00","dateModified":"2014-03-13T14:29:29+00:00","author":{"@id":"https:\/\/www.visit-ulcinj.com\/blog\/#\/schema\/person\/dcab619c614d3038751c63bc2aadc06d"},"description":"VALDANOS 09.03.2014. Nastavak otvaranja puta prema centalnom dijelu maslinjaka Valdanosa. Vi\u0161e stotina gra\u0111ana i vlasnika oduzetih maslinjaka, \u010dlanova NGO","breadcrumb":{"@id":"https:\/\/www.visit-ulcinj.com\/blog\/2014\/03\/10\/otvaranje-puta-za-maslinjake-valdanosa\/#breadcrumb"},"inLanguage":"en-US","potentialAction":[{"@type":"ReadAction","target":["https:\/\/www.visit-ulcinj.com\/blog\/2014\/03\/10\/otvaranje-puta-za-maslinjake-valdanosa\/"]}]},{"@type":"BreadcrumbList","@id":"https:\/\/www.visit-ulcinj.com\/blog\/2014\/03\/10\/otvaranje-puta-za-maslinjake-valdanosa\/#breadcrumb","itemListElement":[{"@type":"ListItem","position":1,"name":"Otvaranje puta za maslinjake Valdanosa &#8211; Video"}]},{"@type":"Person","@id":"https:\/\/www.visit-ulcinj.com\/blog\/#\/schema\/person\/dcab619c614d3038751c63bc2aadc06d","name":"ulqini","sameAs":["http:\/\/www.visit-ulcinj.com"],"url":"https:\/\/www.visit-ulcinj.com\/blog\/author\/admin\/"}]}},"jetpack_featured_media_url":"","jetpack_sharing_enabled":true,"jetpack_shortlink":"https:\/\/wp.me\/pe6lTn-kX3","_links":{"self":[{"href":"https:\/\/www.visit-ulcinj.com\/blog\/wp-json\/wp\/v2\/posts\/80541"}],"collection":[{"href":"https:\/\/www.visit-ulcinj.com\/blog\/wp-json\/wp\/v2\/posts"}],"about":[{"href":"https:\/\/www.visit-ulcinj.com\/blog\/wp-json\/wp\/v2\/types\/post"}],"author":[{"embeddable":true,"href":"https:\/\/www.visit-ulcinj.com\/blog\/wp-json\/wp\/v2\/users\/1"}],"replies":[{"embeddable":true,"href":"https:\/\/www.visit-ulcinj.com\/blog\/wp-json\/wp\/v2\/comments?post=80541"}],"version-history":[{"count":3,"href":"https:\/\/www.visit-ulcinj.com\/blog\/wp-json\/wp\/v2\/posts\/80541\/revisions"}],"predecessor-version":[{"id":80632,"href":"https:\/\/www.visit-ulcinj.com\/blog\/wp-json\/wp\/v2\/posts\/80541\/revisions\/80632"}],"wp:attachment":[{"href":"https:\/\/www.visit-ulcinj.com\/blog\/wp-json\/wp\/v2\/media?parent=80541"}],"wp:term":[{"taxonomy":"category","embeddable":true,"href":"https:\/\/www.visit-ulcinj.com\/blog\/wp-json\/wp\/v2\/categories?post=80541"},{"taxonomy":"post_tag","embeddable":true,"href":"https:\/\/www.visit-ulcinj.com\/blog\/wp-json\/wp\/v2\/tags?post=80541"}],"curies":[{"name":"wp","href":"https:\/\/api.w.org\/{rel}","templated":true}]}}