{"id":80548,"date":"2014-03-10T10:23:36","date_gmt":"2014-03-10T09:23:36","guid":{"rendered":"http:\/\/www.visit-ulcinj.com\/blog\/?p=80548"},"modified":"2014-03-10T10:23:36","modified_gmt":"2014-03-10T09:23:36","slug":"mbremje-ulqinake-ne-bern-16-mars-2014-ne-ora-1200","status":"publish","type":"post","link":"https:\/\/www.visit-ulcinj.com\/blog\/2014\/03\/10\/mbremje-ulqinake-ne-bern-16-mars-2014-ne-ora-1200\/","title":{"rendered":"Mbremje Ulqinake n\u00eb Bern m\u00eb 16. mars. 2014 n\u00eb ora 12:00"},"content":{"rendered":"<p><a href=\"http:\/\/www.visit-ulcinj.com\/blog\/wp-content\/uploads\/2014\/03\/Mbremje-Ulqinake-n\u00eb-Bern-m\u00eb-16.-mars.-2014.jpg\"><img loading=\"lazy\" class=\"alignleft  wp-image-80549\" alt=\"Mbremje Ulqinake n\u00eb Bern m\u00eb 16. mars. 2014\" src=\"http:\/\/www.visit-ulcinj.com\/blog\/wp-content\/uploads\/2014\/03\/Mbremje-Ulqinake-n\u00eb-Bern-m\u00eb-16.-mars.-2014.jpg\" width=\"508\" height=\"360\" \/><\/a>T\u00eb dielen, m\u00eb 16. mars. 2014 n\u00eb ora 12:00, n\u00eb restoranin &#8220;Ill Grissino&#8221; n\u00eb Bern, mbahet Mramja e Ulqinakve.<\/p>\n<p>Meny isht\u00eb &#8220;alla carte&#8221;, pra nuk ka meny t\u00eb caktumun. T\u00eb interesuarit t\u00eb paralajm\u00ebrohen n\u00eb nr. <strong>Mob.: 078-690 50 40;<\/strong><\/p>\n<p>T\u00eb Palajm\u00ebruarit nuk do t\u00eb merren para sysh.<br \/>\nP\u00ebrsh\u00ebndetje t\u00eb gjith\u00ebve<\/p>\n","protected":false},"excerpt":{"rendered":"<p>T\u00eb dielen, m\u00eb 16. mars. 2014 n\u00eb ora 12:00, n\u00eb restoranin &#8220;Ill Grissino&#8221; n\u00eb Bern, mbahet Mramja e Ulqinakve. Meny isht\u00eb &#8220;alla carte&#8221;, pra nuk ka meny t\u00eb caktumun. T\u00eb interesuarit t\u00eb paralajm\u00ebrohen n\u00eb nr. Mob.: 078-690 50 40; T\u00eb Palajm\u00ebruarit nuk do t\u00eb merren para sysh. P\u00ebrsh\u00ebndetje t\u00eb gjith\u00ebve<\/p>\n","protected":false},"author":1,"featured_media":0,"comment_status":"closed","ping_status":"closed","sticky":false,"template":"","format":"standard","meta":{"spay_email":"","jetpack_publicize_message":"","jetpack_is_tweetstorm":false,"jetpack_publicize_feature_enabled":true},"categories":[6950],"tags":[],"jetpack_publicize_connections":[],"yoast_head":"<!-- This site is optimized with the Yoast SEO plugin v19.1 - https:\/\/yoast.com\/wordpress\/plugins\/seo\/ -->\n<title>Mbremje Ulqinake n\u00eb Bern m\u00eb 16. mars. 2014 n\u00eb ora 12:00 - Lajme nga Ulqini<\/title>\n<meta name=\"description\" content=\"T\u00eb dielen, m\u00eb 16. mars. 2014 n\u00eb ora 12:00, n\u00eb restoranin &quot;Ill Grissino&quot; n\u00eb Bern, mbahet Mramja e Ulqinakve. Meny isht\u00eb &quot;alla carte&quot;, pra nuk ka meny t\u00eb\" \/>\n<meta name=\"robots\" content=\"index, follow, max-snippet:-1, max-image-preview:large, max-video-preview:-1\" \/>\n<link rel=\"canonical\" href=\"https:\/\/www.visit-ulcinj.com\/blog\/2014\/03\/10\/mbremje-ulqinake-ne-bern-16-mars-2014-ne-ora-1200\/\" \/>\n<meta property=\"og:locale\" content=\"en_US\" \/>\n<meta property=\"og:type\" content=\"article\" \/>\n<meta property=\"og:title\" content=\"Mbremje Ulqinake n\u00eb Bern m\u00eb 16. mars. 2014 n\u00eb ora 12:00 - Lajme nga Ulqini\" \/>\n<meta property=\"og:description\" content=\"T\u00eb dielen, m\u00eb 16. mars. 2014 n\u00eb ora 12:00, n\u00eb restoranin &quot;Ill Grissino&quot; n\u00eb Bern, mbahet Mramja e Ulqinakve. Meny isht\u00eb &quot;alla carte&quot;, pra nuk ka meny t\u00eb\" \/>\n<meta property=\"og:url\" content=\"https:\/\/www.visit-ulcinj.com\/blog\/2014\/03\/10\/mbremje-ulqinake-ne-bern-16-mars-2014-ne-ora-1200\/\" \/>\n<meta property=\"og:site_name\" content=\"Lajme nga Ulqini\" \/>\n<meta property=\"article:published_time\" content=\"2014-03-10T09:23:36+00:00\" \/>\n<meta name=\"twitter:label1\" content=\"Written by\" \/>\n\t<meta name=\"twitter:data1\" content=\"ulqini\" \/>\n<script type=\"application\/ld+json\" class=\"yoast-schema-graph\">{\"@context\":\"https:\/\/schema.org\",\"@graph\":[{\"@type\":\"WebSite\",\"@id\":\"https:\/\/www.visit-ulcinj.com\/blog\/#website\",\"url\":\"https:\/\/www.visit-ulcinj.com\/blog\/\",\"name\":\"Lajme nga Ulqini\",\"description\":\"Lajme,Vijesti,Ulqini,Ulqin,Crna Gora,Mali i Zi\",\"potentialAction\":[{\"@type\":\"SearchAction\",\"target\":{\"@type\":\"EntryPoint\",\"urlTemplate\":\"https:\/\/www.visit-ulcinj.com\/blog\/?s={search_term_string}\"},\"query-input\":\"required name=search_term_string\"}],\"inLanguage\":\"en-US\"},{\"@type\":\"WebPage\",\"@id\":\"https:\/\/www.visit-ulcinj.com\/blog\/2014\/03\/10\/mbremje-ulqinake-ne-bern-16-mars-2014-ne-ora-1200\/#webpage\",\"url\":\"https:\/\/www.visit-ulcinj.com\/blog\/2014\/03\/10\/mbremje-ulqinake-ne-bern-16-mars-2014-ne-ora-1200\/\",\"name\":\"Mbremje Ulqinake n\u00eb Bern m\u00eb 16. mars. 2014 n\u00eb ora 12:00 - Lajme nga Ulqini\",\"isPartOf\":{\"@id\":\"https:\/\/www.visit-ulcinj.com\/blog\/#website\"},\"datePublished\":\"2014-03-10T09:23:36+00:00\",\"dateModified\":\"2014-03-10T09:23:36+00:00\",\"author\":{\"@id\":\"https:\/\/www.visit-ulcinj.com\/blog\/#\/schema\/person\/dcab619c614d3038751c63bc2aadc06d\"},\"description\":\"T\u00eb dielen, m\u00eb 16. mars. 2014 n\u00eb ora 12:00, n\u00eb restoranin \\\"Ill Grissino\\\" n\u00eb Bern, mbahet Mramja e Ulqinakve. Meny isht\u00eb \\\"alla carte\\\", pra nuk ka meny t\u00eb\",\"breadcrumb\":{\"@id\":\"https:\/\/www.visit-ulcinj.com\/blog\/2014\/03\/10\/mbremje-ulqinake-ne-bern-16-mars-2014-ne-ora-1200\/#breadcrumb\"},\"inLanguage\":\"en-US\",\"potentialAction\":[{\"@type\":\"ReadAction\",\"target\":[\"https:\/\/www.visit-ulcinj.com\/blog\/2014\/03\/10\/mbremje-ulqinake-ne-bern-16-mars-2014-ne-ora-1200\/\"]}]},{\"@type\":\"BreadcrumbList\",\"@id\":\"https:\/\/www.visit-ulcinj.com\/blog\/2014\/03\/10\/mbremje-ulqinake-ne-bern-16-mars-2014-ne-ora-1200\/#breadcrumb\",\"itemListElement\":[{\"@type\":\"ListItem\",\"position\":1,\"name\":\"Mbremje Ulqinake n\u00eb Bern m\u00eb 16. mars. 2014 n\u00eb ora 12:00\"}]},{\"@type\":\"Person\",\"@id\":\"https:\/\/www.visit-ulcinj.com\/blog\/#\/schema\/person\/dcab619c614d3038751c63bc2aadc06d\",\"name\":\"ulqini\",\"sameAs\":[\"http:\/\/www.visit-ulcinj.com\"],\"url\":\"https:\/\/www.visit-ulcinj.com\/blog\/author\/admin\/\"}]}<\/script>\n<!-- \/ Yoast SEO plugin. -->","yoast_head_json":{"title":"Mbremje Ulqinake n\u00eb Bern m\u00eb 16. mars. 2014 n\u00eb ora 12:00 - Lajme nga Ulqini","description":"T\u00eb dielen, m\u00eb 16. mars. 2014 n\u00eb ora 12:00, n\u00eb restoranin \"Ill Grissino\" n\u00eb Bern, mbahet Mramja e Ulqinakve. Meny isht\u00eb \"alla carte\", pra nuk ka meny t\u00eb","robots":{"index":"index","follow":"follow","max-snippet":"max-snippet:-1","max-image-preview":"max-image-preview:large","max-video-preview":"max-video-preview:-1"},"canonical":"https:\/\/www.visit-ulcinj.com\/blog\/2014\/03\/10\/mbremje-ulqinake-ne-bern-16-mars-2014-ne-ora-1200\/","og_locale":"en_US","og_type":"article","og_title":"Mbremje Ulqinake n\u00eb Bern m\u00eb 16. mars. 2014 n\u00eb ora 12:00 - Lajme nga Ulqini","og_description":"T\u00eb dielen, m\u00eb 16. mars. 2014 n\u00eb ora 12:00, n\u00eb restoranin \"Ill Grissino\" n\u00eb Bern, mbahet Mramja e Ulqinakve. Meny isht\u00eb \"alla carte\", pra nuk ka meny t\u00eb","og_url":"https:\/\/www.visit-ulcinj.com\/blog\/2014\/03\/10\/mbremje-ulqinake-ne-bern-16-mars-2014-ne-ora-1200\/","og_site_name":"Lajme nga Ulqini","article_published_time":"2014-03-10T09:23:36+00:00","twitter_misc":{"Written by":"ulqini"},"schema":{"@context":"https:\/\/schema.org","@graph":[{"@type":"WebSite","@id":"https:\/\/www.visit-ulcinj.com\/blog\/#website","url":"https:\/\/www.visit-ulcinj.com\/blog\/","name":"Lajme nga Ulqini","description":"Lajme,Vijesti,Ulqini,Ulqin,Crna Gora,Mali i Zi","potentialAction":[{"@type":"SearchAction","target":{"@type":"EntryPoint","urlTemplate":"https:\/\/www.visit-ulcinj.com\/blog\/?s={search_term_string}"},"query-input":"required name=search_term_string"}],"inLanguage":"en-US"},{"@type":"WebPage","@id":"https:\/\/www.visit-ulcinj.com\/blog\/2014\/03\/10\/mbremje-ulqinake-ne-bern-16-mars-2014-ne-ora-1200\/#webpage","url":"https:\/\/www.visit-ulcinj.com\/blog\/2014\/03\/10\/mbremje-ulqinake-ne-bern-16-mars-2014-ne-ora-1200\/","name":"Mbremje Ulqinake n\u00eb Bern m\u00eb 16. mars. 2014 n\u00eb ora 12:00 - Lajme nga Ulqini","isPartOf":{"@id":"https:\/\/www.visit-ulcinj.com\/blog\/#website"},"datePublished":"2014-03-10T09:23:36+00:00","dateModified":"2014-03-10T09:23:36+00:00","author":{"@id":"https:\/\/www.visit-ulcinj.com\/blog\/#\/schema\/person\/dcab619c614d3038751c63bc2aadc06d"},"description":"T\u00eb dielen, m\u00eb 16. mars. 2014 n\u00eb ora 12:00, n\u00eb restoranin \"Ill Grissino\" n\u00eb Bern, mbahet Mramja e Ulqinakve. Meny isht\u00eb \"alla carte\", pra nuk ka meny t\u00eb","breadcrumb":{"@id":"https:\/\/www.visit-ulcinj.com\/blog\/2014\/03\/10\/mbremje-ulqinake-ne-bern-16-mars-2014-ne-ora-1200\/#breadcrumb"},"inLanguage":"en-US","potentialAction":[{"@type":"ReadAction","target":["https:\/\/www.visit-ulcinj.com\/blog\/2014\/03\/10\/mbremje-ulqinake-ne-bern-16-mars-2014-ne-ora-1200\/"]}]},{"@type":"BreadcrumbList","@id":"https:\/\/www.visit-ulcinj.com\/blog\/2014\/03\/10\/mbremje-ulqinake-ne-bern-16-mars-2014-ne-ora-1200\/#breadcrumb","itemListElement":[{"@type":"ListItem","position":1,"name":"Mbremje Ulqinake n\u00eb Bern m\u00eb 16. mars. 2014 n\u00eb ora 12:00"}]},{"@type":"Person","@id":"https:\/\/www.visit-ulcinj.com\/blog\/#\/schema\/person\/dcab619c614d3038751c63bc2aadc06d","name":"ulqini","sameAs":["http:\/\/www.visit-ulcinj.com"],"url":"https:\/\/www.visit-ulcinj.com\/blog\/author\/admin\/"}]}},"jetpack_featured_media_url":"","jetpack_sharing_enabled":true,"jetpack_shortlink":"https:\/\/wp.me\/pe6lTn-kXa","_links":{"self":[{"href":"https:\/\/www.visit-ulcinj.com\/blog\/wp-json\/wp\/v2\/posts\/80548"}],"collection":[{"href":"https:\/\/www.visit-ulcinj.com\/blog\/wp-json\/wp\/v2\/posts"}],"about":[{"href":"https:\/\/www.visit-ulcinj.com\/blog\/wp-json\/wp\/v2\/types\/post"}],"author":[{"embeddable":true,"href":"https:\/\/www.visit-ulcinj.com\/blog\/wp-json\/wp\/v2\/users\/1"}],"replies":[{"embeddable":true,"href":"https:\/\/www.visit-ulcinj.com\/blog\/wp-json\/wp\/v2\/comments?post=80548"}],"version-history":[{"count":1,"href":"https:\/\/www.visit-ulcinj.com\/blog\/wp-json\/wp\/v2\/posts\/80548\/revisions"}],"predecessor-version":[{"id":80550,"href":"https:\/\/www.visit-ulcinj.com\/blog\/wp-json\/wp\/v2\/posts\/80548\/revisions\/80550"}],"wp:attachment":[{"href":"https:\/\/www.visit-ulcinj.com\/blog\/wp-json\/wp\/v2\/media?parent=80548"}],"wp:term":[{"taxonomy":"category","embeddable":true,"href":"https:\/\/www.visit-ulcinj.com\/blog\/wp-json\/wp\/v2\/categories?post=80548"},{"taxonomy":"post_tag","embeddable":true,"href":"https:\/\/www.visit-ulcinj.com\/blog\/wp-json\/wp\/v2\/tags?post=80548"}],"curies":[{"name":"wp","href":"https:\/\/api.w.org\/{rel}","templated":true}]}}