{"id":80558,"date":"2014-03-10T12:41:47","date_gmt":"2014-03-10T11:41:47","guid":{"rendered":"http:\/\/www.visit-ulcinj.com\/blog\/?p=80558"},"modified":"2014-03-10T19:20:34","modified_gmt":"2014-03-10T18:20:34","slug":"vukadinovic-ulcinj-je-trebalo-da-bude-opomena-dps-u","status":"publish","type":"post","link":"https:\/\/www.visit-ulcinj.com\/blog\/2014\/03\/10\/vukadinovic-ulcinj-je-trebalo-da-bude-opomena-dps-u\/","title":{"rendered":"Vukadinovi\u0107: Ulcinj je trebalo da bude opomena DPS-u"},"content":{"rendered":"<p><em><a href=\"http:\/\/www.visit-ulcinj.com\/blog\/wp-content\/uploads\/2014\/03\/Srdjan-Vukadinovic-analiticar-1.jpg\"><img loading=\"lazy\" class=\"alignleft  wp-image-80559\" alt=\"Srdjan-Vukadinovic-analiticar-1\" src=\"http:\/\/www.visit-ulcinj.com\/blog\/wp-content\/uploads\/2014\/03\/Srdjan-Vukadinovic-analiticar-1.jpg\" width=\"508\" height=\"360\" \/><\/a>Mora se naglasiti da je 18 prema 17 jedna nestabilna ve\u0107ina u lokalnom parlamentu, koja veoma brzo mo\u017ee da prevagne na drugu stranu<\/em><\/p>\n<p><strong>PODGORICA \u2013 Rezultat izbora u Beranama\u00a0 je <\/strong><strong>o\u010dekivan iz tri razloga \u2013 jer se dio glasova za DPS odlio formiranjem op\u0161tine Petnjica, gra\u0111ani su kaznili autisti\u010dnu vlast koja nije na pravi na\u010din percipirala lokalne probleme, a opozicija je pokazala da ima novu politi\u010dku strategiju, kazao je za Pobjedu politi\u010dki analiti\u010dar Sr\u0111an Vukadinovi\u0107.<\/strong><\/p>\n<p>On navodi da je koalicija DPS-SDP formiranjem op\u0161tine Petnjica izgubila skoro 15 odsto bira\u010dkog tijela i da je to bilo te\u0161ko nadomjestiti u \u010dvrsto strukturiranoj glasa\u010dkoj bazi u Beranama, naro\u010dito u odvojenom nastupu.<\/p>\n<p>&#8211; Incident na Vasovim vodama i posljedice koje su se kasnije desile pro\u0161li su bez utvr\u0111ivanja odgovornosti. Pokazalo se da lokalna vlast nije imala sluha za te probleme. Predstavnici lokalne vlasti bili su okrenuti vi\u0161e svojim li\u010dnim interesima i nepotizmu nego dobrobiti grada, a to se sve vratilo kao bumerang DPS-u koji je izgubio odre\u0111eni broj glasova \u2013 kazao je Vukadinovi\u0107.<\/p>\n<p>Analiti\u010dar navodi da je ovo najbolji primjer kako bi gra\u0111ani trebalo da ka\u017enjavaju lokalnu vlast koja ne ispunjava svoje obaveze, jer se ,,ne mo\u017eemo baviti visokom politikom dok grad tone sve dublje u probleme\u201c.<\/p>\n<p>Kada je rije\u010d o opoziciji, Vukadinovi\u0107 smatra da SNP ne bi trebala da ima osje\u0107aj da je pobijedila i da \u0107e, gledaju\u0107i dugoro\u010dno, ona biti gubitnik izbora.<\/p>\n<p>&#8211; Ovo mo\u017ee imati posljedica po politi\u010dki individualitet SNP, jer postoji mogu\u0107nost da bude usisana u Demokratski front. Mnoge partije ne znaju svoj izborni kapacitet na ovim izborima, pa se pobjedni\u010dkom mo\u017ee smatrati DPS koja je samostalno osvojila najve\u0107i broj mandata &#8211;\u00a0 kazao je Vukadinovi\u0107.<\/p>\n<p>Prema njegovim rije\u010dima, najve\u0107i gubitnik je, ipak, SDP koje vi\u0161e nema u strukturi vlasti u Beranama ,,iako su smatrali da bez njih ne\u0107e biti mogu\u0107e konstituisati op\u0161tinsku vlast\u201c.<\/p>\n<p>&#8211; Trend rasta zapo\u010det na Cetinju, Petnjici, Mojkovcu zaustavljen je u Ulcinju. To je trebalo da bude signal DPS da opozicione partije prave druga\u010diju strategiju nastupa, koja vidimo da daje neke rezultate \u2013 upozorava Vukadinovi\u0107.<\/p>\n<p>&#8211; Ipak, mora se naglasiti da je 18 prema 17 jedna nestabilna ve\u0107ina u lokalnom parlamentu, koja veoma brzo mo\u017ee da prevagne na drugu stranu s obzirom na to da je rije\u010d o jednoj vrlo heterogenoj grupaciji koja svaki \u010das mo\u017ee da se ospe sa jednim ili dva mandata. Na drugoj strani imate \u010dvrstu strukturu DPS-a &#8211;\u00a0 zaklju\u010dio je Vukadinovi\u0107.<\/p>\n<p align=\"right\"><em><strong>D.\u0106.<\/strong><\/em><\/p>\n<p align=\"right\"><strong>Izvor: POBJEDA<\/strong><\/p>\n","protected":false},"excerpt":{"rendered":"<p>Mora se naglasiti da je 18 prema 17 jedna nestabilna ve\u0107ina u lokalnom parlamentu, koja veoma brzo mo\u017ee da prevagne na drugu stranu PODGORICA \u2013 Rezultat izbora u Beranama\u00a0 je o\u010dekivan iz tri razloga \u2013 jer se dio glasova za DPS odlio formiranjem op\u0161tine Petnjica, gra\u0111ani su kaznili autisti\u010dnu vlast koja nije na pravi na\u010din [&hellip;]<\/p>\n","protected":false},"author":1,"featured_media":0,"comment_status":"closed","ping_status":"closed","sticky":false,"template":"","format":"standard","meta":{"spay_email":"","jetpack_publicize_message":"","jetpack_is_tweetstorm":false,"jetpack_publicize_feature_enabled":true},"categories":[8337],"tags":[],"jetpack_publicize_connections":[],"yoast_head":"<!-- This site is optimized with the Yoast SEO plugin v19.1 - https:\/\/yoast.com\/wordpress\/plugins\/seo\/ -->\n<title>Vukadinovi\u0107: Ulcinj je trebalo da bude opomena DPS-u - Lajme nga Ulqini<\/title>\n<meta name=\"description\" content=\"Mora se naglasiti da je 18 prema 17 jedna nestabilna ve\u0107ina u lokalnom parlamentu, koja veoma brzo mo\u017ee da prevagne na drugu stranu PODGORICA \u2013 Rezultat\" \/>\n<meta name=\"robots\" content=\"index, follow, max-snippet:-1, max-image-preview:large, max-video-preview:-1\" \/>\n<link rel=\"canonical\" href=\"https:\/\/www.visit-ulcinj.com\/blog\/2014\/03\/10\/vukadinovic-ulcinj-je-trebalo-da-bude-opomena-dps-u\/\" \/>\n<meta property=\"og:locale\" content=\"en_US\" \/>\n<meta property=\"og:type\" content=\"article\" \/>\n<meta property=\"og:title\" content=\"Vukadinovi\u0107: Ulcinj je trebalo da bude opomena DPS-u - Lajme nga Ulqini\" \/>\n<meta property=\"og:description\" content=\"Mora se naglasiti da je 18 prema 17 jedna nestabilna ve\u0107ina u lokalnom parlamentu, koja veoma brzo mo\u017ee da prevagne na drugu stranu PODGORICA \u2013 Rezultat\" \/>\n<meta property=\"og:url\" content=\"https:\/\/www.visit-ulcinj.com\/blog\/2014\/03\/10\/vukadinovic-ulcinj-je-trebalo-da-bude-opomena-dps-u\/\" \/>\n<meta property=\"og:site_name\" content=\"Lajme nga Ulqini\" \/>\n<meta property=\"article:published_time\" content=\"2014-03-10T11:41:47+00:00\" \/>\n<meta property=\"article:modified_time\" content=\"2014-03-10T18:20:34+00:00\" \/>\n<meta property=\"og:image\" content=\"http:\/\/www.visit-ulcinj.com\/blog\/wp-content\/uploads\/2014\/03\/Srdjan-Vukadinovic-analiticar-1.jpg\" \/>\n<meta name=\"twitter:label1\" content=\"Written by\" \/>\n\t<meta name=\"twitter:data1\" content=\"ulqini\" \/>\n\t<meta name=\"twitter:label2\" content=\"Est. reading time\" \/>\n\t<meta name=\"twitter:data2\" content=\"2 minutes\" \/>\n<script type=\"application\/ld+json\" class=\"yoast-schema-graph\">{\"@context\":\"https:\/\/schema.org\",\"@graph\":[{\"@type\":\"WebSite\",\"@id\":\"https:\/\/www.visit-ulcinj.com\/blog\/#website\",\"url\":\"https:\/\/www.visit-ulcinj.com\/blog\/\",\"name\":\"Lajme nga Ulqini\",\"description\":\"Lajme,Vijesti,Ulqini,Ulqin,Crna Gora,Mali i Zi\",\"potentialAction\":[{\"@type\":\"SearchAction\",\"target\":{\"@type\":\"EntryPoint\",\"urlTemplate\":\"https:\/\/www.visit-ulcinj.com\/blog\/?s={search_term_string}\"},\"query-input\":\"required name=search_term_string\"}],\"inLanguage\":\"en-US\"},{\"@type\":\"ImageObject\",\"inLanguage\":\"en-US\",\"@id\":\"https:\/\/www.visit-ulcinj.com\/blog\/2014\/03\/10\/vukadinovic-ulcinj-je-trebalo-da-bude-opomena-dps-u\/#primaryimage\",\"url\":\"https:\/\/www.visit-ulcinj.com\/blog\/wp-content\/uploads\/2014\/03\/Srdjan-Vukadinovic-analiticar-1.jpg\",\"contentUrl\":\"https:\/\/www.visit-ulcinj.com\/blog\/wp-content\/uploads\/2014\/03\/Srdjan-Vukadinovic-analiticar-1.jpg\",\"width\":640,\"height\":425},{\"@type\":\"WebPage\",\"@id\":\"https:\/\/www.visit-ulcinj.com\/blog\/2014\/03\/10\/vukadinovic-ulcinj-je-trebalo-da-bude-opomena-dps-u\/#webpage\",\"url\":\"https:\/\/www.visit-ulcinj.com\/blog\/2014\/03\/10\/vukadinovic-ulcinj-je-trebalo-da-bude-opomena-dps-u\/\",\"name\":\"Vukadinovi\u0107: Ulcinj je trebalo da bude opomena DPS-u - Lajme nga Ulqini\",\"isPartOf\":{\"@id\":\"https:\/\/www.visit-ulcinj.com\/blog\/#website\"},\"primaryImageOfPage\":{\"@id\":\"https:\/\/www.visit-ulcinj.com\/blog\/2014\/03\/10\/vukadinovic-ulcinj-je-trebalo-da-bude-opomena-dps-u\/#primaryimage\"},\"datePublished\":\"2014-03-10T11:41:47+00:00\",\"dateModified\":\"2014-03-10T18:20:34+00:00\",\"author\":{\"@id\":\"https:\/\/www.visit-ulcinj.com\/blog\/#\/schema\/person\/dcab619c614d3038751c63bc2aadc06d\"},\"description\":\"Mora se naglasiti da je 18 prema 17 jedna nestabilna ve\u0107ina u lokalnom parlamentu, koja veoma brzo mo\u017ee da prevagne na drugu stranu PODGORICA \u2013 Rezultat\",\"breadcrumb\":{\"@id\":\"https:\/\/www.visit-ulcinj.com\/blog\/2014\/03\/10\/vukadinovic-ulcinj-je-trebalo-da-bude-opomena-dps-u\/#breadcrumb\"},\"inLanguage\":\"en-US\",\"potentialAction\":[{\"@type\":\"ReadAction\",\"target\":[\"https:\/\/www.visit-ulcinj.com\/blog\/2014\/03\/10\/vukadinovic-ulcinj-je-trebalo-da-bude-opomena-dps-u\/\"]}]},{\"@type\":\"BreadcrumbList\",\"@id\":\"https:\/\/www.visit-ulcinj.com\/blog\/2014\/03\/10\/vukadinovic-ulcinj-je-trebalo-da-bude-opomena-dps-u\/#breadcrumb\",\"itemListElement\":[{\"@type\":\"ListItem\",\"position\":1,\"name\":\"Vukadinovi\u0107: Ulcinj je trebalo da bude opomena DPS-u\"}]},{\"@type\":\"Person\",\"@id\":\"https:\/\/www.visit-ulcinj.com\/blog\/#\/schema\/person\/dcab619c614d3038751c63bc2aadc06d\",\"name\":\"ulqini\",\"sameAs\":[\"http:\/\/www.visit-ulcinj.com\"],\"url\":\"https:\/\/www.visit-ulcinj.com\/blog\/author\/admin\/\"}]}<\/script>\n<!-- \/ Yoast SEO plugin. -->","yoast_head_json":{"title":"Vukadinovi\u0107: Ulcinj je trebalo da bude opomena DPS-u - Lajme nga Ulqini","description":"Mora se naglasiti da je 18 prema 17 jedna nestabilna ve\u0107ina u lokalnom parlamentu, koja veoma brzo mo\u017ee da prevagne na drugu stranu PODGORICA \u2013 Rezultat","robots":{"index":"index","follow":"follow","max-snippet":"max-snippet:-1","max-image-preview":"max-image-preview:large","max-video-preview":"max-video-preview:-1"},"canonical":"https:\/\/www.visit-ulcinj.com\/blog\/2014\/03\/10\/vukadinovic-ulcinj-je-trebalo-da-bude-opomena-dps-u\/","og_locale":"en_US","og_type":"article","og_title":"Vukadinovi\u0107: Ulcinj je trebalo da bude opomena DPS-u - Lajme nga Ulqini","og_description":"Mora se naglasiti da je 18 prema 17 jedna nestabilna ve\u0107ina u lokalnom parlamentu, koja veoma brzo mo\u017ee da prevagne na drugu stranu PODGORICA \u2013 Rezultat","og_url":"https:\/\/www.visit-ulcinj.com\/blog\/2014\/03\/10\/vukadinovic-ulcinj-je-trebalo-da-bude-opomena-dps-u\/","og_site_name":"Lajme nga Ulqini","article_published_time":"2014-03-10T11:41:47+00:00","article_modified_time":"2014-03-10T18:20:34+00:00","og_image":[{"url":"http:\/\/www.visit-ulcinj.com\/blog\/wp-content\/uploads\/2014\/03\/Srdjan-Vukadinovic-analiticar-1.jpg"}],"twitter_misc":{"Written by":"ulqini","Est. reading time":"2 minutes"},"schema":{"@context":"https:\/\/schema.org","@graph":[{"@type":"WebSite","@id":"https:\/\/www.visit-ulcinj.com\/blog\/#website","url":"https:\/\/www.visit-ulcinj.com\/blog\/","name":"Lajme nga Ulqini","description":"Lajme,Vijesti,Ulqini,Ulqin,Crna Gora,Mali i Zi","potentialAction":[{"@type":"SearchAction","target":{"@type":"EntryPoint","urlTemplate":"https:\/\/www.visit-ulcinj.com\/blog\/?s={search_term_string}"},"query-input":"required name=search_term_string"}],"inLanguage":"en-US"},{"@type":"ImageObject","inLanguage":"en-US","@id":"https:\/\/www.visit-ulcinj.com\/blog\/2014\/03\/10\/vukadinovic-ulcinj-je-trebalo-da-bude-opomena-dps-u\/#primaryimage","url":"https:\/\/www.visit-ulcinj.com\/blog\/wp-content\/uploads\/2014\/03\/Srdjan-Vukadinovic-analiticar-1.jpg","contentUrl":"https:\/\/www.visit-ulcinj.com\/blog\/wp-content\/uploads\/2014\/03\/Srdjan-Vukadinovic-analiticar-1.jpg","width":640,"height":425},{"@type":"WebPage","@id":"https:\/\/www.visit-ulcinj.com\/blog\/2014\/03\/10\/vukadinovic-ulcinj-je-trebalo-da-bude-opomena-dps-u\/#webpage","url":"https:\/\/www.visit-ulcinj.com\/blog\/2014\/03\/10\/vukadinovic-ulcinj-je-trebalo-da-bude-opomena-dps-u\/","name":"Vukadinovi\u0107: Ulcinj je trebalo da bude opomena DPS-u - Lajme nga Ulqini","isPartOf":{"@id":"https:\/\/www.visit-ulcinj.com\/blog\/#website"},"primaryImageOfPage":{"@id":"https:\/\/www.visit-ulcinj.com\/blog\/2014\/03\/10\/vukadinovic-ulcinj-je-trebalo-da-bude-opomena-dps-u\/#primaryimage"},"datePublished":"2014-03-10T11:41:47+00:00","dateModified":"2014-03-10T18:20:34+00:00","author":{"@id":"https:\/\/www.visit-ulcinj.com\/blog\/#\/schema\/person\/dcab619c614d3038751c63bc2aadc06d"},"description":"Mora se naglasiti da je 18 prema 17 jedna nestabilna ve\u0107ina u lokalnom parlamentu, koja veoma brzo mo\u017ee da prevagne na drugu stranu PODGORICA \u2013 Rezultat","breadcrumb":{"@id":"https:\/\/www.visit-ulcinj.com\/blog\/2014\/03\/10\/vukadinovic-ulcinj-je-trebalo-da-bude-opomena-dps-u\/#breadcrumb"},"inLanguage":"en-US","potentialAction":[{"@type":"ReadAction","target":["https:\/\/www.visit-ulcinj.com\/blog\/2014\/03\/10\/vukadinovic-ulcinj-je-trebalo-da-bude-opomena-dps-u\/"]}]},{"@type":"BreadcrumbList","@id":"https:\/\/www.visit-ulcinj.com\/blog\/2014\/03\/10\/vukadinovic-ulcinj-je-trebalo-da-bude-opomena-dps-u\/#breadcrumb","itemListElement":[{"@type":"ListItem","position":1,"name":"Vukadinovi\u0107: Ulcinj je trebalo da bude opomena DPS-u"}]},{"@type":"Person","@id":"https:\/\/www.visit-ulcinj.com\/blog\/#\/schema\/person\/dcab619c614d3038751c63bc2aadc06d","name":"ulqini","sameAs":["http:\/\/www.visit-ulcinj.com"],"url":"https:\/\/www.visit-ulcinj.com\/blog\/author\/admin\/"}]}},"jetpack_featured_media_url":"","jetpack_sharing_enabled":true,"jetpack_shortlink":"https:\/\/wp.me\/pe6lTn-kXk","_links":{"self":[{"href":"https:\/\/www.visit-ulcinj.com\/blog\/wp-json\/wp\/v2\/posts\/80558"}],"collection":[{"href":"https:\/\/www.visit-ulcinj.com\/blog\/wp-json\/wp\/v2\/posts"}],"about":[{"href":"https:\/\/www.visit-ulcinj.com\/blog\/wp-json\/wp\/v2\/types\/post"}],"author":[{"embeddable":true,"href":"https:\/\/www.visit-ulcinj.com\/blog\/wp-json\/wp\/v2\/users\/1"}],"replies":[{"embeddable":true,"href":"https:\/\/www.visit-ulcinj.com\/blog\/wp-json\/wp\/v2\/comments?post=80558"}],"version-history":[{"count":1,"href":"https:\/\/www.visit-ulcinj.com\/blog\/wp-json\/wp\/v2\/posts\/80558\/revisions"}],"predecessor-version":[{"id":80560,"href":"https:\/\/www.visit-ulcinj.com\/blog\/wp-json\/wp\/v2\/posts\/80558\/revisions\/80560"}],"wp:attachment":[{"href":"https:\/\/www.visit-ulcinj.com\/blog\/wp-json\/wp\/v2\/media?parent=80558"}],"wp:term":[{"taxonomy":"category","embeddable":true,"href":"https:\/\/www.visit-ulcinj.com\/blog\/wp-json\/wp\/v2\/categories?post=80558"},{"taxonomy":"post_tag","embeddable":true,"href":"https:\/\/www.visit-ulcinj.com\/blog\/wp-json\/wp\/v2\/tags?post=80558"}],"curies":[{"name":"wp","href":"https:\/\/api.w.org\/{rel}","templated":true}]}}