{"id":80561,"date":"2014-03-10T12:49:22","date_gmt":"2014-03-10T11:49:22","guid":{"rendered":"http:\/\/www.visit-ulcinj.com\/blog\/?p=80561"},"modified":"2014-03-13T15:15:04","modified_gmt":"2014-03-13T14:15:04","slug":"dps-ulcinj-sugradankama-cestitao-praznik-zena","status":"publish","type":"post","link":"https:\/\/www.visit-ulcinj.com\/blog\/2014\/03\/10\/dps-ulcinj-sugradankama-cestitao-praznik-zena\/","title":{"rendered":"DPS Ulcinj sugra\u0111ankama \u010destitao Praznik \u017eena"},"content":{"rendered":"<p><a href=\"http:\/\/www.visit-ulcinj.com\/blog\/wp-content\/uploads\/2014\/03\/DPS_Ulcinj_8_mart_2014.jpg\"><img loading=\"lazy\" class=\"alignleft  wp-image-80562\" alt=\"DPS_Ulcinj_8_mart_2014\" src=\"http:\/\/www.visit-ulcinj.com\/blog\/wp-content\/uploads\/2014\/03\/DPS_Ulcinj_8_mart_2014.jpg\" width=\"508\" height=\"360\" \/><\/a><strong>Savjet mladih DPS Ulcinj sugra\u0111ankama \u010destitao Praznik \u017eena<\/strong><\/p>\n<p>U susret 8. martu Savjet mladih DPS Ulcinja organizovao je akciju na Maloj pla\u017ei gdje je prigodnim poklonima darovao sugra\u0111anke.<\/p>\n<p>&nbsp;<\/p>\n<p>Savjeta mladih DPS Ulcinja je ovim povodom i \u010dlanicama Izvr\u0161nog odbora \u017dAD-a poklonio buket cvije\u0107a.<\/p>\n<p><a href=\"http:\/\/www.visit-ulcinj.com\/blog\/wp-content\/uploads\/2014\/03\/DPS_Ulcinj_8_mart_2014-1.jpg\"><img loading=\"lazy\" class=\"alignleft  wp-image-80565\" alt=\"DPS_Ulcinj_8_mart_2014-1\" src=\"http:\/\/www.visit-ulcinj.com\/blog\/wp-content\/uploads\/2014\/03\/DPS_Ulcinj_8_mart_2014-1.jpg\" width=\"508\" height=\"360\" \/><\/a><\/p>\n<p>Akciju kojom su obradovane gra\u0111anke podrzao je i predsjednik Op\u0161tinskog odbora DPS Ulcinj Loro Nreki\u0107.<\/p>\n<p><a href=\"http:\/\/www.visit-ulcinj.com\/blog\/wp-content\/uploads\/2014\/03\/Predsjednik-OO-DPS-ULCINJ-g-din-Nrekic-cestita-8.mart_.jpg\"><img loading=\"lazy\" class=\"alignleft  wp-image-80563\" alt=\"Predsjednik OO DPS ULCINJ g-din Nrekic cestita 8.mart\" src=\"http:\/\/www.visit-ulcinj.com\/blog\/wp-content\/uploads\/2014\/03\/Predsjednik-OO-DPS-ULCINJ-g-din-Nrekic-cestita-8.mart_.jpg\" width=\"508\" height=\"600\" \/><\/a><\/p>\n<p>Predsjednik OO DPS ULCINJ g-din Nrekic cestita 8.mart<\/p>\n<p><strong>Izvor: dps.me<\/strong><\/p>\n","protected":false},"excerpt":{"rendered":"<p>Savjet mladih DPS Ulcinj sugra\u0111ankama \u010destitao Praznik \u017eena U susret 8. martu Savjet mladih DPS Ulcinja organizovao je akciju na Maloj pla\u017ei gdje je prigodnim poklonima darovao sugra\u0111anke. &nbsp; Savjeta mladih DPS Ulcinja je ovim povodom i \u010dlanicama Izvr\u0161nog odbora \u017dAD-a poklonio buket cvije\u0107a. Akciju kojom su obradovane gra\u0111anke podrzao je i predsjednik Op\u0161tinskog odbora [&hellip;]<\/p>\n","protected":false},"author":1,"featured_media":0,"comment_status":"closed","ping_status":"closed","sticky":false,"template":"","format":"standard","meta":{"spay_email":"","jetpack_publicize_message":"","jetpack_is_tweetstorm":false,"jetpack_publicize_feature_enabled":true},"categories":[8337],"tags":[],"jetpack_publicize_connections":[],"yoast_head":"<!-- This site is optimized with the Yoast SEO plugin v19.1 - https:\/\/yoast.com\/wordpress\/plugins\/seo\/ -->\n<title>DPS Ulcinj sugra\u0111ankama \u010destitao Praznik \u017eena - Lajme nga Ulqini<\/title>\n<meta name=\"description\" content=\"Savjet mladih DPS Ulcinj sugra\u0111ankama \u010destitao Praznik \u017eena U susret 8. martu Savjet mladih DPS Ulcinja organizovao je akciju na Maloj pla\u017ei gdje je\" \/>\n<meta name=\"robots\" content=\"index, follow, max-snippet:-1, max-image-preview:large, max-video-preview:-1\" \/>\n<link rel=\"canonical\" href=\"https:\/\/www.visit-ulcinj.com\/blog\/2014\/03\/10\/dps-ulcinj-sugradankama-cestitao-praznik-zena\/\" \/>\n<meta property=\"og:locale\" content=\"en_US\" \/>\n<meta property=\"og:type\" content=\"article\" \/>\n<meta property=\"og:title\" content=\"DPS Ulcinj sugra\u0111ankama \u010destitao Praznik \u017eena - Lajme nga Ulqini\" \/>\n<meta property=\"og:description\" content=\"Savjet mladih DPS Ulcinj sugra\u0111ankama \u010destitao Praznik \u017eena U susret 8. martu Savjet mladih DPS Ulcinja organizovao je akciju na Maloj pla\u017ei gdje je\" \/>\n<meta property=\"og:url\" content=\"https:\/\/www.visit-ulcinj.com\/blog\/2014\/03\/10\/dps-ulcinj-sugradankama-cestitao-praznik-zena\/\" \/>\n<meta property=\"og:site_name\" content=\"Lajme nga Ulqini\" \/>\n<meta property=\"article:published_time\" content=\"2014-03-10T11:49:22+00:00\" \/>\n<meta property=\"article:modified_time\" content=\"2014-03-13T14:15:04+00:00\" \/>\n<meta property=\"og:image\" content=\"http:\/\/www.visit-ulcinj.com\/blog\/wp-content\/uploads\/2014\/03\/DPS_Ulcinj_8_mart_2014.jpg\" \/>\n<meta name=\"twitter:label1\" content=\"Written by\" \/>\n\t<meta name=\"twitter:data1\" content=\"ulqini\" \/>\n<script type=\"application\/ld+json\" class=\"yoast-schema-graph\">{\"@context\":\"https:\/\/schema.org\",\"@graph\":[{\"@type\":\"WebSite\",\"@id\":\"https:\/\/www.visit-ulcinj.com\/blog\/#website\",\"url\":\"https:\/\/www.visit-ulcinj.com\/blog\/\",\"name\":\"Lajme nga Ulqini\",\"description\":\"Lajme,Vijesti,Ulqini,Ulqin,Crna Gora,Mali i Zi\",\"potentialAction\":[{\"@type\":\"SearchAction\",\"target\":{\"@type\":\"EntryPoint\",\"urlTemplate\":\"https:\/\/www.visit-ulcinj.com\/blog\/?s={search_term_string}\"},\"query-input\":\"required name=search_term_string\"}],\"inLanguage\":\"en-US\"},{\"@type\":\"ImageObject\",\"inLanguage\":\"en-US\",\"@id\":\"https:\/\/www.visit-ulcinj.com\/blog\/2014\/03\/10\/dps-ulcinj-sugradankama-cestitao-praznik-zena\/#primaryimage\",\"url\":\"https:\/\/www.visit-ulcinj.com\/blog\/wp-content\/uploads\/2014\/03\/DPS_Ulcinj_8_mart_2014.jpg\",\"contentUrl\":\"https:\/\/www.visit-ulcinj.com\/blog\/wp-content\/uploads\/2014\/03\/DPS_Ulcinj_8_mart_2014.jpg\",\"width\":800,\"height\":534},{\"@type\":\"WebPage\",\"@id\":\"https:\/\/www.visit-ulcinj.com\/blog\/2014\/03\/10\/dps-ulcinj-sugradankama-cestitao-praznik-zena\/#webpage\",\"url\":\"https:\/\/www.visit-ulcinj.com\/blog\/2014\/03\/10\/dps-ulcinj-sugradankama-cestitao-praznik-zena\/\",\"name\":\"DPS Ulcinj sugra\u0111ankama \u010destitao Praznik \u017eena - Lajme nga Ulqini\",\"isPartOf\":{\"@id\":\"https:\/\/www.visit-ulcinj.com\/blog\/#website\"},\"primaryImageOfPage\":{\"@id\":\"https:\/\/www.visit-ulcinj.com\/blog\/2014\/03\/10\/dps-ulcinj-sugradankama-cestitao-praznik-zena\/#primaryimage\"},\"datePublished\":\"2014-03-10T11:49:22+00:00\",\"dateModified\":\"2014-03-13T14:15:04+00:00\",\"author\":{\"@id\":\"https:\/\/www.visit-ulcinj.com\/blog\/#\/schema\/person\/dcab619c614d3038751c63bc2aadc06d\"},\"description\":\"Savjet mladih DPS Ulcinj sugra\u0111ankama \u010destitao Praznik \u017eena U susret 8. martu Savjet mladih DPS Ulcinja organizovao je akciju na Maloj pla\u017ei gdje je\",\"breadcrumb\":{\"@id\":\"https:\/\/www.visit-ulcinj.com\/blog\/2014\/03\/10\/dps-ulcinj-sugradankama-cestitao-praznik-zena\/#breadcrumb\"},\"inLanguage\":\"en-US\",\"potentialAction\":[{\"@type\":\"ReadAction\",\"target\":[\"https:\/\/www.visit-ulcinj.com\/blog\/2014\/03\/10\/dps-ulcinj-sugradankama-cestitao-praznik-zena\/\"]}]},{\"@type\":\"BreadcrumbList\",\"@id\":\"https:\/\/www.visit-ulcinj.com\/blog\/2014\/03\/10\/dps-ulcinj-sugradankama-cestitao-praznik-zena\/#breadcrumb\",\"itemListElement\":[{\"@type\":\"ListItem\",\"position\":1,\"name\":\"DPS Ulcinj sugra\u0111ankama \u010destitao Praznik \u017eena\"}]},{\"@type\":\"Person\",\"@id\":\"https:\/\/www.visit-ulcinj.com\/blog\/#\/schema\/person\/dcab619c614d3038751c63bc2aadc06d\",\"name\":\"ulqini\",\"sameAs\":[\"http:\/\/www.visit-ulcinj.com\"],\"url\":\"https:\/\/www.visit-ulcinj.com\/blog\/author\/admin\/\"}]}<\/script>\n<!-- \/ Yoast SEO plugin. -->","yoast_head_json":{"title":"DPS Ulcinj sugra\u0111ankama \u010destitao Praznik \u017eena - Lajme nga Ulqini","description":"Savjet mladih DPS Ulcinj sugra\u0111ankama \u010destitao Praznik \u017eena U susret 8. martu Savjet mladih DPS Ulcinja organizovao je akciju na Maloj pla\u017ei gdje je","robots":{"index":"index","follow":"follow","max-snippet":"max-snippet:-1","max-image-preview":"max-image-preview:large","max-video-preview":"max-video-preview:-1"},"canonical":"https:\/\/www.visit-ulcinj.com\/blog\/2014\/03\/10\/dps-ulcinj-sugradankama-cestitao-praznik-zena\/","og_locale":"en_US","og_type":"article","og_title":"DPS Ulcinj sugra\u0111ankama \u010destitao Praznik \u017eena - Lajme nga Ulqini","og_description":"Savjet mladih DPS Ulcinj sugra\u0111ankama \u010destitao Praznik \u017eena U susret 8. martu Savjet mladih DPS Ulcinja organizovao je akciju na Maloj pla\u017ei gdje je","og_url":"https:\/\/www.visit-ulcinj.com\/blog\/2014\/03\/10\/dps-ulcinj-sugradankama-cestitao-praznik-zena\/","og_site_name":"Lajme nga Ulqini","article_published_time":"2014-03-10T11:49:22+00:00","article_modified_time":"2014-03-13T14:15:04+00:00","og_image":[{"url":"http:\/\/www.visit-ulcinj.com\/blog\/wp-content\/uploads\/2014\/03\/DPS_Ulcinj_8_mart_2014.jpg"}],"twitter_misc":{"Written by":"ulqini"},"schema":{"@context":"https:\/\/schema.org","@graph":[{"@type":"WebSite","@id":"https:\/\/www.visit-ulcinj.com\/blog\/#website","url":"https:\/\/www.visit-ulcinj.com\/blog\/","name":"Lajme nga Ulqini","description":"Lajme,Vijesti,Ulqini,Ulqin,Crna Gora,Mali i Zi","potentialAction":[{"@type":"SearchAction","target":{"@type":"EntryPoint","urlTemplate":"https:\/\/www.visit-ulcinj.com\/blog\/?s={search_term_string}"},"query-input":"required name=search_term_string"}],"inLanguage":"en-US"},{"@type":"ImageObject","inLanguage":"en-US","@id":"https:\/\/www.visit-ulcinj.com\/blog\/2014\/03\/10\/dps-ulcinj-sugradankama-cestitao-praznik-zena\/#primaryimage","url":"https:\/\/www.visit-ulcinj.com\/blog\/wp-content\/uploads\/2014\/03\/DPS_Ulcinj_8_mart_2014.jpg","contentUrl":"https:\/\/www.visit-ulcinj.com\/blog\/wp-content\/uploads\/2014\/03\/DPS_Ulcinj_8_mart_2014.jpg","width":800,"height":534},{"@type":"WebPage","@id":"https:\/\/www.visit-ulcinj.com\/blog\/2014\/03\/10\/dps-ulcinj-sugradankama-cestitao-praznik-zena\/#webpage","url":"https:\/\/www.visit-ulcinj.com\/blog\/2014\/03\/10\/dps-ulcinj-sugradankama-cestitao-praznik-zena\/","name":"DPS Ulcinj sugra\u0111ankama \u010destitao Praznik \u017eena - Lajme nga Ulqini","isPartOf":{"@id":"https:\/\/www.visit-ulcinj.com\/blog\/#website"},"primaryImageOfPage":{"@id":"https:\/\/www.visit-ulcinj.com\/blog\/2014\/03\/10\/dps-ulcinj-sugradankama-cestitao-praznik-zena\/#primaryimage"},"datePublished":"2014-03-10T11:49:22+00:00","dateModified":"2014-03-13T14:15:04+00:00","author":{"@id":"https:\/\/www.visit-ulcinj.com\/blog\/#\/schema\/person\/dcab619c614d3038751c63bc2aadc06d"},"description":"Savjet mladih DPS Ulcinj sugra\u0111ankama \u010destitao Praznik \u017eena U susret 8. martu Savjet mladih DPS Ulcinja organizovao je akciju na Maloj pla\u017ei gdje je","breadcrumb":{"@id":"https:\/\/www.visit-ulcinj.com\/blog\/2014\/03\/10\/dps-ulcinj-sugradankama-cestitao-praznik-zena\/#breadcrumb"},"inLanguage":"en-US","potentialAction":[{"@type":"ReadAction","target":["https:\/\/www.visit-ulcinj.com\/blog\/2014\/03\/10\/dps-ulcinj-sugradankama-cestitao-praznik-zena\/"]}]},{"@type":"BreadcrumbList","@id":"https:\/\/www.visit-ulcinj.com\/blog\/2014\/03\/10\/dps-ulcinj-sugradankama-cestitao-praznik-zena\/#breadcrumb","itemListElement":[{"@type":"ListItem","position":1,"name":"DPS Ulcinj sugra\u0111ankama \u010destitao Praznik \u017eena"}]},{"@type":"Person","@id":"https:\/\/www.visit-ulcinj.com\/blog\/#\/schema\/person\/dcab619c614d3038751c63bc2aadc06d","name":"ulqini","sameAs":["http:\/\/www.visit-ulcinj.com"],"url":"https:\/\/www.visit-ulcinj.com\/blog\/author\/admin\/"}]}},"jetpack_featured_media_url":"","jetpack_sharing_enabled":true,"jetpack_shortlink":"https:\/\/wp.me\/pe6lTn-kXn","_links":{"self":[{"href":"https:\/\/www.visit-ulcinj.com\/blog\/wp-json\/wp\/v2\/posts\/80561"}],"collection":[{"href":"https:\/\/www.visit-ulcinj.com\/blog\/wp-json\/wp\/v2\/posts"}],"about":[{"href":"https:\/\/www.visit-ulcinj.com\/blog\/wp-json\/wp\/v2\/types\/post"}],"author":[{"embeddable":true,"href":"https:\/\/www.visit-ulcinj.com\/blog\/wp-json\/wp\/v2\/users\/1"}],"replies":[{"embeddable":true,"href":"https:\/\/www.visit-ulcinj.com\/blog\/wp-json\/wp\/v2\/comments?post=80561"}],"version-history":[{"count":2,"href":"https:\/\/www.visit-ulcinj.com\/blog\/wp-json\/wp\/v2\/posts\/80561\/revisions"}],"predecessor-version":[{"id":80566,"href":"https:\/\/www.visit-ulcinj.com\/blog\/wp-json\/wp\/v2\/posts\/80561\/revisions\/80566"}],"wp:attachment":[{"href":"https:\/\/www.visit-ulcinj.com\/blog\/wp-json\/wp\/v2\/media?parent=80561"}],"wp:term":[{"taxonomy":"category","embeddable":true,"href":"https:\/\/www.visit-ulcinj.com\/blog\/wp-json\/wp\/v2\/categories?post=80561"},{"taxonomy":"post_tag","embeddable":true,"href":"https:\/\/www.visit-ulcinj.com\/blog\/wp-json\/wp\/v2\/tags?post=80561"}],"curies":[{"name":"wp","href":"https:\/\/api.w.org\/{rel}","templated":true}]}}