{"id":80567,"date":"2014-03-10T18:27:30","date_gmt":"2014-03-10T17:27:30","guid":{"rendered":"http:\/\/www.visit-ulcinj.com\/blog\/?p=80567"},"modified":"2014-03-10T18:27:30","modified_gmt":"2014-03-10T17:27:30","slug":"mustafa-canka-posljednja-bitka-za-ulcinjsku-solanu","status":"publish","type":"post","link":"https:\/\/www.visit-ulcinj.com\/blog\/2014\/03\/10\/mustafa-canka-posljednja-bitka-za-ulcinjsku-solanu\/","title":{"rendered":"Mustafa Canka:  Posljednja bitka za Ulcinjsku Solanu"},"content":{"rendered":"<p><strong><a href=\"http:\/\/www.visit-ulcinj.com\/blog\/wp-content\/uploads\/2014\/03\/poslednja-bitka-ulcinjske-solane.jpg\"><img loading=\"lazy\" class=\"alignleft  wp-image-80568\" alt=\"poslednja bitka ulcinjske solane\" src=\"http:\/\/www.visit-ulcinj.com\/blog\/wp-content\/uploads\/2014\/03\/poslednja-bitka-ulcinjske-solane.jpg\" width=\"508\" height=\"360\" \/><\/a>Zlo\u010din s dr\u017eavnim pe\u010datom<\/strong><\/p>\n<p>Klasi\u010dna strategija tzv. umiru\u0107eg holdinga primijenjena je na najstarije preduze\u0107e u Ulcinju. Otvoriti ste\u010daj, pustiti da sve propadne, radnike ra\u0161\u0107erati, a onda zemlju prodati i posti\u0107i ono zbog \u010dega je Solana kupljena. I to za manje od milion eura. \u010citavih 15,2 miliona kvadratnih metara u zale\u0111u Velike pla\u017ee. Da je bilo euro po kvadratnom metru, bilo bi 15 miliona eura. Ali, za na\u0161e, i jo\u0161 strate\u0161ke partnere, cijeli posao je elegantno odra\u0111en na berzi. Prave namjere tajkuna vrlo brzo su se pokazale. Prostornim planom dr\u017eave taj je prostor progla\u0161en gradskim gra\u0111evinskim zemlji\u0161tem.<\/p>\n<p>Zemlja apsurda je dana\u0161nja Crna Gora. \u201eNekada su se za solila vodili ratovi. Danas se ona u ovoj dr\u017eavi pretvaraju u gra\u0111evinsko zemlji\u0161te&#8221;, ilustruje ovu tu\u017enu stvarnost akademik Zuvdija Hod\u017ei\u0107. Doista, kada se pore\u0111aju \u010dinjenice svaka ocjena je suvi\u0161na. Jer, prakti\u010dno uni\u0161titi jednu od deset najve\u0107ih solana na Mediteranu, ostaviti da propadne preduze\u0107e po kojem su se prepoznavali dr\u017eava i grad Ulcinj, ne procesuirati kriminalne radnje u Solani, trpjeti sna\u017ene kritike iz svijeta i Evrope zbog ugro\u017eavanja najzna\u010dajnijeg zimovali\u0161ta ptica na isto\u010dnoj obali Jadrana, nemati nikakvu strategiju razvoja za to jedinstveno podru\u010dje, \u010dak besramno tvrditi da Solana, u kojoj su se slani kristali proizvodili na klasi\u010dan na\u010din uz pomo\u0107 sunca i vjetra, devastira prirodnu okolinu, takva zemlja jednostavno ne mo\u017ee imati lijepu budu\u0107nost. Govore o tome ovih dana jo\u0161 samo ostaci ostataka zapo\u0161ljenih u tom nekada\u0161njem gigantu. A njih ima tek pedesetak, ili \u010dak deset puta manje nego prije samo dvije decenije. Prepu\u0161teni su sebi samima, goli i bosi pred stra\u0161nom sudbinom koja satire njih i njihovu firmu. Tra\u017ee da im se isplate zaostale zarade (koje su minimalne), za deset mjeseci, da im se pove\u017ee radni sta\u017e, jer ne mogu ni kod doktora kad im se doprinosi ne upla\u0107uju ve\u0107 punih pet godina, te da Solana nastavi rad. Po\u010deli su svakodnevna jednosatna okupljanja pred Op\u0161tinom, \u0161etali su ovih dana i po Podgorici, potucali se od nemila do nedraga, kumili i vapili za podr\u0161ku. \u010culi su ih tek op\u0161tinski \u010delnici, koji su obe\u0107ali pomo\u0107, kao i lider Socijalisti\u010dke narodne partije Sr\u0111an Mili\u0107. On je rekao da \u0107e sve podatke koji se ti\u010du imovine Solane u vrijeme uvo\u0111enja ste\u010daja zatra\u017eiti od Privrednog suda i nadle\u017enih dr\u017eavnih organa, kako bi se na osnovu sagledavanja kompletnog stanja tra\u017eila rje\u0161enja za probleme s kojima se suo\u010davaju radnici i obezbijedila za\u0161tita Solane kao zna\u010dajnog resursa ulcinjske i crnogorske privrede. Ako se zaista u\u0111e u taj proces, onda \u0107e trebati godine da se raspetlja slu\u010daj ubijanja ove kompanije. Jer, mnogo je ljudi i institucija bilo uklju\u010deno u taj vra\u017eji posao, pa su neki ve\u0107 po\u010deli da peru ruke od njega. \u010cini se s razlogom, jer slute da je, nakon otvaranja znamenitih poglavlja 23 i 24 s Evropskom unijom, ve\u0107 pripremljen teren za obra\u010dun s krupnim ribama koje su se u proteklih deset godina okupljale oko Solane. Firme koja, ina\u010de, ima direktnu vezu s morem, ali nije morsko dobro. A to jesu obale rijeke Bojane, \u0161to je jo\u0161 jedan u nizu crnogorskih paradoksa, ali i dokaz scenarija koji je bri\u017eljivo pripreman za Solanu. Da on na taj na\u010din vi\u0161e ne mo\u017ee biti realizovan, nije jasno samo vlasnicima Eurofonda, koji su ponovo, po deveti put, raspisali oglas za njezinu prodaju, tra\u017ee\u0107i ni manje ni vi\u0161e nego \u010ditavih 195 miliona eura, \u0161to je za 47 miliona manje nego na prvom tenderu. Naravno, ni sada ne treba o\u010dekivati da \u0107e prodaja uspjeti. Naro\u010dito ne zato \u0161to je politi\u010dka volja, protivno \u017eelji Vlade, iskazana i u dr\u017eavnom parlamentu i u Ulcinju da se Solana sa\u010duva. Niko s tako puno para, nema tako malo pameti da tu poruku ne razumije. \u0160ta \u0107e mu onda Solana? Ali, to je pravo pitanje za trenutnog vlasnika, a najvi\u0161e za Vladu Crne Gore, koja ni rije\u010d da izusti o ovom zlo\u010dinu s dr\u017eavnim pe\u010datom. Da li \u0107e biti ovogodi\u0161nje, jubilarne 80. berbe soli? Da li \u0107e ova dr\u017eava i grad Ulcinj imati i dalje privilegiju da imaju solanu? Nestaje li zaista, pred na\u0161im o\u010dima, jedna ekonomska, ekolo\u0161ka, turisti\u010dka i kulturolo\u0161ka vrijednost tog grada i \u010ditave zemlje? Na posljedice niko, \u010dini se, ni ne \u017eeli da pomi\u0161lja. Izuzev ekologa. \u201eNi\u0111e nema takve simbioze proizvodnje i za\u0161tite prirode: samo dok Solana radi tj. dok pumpa vodu iz mora u bazene, tamo ima i ptica i soli. U protivnom, to je pustinja&#8221;, tvrdi ornitolog Darko Savelji\u0107 koji ve\u0107 15 godina prou\u010dava ptice na solani. Upu\u0107uju\u0107i apel da se izna\u0111e na\u010din da Solana opstane, on je poru\u010dio: ,,Ne samo Ulcinj, cijela se Crna Gora po njoj poznaje i ve\u0107 je, u biodiverzitetskom smislu, u me\u0111unarodnim nau\u010dnim krugovima ozbiljno zasjenila Skadarsko jezero. Ovo sa Solanom je definitivno najtu\u017enija pri\u010da za\u0161tite prirode Crne Gore, pa i \u0161ire!&#8221; No, u ovom ratu protiv prirode najve\u0107i gubitnici \u0107emo biti mi i generacije koje \u0107e poslije nas do\u0107i. Nama \u0107e preostati samo sje\u0107anja i uspomene. A ptice \u0107e tra\u017eiti neka druga stani\u0161ta.<\/p>\n<p><a href=\"http:\/\/www.monitor.co.me\/index.php?option=com_content&amp;view=article&amp;id=4864:posljednja-bitka-za-solanu-zloin-s-dravnim-peatom&amp;catid=133:novi-broj-tekstovi&amp;Itemid=1267\" target=\"_blank\"><strong>Mustafa CANKA<\/strong><\/a><\/p>\n<p><a href=\"http:\/\/www.monitor.co.me\/index.php?option=com_content&amp;view=article&amp;id=4864:posljednja-bitka-za-solanu-zloin-s-dravnim-peatom&amp;catid=133:novi-broj-tekstovi&amp;Itemid=1267\" target=\"_blank\"><strong>Izvor: MONITOR<\/strong><\/a><\/p>\n<!--YouTube Error: bad URL entered-->\n","protected":false},"excerpt":{"rendered":"<p>Zlo\u010din s dr\u017eavnim pe\u010datom Klasi\u010dna strategija tzv. umiru\u0107eg holdinga primijenjena je na najstarije preduze\u0107e u Ulcinju. Otvoriti ste\u010daj, pustiti da sve propadne, radnike ra\u0161\u0107erati, a onda zemlju prodati i posti\u0107i ono zbog \u010dega je Solana kupljena. I to za manje od milion eura. \u010citavih 15,2 miliona kvadratnih metara u zale\u0111u Velike pla\u017ee. Da je bilo [&hellip;]<\/p>\n","protected":false},"author":1,"featured_media":0,"comment_status":"closed","ping_status":"closed","sticky":false,"template":"","format":"standard","meta":{"spay_email":"","jetpack_publicize_message":"","jetpack_is_tweetstorm":false,"jetpack_publicize_feature_enabled":true},"categories":[8337],"tags":[],"jetpack_publicize_connections":[],"yoast_head":"<!-- This site is optimized with the Yoast SEO plugin v19.1 - https:\/\/yoast.com\/wordpress\/plugins\/seo\/ -->\n<title>Mustafa Canka: Posljednja bitka za Ulcinjsku Solanu - Lajme nga Ulqini<\/title>\n<meta name=\"description\" content=\"Zlo\u010din s dr\u017eavnim pe\u010datom Klasi\u010dna strategija tzv. umiru\u0107eg holdinga primijenjena je na najstarije preduze\u0107e u Ulcinju. Otvoriti ste\u010daj, pustiti da sve\" \/>\n<meta name=\"robots\" content=\"index, follow, max-snippet:-1, max-image-preview:large, max-video-preview:-1\" \/>\n<link rel=\"canonical\" href=\"https:\/\/www.visit-ulcinj.com\/blog\/2014\/03\/10\/mustafa-canka-posljednja-bitka-za-ulcinjsku-solanu\/\" \/>\n<meta property=\"og:locale\" content=\"en_US\" \/>\n<meta property=\"og:type\" content=\"article\" \/>\n<meta property=\"og:title\" content=\"Mustafa Canka: Posljednja bitka za Ulcinjsku Solanu - Lajme nga Ulqini\" \/>\n<meta property=\"og:description\" content=\"Zlo\u010din s dr\u017eavnim pe\u010datom Klasi\u010dna strategija tzv. umiru\u0107eg holdinga primijenjena je na najstarije preduze\u0107e u Ulcinju. Otvoriti ste\u010daj, pustiti da sve\" \/>\n<meta property=\"og:url\" content=\"https:\/\/www.visit-ulcinj.com\/blog\/2014\/03\/10\/mustafa-canka-posljednja-bitka-za-ulcinjsku-solanu\/\" \/>\n<meta property=\"og:site_name\" content=\"Lajme nga Ulqini\" \/>\n<meta property=\"article:published_time\" content=\"2014-03-10T17:27:30+00:00\" \/>\n<meta property=\"og:image\" content=\"http:\/\/www.visit-ulcinj.com\/blog\/wp-content\/uploads\/2014\/03\/poslednja-bitka-ulcinjske-solane.jpg\" \/>\n<meta name=\"twitter:label1\" content=\"Written by\" \/>\n\t<meta name=\"twitter:data1\" content=\"ulqini\" \/>\n\t<meta name=\"twitter:label2\" content=\"Est. reading time\" \/>\n\t<meta name=\"twitter:data2\" content=\"5 minutes\" \/>\n<script type=\"application\/ld+json\" class=\"yoast-schema-graph\">{\"@context\":\"https:\/\/schema.org\",\"@graph\":[{\"@type\":\"WebSite\",\"@id\":\"https:\/\/www.visit-ulcinj.com\/blog\/#website\",\"url\":\"https:\/\/www.visit-ulcinj.com\/blog\/\",\"name\":\"Lajme nga Ulqini\",\"description\":\"Lajme,Vijesti,Ulqini,Ulqin,Crna Gora,Mali i Zi\",\"potentialAction\":[{\"@type\":\"SearchAction\",\"target\":{\"@type\":\"EntryPoint\",\"urlTemplate\":\"https:\/\/www.visit-ulcinj.com\/blog\/?s={search_term_string}\"},\"query-input\":\"required name=search_term_string\"}],\"inLanguage\":\"en-US\"},{\"@type\":\"ImageObject\",\"inLanguage\":\"en-US\",\"@id\":\"https:\/\/www.visit-ulcinj.com\/blog\/2014\/03\/10\/mustafa-canka-posljednja-bitka-za-ulcinjsku-solanu\/#primaryimage\",\"url\":\"https:\/\/www.visit-ulcinj.com\/blog\/wp-content\/uploads\/2014\/03\/poslednja-bitka-ulcinjske-solane.jpg\",\"contentUrl\":\"https:\/\/www.visit-ulcinj.com\/blog\/wp-content\/uploads\/2014\/03\/poslednja-bitka-ulcinjske-solane.jpg\",\"width\":951,\"height\":623},{\"@type\":\"WebPage\",\"@id\":\"https:\/\/www.visit-ulcinj.com\/blog\/2014\/03\/10\/mustafa-canka-posljednja-bitka-za-ulcinjsku-solanu\/#webpage\",\"url\":\"https:\/\/www.visit-ulcinj.com\/blog\/2014\/03\/10\/mustafa-canka-posljednja-bitka-za-ulcinjsku-solanu\/\",\"name\":\"Mustafa Canka: Posljednja bitka za Ulcinjsku Solanu - Lajme nga Ulqini\",\"isPartOf\":{\"@id\":\"https:\/\/www.visit-ulcinj.com\/blog\/#website\"},\"primaryImageOfPage\":{\"@id\":\"https:\/\/www.visit-ulcinj.com\/blog\/2014\/03\/10\/mustafa-canka-posljednja-bitka-za-ulcinjsku-solanu\/#primaryimage\"},\"datePublished\":\"2014-03-10T17:27:30+00:00\",\"dateModified\":\"2014-03-10T17:27:30+00:00\",\"author\":{\"@id\":\"https:\/\/www.visit-ulcinj.com\/blog\/#\/schema\/person\/dcab619c614d3038751c63bc2aadc06d\"},\"description\":\"Zlo\u010din s dr\u017eavnim pe\u010datom Klasi\u010dna strategija tzv. umiru\u0107eg holdinga primijenjena je na najstarije preduze\u0107e u Ulcinju. Otvoriti ste\u010daj, pustiti da sve\",\"breadcrumb\":{\"@id\":\"https:\/\/www.visit-ulcinj.com\/blog\/2014\/03\/10\/mustafa-canka-posljednja-bitka-za-ulcinjsku-solanu\/#breadcrumb\"},\"inLanguage\":\"en-US\",\"potentialAction\":[{\"@type\":\"ReadAction\",\"target\":[\"https:\/\/www.visit-ulcinj.com\/blog\/2014\/03\/10\/mustafa-canka-posljednja-bitka-za-ulcinjsku-solanu\/\"]}]},{\"@type\":\"BreadcrumbList\",\"@id\":\"https:\/\/www.visit-ulcinj.com\/blog\/2014\/03\/10\/mustafa-canka-posljednja-bitka-za-ulcinjsku-solanu\/#breadcrumb\",\"itemListElement\":[{\"@type\":\"ListItem\",\"position\":1,\"name\":\"Mustafa Canka: Posljednja bitka za Ulcinjsku Solanu\"}]},{\"@type\":\"Person\",\"@id\":\"https:\/\/www.visit-ulcinj.com\/blog\/#\/schema\/person\/dcab619c614d3038751c63bc2aadc06d\",\"name\":\"ulqini\",\"sameAs\":[\"http:\/\/www.visit-ulcinj.com\"],\"url\":\"https:\/\/www.visit-ulcinj.com\/blog\/author\/admin\/\"}]}<\/script>\n<!-- \/ Yoast SEO plugin. -->","yoast_head_json":{"title":"Mustafa Canka: Posljednja bitka za Ulcinjsku Solanu - Lajme nga Ulqini","description":"Zlo\u010din s dr\u017eavnim pe\u010datom Klasi\u010dna strategija tzv. umiru\u0107eg holdinga primijenjena je na najstarije preduze\u0107e u Ulcinju. Otvoriti ste\u010daj, pustiti da sve","robots":{"index":"index","follow":"follow","max-snippet":"max-snippet:-1","max-image-preview":"max-image-preview:large","max-video-preview":"max-video-preview:-1"},"canonical":"https:\/\/www.visit-ulcinj.com\/blog\/2014\/03\/10\/mustafa-canka-posljednja-bitka-za-ulcinjsku-solanu\/","og_locale":"en_US","og_type":"article","og_title":"Mustafa Canka: Posljednja bitka za Ulcinjsku Solanu - Lajme nga Ulqini","og_description":"Zlo\u010din s dr\u017eavnim pe\u010datom Klasi\u010dna strategija tzv. umiru\u0107eg holdinga primijenjena je na najstarije preduze\u0107e u Ulcinju. Otvoriti ste\u010daj, pustiti da sve","og_url":"https:\/\/www.visit-ulcinj.com\/blog\/2014\/03\/10\/mustafa-canka-posljednja-bitka-za-ulcinjsku-solanu\/","og_site_name":"Lajme nga Ulqini","article_published_time":"2014-03-10T17:27:30+00:00","og_image":[{"url":"http:\/\/www.visit-ulcinj.com\/blog\/wp-content\/uploads\/2014\/03\/poslednja-bitka-ulcinjske-solane.jpg"}],"twitter_misc":{"Written by":"ulqini","Est. reading time":"5 minutes"},"schema":{"@context":"https:\/\/schema.org","@graph":[{"@type":"WebSite","@id":"https:\/\/www.visit-ulcinj.com\/blog\/#website","url":"https:\/\/www.visit-ulcinj.com\/blog\/","name":"Lajme nga Ulqini","description":"Lajme,Vijesti,Ulqini,Ulqin,Crna Gora,Mali i Zi","potentialAction":[{"@type":"SearchAction","target":{"@type":"EntryPoint","urlTemplate":"https:\/\/www.visit-ulcinj.com\/blog\/?s={search_term_string}"},"query-input":"required name=search_term_string"}],"inLanguage":"en-US"},{"@type":"ImageObject","inLanguage":"en-US","@id":"https:\/\/www.visit-ulcinj.com\/blog\/2014\/03\/10\/mustafa-canka-posljednja-bitka-za-ulcinjsku-solanu\/#primaryimage","url":"https:\/\/www.visit-ulcinj.com\/blog\/wp-content\/uploads\/2014\/03\/poslednja-bitka-ulcinjske-solane.jpg","contentUrl":"https:\/\/www.visit-ulcinj.com\/blog\/wp-content\/uploads\/2014\/03\/poslednja-bitka-ulcinjske-solane.jpg","width":951,"height":623},{"@type":"WebPage","@id":"https:\/\/www.visit-ulcinj.com\/blog\/2014\/03\/10\/mustafa-canka-posljednja-bitka-za-ulcinjsku-solanu\/#webpage","url":"https:\/\/www.visit-ulcinj.com\/blog\/2014\/03\/10\/mustafa-canka-posljednja-bitka-za-ulcinjsku-solanu\/","name":"Mustafa Canka: Posljednja bitka za Ulcinjsku Solanu - Lajme nga Ulqini","isPartOf":{"@id":"https:\/\/www.visit-ulcinj.com\/blog\/#website"},"primaryImageOfPage":{"@id":"https:\/\/www.visit-ulcinj.com\/blog\/2014\/03\/10\/mustafa-canka-posljednja-bitka-za-ulcinjsku-solanu\/#primaryimage"},"datePublished":"2014-03-10T17:27:30+00:00","dateModified":"2014-03-10T17:27:30+00:00","author":{"@id":"https:\/\/www.visit-ulcinj.com\/blog\/#\/schema\/person\/dcab619c614d3038751c63bc2aadc06d"},"description":"Zlo\u010din s dr\u017eavnim pe\u010datom Klasi\u010dna strategija tzv. umiru\u0107eg holdinga primijenjena je na najstarije preduze\u0107e u Ulcinju. Otvoriti ste\u010daj, pustiti da sve","breadcrumb":{"@id":"https:\/\/www.visit-ulcinj.com\/blog\/2014\/03\/10\/mustafa-canka-posljednja-bitka-za-ulcinjsku-solanu\/#breadcrumb"},"inLanguage":"en-US","potentialAction":[{"@type":"ReadAction","target":["https:\/\/www.visit-ulcinj.com\/blog\/2014\/03\/10\/mustafa-canka-posljednja-bitka-za-ulcinjsku-solanu\/"]}]},{"@type":"BreadcrumbList","@id":"https:\/\/www.visit-ulcinj.com\/blog\/2014\/03\/10\/mustafa-canka-posljednja-bitka-za-ulcinjsku-solanu\/#breadcrumb","itemListElement":[{"@type":"ListItem","position":1,"name":"Mustafa Canka: Posljednja bitka za Ulcinjsku Solanu"}]},{"@type":"Person","@id":"https:\/\/www.visit-ulcinj.com\/blog\/#\/schema\/person\/dcab619c614d3038751c63bc2aadc06d","name":"ulqini","sameAs":["http:\/\/www.visit-ulcinj.com"],"url":"https:\/\/www.visit-ulcinj.com\/blog\/author\/admin\/"}]}},"jetpack_featured_media_url":"","jetpack_sharing_enabled":true,"jetpack_shortlink":"https:\/\/wp.me\/pe6lTn-kXt","_links":{"self":[{"href":"https:\/\/www.visit-ulcinj.com\/blog\/wp-json\/wp\/v2\/posts\/80567"}],"collection":[{"href":"https:\/\/www.visit-ulcinj.com\/blog\/wp-json\/wp\/v2\/posts"}],"about":[{"href":"https:\/\/www.visit-ulcinj.com\/blog\/wp-json\/wp\/v2\/types\/post"}],"author":[{"embeddable":true,"href":"https:\/\/www.visit-ulcinj.com\/blog\/wp-json\/wp\/v2\/users\/1"}],"replies":[{"embeddable":true,"href":"https:\/\/www.visit-ulcinj.com\/blog\/wp-json\/wp\/v2\/comments?post=80567"}],"version-history":[{"count":1,"href":"https:\/\/www.visit-ulcinj.com\/blog\/wp-json\/wp\/v2\/posts\/80567\/revisions"}],"predecessor-version":[{"id":80569,"href":"https:\/\/www.visit-ulcinj.com\/blog\/wp-json\/wp\/v2\/posts\/80567\/revisions\/80569"}],"wp:attachment":[{"href":"https:\/\/www.visit-ulcinj.com\/blog\/wp-json\/wp\/v2\/media?parent=80567"}],"wp:term":[{"taxonomy":"category","embeddable":true,"href":"https:\/\/www.visit-ulcinj.com\/blog\/wp-json\/wp\/v2\/categories?post=80567"},{"taxonomy":"post_tag","embeddable":true,"href":"https:\/\/www.visit-ulcinj.com\/blog\/wp-json\/wp\/v2\/tags?post=80567"}],"curies":[{"name":"wp","href":"https:\/\/api.w.org\/{rel}","templated":true}]}}