{"id":80587,"date":"2014-03-11T09:42:54","date_gmt":"2014-03-11T08:42:54","guid":{"rendered":"http:\/\/www.visit-ulcinj.com\/blog\/?p=80587"},"modified":"2014-03-16T09:23:39","modified_gmt":"2014-03-16T08:23:39","slug":"ndihme-per-riza-fadil-kurti-nga-sukobina","status":"publish","type":"post","link":"https:\/\/www.visit-ulcinj.com\/blog\/2014\/03\/11\/ndihme-per-riza-fadil-kurti-nga-sukobina\/","title":{"rendered":"Ndihm\u00eb p\u00ebr RIZA FADIL KURTI nga Sukobina"},"content":{"rendered":"<p><a href=\"http:\/\/www.visit-ulcinj.com\/blog\/wp-content\/uploads\/2014\/03\/NDIHM\u00cb-P\u00cbR-RIZA-FADIL-KURTI-ULQIN-SUKOBINE.jpg\"><img loading=\"lazy\" class=\"alignleft  wp-image-80588\" alt=\"NDIHM\u00cb-P\u00cbR-RIZA-FADIL-KURTI-ULQIN-SUKOBINE\" src=\"http:\/\/www.visit-ulcinj.com\/blog\/wp-content\/uploads\/2014\/03\/NDIHM\u00cb-P\u00cbR-RIZA-FADIL-KURTI-ULQIN-SUKOBINE.jpg\" width=\"508\" height=\"360\" \/><\/a>T\u00eb nd\u00ebruar miq dhe shok\u00eb..<br \/>\nBashk\u00ebvendasi e shoku jon\u00eb RIZA FADIL KURTI nga Sukobina ka nevoj\u00eb p\u00ebr ndihm\u00ebn Tuaj.<br \/>\nAi vuan nga nj\u00eb s\u00ebmundje q\u00eb p\u00ebr mjekimin e saj nevoiten shuma t\u00eb m\u00ebdha financiare. \u00cbsht\u00eb 33 vje\u00e7ar , i martuar dhe baba I nj\u00eb f\u00ebmije.<br \/>\nRizas\u00eb p\u00ebr tu sh\u00ebruar I duhet t\u00eb shkoj\u00eb jasht\u00eb vendit.<br \/>\nNdihma juaj sado e vog\u00ebl q\u00eb t\u00eb jet\u00eb , \u00ebsht\u00eb<br \/>\nShum\u00eb dometh\u00ebn\u00ebse p\u00ebr mikun ton\u00eb n\u00eb nevoj\u00eb.<br \/>\nNdihm\u00ebn Tuaj financiare mund ta jepni n\u00eb xhirollogarin n\u00eb em\u00ebr t\u00eb Fadil R. Kurti me num\u00ebr,<\/p>\n<p><strong>P\u00ebr Ulqin : 510-281094822301458 (CKB)..<\/strong><\/p>\n<p><strong>P\u00ebr Europ\u00eb:<\/strong><br \/>\nAccount With institution<br \/>\nErste Bank AD Podgorica<br \/>\nPodgorica, ME<br \/>\nBeneficiary Cunstomer \u2013Name &amp; Addr<br \/>\n<strong>IBAN: ME25540000003204478468<\/strong><br \/>\n<strong>BIC: OPPOMEPG<\/strong><br \/>\nFADIL KURTOVIQ<br \/>\nSUKOBIN BB, ULCINJ<br \/>\nMONTENEGRO<\/p>\n<p><strong>U.S.A ( SH.B.A)<\/strong><br \/>\nAccount With institution<br \/>\nErste Bank AD Podgorica<br \/>\nPodgorica, ME<br \/>\n<strong>Beneficiary Cunstomer \u2013 Name &amp; Addr<\/strong><br \/>\n<strong>IBAN: ME 25540000007700222052<\/strong><br \/>\nBIC: OPPOMEPG<br \/>\nFADIL KURTOVIQ<br \/>\nSUKOBIN BB, ULCINJ<br \/>\nMONTENEGRO<\/p>\n<p data-ft=\"{&quot;tn&quot;:&quot;C&quot;}\"><strong><a href=\"https:\/\/www.facebook.com\/pages\/Ndihm%C3%AB-p%C3%ABr-Riza-Fadil-Kurtin\/661686573866987\" data-hovercard=\"\/ajax\/hovercard\/page.php?id=661686573866987\">Ndihm\u00eb p\u00ebr Riza Fadil Kurtin Facebook<\/a><\/strong><\/p>\n<p><strong>\u00a0<\/strong><\/p>\n<h3>Ju lutem shperdani ket\u00eb faqe n\u00eb rrjetin social t\u00eb Facebookut<\/h3>\n","protected":false},"excerpt":{"rendered":"<p>T\u00eb nd\u00ebruar miq dhe shok\u00eb.. Bashk\u00ebvendasi e shoku jon\u00eb RIZA FADIL KURTI nga Sukobina ka nevoj\u00eb p\u00ebr ndihm\u00ebn Tuaj. Ai vuan nga nj\u00eb s\u00ebmundje q\u00eb p\u00ebr mjekimin e saj nevoiten shuma t\u00eb m\u00ebdha financiare. \u00cbsht\u00eb 33 vje\u00e7ar , i martuar dhe baba I nj\u00eb f\u00ebmije. Rizas\u00eb p\u00ebr tu sh\u00ebruar I duhet t\u00eb shkoj\u00eb jasht\u00eb vendit. [&hellip;]<\/p>\n","protected":false},"author":1,"featured_media":0,"comment_status":"closed","ping_status":"closed","sticky":false,"template":"","format":"standard","meta":{"spay_email":"","jetpack_publicize_message":"","jetpack_is_tweetstorm":false,"jetpack_publicize_feature_enabled":true},"categories":[7,1],"tags":[],"jetpack_publicize_connections":[],"yoast_head":"<!-- This site is optimized with the Yoast SEO plugin v19.1 - https:\/\/yoast.com\/wordpress\/plugins\/seo\/ -->\n<title>Ndihm\u00eb p\u00ebr RIZA FADIL KURTI nga Sukobina - Lajme nga Ulqini<\/title>\n<meta name=\"description\" content=\"T\u00eb nd\u00ebruar miq dhe shok\u00eb.. Bashk\u00ebvendasi e shoku jon\u00eb RIZA FADIL KURTI nga Sukobina ka nevoj\u00eb p\u00ebr ndihm\u00ebn Tuaj. Ai vuan nga nj\u00eb s\u00ebmundje q\u00eb p\u00ebr mjekimin e\" \/>\n<meta name=\"robots\" content=\"index, follow, max-snippet:-1, max-image-preview:large, max-video-preview:-1\" \/>\n<link rel=\"canonical\" href=\"https:\/\/www.visit-ulcinj.com\/blog\/2014\/03\/11\/ndihme-per-riza-fadil-kurti-nga-sukobina\/\" \/>\n<meta property=\"og:locale\" content=\"en_US\" \/>\n<meta property=\"og:type\" content=\"article\" \/>\n<meta property=\"og:title\" content=\"Ndihm\u00eb p\u00ebr RIZA FADIL KURTI nga Sukobina - Lajme nga Ulqini\" \/>\n<meta property=\"og:description\" content=\"T\u00eb nd\u00ebruar miq dhe shok\u00eb.. Bashk\u00ebvendasi e shoku jon\u00eb RIZA FADIL KURTI nga Sukobina ka nevoj\u00eb p\u00ebr ndihm\u00ebn Tuaj. Ai vuan nga nj\u00eb s\u00ebmundje q\u00eb p\u00ebr mjekimin e\" \/>\n<meta property=\"og:url\" content=\"https:\/\/www.visit-ulcinj.com\/blog\/2014\/03\/11\/ndihme-per-riza-fadil-kurti-nga-sukobina\/\" \/>\n<meta property=\"og:site_name\" content=\"Lajme nga Ulqini\" \/>\n<meta property=\"article:published_time\" content=\"2014-03-11T08:42:54+00:00\" \/>\n<meta property=\"article:modified_time\" content=\"2014-03-16T08:23:39+00:00\" \/>\n<meta name=\"twitter:label1\" content=\"Written by\" \/>\n\t<meta name=\"twitter:data1\" content=\"ulqini\" \/>\n\t<meta name=\"twitter:label2\" content=\"Est. reading time\" \/>\n\t<meta name=\"twitter:data2\" content=\"1 minute\" \/>\n<script type=\"application\/ld+json\" class=\"yoast-schema-graph\">{\"@context\":\"https:\/\/schema.org\",\"@graph\":[{\"@type\":\"WebSite\",\"@id\":\"https:\/\/www.visit-ulcinj.com\/blog\/#website\",\"url\":\"https:\/\/www.visit-ulcinj.com\/blog\/\",\"name\":\"Lajme nga Ulqini\",\"description\":\"Lajme,Vijesti,Ulqini,Ulqin,Crna Gora,Mali i Zi\",\"potentialAction\":[{\"@type\":\"SearchAction\",\"target\":{\"@type\":\"EntryPoint\",\"urlTemplate\":\"https:\/\/www.visit-ulcinj.com\/blog\/?s={search_term_string}\"},\"query-input\":\"required name=search_term_string\"}],\"inLanguage\":\"en-US\"},{\"@type\":\"WebPage\",\"@id\":\"https:\/\/www.visit-ulcinj.com\/blog\/2014\/03\/11\/ndihme-per-riza-fadil-kurti-nga-sukobina\/#webpage\",\"url\":\"https:\/\/www.visit-ulcinj.com\/blog\/2014\/03\/11\/ndihme-per-riza-fadil-kurti-nga-sukobina\/\",\"name\":\"Ndihm\u00eb p\u00ebr RIZA FADIL KURTI nga Sukobina - Lajme nga Ulqini\",\"isPartOf\":{\"@id\":\"https:\/\/www.visit-ulcinj.com\/blog\/#website\"},\"datePublished\":\"2014-03-11T08:42:54+00:00\",\"dateModified\":\"2014-03-16T08:23:39+00:00\",\"author\":{\"@id\":\"https:\/\/www.visit-ulcinj.com\/blog\/#\/schema\/person\/dcab619c614d3038751c63bc2aadc06d\"},\"description\":\"T\u00eb nd\u00ebruar miq dhe shok\u00eb.. Bashk\u00ebvendasi e shoku jon\u00eb RIZA FADIL KURTI nga Sukobina ka nevoj\u00eb p\u00ebr ndihm\u00ebn Tuaj. Ai vuan nga nj\u00eb s\u00ebmundje q\u00eb p\u00ebr mjekimin e\",\"breadcrumb\":{\"@id\":\"https:\/\/www.visit-ulcinj.com\/blog\/2014\/03\/11\/ndihme-per-riza-fadil-kurti-nga-sukobina\/#breadcrumb\"},\"inLanguage\":\"en-US\",\"potentialAction\":[{\"@type\":\"ReadAction\",\"target\":[\"https:\/\/www.visit-ulcinj.com\/blog\/2014\/03\/11\/ndihme-per-riza-fadil-kurti-nga-sukobina\/\"]}]},{\"@type\":\"BreadcrumbList\",\"@id\":\"https:\/\/www.visit-ulcinj.com\/blog\/2014\/03\/11\/ndihme-per-riza-fadil-kurti-nga-sukobina\/#breadcrumb\",\"itemListElement\":[{\"@type\":\"ListItem\",\"position\":1,\"name\":\"Ndihm\u00eb p\u00ebr RIZA FADIL KURTI nga Sukobina\"}]},{\"@type\":\"Person\",\"@id\":\"https:\/\/www.visit-ulcinj.com\/blog\/#\/schema\/person\/dcab619c614d3038751c63bc2aadc06d\",\"name\":\"ulqini\",\"sameAs\":[\"http:\/\/www.visit-ulcinj.com\"],\"url\":\"https:\/\/www.visit-ulcinj.com\/blog\/author\/admin\/\"}]}<\/script>\n<!-- \/ Yoast SEO plugin. -->","yoast_head_json":{"title":"Ndihm\u00eb p\u00ebr RIZA FADIL KURTI nga Sukobina - Lajme nga Ulqini","description":"T\u00eb nd\u00ebruar miq dhe shok\u00eb.. Bashk\u00ebvendasi e shoku jon\u00eb RIZA FADIL KURTI nga Sukobina ka nevoj\u00eb p\u00ebr ndihm\u00ebn Tuaj. Ai vuan nga nj\u00eb s\u00ebmundje q\u00eb p\u00ebr mjekimin e","robots":{"index":"index","follow":"follow","max-snippet":"max-snippet:-1","max-image-preview":"max-image-preview:large","max-video-preview":"max-video-preview:-1"},"canonical":"https:\/\/www.visit-ulcinj.com\/blog\/2014\/03\/11\/ndihme-per-riza-fadil-kurti-nga-sukobina\/","og_locale":"en_US","og_type":"article","og_title":"Ndihm\u00eb p\u00ebr RIZA FADIL KURTI nga Sukobina - Lajme nga Ulqini","og_description":"T\u00eb nd\u00ebruar miq dhe shok\u00eb.. Bashk\u00ebvendasi e shoku jon\u00eb RIZA FADIL KURTI nga Sukobina ka nevoj\u00eb p\u00ebr ndihm\u00ebn Tuaj. Ai vuan nga nj\u00eb s\u00ebmundje q\u00eb p\u00ebr mjekimin e","og_url":"https:\/\/www.visit-ulcinj.com\/blog\/2014\/03\/11\/ndihme-per-riza-fadil-kurti-nga-sukobina\/","og_site_name":"Lajme nga Ulqini","article_published_time":"2014-03-11T08:42:54+00:00","article_modified_time":"2014-03-16T08:23:39+00:00","twitter_misc":{"Written by":"ulqini","Est. reading time":"1 minute"},"schema":{"@context":"https:\/\/schema.org","@graph":[{"@type":"WebSite","@id":"https:\/\/www.visit-ulcinj.com\/blog\/#website","url":"https:\/\/www.visit-ulcinj.com\/blog\/","name":"Lajme nga Ulqini","description":"Lajme,Vijesti,Ulqini,Ulqin,Crna Gora,Mali i Zi","potentialAction":[{"@type":"SearchAction","target":{"@type":"EntryPoint","urlTemplate":"https:\/\/www.visit-ulcinj.com\/blog\/?s={search_term_string}"},"query-input":"required name=search_term_string"}],"inLanguage":"en-US"},{"@type":"WebPage","@id":"https:\/\/www.visit-ulcinj.com\/blog\/2014\/03\/11\/ndihme-per-riza-fadil-kurti-nga-sukobina\/#webpage","url":"https:\/\/www.visit-ulcinj.com\/blog\/2014\/03\/11\/ndihme-per-riza-fadil-kurti-nga-sukobina\/","name":"Ndihm\u00eb p\u00ebr RIZA FADIL KURTI nga Sukobina - Lajme nga Ulqini","isPartOf":{"@id":"https:\/\/www.visit-ulcinj.com\/blog\/#website"},"datePublished":"2014-03-11T08:42:54+00:00","dateModified":"2014-03-16T08:23:39+00:00","author":{"@id":"https:\/\/www.visit-ulcinj.com\/blog\/#\/schema\/person\/dcab619c614d3038751c63bc2aadc06d"},"description":"T\u00eb nd\u00ebruar miq dhe shok\u00eb.. Bashk\u00ebvendasi e shoku jon\u00eb RIZA FADIL KURTI nga Sukobina ka nevoj\u00eb p\u00ebr ndihm\u00ebn Tuaj. Ai vuan nga nj\u00eb s\u00ebmundje q\u00eb p\u00ebr mjekimin e","breadcrumb":{"@id":"https:\/\/www.visit-ulcinj.com\/blog\/2014\/03\/11\/ndihme-per-riza-fadil-kurti-nga-sukobina\/#breadcrumb"},"inLanguage":"en-US","potentialAction":[{"@type":"ReadAction","target":["https:\/\/www.visit-ulcinj.com\/blog\/2014\/03\/11\/ndihme-per-riza-fadil-kurti-nga-sukobina\/"]}]},{"@type":"BreadcrumbList","@id":"https:\/\/www.visit-ulcinj.com\/blog\/2014\/03\/11\/ndihme-per-riza-fadil-kurti-nga-sukobina\/#breadcrumb","itemListElement":[{"@type":"ListItem","position":1,"name":"Ndihm\u00eb p\u00ebr RIZA FADIL KURTI nga Sukobina"}]},{"@type":"Person","@id":"https:\/\/www.visit-ulcinj.com\/blog\/#\/schema\/person\/dcab619c614d3038751c63bc2aadc06d","name":"ulqini","sameAs":["http:\/\/www.visit-ulcinj.com"],"url":"https:\/\/www.visit-ulcinj.com\/blog\/author\/admin\/"}]}},"jetpack_featured_media_url":"","jetpack_sharing_enabled":true,"jetpack_shortlink":"https:\/\/wp.me\/pe6lTn-kXN","_links":{"self":[{"href":"https:\/\/www.visit-ulcinj.com\/blog\/wp-json\/wp\/v2\/posts\/80587"}],"collection":[{"href":"https:\/\/www.visit-ulcinj.com\/blog\/wp-json\/wp\/v2\/posts"}],"about":[{"href":"https:\/\/www.visit-ulcinj.com\/blog\/wp-json\/wp\/v2\/types\/post"}],"author":[{"embeddable":true,"href":"https:\/\/www.visit-ulcinj.com\/blog\/wp-json\/wp\/v2\/users\/1"}],"replies":[{"embeddable":true,"href":"https:\/\/www.visit-ulcinj.com\/blog\/wp-json\/wp\/v2\/comments?post=80587"}],"version-history":[{"count":1,"href":"https:\/\/www.visit-ulcinj.com\/blog\/wp-json\/wp\/v2\/posts\/80587\/revisions"}],"predecessor-version":[{"id":80589,"href":"https:\/\/www.visit-ulcinj.com\/blog\/wp-json\/wp\/v2\/posts\/80587\/revisions\/80589"}],"wp:attachment":[{"href":"https:\/\/www.visit-ulcinj.com\/blog\/wp-json\/wp\/v2\/media?parent=80587"}],"wp:term":[{"taxonomy":"category","embeddable":true,"href":"https:\/\/www.visit-ulcinj.com\/blog\/wp-json\/wp\/v2\/categories?post=80587"},{"taxonomy":"post_tag","embeddable":true,"href":"https:\/\/www.visit-ulcinj.com\/blog\/wp-json\/wp\/v2\/tags?post=80587"}],"curies":[{"name":"wp","href":"https:\/\/api.w.org\/{rel}","templated":true}]}}