{"id":80590,"date":"2014-03-11T18:08:28","date_gmt":"2014-03-11T17:08:28","guid":{"rendered":"http:\/\/www.visit-ulcinj.com\/blog\/?p=80590"},"modified":"2014-03-14T09:04:18","modified_gmt":"2014-03-14T08:04:18","slug":"instituti-idea-dhuron-libra-shkolles-fillore-ne-katerkoll","status":"publish","type":"post","link":"https:\/\/www.visit-ulcinj.com\/blog\/2014\/03\/11\/instituti-idea-dhuron-libra-shkolles-fillore-ne-katerkoll\/","title":{"rendered":"Instituti IDEA dhuron libra Shkoll\u00ebs fillore n\u00eb Kat\u00ebrkoll"},"content":{"rendered":"<p><strong><a href=\"http:\/\/www.visit-ulcinj.com\/blog\/wp-content\/uploads\/2014\/03\/Instituti-IDEA-dhuron-libra-Shkoll\u00ebs-fillore.jpg\"><img loading=\"lazy\" class=\"alignleft  wp-image-80591\" alt=\"Instituti IDEA dhuron libra Shkoll\u00ebs fillore\" src=\"http:\/\/www.visit-ulcinj.com\/blog\/wp-content\/uploads\/2014\/03\/Instituti-IDEA-dhuron-libra-Shkoll\u00ebs-fillore.jpg\" width=\"508\" height=\"360\" \/><\/a>Instituti IDEA dhuron libra me rastin e 7 marsit, dit\u00ebs s\u00eb m\u00ebsuesit<\/strong><\/p>\n<p>&nbsp;<\/p>\n<p>Paradit\u00ebn e s\u00eb H\u00ebn\u00ebs, me 10.03.2014, Instituti p\u00ebr Drejt\u00ebsi, Edukim dhe Arsim \u2013 IDEA nga Ulqini, dhuroj sasi t\u00eb librave p\u00ebr t\u00eb gjith\u00eb m\u00ebsuesit dhe arsimtar\u00ebt e Shkoll\u00ebs Fillore \u201cBedri Elezaga\u201d n\u00eb Kat\u00ebrkoll me rastin e 7 marsit, dit\u00ebs s\u00eb m\u00ebsuesit.<\/p>\n<p>Instituti IDEA dhuroj p\u00ebr t\u00eb gjith\u00eb m\u00ebsuesit dhe arsimtar\u00ebt e Shkoll\u00ebs Fillore \u201cBedri Elezaga\u201d, duke p\u00ebrfshir\u00eb edhe 8 paralelet e saja t\u00eb ndara n\u00eb fshatrat, si, n\u00eb shkoll\u00ebn e Kllezn\u00ebs, Kryth\u00ebs, Mill\u00ebs, Shtodrit, Sukubin\u00ebs, Rashtish\u00ebn dhe paralelen e ndar\u00eb n\u00eb Kravar.<\/p>\n<p>Instituti IDEA n\u00eb shenj\u00eb respekti t\u00eb ve\u00e7ant\u00eb p\u00ebr vepr\u00ebn, pun\u00ebn e tyre t\u00eb palodhur dhe fisnike n\u00eb misionin e m\u00ebkimit t\u00eb dij\u00ebs dhe fanarit ndri\u00e7ues t\u00eb vlerave qytetare, n\u00eb edukimin dhe arsimimin e brezave t\u00eb rinj, ka shprehur d\u00ebshir\u00ebn q\u00eb k\u00ebto m\u00ebsues e arsimtar\u00eb t\u00eb iu dhurojm\u00eb nga nj\u00eb dhurat\u00eb simbolike, nga nj\u00eb lib\u00ebr.<\/p>\n<p><a href=\"http:\/\/www.visit-ulcinj.com\/blog\/wp-content\/uploads\/2014\/03\/Instituti-IDEA-dhuron-libra-Shkoll\u00ebs-fillore-1.jpg\"><img loading=\"lazy\" class=\"alignleft  wp-image-80592\" alt=\"Instituti IDEA dhuron libra Shkoll\u00ebs fillore-1\" src=\"http:\/\/www.visit-ulcinj.com\/blog\/wp-content\/uploads\/2014\/03\/Instituti-IDEA-dhuron-libra-Shkoll\u00ebs-fillore-1.jpg\" width=\"508\" height=\"360\" \/><\/a><\/p>\n<p>N\u00eb fillim drejtori i Shkoll\u00ebs Fillore \u201cBedri Elezaga\u201d z. Alim Jahja, iu d\u00ebshiroj mir\u00ebseardhje an\u00ebtar\u00ebve t\u00eb Institutit IDEA, duke i fal\u00ebnderuar p\u00ebr vizit\u00ebn e tyre dhe p\u00ebr kontributin e dh\u00ebn\u00eb n\u00eb kujtimin e m\u00ebsuesve dhe t\u00eb arsimtar\u00ebve n\u00eb k\u00ebt\u00eb dat\u00eb t\u00eb sh\u00ebnuar dhe m\u00eb r\u00ebnd\u00ebsi p\u00ebr kombin ton\u00eb.<\/p>\n<p>Kryetari i Institutit IDEA, z. Senad Maku, fal\u00ebnderoj drejtorin e shkoll\u00ebs z. Alim Jahjen dhe bashkpuntor\u00ebt e tij p\u00ebr pritjen e ngroht\u00eb q\u00eb na ofruan dhe q\u00eb gjet\u00ebn koh\u00eb q\u00eb ti kalojm\u00eb disa \u00e7aste duke iu dhuruar p\u00ebr shkoll\u00ebn fillore 15 tituj librash n\u00eb shum\u00eb kopje, ku, librat e dhuruara kishin tematika t\u00eb ndryshme si: Let\u00ebrsi, Politik\u00eb, Diplomaci, Histori, Religjion, Shkenc\u00eb, Kultur\u00eb dhe n\u00eb l\u00ebmi t\u00eb tjera duke l\u00ebn\u00eb q\u00eb vet\u00eb dhurat\u00ebmarr\u00ebsit t\u00eb zgjedhin l\u00ebmin e tyre t\u00eb preferuar p\u00ebr lexim.<\/p>\n<p><a href=\"http:\/\/www.visit-ulcinj.com\/blog\/wp-content\/uploads\/2014\/03\/Instituti-IDEA-dhuron-libra-Shkoll\u00ebs-fillore-2.jpg\"><img loading=\"lazy\" class=\"alignleft  wp-image-80593\" alt=\"Instituti IDEA dhuron libra Shkoll\u00ebs fillore-2\" src=\"http:\/\/www.visit-ulcinj.com\/blog\/wp-content\/uploads\/2014\/03\/Instituti-IDEA-dhuron-libra-Shkoll\u00ebs-fillore-2.jpg\" width=\"508\" height=\"360\" \/><\/a><\/p>\n<p>Gjithashtu Instituti IDEA shpreh respekt t\u00eb gjith\u00eb atyre m\u00ebsuesve t\u00eb cil\u00ebt, p\u00ebrkund\u00ebr v\u00ebshtir\u00ebsive, pengesave dhe ndalesave, po gjejn\u00eb m\u00ebnyra, q\u00eb nx\u00ebn\u00ebsve n\u00eb shkolla t\u2018ju m\u00ebsojn\u00eb historin\u00eb e t\u00eb par\u00ebve tan\u00eb.<\/p>\n<p>N\u00eb k\u00ebt\u00eb dit\u00eb ne ju nderojm\u00eb ju p\u00ebr pun\u00ebn e kontributin tuaj t\u00eb madh q\u00eb keni dh\u00ebn\u00eb, jepni e do t\u00eb jepni p\u00ebr m\u00ebsimin e gjuh\u00ebs son\u00eb t\u00eb past\u00ebr shqipe t\u00eb asaj gjuhe q\u00eb na e lan\u00eb amanet t\u00eb paret dhe detyra jon\u00eb \u00ebsht\u00eb ta p\u00ebrcjellim ashtu t\u00eb past\u00ebr tek brezat e ardhsh\u00ebm.<\/p>\n<p>Ne jemi krenar me ju dhe ne me gjith\u00eb zem\u00ebr ju urojm\u00eb sh\u00ebndet e jet\u00eb t\u00eb gjat\u00eb n\u00eb t\u00eb mir\u00eb t\u00eb kombit e t\u00eb atdheut ton\u00eb t\u00eb shtrenjt\u00eb. Ne e ruajm\u00eb me nostalgji m\u00ebsimet e k\u00ebshillat q\u00eb na keni dh\u00ebn\u00eb m\u00ebsuesit ton\u00eb t\u00eb shtrenjt\u00eb. Ju ftoj q\u00eb ta vazhdoni me p\u00ebrkushtim pun\u00ebn tuaj fisnike, t\u00eb edukoni brezat e rinj me frym\u00ebn komb\u00ebtare, me dashurin p\u00ebr dituri, liri dhe qytetari.<\/p>\n<p>&nbsp;<\/p>\n<p>Nuk e harrojm\u00eb th\u00ebnien e halifit Ali r.a. ku mes tjerash tha: <b><i>\u201cAi q\u00eb ma m\u00ebsoi mua nj\u00eb shkronj\u00eb, un\u00eb do jem sh\u00ebrb\u00ebtor i tij\u201d.<\/i><\/b><\/p>\n<p>Detyrim i jon\u00eb fetar, komb\u00ebtar\u00eb, njer\u00ebzor e human \u00ebsht\u00eb q\u00eb t\u2019i ruajm\u00eb lidhjet dhe raportet e m\u00ebsuesit me nx\u00ebn\u00ebsin dhe anasjelltas. Ato jan\u00eb lidhje t\u00eb shenjta q\u00eb duhet t\u00eb ruhen me fanatiz\u00ebm. \u00c7do kush q\u00eb tenton t\u2019i rr\u00ebnoj\u00eb k\u00ebto lidhje, duhet ta dij\u00eb se ka rr\u00ebnuar vlerat njer\u00ebzore, fetare e komb\u00ebtare, e n\u00eb fund t\u00eb fundit ka rr\u00ebnuar mir\u00ebqenien e tij individuale, familjare e shoq\u00ebrore.<\/p>\n<p><a href=\"http:\/\/www.visit-ulcinj.com\/blog\/wp-content\/uploads\/2014\/03\/Instituti-IDEA-dhuron-libra-Shkoll\u00ebs-fillore-3.jpg\"><img loading=\"lazy\" class=\"alignleft  wp-image-80594\" alt=\"Instituti IDEA dhuron libra Shkoll\u00ebs fillore-3\" src=\"http:\/\/www.visit-ulcinj.com\/blog\/wp-content\/uploads\/2014\/03\/Instituti-IDEA-dhuron-libra-Shkoll\u00ebs-fillore-3.jpg\" width=\"508\" height=\"360\" \/><\/a><\/p>\n<p>I D\u00ebrguari i Zotit ka th\u00ebn\u00eb:<\/p>\n<p><i>\u201cKush e merr rrug\u00ebn p\u00ebr t\u00eb k\u00ebrkuar dituri, Zoti ia leht\u00ebson nj\u00ebr\u00ebn prej rrug\u00ebve t\u00eb Parajs\u00ebs. <\/i><\/p>\n<p><i>Me t\u00eb v\u00ebrtet\u00eb vlera e dijetarit mbi vler\u00ebn e t\u00eb devotshmit \u00ebsht\u00eb sikurse vlera e h\u00ebn\u00ebs s\u00eb plot\u00eb mbi vler\u00ebn e yjeve. <\/i><\/p>\n<p><i>Dijetar\u00ebt jan\u00eb, me t\u00eb v\u00ebrtet\u00eb trash\u00ebgimtar\u00eb t\u00eb pejgambereve. Pejgamber\u00ebt nuk kan\u00eb l\u00ebn\u00eb trash\u00ebgimi as dirhem as dinar\u00eb, por kan\u00eb l\u00ebn\u00eb dituri, andaj kush e merr diturin\u00eb, e ka marr\u00eb lumturin\u00eb e v\u00ebrtet\u00eb.\u201d<\/i><\/p>\n<p>&nbsp;<\/p>\n<p>Zoti ju bekoft\u00eb n\u00eb misionin e juaj t\u00eb shenjt\u00eb.<\/p>\n<p>&nbsp;<\/p>\n<p>&nbsp;<\/p>\n<p><strong>Departamenti i Institutit IDEA<\/strong><br \/>\n<strong> Zyra p\u00ebr informim, Ulqin \u2013 Mali i Zi<\/strong><\/p>\n","protected":false},"excerpt":{"rendered":"<p>Instituti IDEA dhuron libra me rastin e 7 marsit, dit\u00ebs s\u00eb m\u00ebsuesit &nbsp; Paradit\u00ebn e s\u00eb H\u00ebn\u00ebs, me 10.03.2014, Instituti p\u00ebr Drejt\u00ebsi, Edukim dhe Arsim \u2013 IDEA nga Ulqini, dhuroj sasi t\u00eb librave p\u00ebr t\u00eb gjith\u00eb m\u00ebsuesit dhe arsimtar\u00ebt e Shkoll\u00ebs Fillore \u201cBedri Elezaga\u201d n\u00eb Kat\u00ebrkoll me rastin e 7 marsit, dit\u00ebs s\u00eb m\u00ebsuesit. Instituti [&hellip;]<\/p>\n","protected":false},"author":1,"featured_media":0,"comment_status":"closed","ping_status":"closed","sticky":false,"template":"","format":"standard","meta":{"spay_email":"","jetpack_publicize_message":"","jetpack_is_tweetstorm":false,"jetpack_publicize_feature_enabled":true},"categories":[4,13],"tags":[],"jetpack_publicize_connections":[],"yoast_head":"<!-- This site is optimized with the Yoast SEO plugin v19.1 - https:\/\/yoast.com\/wordpress\/plugins\/seo\/ -->\n<title>Instituti IDEA dhuron libra Shkoll\u00ebs fillore n\u00eb Kat\u00ebrkoll - Lajme nga Ulqini<\/title>\n<meta name=\"description\" content=\"Instituti IDEA dhuron libra me rastin e 7 marsit, dit\u00ebs s\u00eb m\u00ebsuesit &nbsp; Paradit\u00ebn e s\u00eb H\u00ebn\u00ebs, me 10.03.2014, Instituti p\u00ebr Drejt\u00ebsi, Edukim dhe Arsim \u2013\" \/>\n<meta name=\"robots\" content=\"index, follow, max-snippet:-1, max-image-preview:large, max-video-preview:-1\" \/>\n<link rel=\"canonical\" href=\"https:\/\/www.visit-ulcinj.com\/blog\/2014\/03\/11\/instituti-idea-dhuron-libra-shkolles-fillore-ne-katerkoll\/\" \/>\n<meta property=\"og:locale\" content=\"en_US\" \/>\n<meta property=\"og:type\" content=\"article\" \/>\n<meta property=\"og:title\" content=\"Instituti IDEA dhuron libra Shkoll\u00ebs fillore n\u00eb Kat\u00ebrkoll - Lajme nga Ulqini\" \/>\n<meta property=\"og:description\" content=\"Instituti IDEA dhuron libra me rastin e 7 marsit, dit\u00ebs s\u00eb m\u00ebsuesit &nbsp; Paradit\u00ebn e s\u00eb H\u00ebn\u00ebs, me 10.03.2014, Instituti p\u00ebr Drejt\u00ebsi, Edukim dhe Arsim \u2013\" \/>\n<meta property=\"og:url\" content=\"https:\/\/www.visit-ulcinj.com\/blog\/2014\/03\/11\/instituti-idea-dhuron-libra-shkolles-fillore-ne-katerkoll\/\" \/>\n<meta property=\"og:site_name\" content=\"Lajme nga Ulqini\" \/>\n<meta property=\"article:published_time\" content=\"2014-03-11T17:08:28+00:00\" \/>\n<meta property=\"article:modified_time\" content=\"2014-03-14T08:04:18+00:00\" \/>\n<meta name=\"twitter:label1\" content=\"Written by\" \/>\n\t<meta name=\"twitter:data1\" content=\"ulqini\" \/>\n\t<meta name=\"twitter:label2\" content=\"Est. reading time\" \/>\n\t<meta name=\"twitter:data2\" content=\"4 minutes\" \/>\n<script type=\"application\/ld+json\" class=\"yoast-schema-graph\">{\"@context\":\"https:\/\/schema.org\",\"@graph\":[{\"@type\":\"WebSite\",\"@id\":\"https:\/\/www.visit-ulcinj.com\/blog\/#website\",\"url\":\"https:\/\/www.visit-ulcinj.com\/blog\/\",\"name\":\"Lajme nga Ulqini\",\"description\":\"Lajme,Vijesti,Ulqini,Ulqin,Crna Gora,Mali i Zi\",\"potentialAction\":[{\"@type\":\"SearchAction\",\"target\":{\"@type\":\"EntryPoint\",\"urlTemplate\":\"https:\/\/www.visit-ulcinj.com\/blog\/?s={search_term_string}\"},\"query-input\":\"required name=search_term_string\"}],\"inLanguage\":\"en-US\"},{\"@type\":\"WebPage\",\"@id\":\"https:\/\/www.visit-ulcinj.com\/blog\/2014\/03\/11\/instituti-idea-dhuron-libra-shkolles-fillore-ne-katerkoll\/#webpage\",\"url\":\"https:\/\/www.visit-ulcinj.com\/blog\/2014\/03\/11\/instituti-idea-dhuron-libra-shkolles-fillore-ne-katerkoll\/\",\"name\":\"Instituti IDEA dhuron libra Shkoll\u00ebs fillore n\u00eb Kat\u00ebrkoll - Lajme nga Ulqini\",\"isPartOf\":{\"@id\":\"https:\/\/www.visit-ulcinj.com\/blog\/#website\"},\"datePublished\":\"2014-03-11T17:08:28+00:00\",\"dateModified\":\"2014-03-14T08:04:18+00:00\",\"author\":{\"@id\":\"https:\/\/www.visit-ulcinj.com\/blog\/#\/schema\/person\/dcab619c614d3038751c63bc2aadc06d\"},\"description\":\"Instituti IDEA dhuron libra me rastin e 7 marsit, dit\u00ebs s\u00eb m\u00ebsuesit &nbsp; Paradit\u00ebn e s\u00eb H\u00ebn\u00ebs, me 10.03.2014, Instituti p\u00ebr Drejt\u00ebsi, Edukim dhe Arsim \u2013\",\"breadcrumb\":{\"@id\":\"https:\/\/www.visit-ulcinj.com\/blog\/2014\/03\/11\/instituti-idea-dhuron-libra-shkolles-fillore-ne-katerkoll\/#breadcrumb\"},\"inLanguage\":\"en-US\",\"potentialAction\":[{\"@type\":\"ReadAction\",\"target\":[\"https:\/\/www.visit-ulcinj.com\/blog\/2014\/03\/11\/instituti-idea-dhuron-libra-shkolles-fillore-ne-katerkoll\/\"]}]},{\"@type\":\"BreadcrumbList\",\"@id\":\"https:\/\/www.visit-ulcinj.com\/blog\/2014\/03\/11\/instituti-idea-dhuron-libra-shkolles-fillore-ne-katerkoll\/#breadcrumb\",\"itemListElement\":[{\"@type\":\"ListItem\",\"position\":1,\"name\":\"Instituti IDEA dhuron libra Shkoll\u00ebs fillore n\u00eb Kat\u00ebrkoll\"}]},{\"@type\":\"Person\",\"@id\":\"https:\/\/www.visit-ulcinj.com\/blog\/#\/schema\/person\/dcab619c614d3038751c63bc2aadc06d\",\"name\":\"ulqini\",\"sameAs\":[\"http:\/\/www.visit-ulcinj.com\"],\"url\":\"https:\/\/www.visit-ulcinj.com\/blog\/author\/admin\/\"}]}<\/script>\n<!-- \/ Yoast SEO plugin. -->","yoast_head_json":{"title":"Instituti IDEA dhuron libra Shkoll\u00ebs fillore n\u00eb Kat\u00ebrkoll - Lajme nga Ulqini","description":"Instituti IDEA dhuron libra me rastin e 7 marsit, dit\u00ebs s\u00eb m\u00ebsuesit &nbsp; Paradit\u00ebn e s\u00eb H\u00ebn\u00ebs, me 10.03.2014, Instituti p\u00ebr Drejt\u00ebsi, Edukim dhe Arsim \u2013","robots":{"index":"index","follow":"follow","max-snippet":"max-snippet:-1","max-image-preview":"max-image-preview:large","max-video-preview":"max-video-preview:-1"},"canonical":"https:\/\/www.visit-ulcinj.com\/blog\/2014\/03\/11\/instituti-idea-dhuron-libra-shkolles-fillore-ne-katerkoll\/","og_locale":"en_US","og_type":"article","og_title":"Instituti IDEA dhuron libra Shkoll\u00ebs fillore n\u00eb Kat\u00ebrkoll - Lajme nga Ulqini","og_description":"Instituti IDEA dhuron libra me rastin e 7 marsit, dit\u00ebs s\u00eb m\u00ebsuesit &nbsp; Paradit\u00ebn e s\u00eb H\u00ebn\u00ebs, me 10.03.2014, Instituti p\u00ebr Drejt\u00ebsi, Edukim dhe Arsim \u2013","og_url":"https:\/\/www.visit-ulcinj.com\/blog\/2014\/03\/11\/instituti-idea-dhuron-libra-shkolles-fillore-ne-katerkoll\/","og_site_name":"Lajme nga Ulqini","article_published_time":"2014-03-11T17:08:28+00:00","article_modified_time":"2014-03-14T08:04:18+00:00","twitter_misc":{"Written by":"ulqini","Est. reading time":"4 minutes"},"schema":{"@context":"https:\/\/schema.org","@graph":[{"@type":"WebSite","@id":"https:\/\/www.visit-ulcinj.com\/blog\/#website","url":"https:\/\/www.visit-ulcinj.com\/blog\/","name":"Lajme nga Ulqini","description":"Lajme,Vijesti,Ulqini,Ulqin,Crna Gora,Mali i Zi","potentialAction":[{"@type":"SearchAction","target":{"@type":"EntryPoint","urlTemplate":"https:\/\/www.visit-ulcinj.com\/blog\/?s={search_term_string}"},"query-input":"required name=search_term_string"}],"inLanguage":"en-US"},{"@type":"WebPage","@id":"https:\/\/www.visit-ulcinj.com\/blog\/2014\/03\/11\/instituti-idea-dhuron-libra-shkolles-fillore-ne-katerkoll\/#webpage","url":"https:\/\/www.visit-ulcinj.com\/blog\/2014\/03\/11\/instituti-idea-dhuron-libra-shkolles-fillore-ne-katerkoll\/","name":"Instituti IDEA dhuron libra Shkoll\u00ebs fillore n\u00eb Kat\u00ebrkoll - Lajme nga Ulqini","isPartOf":{"@id":"https:\/\/www.visit-ulcinj.com\/blog\/#website"},"datePublished":"2014-03-11T17:08:28+00:00","dateModified":"2014-03-14T08:04:18+00:00","author":{"@id":"https:\/\/www.visit-ulcinj.com\/blog\/#\/schema\/person\/dcab619c614d3038751c63bc2aadc06d"},"description":"Instituti IDEA dhuron libra me rastin e 7 marsit, dit\u00ebs s\u00eb m\u00ebsuesit &nbsp; Paradit\u00ebn e s\u00eb H\u00ebn\u00ebs, me 10.03.2014, Instituti p\u00ebr Drejt\u00ebsi, Edukim dhe Arsim \u2013","breadcrumb":{"@id":"https:\/\/www.visit-ulcinj.com\/blog\/2014\/03\/11\/instituti-idea-dhuron-libra-shkolles-fillore-ne-katerkoll\/#breadcrumb"},"inLanguage":"en-US","potentialAction":[{"@type":"ReadAction","target":["https:\/\/www.visit-ulcinj.com\/blog\/2014\/03\/11\/instituti-idea-dhuron-libra-shkolles-fillore-ne-katerkoll\/"]}]},{"@type":"BreadcrumbList","@id":"https:\/\/www.visit-ulcinj.com\/blog\/2014\/03\/11\/instituti-idea-dhuron-libra-shkolles-fillore-ne-katerkoll\/#breadcrumb","itemListElement":[{"@type":"ListItem","position":1,"name":"Instituti IDEA dhuron libra Shkoll\u00ebs fillore n\u00eb Kat\u00ebrkoll"}]},{"@type":"Person","@id":"https:\/\/www.visit-ulcinj.com\/blog\/#\/schema\/person\/dcab619c614d3038751c63bc2aadc06d","name":"ulqini","sameAs":["http:\/\/www.visit-ulcinj.com"],"url":"https:\/\/www.visit-ulcinj.com\/blog\/author\/admin\/"}]}},"jetpack_featured_media_url":"","jetpack_sharing_enabled":true,"jetpack_shortlink":"https:\/\/wp.me\/pe6lTn-kXQ","_links":{"self":[{"href":"https:\/\/www.visit-ulcinj.com\/blog\/wp-json\/wp\/v2\/posts\/80590"}],"collection":[{"href":"https:\/\/www.visit-ulcinj.com\/blog\/wp-json\/wp\/v2\/posts"}],"about":[{"href":"https:\/\/www.visit-ulcinj.com\/blog\/wp-json\/wp\/v2\/types\/post"}],"author":[{"embeddable":true,"href":"https:\/\/www.visit-ulcinj.com\/blog\/wp-json\/wp\/v2\/users\/1"}],"replies":[{"embeddable":true,"href":"https:\/\/www.visit-ulcinj.com\/blog\/wp-json\/wp\/v2\/comments?post=80590"}],"version-history":[{"count":2,"href":"https:\/\/www.visit-ulcinj.com\/blog\/wp-json\/wp\/v2\/posts\/80590\/revisions"}],"predecessor-version":[{"id":80596,"href":"https:\/\/www.visit-ulcinj.com\/blog\/wp-json\/wp\/v2\/posts\/80590\/revisions\/80596"}],"wp:attachment":[{"href":"https:\/\/www.visit-ulcinj.com\/blog\/wp-json\/wp\/v2\/media?parent=80590"}],"wp:term":[{"taxonomy":"category","embeddable":true,"href":"https:\/\/www.visit-ulcinj.com\/blog\/wp-json\/wp\/v2\/categories?post=80590"},{"taxonomy":"post_tag","embeddable":true,"href":"https:\/\/www.visit-ulcinj.com\/blog\/wp-json\/wp\/v2\/tags?post=80590"}],"curies":[{"name":"wp","href":"https:\/\/api.w.org\/{rel}","templated":true}]}}