{"id":80614,"date":"2014-03-11T19:48:15","date_gmt":"2014-03-11T18:48:15","guid":{"rendered":"http:\/\/www.visit-ulcinj.com\/blog\/?p=80614"},"modified":"2014-03-11T19:48:15","modified_gmt":"2014-03-11T18:48:15","slug":"vajzat-e-kk-ulqini-nenkampione-te-malit-te-zi","status":"publish","type":"post","link":"https:\/\/www.visit-ulcinj.com\/blog\/2014\/03\/11\/vajzat-e-kk-ulqini-nenkampione-te-malit-te-zi\/","title":{"rendered":"Vajzat e KK \u201cUlqini\u201d n\u00ebnkampione t\u00eb Malit t\u00eb Zi"},"content":{"rendered":"<div id=\"id_531f59c85dc7d2883340946\"><a href=\"http:\/\/www.visit-ulcinj.com\/blog\/wp-content\/uploads\/2014\/03\/Vajzat-e-KK-Ulqini-n\u00ebnkampione-t\u00eb-Malit-t\u00eb-Zi-.jpg\"><img loading=\"lazy\" class=\"alignleft  wp-image-80615\" alt=\"Vajzat e KK Ulqini n\u00ebnkampione t\u00eb Malit t\u00eb Zi-\" src=\"http:\/\/www.visit-ulcinj.com\/blog\/wp-content\/uploads\/2014\/03\/Vajzat-e-KK-Ulqini-n\u00ebnkampione-t\u00eb-Malit-t\u00eb-Zi-.jpg\" width=\"508\" height=\"360\" \/><\/a>T\u00eb diel\u00ebn, m\u00eb 9 mars 2014 n\u00eb Podgoric\u00eb u mbajt Kampionati i Karates\u00eb s\u00eb Malit t\u00eb Zi p\u00ebr Senior\u00eb. Klubi i karates\u00eb \u201cUlqini\u201d u rendit n\u00eb vend t\u00eb tret\u00eb n\u00eb renditjen e p\u00ebrgjithshme. N\u00eb vend t\u00eb par\u00eb u rendit KK \u201cBuduqnost\u201d nga Podgorica, nd\u00ebrsa vendi i dyt\u00eb i takoi KK \u201cOmlladinac\u201d po ashtu nga Podgorica.<\/p>\n<p>Ekipi i vajzave u shpall n\u00ebnkampion i Malit t\u00eb Zi n\u00eb kata dhe luft\u00ebra, duke ruajtur k\u00ebshtu renomen\u00eb e deritashme, e cila \u00ebsht\u00eb p\u00ebr \u00e7do l\u00ebvdat\u00eb. T\u00eb rikujtojm\u00eb, edhe viti i shkuar p\u00ebr vajzat tona ishte vit i sukseseve t\u00eb arta \u2013 ato ishin t\u00eb argjendta n\u00eb Kampionatin e Malit t\u00eb Zi dhe t\u00eb arta n\u00eb Kampionatin Mbar\u00ebkomb\u00ebtar.<\/p>\n<p>Ekipet t\u00eb cilat u shpall\u00ebn n\u00ebnkampion t\u00eb Malit t\u00eb Zi jan\u00eb n\u00eb k\u00ebt\u00eb p\u00ebrb\u00ebrje: ekipi i luft\u00ebrave Seida Suma, Hantije Ibro\u00e7i, Antigona Rama dhe Venesa Nuhi dhe ekipi i katave Seida Suma, Antigona Rama dhe Venesa Nuhi. T\u00eb gjitha garueset u kuror\u00ebzuan me medalje t\u00eb argjendta n\u00eb t\u00eb dy ekipet.<\/p>\n<p>N\u00eb luft\u00ebra individuale n\u00ebnkampione t\u00eb Malit t\u00eb Zi u shpall\u00ebn Seida Suma +68kg dhe Hantije Ibro\u00e7i -68kg, kurse me medalje t\u00eb bronzt\u00eb u kuror\u00ebzuan Venesa Nuhi -50kg dhe Antigona Rama +68kg.<\/p>\n<p>-Kjo \u00ebsht\u00eb edhe nj\u00eb arritje e shk\u00eblqyeshme e klubit ton\u00eb, sepse nuk \u00ebsht\u00eb leht\u00eb t\u00eb jesh n\u00eb mesin e tre m\u00eb t\u00eb mir\u00ebve n\u00eb konkurrenc\u00ebn e senior\u00ebve. Klubet e tjera n\u00eb renditje m\u00eb posht\u00eb ishin duksh\u00ebm m\u00eb t\u00eb dob\u00ebt se ne \u2013 ne kishim 10 pik\u00eb, nd\u00ebrsa t\u00eb tjer\u00ebt 4 pik\u00eb e m\u00eb pak. Do t\u00eb vazhdojm\u00eb t\u00eb punojm\u00eb me t\u00eb rinjt\u00eb tan\u00eb, q\u00eb edhe n\u00eb t\u00eb ardhmen t\u00eb marrim pjes\u00eb me sukses edhe n\u00eb gara t\u00eb tjera p\u00ebr senior\u00eb dhe p\u00ebr gjenerata t\u00eb tjera, &#8211; shprehet i k\u00ebnaqur trajneri Naim Duraku, i cili edhe i udh\u00ebhoqi n\u00eb k\u00ebt\u00eb gar\u00eb.<\/p>\n<p>P\u00ebr ndihm\u00ebn e dh\u00ebn\u00eb p\u00ebr pjes\u00ebmarrje k\u00ebsaj radhe fal\u00ebnderojm\u00eb restaurantin \u201cRozafa\u201d, restaurantin \u201cPonte\u201d, picerin\u00eb \u201cAmarillo\u201d, \u201cArb international\u201d, \u201cKabellux\u201d dhe \u201cB-market\u201d, si dhe drejtorin p\u00ebr marketing t\u00eb klubit Skender Tahirin, i cili, si p\u00ebrher\u00eb, u angazhua maksimalisht n\u00eb mbledhjen e mjeteve nga sponzor\u00ebt e lart\u00ebp\u00ebrmendur.<\/p>\n<p><strong>Sh\u00ebrbimi informativ i Klubit t\u00eb Karates\u00eb \u201cUlqini\u201d<\/strong><\/div>\n","protected":false},"excerpt":{"rendered":"<p>T\u00eb diel\u00ebn, m\u00eb 9 mars 2014 n\u00eb Podgoric\u00eb u mbajt Kampionati i Karates\u00eb s\u00eb Malit t\u00eb Zi p\u00ebr Senior\u00eb. Klubi i karates\u00eb \u201cUlqini\u201d u rendit n\u00eb vend t\u00eb tret\u00eb n\u00eb renditjen e p\u00ebrgjithshme. N\u00eb vend t\u00eb par\u00eb u rendit KK \u201cBuduqnost\u201d nga Podgorica, nd\u00ebrsa vendi i dyt\u00eb i takoi KK \u201cOmlladinac\u201d po ashtu nga Podgorica. [&hellip;]<\/p>\n","protected":false},"author":1,"featured_media":0,"comment_status":"closed","ping_status":"closed","sticky":false,"template":"","format":"standard","meta":{"spay_email":"","jetpack_publicize_message":"","jetpack_is_tweetstorm":false,"jetpack_publicize_feature_enabled":true},"categories":[3],"tags":[],"jetpack_publicize_connections":[],"yoast_head":"<!-- This site is optimized with the Yoast SEO plugin v19.1 - https:\/\/yoast.com\/wordpress\/plugins\/seo\/ -->\n<title>Vajzat e KK \u201cUlqini\u201d n\u00ebnkampione t\u00eb Malit t\u00eb Zi - Lajme nga Ulqini<\/title>\n<meta name=\"description\" content=\"T\u00eb diel\u00ebn, m\u00eb 9 mars 2014 n\u00eb Podgoric\u00eb u mbajt Kampionati i Karates\u00eb s\u00eb Malit t\u00eb Zi p\u00ebr Senior\u00eb. Klubi i karates\u00eb \u201cUlqini\u201d u rendit n\u00eb vend t\u00eb tret\u00eb n\u00eb\" \/>\n<meta name=\"robots\" content=\"index, follow, max-snippet:-1, max-image-preview:large, max-video-preview:-1\" \/>\n<link rel=\"canonical\" href=\"https:\/\/www.visit-ulcinj.com\/blog\/2014\/03\/11\/vajzat-e-kk-ulqini-nenkampione-te-malit-te-zi\/\" \/>\n<meta property=\"og:locale\" content=\"en_US\" \/>\n<meta property=\"og:type\" content=\"article\" \/>\n<meta property=\"og:title\" content=\"Vajzat e KK \u201cUlqini\u201d n\u00ebnkampione t\u00eb Malit t\u00eb Zi - Lajme nga Ulqini\" \/>\n<meta property=\"og:description\" content=\"T\u00eb diel\u00ebn, m\u00eb 9 mars 2014 n\u00eb Podgoric\u00eb u mbajt Kampionati i Karates\u00eb s\u00eb Malit t\u00eb Zi p\u00ebr Senior\u00eb. Klubi i karates\u00eb \u201cUlqini\u201d u rendit n\u00eb vend t\u00eb tret\u00eb n\u00eb\" \/>\n<meta property=\"og:url\" content=\"https:\/\/www.visit-ulcinj.com\/blog\/2014\/03\/11\/vajzat-e-kk-ulqini-nenkampione-te-malit-te-zi\/\" \/>\n<meta property=\"og:site_name\" content=\"Lajme nga Ulqini\" \/>\n<meta property=\"article:published_time\" content=\"2014-03-11T18:48:15+00:00\" \/>\n<meta name=\"twitter:label1\" content=\"Written by\" \/>\n\t<meta name=\"twitter:data1\" content=\"ulqini\" \/>\n\t<meta name=\"twitter:label2\" content=\"Est. reading time\" \/>\n\t<meta name=\"twitter:data2\" content=\"2 minutes\" \/>\n<script type=\"application\/ld+json\" class=\"yoast-schema-graph\">{\"@context\":\"https:\/\/schema.org\",\"@graph\":[{\"@type\":\"WebSite\",\"@id\":\"https:\/\/www.visit-ulcinj.com\/blog\/#website\",\"url\":\"https:\/\/www.visit-ulcinj.com\/blog\/\",\"name\":\"Lajme nga Ulqini\",\"description\":\"Lajme,Vijesti,Ulqini,Ulqin,Crna Gora,Mali i Zi\",\"potentialAction\":[{\"@type\":\"SearchAction\",\"target\":{\"@type\":\"EntryPoint\",\"urlTemplate\":\"https:\/\/www.visit-ulcinj.com\/blog\/?s={search_term_string}\"},\"query-input\":\"required name=search_term_string\"}],\"inLanguage\":\"en-US\"},{\"@type\":\"WebPage\",\"@id\":\"https:\/\/www.visit-ulcinj.com\/blog\/2014\/03\/11\/vajzat-e-kk-ulqini-nenkampione-te-malit-te-zi\/#webpage\",\"url\":\"https:\/\/www.visit-ulcinj.com\/blog\/2014\/03\/11\/vajzat-e-kk-ulqini-nenkampione-te-malit-te-zi\/\",\"name\":\"Vajzat e KK \u201cUlqini\u201d n\u00ebnkampione t\u00eb Malit t\u00eb Zi - Lajme nga Ulqini\",\"isPartOf\":{\"@id\":\"https:\/\/www.visit-ulcinj.com\/blog\/#website\"},\"datePublished\":\"2014-03-11T18:48:15+00:00\",\"dateModified\":\"2014-03-11T18:48:15+00:00\",\"author\":{\"@id\":\"https:\/\/www.visit-ulcinj.com\/blog\/#\/schema\/person\/dcab619c614d3038751c63bc2aadc06d\"},\"description\":\"T\u00eb diel\u00ebn, m\u00eb 9 mars 2014 n\u00eb Podgoric\u00eb u mbajt Kampionati i Karates\u00eb s\u00eb Malit t\u00eb Zi p\u00ebr Senior\u00eb. Klubi i karates\u00eb \u201cUlqini\u201d u rendit n\u00eb vend t\u00eb tret\u00eb n\u00eb\",\"breadcrumb\":{\"@id\":\"https:\/\/www.visit-ulcinj.com\/blog\/2014\/03\/11\/vajzat-e-kk-ulqini-nenkampione-te-malit-te-zi\/#breadcrumb\"},\"inLanguage\":\"en-US\",\"potentialAction\":[{\"@type\":\"ReadAction\",\"target\":[\"https:\/\/www.visit-ulcinj.com\/blog\/2014\/03\/11\/vajzat-e-kk-ulqini-nenkampione-te-malit-te-zi\/\"]}]},{\"@type\":\"BreadcrumbList\",\"@id\":\"https:\/\/www.visit-ulcinj.com\/blog\/2014\/03\/11\/vajzat-e-kk-ulqini-nenkampione-te-malit-te-zi\/#breadcrumb\",\"itemListElement\":[{\"@type\":\"ListItem\",\"position\":1,\"name\":\"Vajzat e KK \u201cUlqini\u201d n\u00ebnkampione t\u00eb Malit t\u00eb Zi\"}]},{\"@type\":\"Person\",\"@id\":\"https:\/\/www.visit-ulcinj.com\/blog\/#\/schema\/person\/dcab619c614d3038751c63bc2aadc06d\",\"name\":\"ulqini\",\"sameAs\":[\"http:\/\/www.visit-ulcinj.com\"],\"url\":\"https:\/\/www.visit-ulcinj.com\/blog\/author\/admin\/\"}]}<\/script>\n<!-- \/ Yoast SEO plugin. -->","yoast_head_json":{"title":"Vajzat e KK \u201cUlqini\u201d n\u00ebnkampione t\u00eb Malit t\u00eb Zi - Lajme nga Ulqini","description":"T\u00eb diel\u00ebn, m\u00eb 9 mars 2014 n\u00eb Podgoric\u00eb u mbajt Kampionati i Karates\u00eb s\u00eb Malit t\u00eb Zi p\u00ebr Senior\u00eb. Klubi i karates\u00eb \u201cUlqini\u201d u rendit n\u00eb vend t\u00eb tret\u00eb n\u00eb","robots":{"index":"index","follow":"follow","max-snippet":"max-snippet:-1","max-image-preview":"max-image-preview:large","max-video-preview":"max-video-preview:-1"},"canonical":"https:\/\/www.visit-ulcinj.com\/blog\/2014\/03\/11\/vajzat-e-kk-ulqini-nenkampione-te-malit-te-zi\/","og_locale":"en_US","og_type":"article","og_title":"Vajzat e KK \u201cUlqini\u201d n\u00ebnkampione t\u00eb Malit t\u00eb Zi - Lajme nga Ulqini","og_description":"T\u00eb diel\u00ebn, m\u00eb 9 mars 2014 n\u00eb Podgoric\u00eb u mbajt Kampionati i Karates\u00eb s\u00eb Malit t\u00eb Zi p\u00ebr Senior\u00eb. Klubi i karates\u00eb \u201cUlqini\u201d u rendit n\u00eb vend t\u00eb tret\u00eb n\u00eb","og_url":"https:\/\/www.visit-ulcinj.com\/blog\/2014\/03\/11\/vajzat-e-kk-ulqini-nenkampione-te-malit-te-zi\/","og_site_name":"Lajme nga Ulqini","article_published_time":"2014-03-11T18:48:15+00:00","twitter_misc":{"Written by":"ulqini","Est. reading time":"2 minutes"},"schema":{"@context":"https:\/\/schema.org","@graph":[{"@type":"WebSite","@id":"https:\/\/www.visit-ulcinj.com\/blog\/#website","url":"https:\/\/www.visit-ulcinj.com\/blog\/","name":"Lajme nga Ulqini","description":"Lajme,Vijesti,Ulqini,Ulqin,Crna Gora,Mali i Zi","potentialAction":[{"@type":"SearchAction","target":{"@type":"EntryPoint","urlTemplate":"https:\/\/www.visit-ulcinj.com\/blog\/?s={search_term_string}"},"query-input":"required name=search_term_string"}],"inLanguage":"en-US"},{"@type":"WebPage","@id":"https:\/\/www.visit-ulcinj.com\/blog\/2014\/03\/11\/vajzat-e-kk-ulqini-nenkampione-te-malit-te-zi\/#webpage","url":"https:\/\/www.visit-ulcinj.com\/blog\/2014\/03\/11\/vajzat-e-kk-ulqini-nenkampione-te-malit-te-zi\/","name":"Vajzat e KK \u201cUlqini\u201d n\u00ebnkampione t\u00eb Malit t\u00eb Zi - Lajme nga Ulqini","isPartOf":{"@id":"https:\/\/www.visit-ulcinj.com\/blog\/#website"},"datePublished":"2014-03-11T18:48:15+00:00","dateModified":"2014-03-11T18:48:15+00:00","author":{"@id":"https:\/\/www.visit-ulcinj.com\/blog\/#\/schema\/person\/dcab619c614d3038751c63bc2aadc06d"},"description":"T\u00eb diel\u00ebn, m\u00eb 9 mars 2014 n\u00eb Podgoric\u00eb u mbajt Kampionati i Karates\u00eb s\u00eb Malit t\u00eb Zi p\u00ebr Senior\u00eb. Klubi i karates\u00eb \u201cUlqini\u201d u rendit n\u00eb vend t\u00eb tret\u00eb n\u00eb","breadcrumb":{"@id":"https:\/\/www.visit-ulcinj.com\/blog\/2014\/03\/11\/vajzat-e-kk-ulqini-nenkampione-te-malit-te-zi\/#breadcrumb"},"inLanguage":"en-US","potentialAction":[{"@type":"ReadAction","target":["https:\/\/www.visit-ulcinj.com\/blog\/2014\/03\/11\/vajzat-e-kk-ulqini-nenkampione-te-malit-te-zi\/"]}]},{"@type":"BreadcrumbList","@id":"https:\/\/www.visit-ulcinj.com\/blog\/2014\/03\/11\/vajzat-e-kk-ulqini-nenkampione-te-malit-te-zi\/#breadcrumb","itemListElement":[{"@type":"ListItem","position":1,"name":"Vajzat e KK \u201cUlqini\u201d n\u00ebnkampione t\u00eb Malit t\u00eb Zi"}]},{"@type":"Person","@id":"https:\/\/www.visit-ulcinj.com\/blog\/#\/schema\/person\/dcab619c614d3038751c63bc2aadc06d","name":"ulqini","sameAs":["http:\/\/www.visit-ulcinj.com"],"url":"https:\/\/www.visit-ulcinj.com\/blog\/author\/admin\/"}]}},"jetpack_featured_media_url":"","jetpack_sharing_enabled":true,"jetpack_shortlink":"https:\/\/wp.me\/pe6lTn-kYe","_links":{"self":[{"href":"https:\/\/www.visit-ulcinj.com\/blog\/wp-json\/wp\/v2\/posts\/80614"}],"collection":[{"href":"https:\/\/www.visit-ulcinj.com\/blog\/wp-json\/wp\/v2\/posts"}],"about":[{"href":"https:\/\/www.visit-ulcinj.com\/blog\/wp-json\/wp\/v2\/types\/post"}],"author":[{"embeddable":true,"href":"https:\/\/www.visit-ulcinj.com\/blog\/wp-json\/wp\/v2\/users\/1"}],"replies":[{"embeddable":true,"href":"https:\/\/www.visit-ulcinj.com\/blog\/wp-json\/wp\/v2\/comments?post=80614"}],"version-history":[{"count":1,"href":"https:\/\/www.visit-ulcinj.com\/blog\/wp-json\/wp\/v2\/posts\/80614\/revisions"}],"predecessor-version":[{"id":80616,"href":"https:\/\/www.visit-ulcinj.com\/blog\/wp-json\/wp\/v2\/posts\/80614\/revisions\/80616"}],"wp:attachment":[{"href":"https:\/\/www.visit-ulcinj.com\/blog\/wp-json\/wp\/v2\/media?parent=80614"}],"wp:term":[{"taxonomy":"category","embeddable":true,"href":"https:\/\/www.visit-ulcinj.com\/blog\/wp-json\/wp\/v2\/categories?post=80614"},{"taxonomy":"post_tag","embeddable":true,"href":"https:\/\/www.visit-ulcinj.com\/blog\/wp-json\/wp\/v2\/tags?post=80614"}],"curies":[{"name":"wp","href":"https:\/\/api.w.org\/{rel}","templated":true}]}}