{"id":80619,"date":"2014-03-12T15:40:35","date_gmt":"2014-03-12T14:40:35","guid":{"rendered":"http:\/\/www.visit-ulcinj.com\/blog\/?p=80619"},"modified":"2014-03-13T15:16:51","modified_gmt":"2014-03-13T14:16:51","slug":"nike-gjeloshaj-deputete-ne-parlamentin-e-malit-te-zi","status":"publish","type":"post","link":"https:\/\/www.visit-ulcinj.com\/blog\/2014\/03\/12\/nike-gjeloshaj-deputete-ne-parlamentin-e-malit-te-zi\/","title":{"rendered":"Nik\u00eb Gjeloshaj deputet\u00eb n\u00eb Parlamentin e Malit t\u00eb Zi"},"content":{"rendered":"<p><strong><a href=\"http:\/\/www.visit-ulcinj.com\/blog\/wp-content\/uploads\/2009\/01\/nike-gjeloshaj.jpg\"><img loading=\"lazy\" class=\"alignleft  wp-image-8576\" alt=\"nike-gjeloshaj\" src=\"http:\/\/www.visit-ulcinj.com\/blog\/wp-content\/uploads\/2009\/01\/nike-gjeloshaj.jpg\" width=\"250\" height=\"250\" \/><\/a>Tuz-Mal\u00ebsi, (11\/03\/2014)<\/strong> \u2013 P\u00ebrfaq\u00ebsuesi i Alternativ\u00ebs Shqiptare, Nik\u00eb Gjeloshaj, nes\u00ebr zyrtarisht merr detyr\u00ebn e deputetit n\u00eb Parlamentin e Malit t\u00eb Zi, raporton portali Malesia.org.<\/p>\n<p>Pas dor\u00ebheqjes s\u00eb deputetit t\u00eb Partis\u00eb Demokratike, Fatmir Gjeka, partner i koalicionit i ASH-s\u00eb, postin e deputetit sipas marr\u00ebveshjes s\u00eb koalicionit, i takon p\u00ebrfaq\u00ebsuesit t\u00eb ASH-s\u00eb.<\/p>\n<p>Fatmir Gjeka, pas zgjedhjes s\u00eb tij p\u00ebr Kryetar\u00eb i Komun\u00ebs s\u00eb Ulqinit, p\u00ebr shkak se dy postet jan\u00eb n\u00eb papajtueshm\u00ebri, dha dor\u00ebheqjen n\u00eb postin e deputetit. \/MALESIA.ORG\/<\/p>\n","protected":false},"excerpt":{"rendered":"<p>Tuz-Mal\u00ebsi, (11\/03\/2014) \u2013 P\u00ebrfaq\u00ebsuesi i Alternativ\u00ebs Shqiptare, Nik\u00eb Gjeloshaj, nes\u00ebr zyrtarisht merr detyr\u00ebn e deputetit n\u00eb Parlamentin e Malit t\u00eb Zi, raporton portali Malesia.org. Pas dor\u00ebheqjes s\u00eb deputetit t\u00eb Partis\u00eb Demokratike, Fatmir Gjeka, partner i koalicionit i ASH-s\u00eb, postin e deputetit sipas marr\u00ebveshjes s\u00eb koalicionit, i takon p\u00ebrfaq\u00ebsuesit t\u00eb ASH-s\u00eb. Fatmir Gjeka, pas zgjedhjes s\u00eb [&hellip;]<\/p>\n","protected":false},"author":1,"featured_media":0,"comment_status":"closed","ping_status":"closed","sticky":false,"template":"","format":"standard","meta":{"spay_email":"","jetpack_publicize_message":"","jetpack_is_tweetstorm":false,"jetpack_publicize_feature_enabled":true},"categories":[13],"tags":[],"jetpack_publicize_connections":[],"yoast_head":"<!-- This site is optimized with the Yoast SEO plugin v19.1 - https:\/\/yoast.com\/wordpress\/plugins\/seo\/ -->\n<title>Nik\u00eb Gjeloshaj deputet\u00eb n\u00eb Parlamentin e Malit t\u00eb Zi - Lajme nga Ulqini<\/title>\n<meta name=\"description\" content=\"Tuz-Mal\u00ebsi, (11\/03\/2014) \u2013 P\u00ebrfaq\u00ebsuesi i Alternativ\u00ebs Shqiptare, Nik\u00eb Gjeloshaj, nes\u00ebr zyrtarisht merr detyr\u00ebn e deputetit n\u00eb Parlamentin e Malit t\u00eb Zi,\" \/>\n<meta name=\"robots\" content=\"index, follow, max-snippet:-1, max-image-preview:large, max-video-preview:-1\" \/>\n<link rel=\"canonical\" href=\"https:\/\/www.visit-ulcinj.com\/blog\/2014\/03\/12\/nike-gjeloshaj-deputete-ne-parlamentin-e-malit-te-zi\/\" \/>\n<meta property=\"og:locale\" content=\"en_US\" \/>\n<meta property=\"og:type\" content=\"article\" \/>\n<meta property=\"og:title\" content=\"Nik\u00eb Gjeloshaj deputet\u00eb n\u00eb Parlamentin e Malit t\u00eb Zi - Lajme nga Ulqini\" \/>\n<meta property=\"og:description\" content=\"Tuz-Mal\u00ebsi, (11\/03\/2014) \u2013 P\u00ebrfaq\u00ebsuesi i Alternativ\u00ebs Shqiptare, Nik\u00eb Gjeloshaj, nes\u00ebr zyrtarisht merr detyr\u00ebn e deputetit n\u00eb Parlamentin e Malit t\u00eb Zi,\" \/>\n<meta property=\"og:url\" content=\"https:\/\/www.visit-ulcinj.com\/blog\/2014\/03\/12\/nike-gjeloshaj-deputete-ne-parlamentin-e-malit-te-zi\/\" \/>\n<meta property=\"og:site_name\" content=\"Lajme nga Ulqini\" \/>\n<meta property=\"article:published_time\" content=\"2014-03-12T14:40:35+00:00\" \/>\n<meta property=\"article:modified_time\" content=\"2014-03-13T14:16:51+00:00\" \/>\n<meta property=\"og:image\" content=\"http:\/\/www.visit-ulcinj.com\/blog\/wp-content\/uploads\/2009\/01\/nike-gjeloshaj.jpg\" \/>\n<meta name=\"twitter:label1\" content=\"Written by\" \/>\n\t<meta name=\"twitter:data1\" content=\"ulqini\" \/>\n<script type=\"application\/ld+json\" class=\"yoast-schema-graph\">{\"@context\":\"https:\/\/schema.org\",\"@graph\":[{\"@type\":\"WebSite\",\"@id\":\"https:\/\/www.visit-ulcinj.com\/blog\/#website\",\"url\":\"https:\/\/www.visit-ulcinj.com\/blog\/\",\"name\":\"Lajme nga Ulqini\",\"description\":\"Lajme,Vijesti,Ulqini,Ulqin,Crna Gora,Mali i Zi\",\"potentialAction\":[{\"@type\":\"SearchAction\",\"target\":{\"@type\":\"EntryPoint\",\"urlTemplate\":\"https:\/\/www.visit-ulcinj.com\/blog\/?s={search_term_string}\"},\"query-input\":\"required name=search_term_string\"}],\"inLanguage\":\"en-US\"},{\"@type\":\"ImageObject\",\"inLanguage\":\"en-US\",\"@id\":\"https:\/\/www.visit-ulcinj.com\/blog\/2014\/03\/12\/nike-gjeloshaj-deputete-ne-parlamentin-e-malit-te-zi\/#primaryimage\",\"url\":\"https:\/\/www.visit-ulcinj.com\/blog\/wp-content\/uploads\/2009\/01\/nike-gjeloshaj.jpg\",\"contentUrl\":\"https:\/\/www.visit-ulcinj.com\/blog\/wp-content\/uploads\/2009\/01\/nike-gjeloshaj.jpg\",\"width\":\"318\",\"height\":\"304\"},{\"@type\":\"WebPage\",\"@id\":\"https:\/\/www.visit-ulcinj.com\/blog\/2014\/03\/12\/nike-gjeloshaj-deputete-ne-parlamentin-e-malit-te-zi\/#webpage\",\"url\":\"https:\/\/www.visit-ulcinj.com\/blog\/2014\/03\/12\/nike-gjeloshaj-deputete-ne-parlamentin-e-malit-te-zi\/\",\"name\":\"Nik\u00eb Gjeloshaj deputet\u00eb n\u00eb Parlamentin e Malit t\u00eb Zi - Lajme nga Ulqini\",\"isPartOf\":{\"@id\":\"https:\/\/www.visit-ulcinj.com\/blog\/#website\"},\"primaryImageOfPage\":{\"@id\":\"https:\/\/www.visit-ulcinj.com\/blog\/2014\/03\/12\/nike-gjeloshaj-deputete-ne-parlamentin-e-malit-te-zi\/#primaryimage\"},\"datePublished\":\"2014-03-12T14:40:35+00:00\",\"dateModified\":\"2014-03-13T14:16:51+00:00\",\"author\":{\"@id\":\"https:\/\/www.visit-ulcinj.com\/blog\/#\/schema\/person\/dcab619c614d3038751c63bc2aadc06d\"},\"description\":\"Tuz-Mal\u00ebsi, (11\/03\/2014) \u2013 P\u00ebrfaq\u00ebsuesi i Alternativ\u00ebs Shqiptare, Nik\u00eb Gjeloshaj, nes\u00ebr zyrtarisht merr detyr\u00ebn e deputetit n\u00eb Parlamentin e Malit t\u00eb Zi,\",\"breadcrumb\":{\"@id\":\"https:\/\/www.visit-ulcinj.com\/blog\/2014\/03\/12\/nike-gjeloshaj-deputete-ne-parlamentin-e-malit-te-zi\/#breadcrumb\"},\"inLanguage\":\"en-US\",\"potentialAction\":[{\"@type\":\"ReadAction\",\"target\":[\"https:\/\/www.visit-ulcinj.com\/blog\/2014\/03\/12\/nike-gjeloshaj-deputete-ne-parlamentin-e-malit-te-zi\/\"]}]},{\"@type\":\"BreadcrumbList\",\"@id\":\"https:\/\/www.visit-ulcinj.com\/blog\/2014\/03\/12\/nike-gjeloshaj-deputete-ne-parlamentin-e-malit-te-zi\/#breadcrumb\",\"itemListElement\":[{\"@type\":\"ListItem\",\"position\":1,\"name\":\"Nik\u00eb Gjeloshaj deputet\u00eb n\u00eb Parlamentin e Malit t\u00eb Zi\"}]},{\"@type\":\"Person\",\"@id\":\"https:\/\/www.visit-ulcinj.com\/blog\/#\/schema\/person\/dcab619c614d3038751c63bc2aadc06d\",\"name\":\"ulqini\",\"sameAs\":[\"http:\/\/www.visit-ulcinj.com\"],\"url\":\"https:\/\/www.visit-ulcinj.com\/blog\/author\/admin\/\"}]}<\/script>\n<!-- \/ Yoast SEO plugin. -->","yoast_head_json":{"title":"Nik\u00eb Gjeloshaj deputet\u00eb n\u00eb Parlamentin e Malit t\u00eb Zi - Lajme nga Ulqini","description":"Tuz-Mal\u00ebsi, (11\/03\/2014) \u2013 P\u00ebrfaq\u00ebsuesi i Alternativ\u00ebs Shqiptare, Nik\u00eb Gjeloshaj, nes\u00ebr zyrtarisht merr detyr\u00ebn e deputetit n\u00eb Parlamentin e Malit t\u00eb Zi,","robots":{"index":"index","follow":"follow","max-snippet":"max-snippet:-1","max-image-preview":"max-image-preview:large","max-video-preview":"max-video-preview:-1"},"canonical":"https:\/\/www.visit-ulcinj.com\/blog\/2014\/03\/12\/nike-gjeloshaj-deputete-ne-parlamentin-e-malit-te-zi\/","og_locale":"en_US","og_type":"article","og_title":"Nik\u00eb Gjeloshaj deputet\u00eb n\u00eb Parlamentin e Malit t\u00eb Zi - Lajme nga Ulqini","og_description":"Tuz-Mal\u00ebsi, (11\/03\/2014) \u2013 P\u00ebrfaq\u00ebsuesi i Alternativ\u00ebs Shqiptare, Nik\u00eb Gjeloshaj, nes\u00ebr zyrtarisht merr detyr\u00ebn e deputetit n\u00eb Parlamentin e Malit t\u00eb Zi,","og_url":"https:\/\/www.visit-ulcinj.com\/blog\/2014\/03\/12\/nike-gjeloshaj-deputete-ne-parlamentin-e-malit-te-zi\/","og_site_name":"Lajme nga Ulqini","article_published_time":"2014-03-12T14:40:35+00:00","article_modified_time":"2014-03-13T14:16:51+00:00","og_image":[{"url":"http:\/\/www.visit-ulcinj.com\/blog\/wp-content\/uploads\/2009\/01\/nike-gjeloshaj.jpg"}],"twitter_misc":{"Written by":"ulqini"},"schema":{"@context":"https:\/\/schema.org","@graph":[{"@type":"WebSite","@id":"https:\/\/www.visit-ulcinj.com\/blog\/#website","url":"https:\/\/www.visit-ulcinj.com\/blog\/","name":"Lajme nga Ulqini","description":"Lajme,Vijesti,Ulqini,Ulqin,Crna Gora,Mali i Zi","potentialAction":[{"@type":"SearchAction","target":{"@type":"EntryPoint","urlTemplate":"https:\/\/www.visit-ulcinj.com\/blog\/?s={search_term_string}"},"query-input":"required name=search_term_string"}],"inLanguage":"en-US"},{"@type":"ImageObject","inLanguage":"en-US","@id":"https:\/\/www.visit-ulcinj.com\/blog\/2014\/03\/12\/nike-gjeloshaj-deputete-ne-parlamentin-e-malit-te-zi\/#primaryimage","url":"https:\/\/www.visit-ulcinj.com\/blog\/wp-content\/uploads\/2009\/01\/nike-gjeloshaj.jpg","contentUrl":"https:\/\/www.visit-ulcinj.com\/blog\/wp-content\/uploads\/2009\/01\/nike-gjeloshaj.jpg","width":"318","height":"304"},{"@type":"WebPage","@id":"https:\/\/www.visit-ulcinj.com\/blog\/2014\/03\/12\/nike-gjeloshaj-deputete-ne-parlamentin-e-malit-te-zi\/#webpage","url":"https:\/\/www.visit-ulcinj.com\/blog\/2014\/03\/12\/nike-gjeloshaj-deputete-ne-parlamentin-e-malit-te-zi\/","name":"Nik\u00eb Gjeloshaj deputet\u00eb n\u00eb Parlamentin e Malit t\u00eb Zi - Lajme nga Ulqini","isPartOf":{"@id":"https:\/\/www.visit-ulcinj.com\/blog\/#website"},"primaryImageOfPage":{"@id":"https:\/\/www.visit-ulcinj.com\/blog\/2014\/03\/12\/nike-gjeloshaj-deputete-ne-parlamentin-e-malit-te-zi\/#primaryimage"},"datePublished":"2014-03-12T14:40:35+00:00","dateModified":"2014-03-13T14:16:51+00:00","author":{"@id":"https:\/\/www.visit-ulcinj.com\/blog\/#\/schema\/person\/dcab619c614d3038751c63bc2aadc06d"},"description":"Tuz-Mal\u00ebsi, (11\/03\/2014) \u2013 P\u00ebrfaq\u00ebsuesi i Alternativ\u00ebs Shqiptare, Nik\u00eb Gjeloshaj, nes\u00ebr zyrtarisht merr detyr\u00ebn e deputetit n\u00eb Parlamentin e Malit t\u00eb Zi,","breadcrumb":{"@id":"https:\/\/www.visit-ulcinj.com\/blog\/2014\/03\/12\/nike-gjeloshaj-deputete-ne-parlamentin-e-malit-te-zi\/#breadcrumb"},"inLanguage":"en-US","potentialAction":[{"@type":"ReadAction","target":["https:\/\/www.visit-ulcinj.com\/blog\/2014\/03\/12\/nike-gjeloshaj-deputete-ne-parlamentin-e-malit-te-zi\/"]}]},{"@type":"BreadcrumbList","@id":"https:\/\/www.visit-ulcinj.com\/blog\/2014\/03\/12\/nike-gjeloshaj-deputete-ne-parlamentin-e-malit-te-zi\/#breadcrumb","itemListElement":[{"@type":"ListItem","position":1,"name":"Nik\u00eb Gjeloshaj deputet\u00eb n\u00eb Parlamentin e Malit t\u00eb Zi"}]},{"@type":"Person","@id":"https:\/\/www.visit-ulcinj.com\/blog\/#\/schema\/person\/dcab619c614d3038751c63bc2aadc06d","name":"ulqini","sameAs":["http:\/\/www.visit-ulcinj.com"],"url":"https:\/\/www.visit-ulcinj.com\/blog\/author\/admin\/"}]}},"jetpack_featured_media_url":"","jetpack_sharing_enabled":true,"jetpack_shortlink":"https:\/\/wp.me\/pe6lTn-kYj","_links":{"self":[{"href":"https:\/\/www.visit-ulcinj.com\/blog\/wp-json\/wp\/v2\/posts\/80619"}],"collection":[{"href":"https:\/\/www.visit-ulcinj.com\/blog\/wp-json\/wp\/v2\/posts"}],"about":[{"href":"https:\/\/www.visit-ulcinj.com\/blog\/wp-json\/wp\/v2\/types\/post"}],"author":[{"embeddable":true,"href":"https:\/\/www.visit-ulcinj.com\/blog\/wp-json\/wp\/v2\/users\/1"}],"replies":[{"embeddable":true,"href":"https:\/\/www.visit-ulcinj.com\/blog\/wp-json\/wp\/v2\/comments?post=80619"}],"version-history":[{"count":1,"href":"https:\/\/www.visit-ulcinj.com\/blog\/wp-json\/wp\/v2\/posts\/80619\/revisions"}],"predecessor-version":[{"id":80620,"href":"https:\/\/www.visit-ulcinj.com\/blog\/wp-json\/wp\/v2\/posts\/80619\/revisions\/80620"}],"wp:attachment":[{"href":"https:\/\/www.visit-ulcinj.com\/blog\/wp-json\/wp\/v2\/media?parent=80619"}],"wp:term":[{"taxonomy":"category","embeddable":true,"href":"https:\/\/www.visit-ulcinj.com\/blog\/wp-json\/wp\/v2\/categories?post=80619"},{"taxonomy":"post_tag","embeddable":true,"href":"https:\/\/www.visit-ulcinj.com\/blog\/wp-json\/wp\/v2\/tags?post=80619"}],"curies":[{"name":"wp","href":"https:\/\/api.w.org\/{rel}","templated":true}]}}