{"id":80622,"date":"2014-03-13T08:33:44","date_gmt":"2014-03-13T07:33:44","guid":{"rendered":"http:\/\/www.visit-ulcinj.com\/blog\/?p=80622"},"modified":"2014-03-15T12:44:06","modified_gmt":"2014-03-15T11:44:06","slug":"gjimnazi-privat-drita-festoi-tetevjetorin-e-themelimit","status":"publish","type":"post","link":"https:\/\/www.visit-ulcinj.com\/blog\/2014\/03\/13\/gjimnazi-privat-drita-festoi-tetevjetorin-e-themelimit\/","title":{"rendered":"Gjimnazi privat \u201c Drita\u201d  festoi tet\u00ebvjetorin e themelimit &#8211; Video"},"content":{"rendered":"<p><b><a href=\"http:\/\/www.visit-ulcinj.com\/blog\/wp-content\/uploads\/2014\/03\/tetEvjetori-Gjimnazi-Drita-Ulqin-.jpg\"><img loading=\"lazy\" class=\"alignleft  wp-image-80630\" alt=\"tetEvjetori-Gjimnazi-Drita-Ulqin-\" src=\"http:\/\/www.visit-ulcinj.com\/blog\/wp-content\/uploads\/2014\/03\/tetEvjetori-Gjimnazi-Drita-Ulqin-.jpg\" width=\"508\" height=\"360\" \/><\/a>Mesazhe pune e arsimi komb\u00ebtar <\/b><\/p>\n<p><b>Gjek\u00eb Gjonaj<\/b><\/p>\n<p>K\u00ebt\u00eb dit\u00eb feste e g\u00ebzimi, e cila\u00a0 u mbajt\u00a0 mbr\u00ebmjen e 6 marsit n\u00eb objektin e ri shkollor, e madh\u00ebruan pjes\u00ebmarr\u00ebs t\u00eb shumt\u00eb, n\u00eb radh\u00eb t\u00eb par\u00eb prind\u00ebrit, t\u00eb cil\u00ebt rrit\u00ebn g\u00ebzimin e f\u00ebmij\u00ebve t\u00eb tyre.\u00a0 T\u00eb pranish\u00ebm n\u00eb k\u00ebt\u00eb manifestim\u00a0 t\u00eb organizuar bukur, p\u00ebrve\u00e7 nx\u00ebn\u00ebsve, m\u00ebsimdh\u00ebn\u00ebsve, udh\u00ebheq\u00ebsis\u00eb\u00a0 dhe ish\u00a0 nx\u00ebn\u00ebsve t\u00eb shkoll\u00ebs,\u00a0\u00a0 ishin edhe kryetari i Komun\u00ebs s\u00eb Ulqinit, Fatmir Gjeka, deputeti n\u00eb Kuvendin e Malit t\u00eb Zi, Luigj Shkrela, Kryetari i K\u00ebshillit Nacional t\u00eb Shqiptar\u00ebve n\u00eb Malin e Zi\u00a0 dhe deputeti Genci Nimanbegu,\u00a0 kryetari i Kuvendit\u00a0 Komunal t\u00eb Ulqinit Fuad Haxhibeti dhe n\u00ebnkryetari i Komun\u00ebs s\u00eb Tivarit Osman Subashiq.<\/p>\n<p>Ky jubile i r\u00ebnd\u00ebsish\u00ebm\u00a0 p\u00ebr arsimin tone komb\u00ebtar p\u00ebrkon me nj\u00eb dat\u00eb t\u00eb sh\u00ebnuar p\u00ebr arsimin shqip 7 Marsin, Dit\u00ebn\u00a0 e M\u00ebsuesit apo si\u00e7 quhet ndryshe dit\u00eblindja e\u00a0 shkoll\u00ebs s\u00eb par\u00eb shqipe. Andaj me k\u00ebt\u00eb rast nga kjo kremte u p\u00ebrcoll\u00ebn me shum\u00eb respekt\u00a0 urimet p\u00ebr t\u00eb gjith\u00eb m\u00ebsimdh\u00ebn\u00ebsit tan\u00eb t\u00eb cil\u00ebt me pun\u00ebn,pasionion dhe dashurin\u00eb\u00a0\u00a0 p\u00ebr profesionin, p\u00ebr dijet ,p\u00ebr nx\u00ebn\u00ebsit i kan\u00eb dh\u00ebn\u00eb nj\u00eb vizion t\u00eb ri tradit\u00ebs s\u00eb shk\u00eblqyer t\u00eb arsimit komb\u00ebtar.<br \/>\n<a href=\"http:\/\/www.visit-ulcinj.com\/blog\/wp-content\/uploads\/2014\/03\/tetEvjetori-Gjimnazi-Drita-Ulqin.1-Bisha.jpg\"><img loading=\"lazy\" class=\"alignleft  wp-image-80626\" alt=\"tetEvjetori-Gjimnazi-Drita-Ulqin.1-Bisha\" src=\"http:\/\/www.visit-ulcinj.com\/blog\/wp-content\/uploads\/2014\/03\/tetEvjetori-Gjimnazi-Drita-Ulqin.1-Bisha.jpg\" width=\"508\" height=\"360\" \/><\/a><\/p>\n<p><b>Bisha:\u00a0 Gjimanzi \u201c Drita\u201d do t\u00eb vazhdoj\u00eb misionin e shenjt\u00eb <\/b><\/p>\n<p>Themeluesi i Gjimnazit privat\u00a0 \u201c Drita\u201d Hysein Bisha fillimisht p\u00ebrsh\u00ebndeti t\u00eb pranishmit dhe shprehu optimizmin e tij se ky institucion do t\u00eb vazhdoj\u00eb misionin e tij t\u00eb shenjt\u00eb.<\/p>\n<p>\u201cEdukimi dhe arsimi jan\u00eb shtyllat\u00a0 kryesore t\u00eb formimit t\u00eb nj\u00eb kombi. Pa k\u00ebto nuk mund t\u00eb ket\u00eb\u00a0 sukses as Ulqini as Mali i Zi. Stafi drejtues dhe pedagogjik i k\u00ebtij gjimnazi privat\u00a0 jan\u00eb angazhuar\u00a0 shum\u00eb q\u00eb ky institucion t\u00eb\u00a0 mbijetoj\u00eb edhe p\u00ebrkund\u00ebr v\u00ebshtir\u00ebsive t\u00eb theksuara financiare. Fal\u00eb k\u00ebtij p\u00ebrkushtimi dhe pasioni p\u00ebr arsimin ton\u00eb komb\u00ebtar Gjimnazi \u201c Drita\u201d vazhdon t\u00eb punoj\u00eb dhe uroj e shpresoj q\u00eb t\u00eb ket\u00eb jet\u00ebgjat\u00ebsi. Gjat\u00eb tet\u00eb viteve t\u00eb shkuara\u00a0 n\u00eb k\u00ebt\u00eb shkoll\u00eb jan\u00eb diplomuar 96 nx\u00ebn\u00ebs\u00a0 t\u00eb cil\u00ebt tani\u00a0 ndjekin\u00a0 shkollimin superior n\u00ebp\u00ebr universitete t\u00eb ndryshme n\u00eb Mal t\u00eb Zi, Kosov\u00eb , Shqip\u00ebri e vende t\u00eb tjera, t\u00eb cil\u00ebt shpresojm\u00eb se s\u00eb shpejti\u00a0 do t\u00eb kthehen\u00a0 t\u00eb kontribuojn\u00eb n\u00eb k\u00ebt\u00eb qytet\u201d tha Bisha, duke\u00a0 ftuar\u00a0 Komun\u00ebn e Ulqinit dhe Qeverin\u00eb e Malit t\u00eb Zi t\u00eb mb\u00ebshtesin k\u00ebt\u00eb gjimnaz \u00a0n\u00eb m\u00ebnyr\u00eb\u00a0 q\u00eb \u00a0t\u00eb vazhdoj\u00eb misionin e tij t\u00eb shenjt\u00eb.<br \/>\n<a href=\"http:\/\/www.visit-ulcinj.com\/blog\/wp-content\/uploads\/2014\/03\/fatmir-gjeka.jpg\"><img loading=\"lazy\" class=\"alignleft  wp-image-80627\" alt=\"fatmir-gjeka\" src=\"http:\/\/www.visit-ulcinj.com\/blog\/wp-content\/uploads\/2014\/03\/fatmir-gjeka.jpg\" width=\"508\" height=\"600\" \/><\/a><\/p>\n<p><b>Gjeka:\u00a0 P\u00ebrher\u00eb do t\u00eb keni p\u00ebrkrahjen time<\/b><\/p>\n<p>Kryetari i Komun\u00ebs s\u00eb Ulqinit Fatmir Gjeka,duke iu uruar nx\u00ebn\u00ebsve dhe m\u00ebsimdh\u00ebn\u00ebsve\u00a0\u00a0 t\u00eb k\u00ebtij institucioni t\u00eb par\u00eb privat arsimor-edukativ n\u00eb gjuh\u00ebn shqipe n\u00eb Mal t\u00eb Zi\u00a0 jubileun\u00a0 e tet\u00eb\u00a0 premtoi mb\u00ebshtetjen e tij, respektivisht t\u00eb institucionit q\u00eb ai drejton.<\/p>\n<p>\u201cGjimnazi \u201cDrita\u201d mund t\u00eb\u00a0 sh\u00ebrbej\u00eb si shembull i afrimit t\u00eb arsimit ton\u00eb me arsimin evropian ku synojm\u00eb t\u00eb integrohemi. Ne jemi t\u00eb vet\u00ebdijsh\u00ebm\u00a0 p\u00ebr rrug\u00ebn e v\u00ebshtir\u00eb q\u00eb e p\u00ebrcjell arsimin shqip\u00a0 n\u00eb Malin e Zi dhe reformat q\u00eb e presin . Por ne kemi provuar dhe kemi ditur t\u2019ia dalim dhe po ia\u00a0 dalim me sukses. Ju jeni\u00a0 siguria e procesit t\u00eb pandash\u00ebm t\u00eb modernizimit t\u00eb arsimit\u00a0 dhe t\u00eb rritjes cil\u00ebsore t\u00eb tij . Andaj\u00a0 ju uroj suksese dhe\u00a0 ju garantoj se tek komuna e Ulqinit\u00a0 dhe tek un\u00eb si kryetar\u00a0\u00a0 p\u00ebrher\u00eb i keni dyert e hapura dhe\u00a0 do t\u00eb keni p\u00ebrkrahjen tone\u201d, u shpreh Gjeka<\/p>\n<p><a href=\"http:\/\/www.visit-ulcinj.com\/blog\/wp-content\/uploads\/2014\/03\/tetEvjetori-Gjimnazi-Drita-Ulqin.1-genci-nimanbegu.jpg\"><img loading=\"lazy\" class=\"alignleft  wp-image-80628\" alt=\"tetEvjetori-Gjimnazi-Drita-Ulqin.1-genci-nimanbegu\" src=\"http:\/\/www.visit-ulcinj.com\/blog\/wp-content\/uploads\/2014\/03\/tetEvjetori-Gjimnazi-Drita-Ulqin.1-genci-nimanbegu.jpg\" width=\"508\" height=\"360\" \/><\/a><\/p>\n<p><b>Nimanbegu: Hap vizionar me shum\u00eb p\u00ebrgjegj\u00ebsi <\/b><\/p>\n<p>Kryetari i K\u00ebshillit Nacional t\u00eb Shqiptar\u00ebve dhe deputeti\u00a0 Genci Nimanbegu n\u00eb fjal\u00ebn e tij p\u00ebrsh\u00ebndet\u00ebse\u00a0 hapjen e k\u00ebsaj shkolle e vler\u00ebsoi si nj\u00eb hap t\u00eb guximsh\u00ebm dhe vizionar.<\/p>\n<p>-Gjimnazi privat \u201cDrita\u201d esht\u00eb nisma\u00a0\u00a0 m\u00eb serioze afariste, m\u00eb kuptimplote dhe me p\u00ebrgjegj\u00ebsi m\u00eb t\u00eb madhe q\u00eb \u00ebsht\u00eb b\u00ebr\u00eb\u00a0 vitet e fundit n\u00eb Komun\u00ebn e Ulqinit. Hapja e nj\u00eb shkolle private n\u00eb gjuh\u00ebn shqipe \u00ebsht\u00eb nj\u00eb hap p\u00ebr t\u00eb cilin \u00ebsht\u00eb dashtur vizion, guxim, por edhe durim. K\u00ebshilli Nacional i Shqiptar\u00ebve \u00e7do her\u00eb\u00a0 do t\u00eb jet\u00eb p\u00ebrkrah\u00ebs i nismave t\u00eb ndryshme\u00a0 t\u00eb k\u00ebsaj shkolle. D\u00ebshiroj q\u00eb jo vet\u00ebm Komuna e Ulqinit\u00a0 por edhe qeveria t\u00eb jap\u00eb mjete sa m\u00eb t\u00eb m\u00ebdha p\u00ebr ndihm\u00ebn e funksionimit t\u00eb k\u00ebsaj shkolle private e cila sigurisht me pun\u00ebn e saj do t\u00eb nxjerr\u00eb nx\u00ebn\u00ebs t\u00eb mir\u00eb t\u00eb cil\u00ebt\u00a0 me pun\u00eb do ta d\u00ebshmojn\u00eb veten, theksoi, Nimanbegu.<\/p>\n<p><b>Nx\u00ebn\u00ebsit\u00a0 m\u00eb t\u00eb mir\u00eb<\/b><\/p>\n<p>Nx\u00ebn\u00ebsja m\u00eb e mir\u00eb p\u00ebr k\u00ebt\u00eb vit shkollor u shpall\u00a0 Aida Rexhepi.<\/p>\n<p>Kujdestar\u00ebt e klas\u00ebve p\u00ebr sukses t\u00eb shk\u00eblqyesh\u00ebm dhe sjellje sh\u00ebmbullore\u00a0 i shp\u00ebblen me\u00a0 l\u00ebvdata k\u00ebta nx\u00ebn\u00ebs:\u00a0 Besart Hoxhiq, Rajmond Gjonaj, Dorjeta Nasufaga, Muhamed Bisha, Leart Kallaba, Enis Lika, Besmir Asllani, Aida Rexhepi, Arb\u00ebr Markashi, Dafina Taganoviq, Gentiana \u00c7oboviq,\u00a0 Zade Rexha, Sabina Suloviq dhe Amina Bisha.<\/p>\n<p><a href=\"http:\/\/www.visit-ulcinj.com\/blog\/wp-content\/uploads\/2014\/03\/tetEvjetori-Gjimnazi-Drita-Ulqin.2.jpg\"><img loading=\"lazy\" class=\"alignleft  wp-image-80629\" alt=\"tetEvjetori-Gjimnazi-Drita-Ulqin.2\" src=\"http:\/\/www.visit-ulcinj.com\/blog\/wp-content\/uploads\/2014\/03\/tetEvjetori-Gjimnazi-Drita-Ulqin.2.jpg\" width=\"508\" height=\"360\" \/><\/a><\/p>\n<p><b>Programi festiv<\/b><\/p>\n<p>P\u00ebr nder t\u00eb k\u00ebsaj kremteje u\u00a0 shfaq nj\u00eb video reportazh e p\u00ebrgaditur nga profesori i gjuh\u00ebs shqipe Haxhi Shbani n\u00eb bashk\u00ebpunim me nx\u00ebn\u00ebsit e k\u00ebsaj shkolle,\u00a0\u00a0 u p\u00ebrurua\u00a0 objekti i ri\u00a0 i\u00a0 shkoll\u00ebs, i pajisur me kabinetet dhe mjetet m\u00ebsimore t\u00eb nevojshme p\u00ebr zhvillimin e procesit edukativo-arsimor sipas k\u00ebrkesave t\u00eb koh\u00ebs dhe u promovua numri dy i revist\u00ebs shkollore \u201c Drita\u201d.Pjes\u00eb e k\u00ebtij programi festiv ishin edhe\u00a0 punimet e nx\u00ebn\u00ebsve\u00a0 nga l\u00ebnda e artit figurativ t\u00eb cilat k\u00ebnaq\u00ebn\u00a0 frekuentuseit e k\u00ebsaj ekspozit\u00eb,derisa\u00a0 p\u00ebr\u00a0 mysafir\u00ebt e ftuar u shtrua nj\u00eb koktej rasti.<\/p>\n<p><a href=\"http:\/\/www.visit-ulcinj.com\/blog\/wp-content\/uploads\/2014\/03\/tetEvjetori-Gjimnazi-Drita-Ulqin.jpg\"><img loading=\"lazy\" class=\"alignleft  wp-image-80624\" alt=\"tetEvjetori-Gjimnazi-Drita-Ulqin\" src=\"http:\/\/www.visit-ulcinj.com\/blog\/wp-content\/uploads\/2014\/03\/tetEvjetori-Gjimnazi-Drita-Ulqin.jpg\" width=\"508\" height=\"360\" \/><\/a><\/p>\n<p><b>Revista shkollore \u201cDrita\u201d<\/b><\/p>\n<p>N\u00eb faqet e k\u00ebsaj reviste t\u00eb ve\u00e7ant\u00eb me 34 faqe kolor\u00a0 nx\u00ebn\u00ebsit dhe m\u00ebsimdh\u00ebn\u00ebsit e k\u00ebsaj\u00a0 shkolle kan\u00eb\u00a0 botuar shum\u00eb shkrime e artikuj interesant\u00eb. Revista besoj se\u00a0\u00a0 do t\u00eb luaj rolin e saj t\u00eb r\u00ebnd\u00ebsish\u00ebm n\u00eb afirmimin e vlerave t\u00eb pun\u00ebs arsimore dhe edukative t\u00eb k\u00ebtij institucioni t\u00eb suksessh\u00ebm. Urojm\u00eb q\u00eb\u00a0 botimi i revist\u00ebs shkollore \u201c Drita\u201d t\u00eb jet\u00eb\u00a0 nj\u00eb nism\u00eb e mbar\u00eb dhe nxitje p\u00ebr\u00a0 afirmimin e talent\u00ebve t\u00eb rinj, dashamir\u00eb t\u00eb fjal\u00ebs s\u00eb shkruar.<\/p>\n<p>&nbsp;<br \/>\n<!--YouTube Error: bad URL entered--><\/p>\n","protected":false},"excerpt":{"rendered":"<p>Mesazhe pune e arsimi komb\u00ebtar Gjek\u00eb Gjonaj K\u00ebt\u00eb dit\u00eb feste e g\u00ebzimi, e cila\u00a0 u mbajt\u00a0 mbr\u00ebmjen e 6 marsit n\u00eb objektin e ri shkollor, e madh\u00ebruan pjes\u00ebmarr\u00ebs t\u00eb shumt\u00eb, n\u00eb radh\u00eb t\u00eb par\u00eb prind\u00ebrit, t\u00eb cil\u00ebt rrit\u00ebn g\u00ebzimin e f\u00ebmij\u00ebve t\u00eb tyre.\u00a0 T\u00eb pranish\u00ebm n\u00eb k\u00ebt\u00eb manifestim\u00a0 t\u00eb organizuar bukur, p\u00ebrve\u00e7 nx\u00ebn\u00ebsve, m\u00ebsimdh\u00ebn\u00ebsve, udh\u00ebheq\u00ebsis\u00eb\u00a0 [&hellip;]<\/p>\n","protected":false},"author":1,"featured_media":0,"comment_status":"closed","ping_status":"closed","sticky":false,"template":"","format":"standard","meta":{"spay_email":"","jetpack_publicize_message":"","jetpack_is_tweetstorm":false,"jetpack_publicize_feature_enabled":true},"categories":[1,11],"tags":[],"jetpack_publicize_connections":[],"yoast_head":"<!-- This site is optimized with the Yoast SEO plugin v19.1 - https:\/\/yoast.com\/wordpress\/plugins\/seo\/ -->\n<title>Gjimnazi privat \u201c Drita\u201d festoi tet\u00ebvjetorin e themelimit - Video - Lajme nga Ulqini<\/title>\n<meta name=\"description\" content=\"Mesazhe pune e arsimi komb\u00ebtar Gjek\u00eb Gjonaj K\u00ebt\u00eb dit\u00eb feste e g\u00ebzimi, e cila\u00a0 u mbajt\u00a0 mbr\u00ebmjen e 6 marsit n\u00eb objektin e ri shkollor, e madh\u00ebruan\" \/>\n<meta name=\"robots\" content=\"index, follow, max-snippet:-1, max-image-preview:large, max-video-preview:-1\" \/>\n<link rel=\"canonical\" href=\"https:\/\/www.visit-ulcinj.com\/blog\/2014\/03\/13\/gjimnazi-privat-drita-festoi-tetevjetorin-e-themelimit\/\" \/>\n<meta property=\"og:locale\" content=\"en_US\" \/>\n<meta property=\"og:type\" content=\"article\" \/>\n<meta property=\"og:title\" content=\"Gjimnazi privat \u201c Drita\u201d festoi tet\u00ebvjetorin e themelimit - Video - Lajme nga Ulqini\" \/>\n<meta property=\"og:description\" content=\"Mesazhe pune e arsimi komb\u00ebtar Gjek\u00eb Gjonaj K\u00ebt\u00eb dit\u00eb feste e g\u00ebzimi, e cila\u00a0 u mbajt\u00a0 mbr\u00ebmjen e 6 marsit n\u00eb objektin e ri shkollor, e madh\u00ebruan\" \/>\n<meta property=\"og:url\" content=\"https:\/\/www.visit-ulcinj.com\/blog\/2014\/03\/13\/gjimnazi-privat-drita-festoi-tetevjetorin-e-themelimit\/\" \/>\n<meta property=\"og:site_name\" content=\"Lajme nga Ulqini\" \/>\n<meta property=\"article:published_time\" content=\"2014-03-13T07:33:44+00:00\" \/>\n<meta property=\"article:modified_time\" content=\"2014-03-15T11:44:06+00:00\" \/>\n<meta property=\"og:image\" content=\"http:\/\/www.visit-ulcinj.com\/blog\/wp-content\/uploads\/2014\/03\/tetEvjetori-Gjimnazi-Drita-Ulqin-.jpg\" \/>\n<meta name=\"twitter:label1\" content=\"Written by\" \/>\n\t<meta name=\"twitter:data1\" content=\"ulqini\" \/>\n\t<meta name=\"twitter:label2\" content=\"Est. reading time\" \/>\n\t<meta name=\"twitter:data2\" content=\"6 minutes\" \/>\n<script type=\"application\/ld+json\" class=\"yoast-schema-graph\">{\"@context\":\"https:\/\/schema.org\",\"@graph\":[{\"@type\":\"WebSite\",\"@id\":\"https:\/\/www.visit-ulcinj.com\/blog\/#website\",\"url\":\"https:\/\/www.visit-ulcinj.com\/blog\/\",\"name\":\"Lajme nga Ulqini\",\"description\":\"Lajme,Vijesti,Ulqini,Ulqin,Crna Gora,Mali i Zi\",\"potentialAction\":[{\"@type\":\"SearchAction\",\"target\":{\"@type\":\"EntryPoint\",\"urlTemplate\":\"https:\/\/www.visit-ulcinj.com\/blog\/?s={search_term_string}\"},\"query-input\":\"required name=search_term_string\"}],\"inLanguage\":\"en-US\"},{\"@type\":\"ImageObject\",\"inLanguage\":\"en-US\",\"@id\":\"https:\/\/www.visit-ulcinj.com\/blog\/2014\/03\/13\/gjimnazi-privat-drita-festoi-tetevjetorin-e-themelimit\/#primaryimage\",\"url\":\"https:\/\/www.visit-ulcinj.com\/blog\/wp-content\/uploads\/2014\/03\/tetEvjetori-Gjimnazi-Drita-Ulqin-.jpg\",\"contentUrl\":\"https:\/\/www.visit-ulcinj.com\/blog\/wp-content\/uploads\/2014\/03\/tetEvjetori-Gjimnazi-Drita-Ulqin-.jpg\",\"width\":999,\"height\":666},{\"@type\":\"WebPage\",\"@id\":\"https:\/\/www.visit-ulcinj.com\/blog\/2014\/03\/13\/gjimnazi-privat-drita-festoi-tetevjetorin-e-themelimit\/#webpage\",\"url\":\"https:\/\/www.visit-ulcinj.com\/blog\/2014\/03\/13\/gjimnazi-privat-drita-festoi-tetevjetorin-e-themelimit\/\",\"name\":\"Gjimnazi privat \u201c Drita\u201d festoi tet\u00ebvjetorin e themelimit - Video - Lajme nga Ulqini\",\"isPartOf\":{\"@id\":\"https:\/\/www.visit-ulcinj.com\/blog\/#website\"},\"primaryImageOfPage\":{\"@id\":\"https:\/\/www.visit-ulcinj.com\/blog\/2014\/03\/13\/gjimnazi-privat-drita-festoi-tetevjetorin-e-themelimit\/#primaryimage\"},\"datePublished\":\"2014-03-13T07:33:44+00:00\",\"dateModified\":\"2014-03-15T11:44:06+00:00\",\"author\":{\"@id\":\"https:\/\/www.visit-ulcinj.com\/blog\/#\/schema\/person\/dcab619c614d3038751c63bc2aadc06d\"},\"description\":\"Mesazhe pune e arsimi komb\u00ebtar Gjek\u00eb Gjonaj K\u00ebt\u00eb dit\u00eb feste e g\u00ebzimi, e cila\u00a0 u mbajt\u00a0 mbr\u00ebmjen e 6 marsit n\u00eb objektin e ri shkollor, e madh\u00ebruan\",\"breadcrumb\":{\"@id\":\"https:\/\/www.visit-ulcinj.com\/blog\/2014\/03\/13\/gjimnazi-privat-drita-festoi-tetevjetorin-e-themelimit\/#breadcrumb\"},\"inLanguage\":\"en-US\",\"potentialAction\":[{\"@type\":\"ReadAction\",\"target\":[\"https:\/\/www.visit-ulcinj.com\/blog\/2014\/03\/13\/gjimnazi-privat-drita-festoi-tetevjetorin-e-themelimit\/\"]}]},{\"@type\":\"BreadcrumbList\",\"@id\":\"https:\/\/www.visit-ulcinj.com\/blog\/2014\/03\/13\/gjimnazi-privat-drita-festoi-tetevjetorin-e-themelimit\/#breadcrumb\",\"itemListElement\":[{\"@type\":\"ListItem\",\"position\":1,\"name\":\"Gjimnazi privat \u201c Drita\u201d festoi tet\u00ebvjetorin e themelimit &#8211; Video\"}]},{\"@type\":\"Person\",\"@id\":\"https:\/\/www.visit-ulcinj.com\/blog\/#\/schema\/person\/dcab619c614d3038751c63bc2aadc06d\",\"name\":\"ulqini\",\"sameAs\":[\"http:\/\/www.visit-ulcinj.com\"],\"url\":\"https:\/\/www.visit-ulcinj.com\/blog\/author\/admin\/\"}]}<\/script>\n<!-- \/ Yoast SEO plugin. -->","yoast_head_json":{"title":"Gjimnazi privat \u201c Drita\u201d festoi tet\u00ebvjetorin e themelimit - Video - Lajme nga Ulqini","description":"Mesazhe pune e arsimi komb\u00ebtar Gjek\u00eb Gjonaj K\u00ebt\u00eb dit\u00eb feste e g\u00ebzimi, e cila\u00a0 u mbajt\u00a0 mbr\u00ebmjen e 6 marsit n\u00eb objektin e ri shkollor, e madh\u00ebruan","robots":{"index":"index","follow":"follow","max-snippet":"max-snippet:-1","max-image-preview":"max-image-preview:large","max-video-preview":"max-video-preview:-1"},"canonical":"https:\/\/www.visit-ulcinj.com\/blog\/2014\/03\/13\/gjimnazi-privat-drita-festoi-tetevjetorin-e-themelimit\/","og_locale":"en_US","og_type":"article","og_title":"Gjimnazi privat \u201c Drita\u201d festoi tet\u00ebvjetorin e themelimit - Video - Lajme nga Ulqini","og_description":"Mesazhe pune e arsimi komb\u00ebtar Gjek\u00eb Gjonaj K\u00ebt\u00eb dit\u00eb feste e g\u00ebzimi, e cila\u00a0 u mbajt\u00a0 mbr\u00ebmjen e 6 marsit n\u00eb objektin e ri shkollor, e madh\u00ebruan","og_url":"https:\/\/www.visit-ulcinj.com\/blog\/2014\/03\/13\/gjimnazi-privat-drita-festoi-tetevjetorin-e-themelimit\/","og_site_name":"Lajme nga Ulqini","article_published_time":"2014-03-13T07:33:44+00:00","article_modified_time":"2014-03-15T11:44:06+00:00","og_image":[{"url":"http:\/\/www.visit-ulcinj.com\/blog\/wp-content\/uploads\/2014\/03\/tetEvjetori-Gjimnazi-Drita-Ulqin-.jpg"}],"twitter_misc":{"Written by":"ulqini","Est. reading time":"6 minutes"},"schema":{"@context":"https:\/\/schema.org","@graph":[{"@type":"WebSite","@id":"https:\/\/www.visit-ulcinj.com\/blog\/#website","url":"https:\/\/www.visit-ulcinj.com\/blog\/","name":"Lajme nga Ulqini","description":"Lajme,Vijesti,Ulqini,Ulqin,Crna Gora,Mali i Zi","potentialAction":[{"@type":"SearchAction","target":{"@type":"EntryPoint","urlTemplate":"https:\/\/www.visit-ulcinj.com\/blog\/?s={search_term_string}"},"query-input":"required name=search_term_string"}],"inLanguage":"en-US"},{"@type":"ImageObject","inLanguage":"en-US","@id":"https:\/\/www.visit-ulcinj.com\/blog\/2014\/03\/13\/gjimnazi-privat-drita-festoi-tetevjetorin-e-themelimit\/#primaryimage","url":"https:\/\/www.visit-ulcinj.com\/blog\/wp-content\/uploads\/2014\/03\/tetEvjetori-Gjimnazi-Drita-Ulqin-.jpg","contentUrl":"https:\/\/www.visit-ulcinj.com\/blog\/wp-content\/uploads\/2014\/03\/tetEvjetori-Gjimnazi-Drita-Ulqin-.jpg","width":999,"height":666},{"@type":"WebPage","@id":"https:\/\/www.visit-ulcinj.com\/blog\/2014\/03\/13\/gjimnazi-privat-drita-festoi-tetevjetorin-e-themelimit\/#webpage","url":"https:\/\/www.visit-ulcinj.com\/blog\/2014\/03\/13\/gjimnazi-privat-drita-festoi-tetevjetorin-e-themelimit\/","name":"Gjimnazi privat \u201c Drita\u201d festoi tet\u00ebvjetorin e themelimit - Video - Lajme nga Ulqini","isPartOf":{"@id":"https:\/\/www.visit-ulcinj.com\/blog\/#website"},"primaryImageOfPage":{"@id":"https:\/\/www.visit-ulcinj.com\/blog\/2014\/03\/13\/gjimnazi-privat-drita-festoi-tetevjetorin-e-themelimit\/#primaryimage"},"datePublished":"2014-03-13T07:33:44+00:00","dateModified":"2014-03-15T11:44:06+00:00","author":{"@id":"https:\/\/www.visit-ulcinj.com\/blog\/#\/schema\/person\/dcab619c614d3038751c63bc2aadc06d"},"description":"Mesazhe pune e arsimi komb\u00ebtar Gjek\u00eb Gjonaj K\u00ebt\u00eb dit\u00eb feste e g\u00ebzimi, e cila\u00a0 u mbajt\u00a0 mbr\u00ebmjen e 6 marsit n\u00eb objektin e ri shkollor, e madh\u00ebruan","breadcrumb":{"@id":"https:\/\/www.visit-ulcinj.com\/blog\/2014\/03\/13\/gjimnazi-privat-drita-festoi-tetevjetorin-e-themelimit\/#breadcrumb"},"inLanguage":"en-US","potentialAction":[{"@type":"ReadAction","target":["https:\/\/www.visit-ulcinj.com\/blog\/2014\/03\/13\/gjimnazi-privat-drita-festoi-tetevjetorin-e-themelimit\/"]}]},{"@type":"BreadcrumbList","@id":"https:\/\/www.visit-ulcinj.com\/blog\/2014\/03\/13\/gjimnazi-privat-drita-festoi-tetevjetorin-e-themelimit\/#breadcrumb","itemListElement":[{"@type":"ListItem","position":1,"name":"Gjimnazi privat \u201c Drita\u201d festoi tet\u00ebvjetorin e themelimit &#8211; Video"}]},{"@type":"Person","@id":"https:\/\/www.visit-ulcinj.com\/blog\/#\/schema\/person\/dcab619c614d3038751c63bc2aadc06d","name":"ulqini","sameAs":["http:\/\/www.visit-ulcinj.com"],"url":"https:\/\/www.visit-ulcinj.com\/blog\/author\/admin\/"}]}},"jetpack_featured_media_url":"","jetpack_sharing_enabled":true,"jetpack_shortlink":"https:\/\/wp.me\/pe6lTn-kYm","_links":{"self":[{"href":"https:\/\/www.visit-ulcinj.com\/blog\/wp-json\/wp\/v2\/posts\/80622"}],"collection":[{"href":"https:\/\/www.visit-ulcinj.com\/blog\/wp-json\/wp\/v2\/posts"}],"about":[{"href":"https:\/\/www.visit-ulcinj.com\/blog\/wp-json\/wp\/v2\/types\/post"}],"author":[{"embeddable":true,"href":"https:\/\/www.visit-ulcinj.com\/blog\/wp-json\/wp\/v2\/users\/1"}],"replies":[{"embeddable":true,"href":"https:\/\/www.visit-ulcinj.com\/blog\/wp-json\/wp\/v2\/comments?post=80622"}],"version-history":[{"count":2,"href":"https:\/\/www.visit-ulcinj.com\/blog\/wp-json\/wp\/v2\/posts\/80622\/revisions"}],"predecessor-version":[{"id":80698,"href":"https:\/\/www.visit-ulcinj.com\/blog\/wp-json\/wp\/v2\/posts\/80622\/revisions\/80698"}],"wp:attachment":[{"href":"https:\/\/www.visit-ulcinj.com\/blog\/wp-json\/wp\/v2\/media?parent=80622"}],"wp:term":[{"taxonomy":"category","embeddable":true,"href":"https:\/\/www.visit-ulcinj.com\/blog\/wp-json\/wp\/v2\/categories?post=80622"},{"taxonomy":"post_tag","embeddable":true,"href":"https:\/\/www.visit-ulcinj.com\/blog\/wp-json\/wp\/v2\/tags?post=80622"}],"curies":[{"name":"wp","href":"https:\/\/api.w.org\/{rel}","templated":true}]}}