{"id":80633,"date":"2014-03-13T17:58:09","date_gmt":"2014-03-13T16:58:09","guid":{"rendered":"http:\/\/www.visit-ulcinj.com\/blog\/?p=80633"},"modified":"2014-03-13T17:58:34","modified_gmt":"2014-03-13T16:58:34","slug":"pakenaqesia-e-shqiptareve-partite-e-veta-dhe-formimi-faktorit-plus","status":"publish","type":"post","link":"https:\/\/www.visit-ulcinj.com\/blog\/2014\/03\/13\/pakenaqesia-e-shqiptareve-partite-e-veta-dhe-formimi-faktorit-plus\/","title":{"rendered":"Pak\u00ebnaq\u00ebsia e shqiptar\u00ebve me partit\u00eb e veta  dhe formimi i faktorit plus"},"content":{"rendered":"<p><b><i>Shkruan,Muhamet Nika<\/i><\/b><\/p>\n<p><b><i>\u00a0(fejton p\u00ebr nder\u00eb t\u00eb demonstratave t\u00eb diaspor\u00ebs n\u00eb Vashington me rastin e vizit\u00ebs s\u00eb Gjukanoviqit atje&#8230;..)<\/i><\/b><\/p>\n<p>Me q\u00ebllim t\u00eb hyrjes , m\u00eb tutje n\u00eb\u00a0 historin\u00eb e k\u00ebtij rr\u00ebfimi- t\u00eb pak\u00ebnaq\u00ebsis\u00eb s\u00eb shqiptar\u00ebve dhe ndodhive, pas ngjarjeve t\u00eb r\u00ebnd\u00ebsishme q\u00eb ndodh\u00ebn nga viti 1990-95,\u00a0 do p\u00ebrmendur me rend t\u00eb tjerat, q\u00eb ndodh\u00ebn \u00a0m\u00eb von\u00eb, nga viti, 1995-2006 . T\u00eb gjitha k\u00ebta , kan\u00eb ndikuar n\u00eb mikro e makro plan t\u00eb kompozimit politik shqiptar n\u00eb\u00a0 Mal t\u00eb\u00a0 Zi&#8230;.<\/p>\n<p><a href=\"http:\/\/www.visit-ulcinj.com\/blog\/wp-content\/uploads\/2014\/03\/Foto-Protestat-shqiptare-n\u00eb-Ulqin-\u2013-para-komunes-kund\u00ebr-dhun\u00ebs-n\u00eb-Kosov\u00eb-m\u00eb-8.3-1998....jpg\"><img loading=\"lazy\" class=\"alignleft  wp-image-80634\" alt=\"Foto; Protestat shqiptare n\u00eb Ulqin \u2013 para komunes, kund\u00ebr dhun\u00ebs n\u00eb Kosov\u00eb, m\u00eb 8.3 1998...\" src=\"http:\/\/www.visit-ulcinj.com\/blog\/wp-content\/uploads\/2014\/03\/Foto-Protestat-shqiptare-n\u00eb-Ulqin-\u2013-para-komunes-kund\u00ebr-dhun\u00ebs-n\u00eb-Kosov\u00eb-m\u00eb-8.3-1998....jpg\" width=\"508\" height=\"360\" \/><\/a><\/p>\n<p><b><i>Foto; Protestat shqiptare n\u00eb Ulqin \u2013 para komunes, kund\u00ebr dhun\u00ebs n\u00eb Kosov\u00eb, m\u00eb 8.3 1998&#8230;<\/i><\/b><\/p>\n<p>N\u00eb, k\u00ebt\u00eb koh\u00eb, si rezultat i dob\u00ebsive t\u00eb brendshme- sidomos, mosrespektimi i politik\u00ebs statutare p\u00ebr zgjedhjet e\u00a0\u00a0 brendshme partiake, pastaj shterp\u00ebsia n\u00eb zgjedhjen e nj\u00ebmendt\u00eb t\u00eb \u00e7\u00ebshtjes shqiptare, b\u00ebn\u00eb q\u00eb\u00a0 n\u00eb\u00a0 sken\u00ebn politike shqiptare n\u00eb Mal t\u00eb Zi,\u00a0 t\u00eb integrohet edhe faktori i tret\u00eb ,( diaspora shqiptare, sektori joqeveritar\u00a0 intelektual\u00ebt dhe\u00a0 zyrtar\u00eb amerikan\u00eb&#8230;)<\/p>\n<p>Tjet\u00ebr, gjithashtu p\u00ebrfundimi i luft\u00ebs s\u00eb fundit n\u00eb Kosov\u00eb krijoi hap\u00ebsir\u00eb t\u00eb nj\u00ebmendt\u00eb p\u00ebr mendim ndryshe dhe p\u00ebr p\u00ebrhapjen e nj\u00eb fruthi pluralist\u00a0 t\u00eb vonuar i cili p\u00ebr arsye t\u00eb\u00a0 luft\u00ebs pengoi mendimin ndryshe&#8230;. Kuvendet zgjedhore n\u00eb partin\u00eb m\u00eb t\u00eb madhe ( LD n\u00eb MZ) nuk mbaheshin, gjoja si rezultat i situat\u00ebs komb\u00ebtare n\u00eb Shqip\u00ebri e\u00a0 n\u00eb Kosov\u00eb ?!!!&#8230;N\u00eb an\u00ebn tjet\u00ebr, harrohej q\u00eb partit\u00eb ,qoft\u00eb n\u00eb Kosov\u00eb ,qoft\u00eb n\u00eb Shqip\u00ebri, rregullisht i mbanin kuvendet e veta zgjedhore. Pa marr\u00eb parasysh trazirat e mundshme atje?! N\u00eb k\u00ebt\u00eb koh\u00eb, ka mund\u00ebsi t\u00eb ngjiste q\u00eb edhe po t\u00eb k\u00ebrkoje mbajtjen e\u00a0 kuvendeve zgjedhore t\u00eb shpalleshe ,si \u201d Armik i popullit dhe i shitur..\u201d\u00a0 Kjo pik\u00ebpamje,<\/p>\n<p>p\u00ebr koh\u00ebn ishte aq bind\u00ebse sa q\u00eb edhe kryetari i at\u00ebhersh\u00ebm i Artclubit,fjala bie, \u00a0mos mbajtjen e Kuvendit t\u00eb Shoqat\u00ebs s\u00eb Artist\u00ebve , n\u00eb Ulqin, e arsyetonte sipas k\u00ebsaj logjik- pra me situat\u00ebn e v\u00ebshtir\u00eb n\u00eb Kosov\u00eb e Shqip\u00ebri.?!Intervista iu dhaHaxhi Shabanit, p\u00ebr Televizionin Shtetror t\u00eb Podgorc\u00ebs.<\/p>\n<p>Si duket , kjo amulli , n\u00eb mosrespektim t\u00eb statutit, tolerohej edhe nga partia n\u00eb pushtet&#8230;, arsyet jan\u00eb t\u00eb shumta, duke filluar nga imixhi demokratik q\u00eb fitonte para bot\u00ebs, duke i treguar\u00a0 asaj, se shqiptar\u00ebt, edhe pse\u00a0 nuk jan\u00eb n\u00eb gjendje t\u00eb respektojn\u00eb statutin&#8230;, shteti, megjithat\u00eb e kultivon zhvillimin pluralist\u00a0 n\u00eb mesin e\u00a0 tyre;\u00a0 dhe se kjo tregon q\u00eb edhe Evropa,\u00a0 nuk mund\u00a0 t\u00eb insistoj\u00eb q\u00eb atyre tu besohen, kompetenca tep\u00ebr t\u00eb m\u00ebdha ligjore n\u00eb qeverisje, sipas standardeve t\u00eb p\u00ebrparuara ngase jan\u00eb t\u00eb papjekur e t\u00eb prapambetur&#8230;?! Andaj po tu jepeshin kompetenca t\u00eb m\u00ebdha ligjore, ata do t\u2019i keqp\u00ebrdornin, duke i privatizuar, p\u00ebr hesape t\u00eb veta partiake e private dhe do t\u00eb prishnin sistemin qeveris\u00ebs t\u00eb s\u00eb mir\u00ebs s\u00eb p\u00ebrgjithshme, n\u00eb t\u00ebr\u00eb shtetin e\u00a0 Malit\u00a0 t\u00eb\u00a0 Zi&#8230; K\u00ebshtu ,\u00a0 nga viti 1990 e k\u00ebtej , \u00ebsht\u00eb e evidentuar q\u00eb qeveria, vet\u00ebm nj\u00eb her\u00eb, ka insistuar, q\u00eb partit\u00eb t\u00eb d\u00ebshmohen e t\u00eb riregjistrohen p\u00ebrs\u00ebri, n\u00eb m\u00ebnyr\u00eb q\u00eb t\u00eb fitojn\u00eb t\u00eb drejt\u00ebn p\u00ebr t\u00eb k\u00ebrkuar, legjitimitet zgjedhor, para popullit&#8230; Un\u00eb, p\u00ebr t\u00eb d\u00ebshmuar , k\u00ebt\u00eb q\u00eb ndodh,, po shtoj, se n\u00eb Ulqin , ka ndodhur , t\u00eb shpenzohet, buxheti i nj\u00eb viti t\u00eb t\u00ebr\u00eb, pa u miratuar fare \u00a0n\u00eb kuvend, dhe kuptohet pastaj pa iu b\u00ebr\u00eb fare as\u00a0 llogaria p\u00ebrfundimtare, brenda\u00a0 viti kalendarik,( si ai i vitit 2006), dhe kjo, pa i hipur, ferr\u00eb n\u00eb k\u00ebmb\u00eb askujt dhe as pa u koll\u00eb kush&#8230;??!!! Ose q\u00eb n\u00eb m\u00ebnyr\u00eb krejt t\u00eb paligjshme, sip\u00ebrfaqe t\u00eb<\/p>\n<p>t\u00ebra ,tokash(20 miljon metra katror) po dhe sip\u00ebrfaqe t\u00eb objekteve t\u00eb p\u00ebrkohshme n\u00eb t\u00ebr\u00eb komun\u00ebn, gjat\u00eb t\u00ebr\u00eb koh\u00ebs u dhan\u00eb kok\u00eb n\u00eb vete, si \u201cn\u00eb koh\u00ebn e Lara Klosit\u201d&#8230;.,\u00a0 pa program t\u00eb miratuar n\u00eb kuvend,\u00a0 dhe pa konkurs publik edhe pse , ligji parasheh di\u00e7ka krejt ndryshe&#8230;..E gjith\u00eb kjo na shtyn\u00eb t\u00eb mendojm\u00eb p\u00ebrse shteti me ne, \u00ebsht\u00eb vall\u00eb, kaq dor\u00ebl\u00ebshuar e zem\u00ebr gjer\u00eb?!<\/p>\n<p><strong>\u00a0\u00a0\u00a0\u00a0\u00a0\u00a0\u00a0\u00a0\u00a0\u00a0\u00a0\u00a0\u00a0\u00a0\u00a0\u00a0\u00a0\u00a0\u00a0\u00a0\u00a0\u00a0\u00a0\u00a0\u00a0\u00a0\u00a0\u00a0\u00a0\u00a0 Viti 1994-1995-1996<\/strong><\/p>\n<p>Koha e tmerrit e humbjes s\u00eb logjik\u00ebs s\u00eb sh\u00ebndosh\u00eb, t\u00eb shtetit ndaj shqiptar\u00ebve, si\u00e7 p\u00ebrmend\u00ebm, b\u00ebnte q\u00eb shum\u00eb ngjarje t\u00eb sken\u00ebs politike malazeze\u00a0 t\u00eb reflektonin n\u00eb p\u00ebrditshm\u00ebrin\u00eb shqiptare..Andaj p\u00ebr t\u00eb kuptuar rrethanat, m\u00eb posht\u00eb do t\u00eb ve\u00e7ojm\u00eb ngjarjet m\u00eb dramatike, t\u00eb cilat lan\u00eb gjurm\u00eb gjat\u00eb viteve t\u00eb cekura.<\/p>\n<p>Duke pasur\u00a0 parasysh se viti 1994, ishte vit lufte, q\u00eb kish p\u00ebrfshi vendin, ai\u00a0 kuptohet se reflektohet p\u00ebr t\u00eb keq n\u00eb jet\u00ebn qytetare. K\u00ebtu, duhet ve\u00e7uar, represionin policor q\u00eb u manifestua gjat\u00eb bastisjeve n\u00eb dyqanet hoteliere q\u00eb ofronin muzik\u00eb shqip (shtator,1994) n\u00eb Ulqin; Pastaj si rezultat i\u00a0 k\u00ebtij terrorit shtet\u00ebror, s\u00eb rish u aktivizua k\u00ebrkesa e Mal\u00ebsis\u00eb p\u00ebr themelimin e Komun\u00ebs s\u00eb Tuzit &#8230; K\u00ebrkesa paraqet nj\u00eb moment t\u00eb ri t\u00eb sken\u00ebs politike shqiptare n\u00eb Mal t\u00eb ZI (1994)&#8230;. Gjithashtu, po n\u00eb k\u00ebt\u00eb koh\u00eb , shohim se p\u00ebr her\u00eb t\u00eb par\u00eb,Stejd Departamenti\u00a0 Amerikan, publikisht ,konstaton n\u00eb raportin e vet vjetor shkeljen\u00a0 e\u00a0 t\u00eb drejtave t\u00eb popullat\u00ebs jo- sllave n\u00eb Mal t\u00eb Zi (1995)&#8230;.,<\/p>\n<p>kurse nga kjo koh\u00eb , n\u00eb Kraj\u00eb,\u00a0 u zhvillua aksioni policor i bastisjeve t\u00eb mbi 10 sht\u00ebpive p\u00ebr arm\u00ebmbajtje pa leje(1995)&#8230;..Dhe p\u00ebr fund, Millo Gjukanoviq\u00a0 zgjidhet president i Malit t\u00eb Zi duke mundur rivalin Bullatoviq(19969) t\u00eb d\u00ebshmuar si pro serb dhe antishqiptar\u00eb; politik\u00ebn e Gjukanoviqit, me t\u00eb madhe e p\u00ebrkrahen shqiptar\u00ebt , t\u00eb cil\u00ebt edhe vendosen p\u00ebr fitoren e tij.<\/p>\n<p><b>Viti 1997-1998-1999<\/b><\/p>\n<p>Opozita demokratike, bashk\u00eb me krahun e reformuar t\u00eb partis\u00eb s\u00eb Gjukanoviqit, n\u00ebnshkruajn\u00eb\u00a0 marr\u00ebveshjen p\u00ebr minimumin e parimeve demokratike(1997). Kjo marr\u00ebveshje u siguronte shqiptar\u00ebve nj\u00eb minimum t\u00eb demokracis\u00eb , por nga ajo koh\u00eb, partia e DPS-it , asnj\u00ebher\u00eb tjet\u00ebr deri sot nuk u ul m\u00eb p\u00ebr t\u00eb biseduar me partit\u00eb tjera, po edhe shqiptare p\u00ebr avansim t\u00eb te drejtave\u00a0 t\u00eb popujve pakic\u00eb, kjo edhe ka luhatur shum\u00eb pozitat e k\u00ebsaj partie te shqiptar\u00ebt.<\/p>\n<p>N\u00eb Ulqin, p\u00ebr her\u00eb t\u00eb par\u00eb, zhvillohen protestat, kund\u00ebr dhun\u00ebs n\u00eb Kosov\u00eb- protesta b\u00ebhet n\u00ebn sigurimin dhe roj\u00ebn e policis\u00eb; e gjith\u00eb , kjo paraqet rastin e par\u00eb q\u00eb policia mbron protestuesit shqiptar\u00eb, n\u00eb protest\u00ebn e paralajm\u00ebruar ndaj politik\u00ebs serbe&#8230;; n\u00eb protest\u00eb fol\u00ebn p\u00ebr her\u00eb t\u00eb par\u00eb edhe pjes\u00ebtar\u00eb t\u00eb partis\u00eb s\u00eb socialist\u00ebve- shqiptar\u00eb q\u00eb ishin n\u00eb partin\u00eb e z.Gjukanoviq(1998), por edhe\u00a0 nj\u00eb pjes\u00ebtar i\u00a0 komb\u00ebsis\u00eb\u00a0 malazeze&#8230;<\/p>\n<p>&nbsp;<\/p>\n","protected":false},"excerpt":{"rendered":"<p>Shkruan,Muhamet Nika \u00a0(fejton p\u00ebr nder\u00eb t\u00eb demonstratave t\u00eb diaspor\u00ebs n\u00eb Vashington me rastin e vizit\u00ebs s\u00eb Gjukanoviqit atje&#8230;..) Me q\u00ebllim t\u00eb hyrjes , m\u00eb tutje n\u00eb\u00a0 historin\u00eb e k\u00ebtij rr\u00ebfimi- t\u00eb pak\u00ebnaq\u00ebsis\u00eb s\u00eb shqiptar\u00ebve dhe ndodhive, pas ngjarjeve t\u00eb r\u00ebnd\u00ebsishme q\u00eb ndodh\u00ebn nga viti 1990-95,\u00a0 do p\u00ebrmendur me rend t\u00eb tjerat, q\u00eb ndodh\u00ebn \u00a0m\u00eb von\u00eb, [&hellip;]<\/p>\n","protected":false},"author":1,"featured_media":0,"comment_status":"closed","ping_status":"closed","sticky":false,"template":"","format":"standard","meta":{"spay_email":"","jetpack_publicize_message":"","jetpack_is_tweetstorm":false,"jetpack_publicize_feature_enabled":true},"categories":[14249],"tags":[],"jetpack_publicize_connections":[],"yoast_head":"<!-- This site is optimized with the Yoast SEO plugin v19.1 - https:\/\/yoast.com\/wordpress\/plugins\/seo\/ -->\n<title>Pak\u00ebnaq\u00ebsia e shqiptar\u00ebve me partit\u00eb e veta dhe formimi i faktorit plus - Lajme nga Ulqini<\/title>\n<meta name=\"description\" content=\"Shkruan,Muhamet Nika \u00a0(fejton p\u00ebr nder\u00eb t\u00eb demonstratave t\u00eb diaspor\u00ebs n\u00eb Vashington me rastin e vizit\u00ebs s\u00eb Gjukanoviqit atje.....) Me q\u00ebllim t\u00eb hyrjes ,\" \/>\n<meta name=\"robots\" content=\"index, follow, max-snippet:-1, max-image-preview:large, max-video-preview:-1\" \/>\n<link rel=\"canonical\" href=\"https:\/\/www.visit-ulcinj.com\/blog\/2014\/03\/13\/pakenaqesia-e-shqiptareve-partite-e-veta-dhe-formimi-faktorit-plus\/\" \/>\n<meta property=\"og:locale\" content=\"en_US\" \/>\n<meta property=\"og:type\" content=\"article\" \/>\n<meta property=\"og:title\" content=\"Pak\u00ebnaq\u00ebsia e shqiptar\u00ebve me partit\u00eb e veta dhe formimi i faktorit plus - Lajme nga Ulqini\" \/>\n<meta property=\"og:description\" content=\"Shkruan,Muhamet Nika \u00a0(fejton p\u00ebr nder\u00eb t\u00eb demonstratave t\u00eb diaspor\u00ebs n\u00eb Vashington me rastin e vizit\u00ebs s\u00eb Gjukanoviqit atje.....) Me q\u00ebllim t\u00eb hyrjes ,\" \/>\n<meta property=\"og:url\" content=\"https:\/\/www.visit-ulcinj.com\/blog\/2014\/03\/13\/pakenaqesia-e-shqiptareve-partite-e-veta-dhe-formimi-faktorit-plus\/\" \/>\n<meta property=\"og:site_name\" content=\"Lajme nga Ulqini\" \/>\n<meta property=\"article:published_time\" content=\"2014-03-13T16:58:09+00:00\" \/>\n<meta property=\"article:modified_time\" content=\"2014-03-13T16:58:34+00:00\" \/>\n<meta name=\"twitter:label1\" content=\"Written by\" \/>\n\t<meta name=\"twitter:data1\" content=\"ulqini\" \/>\n\t<meta name=\"twitter:label2\" content=\"Est. reading time\" \/>\n\t<meta name=\"twitter:data2\" content=\"6 minutes\" \/>\n<script type=\"application\/ld+json\" class=\"yoast-schema-graph\">{\"@context\":\"https:\/\/schema.org\",\"@graph\":[{\"@type\":\"WebSite\",\"@id\":\"https:\/\/www.visit-ulcinj.com\/blog\/#website\",\"url\":\"https:\/\/www.visit-ulcinj.com\/blog\/\",\"name\":\"Lajme nga Ulqini\",\"description\":\"Lajme,Vijesti,Ulqini,Ulqin,Crna Gora,Mali i Zi\",\"potentialAction\":[{\"@type\":\"SearchAction\",\"target\":{\"@type\":\"EntryPoint\",\"urlTemplate\":\"https:\/\/www.visit-ulcinj.com\/blog\/?s={search_term_string}\"},\"query-input\":\"required name=search_term_string\"}],\"inLanguage\":\"en-US\"},{\"@type\":\"WebPage\",\"@id\":\"https:\/\/www.visit-ulcinj.com\/blog\/2014\/03\/13\/pakenaqesia-e-shqiptareve-partite-e-veta-dhe-formimi-faktorit-plus\/#webpage\",\"url\":\"https:\/\/www.visit-ulcinj.com\/blog\/2014\/03\/13\/pakenaqesia-e-shqiptareve-partite-e-veta-dhe-formimi-faktorit-plus\/\",\"name\":\"Pak\u00ebnaq\u00ebsia e shqiptar\u00ebve me partit\u00eb e veta dhe formimi i faktorit plus - Lajme nga Ulqini\",\"isPartOf\":{\"@id\":\"https:\/\/www.visit-ulcinj.com\/blog\/#website\"},\"datePublished\":\"2014-03-13T16:58:09+00:00\",\"dateModified\":\"2014-03-13T16:58:34+00:00\",\"author\":{\"@id\":\"https:\/\/www.visit-ulcinj.com\/blog\/#\/schema\/person\/dcab619c614d3038751c63bc2aadc06d\"},\"description\":\"Shkruan,Muhamet Nika \u00a0(fejton p\u00ebr nder\u00eb t\u00eb demonstratave t\u00eb diaspor\u00ebs n\u00eb Vashington me rastin e vizit\u00ebs s\u00eb Gjukanoviqit atje.....) Me q\u00ebllim t\u00eb hyrjes ,\",\"breadcrumb\":{\"@id\":\"https:\/\/www.visit-ulcinj.com\/blog\/2014\/03\/13\/pakenaqesia-e-shqiptareve-partite-e-veta-dhe-formimi-faktorit-plus\/#breadcrumb\"},\"inLanguage\":\"en-US\",\"potentialAction\":[{\"@type\":\"ReadAction\",\"target\":[\"https:\/\/www.visit-ulcinj.com\/blog\/2014\/03\/13\/pakenaqesia-e-shqiptareve-partite-e-veta-dhe-formimi-faktorit-plus\/\"]}]},{\"@type\":\"BreadcrumbList\",\"@id\":\"https:\/\/www.visit-ulcinj.com\/blog\/2014\/03\/13\/pakenaqesia-e-shqiptareve-partite-e-veta-dhe-formimi-faktorit-plus\/#breadcrumb\",\"itemListElement\":[{\"@type\":\"ListItem\",\"position\":1,\"name\":\"Pak\u00ebnaq\u00ebsia e shqiptar\u00ebve me partit\u00eb e veta dhe formimi i faktorit plus\"}]},{\"@type\":\"Person\",\"@id\":\"https:\/\/www.visit-ulcinj.com\/blog\/#\/schema\/person\/dcab619c614d3038751c63bc2aadc06d\",\"name\":\"ulqini\",\"sameAs\":[\"http:\/\/www.visit-ulcinj.com\"],\"url\":\"https:\/\/www.visit-ulcinj.com\/blog\/author\/admin\/\"}]}<\/script>\n<!-- \/ Yoast SEO plugin. -->","yoast_head_json":{"title":"Pak\u00ebnaq\u00ebsia e shqiptar\u00ebve me partit\u00eb e veta dhe formimi i faktorit plus - Lajme nga Ulqini","description":"Shkruan,Muhamet Nika \u00a0(fejton p\u00ebr nder\u00eb t\u00eb demonstratave t\u00eb diaspor\u00ebs n\u00eb Vashington me rastin e vizit\u00ebs s\u00eb Gjukanoviqit atje.....) Me q\u00ebllim t\u00eb hyrjes ,","robots":{"index":"index","follow":"follow","max-snippet":"max-snippet:-1","max-image-preview":"max-image-preview:large","max-video-preview":"max-video-preview:-1"},"canonical":"https:\/\/www.visit-ulcinj.com\/blog\/2014\/03\/13\/pakenaqesia-e-shqiptareve-partite-e-veta-dhe-formimi-faktorit-plus\/","og_locale":"en_US","og_type":"article","og_title":"Pak\u00ebnaq\u00ebsia e shqiptar\u00ebve me partit\u00eb e veta dhe formimi i faktorit plus - Lajme nga Ulqini","og_description":"Shkruan,Muhamet Nika \u00a0(fejton p\u00ebr nder\u00eb t\u00eb demonstratave t\u00eb diaspor\u00ebs n\u00eb Vashington me rastin e vizit\u00ebs s\u00eb Gjukanoviqit atje.....) Me q\u00ebllim t\u00eb hyrjes ,","og_url":"https:\/\/www.visit-ulcinj.com\/blog\/2014\/03\/13\/pakenaqesia-e-shqiptareve-partite-e-veta-dhe-formimi-faktorit-plus\/","og_site_name":"Lajme nga Ulqini","article_published_time":"2014-03-13T16:58:09+00:00","article_modified_time":"2014-03-13T16:58:34+00:00","twitter_misc":{"Written by":"ulqini","Est. reading time":"6 minutes"},"schema":{"@context":"https:\/\/schema.org","@graph":[{"@type":"WebSite","@id":"https:\/\/www.visit-ulcinj.com\/blog\/#website","url":"https:\/\/www.visit-ulcinj.com\/blog\/","name":"Lajme nga Ulqini","description":"Lajme,Vijesti,Ulqini,Ulqin,Crna Gora,Mali i Zi","potentialAction":[{"@type":"SearchAction","target":{"@type":"EntryPoint","urlTemplate":"https:\/\/www.visit-ulcinj.com\/blog\/?s={search_term_string}"},"query-input":"required name=search_term_string"}],"inLanguage":"en-US"},{"@type":"WebPage","@id":"https:\/\/www.visit-ulcinj.com\/blog\/2014\/03\/13\/pakenaqesia-e-shqiptareve-partite-e-veta-dhe-formimi-faktorit-plus\/#webpage","url":"https:\/\/www.visit-ulcinj.com\/blog\/2014\/03\/13\/pakenaqesia-e-shqiptareve-partite-e-veta-dhe-formimi-faktorit-plus\/","name":"Pak\u00ebnaq\u00ebsia e shqiptar\u00ebve me partit\u00eb e veta dhe formimi i faktorit plus - Lajme nga Ulqini","isPartOf":{"@id":"https:\/\/www.visit-ulcinj.com\/blog\/#website"},"datePublished":"2014-03-13T16:58:09+00:00","dateModified":"2014-03-13T16:58:34+00:00","author":{"@id":"https:\/\/www.visit-ulcinj.com\/blog\/#\/schema\/person\/dcab619c614d3038751c63bc2aadc06d"},"description":"Shkruan,Muhamet Nika \u00a0(fejton p\u00ebr nder\u00eb t\u00eb demonstratave t\u00eb diaspor\u00ebs n\u00eb Vashington me rastin e vizit\u00ebs s\u00eb Gjukanoviqit atje.....) Me q\u00ebllim t\u00eb hyrjes ,","breadcrumb":{"@id":"https:\/\/www.visit-ulcinj.com\/blog\/2014\/03\/13\/pakenaqesia-e-shqiptareve-partite-e-veta-dhe-formimi-faktorit-plus\/#breadcrumb"},"inLanguage":"en-US","potentialAction":[{"@type":"ReadAction","target":["https:\/\/www.visit-ulcinj.com\/blog\/2014\/03\/13\/pakenaqesia-e-shqiptareve-partite-e-veta-dhe-formimi-faktorit-plus\/"]}]},{"@type":"BreadcrumbList","@id":"https:\/\/www.visit-ulcinj.com\/blog\/2014\/03\/13\/pakenaqesia-e-shqiptareve-partite-e-veta-dhe-formimi-faktorit-plus\/#breadcrumb","itemListElement":[{"@type":"ListItem","position":1,"name":"Pak\u00ebnaq\u00ebsia e shqiptar\u00ebve me partit\u00eb e veta dhe formimi i faktorit plus"}]},{"@type":"Person","@id":"https:\/\/www.visit-ulcinj.com\/blog\/#\/schema\/person\/dcab619c614d3038751c63bc2aadc06d","name":"ulqini","sameAs":["http:\/\/www.visit-ulcinj.com"],"url":"https:\/\/www.visit-ulcinj.com\/blog\/author\/admin\/"}]}},"jetpack_featured_media_url":"","jetpack_sharing_enabled":true,"jetpack_shortlink":"https:\/\/wp.me\/pe6lTn-kYx","_links":{"self":[{"href":"https:\/\/www.visit-ulcinj.com\/blog\/wp-json\/wp\/v2\/posts\/80633"}],"collection":[{"href":"https:\/\/www.visit-ulcinj.com\/blog\/wp-json\/wp\/v2\/posts"}],"about":[{"href":"https:\/\/www.visit-ulcinj.com\/blog\/wp-json\/wp\/v2\/types\/post"}],"author":[{"embeddable":true,"href":"https:\/\/www.visit-ulcinj.com\/blog\/wp-json\/wp\/v2\/users\/1"}],"replies":[{"embeddable":true,"href":"https:\/\/www.visit-ulcinj.com\/blog\/wp-json\/wp\/v2\/comments?post=80633"}],"version-history":[{"count":2,"href":"https:\/\/www.visit-ulcinj.com\/blog\/wp-json\/wp\/v2\/posts\/80633\/revisions"}],"predecessor-version":[{"id":80636,"href":"https:\/\/www.visit-ulcinj.com\/blog\/wp-json\/wp\/v2\/posts\/80633\/revisions\/80636"}],"wp:attachment":[{"href":"https:\/\/www.visit-ulcinj.com\/blog\/wp-json\/wp\/v2\/media?parent=80633"}],"wp:term":[{"taxonomy":"category","embeddable":true,"href":"https:\/\/www.visit-ulcinj.com\/blog\/wp-json\/wp\/v2\/categories?post=80633"},{"taxonomy":"post_tag","embeddable":true,"href":"https:\/\/www.visit-ulcinj.com\/blog\/wp-json\/wp\/v2\/tags?post=80633"}],"curies":[{"name":"wp","href":"https:\/\/api.w.org\/{rel}","templated":true}]}}