{"id":80637,"date":"2014-03-14T08:57:40","date_gmt":"2014-03-14T07:57:40","guid":{"rendered":"http:\/\/www.visit-ulcinj.com\/blog\/?p=80637"},"modified":"2014-03-14T16:03:06","modified_gmt":"2014-03-14T15:03:06","slug":"ot-e-ulqinit-ne-panair-te-rumanis-bukuresht-2014-ttr","status":"publish","type":"post","link":"https:\/\/www.visit-ulcinj.com\/blog\/2014\/03\/14\/ot-e-ulqinit-ne-panair-te-rumanis-bukuresht-2014-ttr\/","title":{"rendered":"OT e Ulqinit ne Panair te Rumanis (Bukuresht) 2014 TTR"},"content":{"rendered":"<p><strong><a href=\"http:\/\/www.visit-ulcinj.com\/blog\/wp-content\/uploads\/2014\/03\/OT-e-Ulqinit-ne-Panair-e-Rumanis-Bukuresht.jpg\"><img loading=\"lazy\" class=\"alignleft  wp-image-80638\" alt=\"OT e Ulqinit ne Panair e Rumanis (Bukuresht)\" src=\"http:\/\/www.visit-ulcinj.com\/blog\/wp-content\/uploads\/2014\/03\/OT-e-Ulqinit-ne-Panair-e-Rumanis-Bukuresht.jpg\" width=\"508\" height=\"360\" \/><\/a>Bukureshti 2014<\/strong><\/p>\n<p>Organizata Turistike e Ulqinit p\u00ebr t\u00eb par\u00ebn her\u00eb merr pjes\u00eb n\u00eb panairin e Bukureshtit TTR i cili mbahet prej 13 deri me 16 mars. N\u00eb stend\u00ebn e p\u00ebrbashk\u00ebt marrin pjes\u00eb organizatat e Herceg Novit, Ulqinit, Tivarit dhe Budv\u00ebs. Sa \u00ebsht\u00eb i r\u00ebnd\u00ebsish\u00ebm ky panair tregojn\u00eb edhe t\u00eb dh\u00ebnat se deri n\u00eb fund priten rreth 30.000 vizitues, kurse n\u00eb panair jan\u00eb prezent 270 ekspozues nga 30 vende t\u00eb ndryshme. Dit\u00ebn e pare stend\u00ebn tone e ka vizituar edhe ambasodori i Malit t\u00eb Zi ne Rumani Milan Baboviq.<\/p>\n<p><a href=\"http:\/\/www.visit-ulcinj.com\/blog\/wp-content\/uploads\/2014\/03\/OT-e-Ulqinit-ne-Panair-e-Rumanis-Bukuresht-1.jpg\"><img loading=\"lazy\" class=\"alignleft  wp-image-80639\" alt=\"OT e Ulqinit ne Panair e Rumanis (Bukuresht) -1\" src=\"http:\/\/www.visit-ulcinj.com\/blog\/wp-content\/uploads\/2014\/03\/OT-e-Ulqinit-ne-Panair-e-Rumanis-Bukuresht-1.jpg\" width=\"508\" height=\"360\" \/><\/a><\/p>\n<p>Sektoret kryesor t\u00eb ekspozuesve t\u00eb k\u00ebtij panairi p\u00ebrfshijn\u00eb: Organizatat Nacionale, agjensite turistike, organizator t\u00eb udh\u00ebtimeve, avio kompani, shoq\u00ebri t\u00eb sigurimit, hotele, institucione kulturore, muzeje dhe dhe organizator t\u00eb kongreseve.<\/p>\n<p>Organizata Turistike e ka prezentuar qytetin si destinacion atraktiv p\u00ebr kalimin e pushimeve me an\u00eb t\u00eb materijalit te ri promovues. Shum\u00eb agjensi nga Rumania jan\u00eb t\u00eb intersuara p\u00ebr t\u00eb bashk\u00ebpunuar me Ulqin duke marr\u00eb parasysh edhe faktin q\u00eb p\u00ebr t\u00eb par\u00ebn her\u00eb jemi prezent n\u00eb k\u00ebt\u00eb panair. Poashtu edhe shum\u00eb agjensi n\u00eb katalogjet e tyre shesin kapacitet e akomodimeve n\u00eb Mal t\u00eb Zi. Ato jan\u00eb: \u201eYour holiday&#8221; \u201eInterra&#8221; \u201eParalela 45&#8243;, \u201eKarpaten&#8221;, \u201eFiladelfija&#8221;, \u201eZ-Tour&#8221;, \u201eExim Tour&#8221;, \u201eOmnia tourism&#8221;, \u201eChristian Tour&#8221;.<\/p>\n<p>Rumunet m\u00eb s\u00eb shumti udh\u00ebtojn\u00eb n\u00eb m\u00ebnyr\u00eb individuale dhe m\u00eb tep\u00ebr jan\u00eb t\u00eb interesuar p\u00ebr \u00e7mimet n\u00eb akomodimet private, si dhe p\u00ebr aktivitetet me t\u00eb cilat mund t\u00eb merren gjat\u00eb q\u00ebndrimit t\u00eb tyre, kurse n\u00eb vitin 2013 n\u00eb Ulqin rumunet kan\u00eb realizuar 7.926 fjetje.<\/p>\n<p><a href=\"http:\/\/www.visit-ulcinj.com\/blog\/wp-content\/uploads\/2014\/03\/OT-e-Ulqinit-ne-Panair-e-Rumanis-Bukuresht-2.jpg\"><img loading=\"lazy\" class=\"alignleft  wp-image-80640\" alt=\"OT e Ulqinit ne Panair e Rumanis (Bukuresht)-2\" src=\"http:\/\/www.visit-ulcinj.com\/blog\/wp-content\/uploads\/2014\/03\/OT-e-Ulqinit-ne-Panair-e-Rumanis-Bukuresht-2.jpg\" width=\"508\" height=\"600\" \/><\/a><\/p>\n<p>Dy ditet e para t\u00eb panairit jan\u00eb t\u00eb parashikuara p\u00ebr vizita pune kurse dy dit\u00ebt tjera p\u00ebr publikun. Gjat\u00eb fundjav\u00ebs pritet nj\u00eb num\u00ebr m\u00eb i madh i vizitor\u00ebve dhe pritet t\u00eb ket\u00eb interesim edhe p\u00ebr Ulqinin.<\/p>\n<p>Sh\u00ebrbimi i OT Ulqin<\/p>\n<!--YouTube Error: bad URL entered-->\n","protected":false},"excerpt":{"rendered":"<p>Bukureshti 2014 Organizata Turistike e Ulqinit p\u00ebr t\u00eb par\u00ebn her\u00eb merr pjes\u00eb n\u00eb panairin e Bukureshtit TTR i cili mbahet prej 13 deri me 16 mars. N\u00eb stend\u00ebn e p\u00ebrbashk\u00ebt marrin pjes\u00eb organizatat e Herceg Novit, Ulqinit, Tivarit dhe Budv\u00ebs. Sa \u00ebsht\u00eb i r\u00ebnd\u00ebsish\u00ebm ky panair tregojn\u00eb edhe t\u00eb dh\u00ebnat se deri n\u00eb fund priten [&hellip;]<\/p>\n","protected":false},"author":1,"featured_media":0,"comment_status":"closed","ping_status":"closed","sticky":false,"template":"","format":"standard","meta":{"spay_email":"","jetpack_publicize_message":"","jetpack_is_tweetstorm":false,"jetpack_publicize_feature_enabled":true},"categories":[1,15],"tags":[],"jetpack_publicize_connections":[],"yoast_head":"<!-- This site is optimized with the Yoast SEO plugin v19.1 - https:\/\/yoast.com\/wordpress\/plugins\/seo\/ -->\n<title>OT e Ulqinit ne Panair te Rumanis (Bukuresht) 2014 TTR - Lajme nga Ulqini<\/title>\n<meta name=\"description\" content=\"Bukureshti 2014 Organizata Turistike e Ulqinit p\u00ebr t\u00eb par\u00ebn her\u00eb merr pjes\u00eb n\u00eb panairin e Bukureshtit TTR i cili mbahet prej 13 deri me 16 mars. N\u00eb\" \/>\n<meta name=\"robots\" content=\"index, follow, max-snippet:-1, max-image-preview:large, max-video-preview:-1\" \/>\n<link rel=\"canonical\" href=\"https:\/\/www.visit-ulcinj.com\/blog\/2014\/03\/14\/ot-e-ulqinit-ne-panair-te-rumanis-bukuresht-2014-ttr\/\" \/>\n<meta property=\"og:locale\" content=\"en_US\" \/>\n<meta property=\"og:type\" content=\"article\" \/>\n<meta property=\"og:title\" content=\"OT e Ulqinit ne Panair te Rumanis (Bukuresht) 2014 TTR - Lajme nga Ulqini\" \/>\n<meta property=\"og:description\" content=\"Bukureshti 2014 Organizata Turistike e Ulqinit p\u00ebr t\u00eb par\u00ebn her\u00eb merr pjes\u00eb n\u00eb panairin e Bukureshtit TTR i cili mbahet prej 13 deri me 16 mars. N\u00eb\" \/>\n<meta property=\"og:url\" content=\"https:\/\/www.visit-ulcinj.com\/blog\/2014\/03\/14\/ot-e-ulqinit-ne-panair-te-rumanis-bukuresht-2014-ttr\/\" \/>\n<meta property=\"og:site_name\" content=\"Lajme nga Ulqini\" \/>\n<meta property=\"article:published_time\" content=\"2014-03-14T07:57:40+00:00\" \/>\n<meta property=\"article:modified_time\" content=\"2014-03-14T15:03:06+00:00\" \/>\n<meta property=\"og:image\" content=\"http:\/\/www.visit-ulcinj.com\/blog\/wp-content\/uploads\/2014\/03\/OT-e-Ulqinit-ne-Panair-e-Rumanis-Bukuresht.jpg\" \/>\n<meta name=\"twitter:label1\" content=\"Written by\" \/>\n\t<meta name=\"twitter:data1\" content=\"ulqini\" \/>\n\t<meta name=\"twitter:label2\" content=\"Est. reading time\" \/>\n\t<meta name=\"twitter:data2\" content=\"2 minutes\" \/>\n<script type=\"application\/ld+json\" class=\"yoast-schema-graph\">{\"@context\":\"https:\/\/schema.org\",\"@graph\":[{\"@type\":\"WebSite\",\"@id\":\"https:\/\/www.visit-ulcinj.com\/blog\/#website\",\"url\":\"https:\/\/www.visit-ulcinj.com\/blog\/\",\"name\":\"Lajme nga Ulqini\",\"description\":\"Lajme,Vijesti,Ulqini,Ulqin,Crna Gora,Mali i Zi\",\"potentialAction\":[{\"@type\":\"SearchAction\",\"target\":{\"@type\":\"EntryPoint\",\"urlTemplate\":\"https:\/\/www.visit-ulcinj.com\/blog\/?s={search_term_string}\"},\"query-input\":\"required name=search_term_string\"}],\"inLanguage\":\"en-US\"},{\"@type\":\"ImageObject\",\"inLanguage\":\"en-US\",\"@id\":\"https:\/\/www.visit-ulcinj.com\/blog\/2014\/03\/14\/ot-e-ulqinit-ne-panair-te-rumanis-bukuresht-2014-ttr\/#primaryimage\",\"url\":\"https:\/\/www.visit-ulcinj.com\/blog\/wp-content\/uploads\/2014\/03\/OT-e-Ulqinit-ne-Panair-e-Rumanis-Bukuresht.jpg\",\"contentUrl\":\"https:\/\/www.visit-ulcinj.com\/blog\/wp-content\/uploads\/2014\/03\/OT-e-Ulqinit-ne-Panair-e-Rumanis-Bukuresht.jpg\",\"width\":681,\"height\":511},{\"@type\":\"WebPage\",\"@id\":\"https:\/\/www.visit-ulcinj.com\/blog\/2014\/03\/14\/ot-e-ulqinit-ne-panair-te-rumanis-bukuresht-2014-ttr\/#webpage\",\"url\":\"https:\/\/www.visit-ulcinj.com\/blog\/2014\/03\/14\/ot-e-ulqinit-ne-panair-te-rumanis-bukuresht-2014-ttr\/\",\"name\":\"OT e Ulqinit ne Panair te Rumanis (Bukuresht) 2014 TTR - Lajme nga Ulqini\",\"isPartOf\":{\"@id\":\"https:\/\/www.visit-ulcinj.com\/blog\/#website\"},\"primaryImageOfPage\":{\"@id\":\"https:\/\/www.visit-ulcinj.com\/blog\/2014\/03\/14\/ot-e-ulqinit-ne-panair-te-rumanis-bukuresht-2014-ttr\/#primaryimage\"},\"datePublished\":\"2014-03-14T07:57:40+00:00\",\"dateModified\":\"2014-03-14T15:03:06+00:00\",\"author\":{\"@id\":\"https:\/\/www.visit-ulcinj.com\/blog\/#\/schema\/person\/dcab619c614d3038751c63bc2aadc06d\"},\"description\":\"Bukureshti 2014 Organizata Turistike e Ulqinit p\u00ebr t\u00eb par\u00ebn her\u00eb merr pjes\u00eb n\u00eb panairin e Bukureshtit TTR i cili mbahet prej 13 deri me 16 mars. N\u00eb\",\"breadcrumb\":{\"@id\":\"https:\/\/www.visit-ulcinj.com\/blog\/2014\/03\/14\/ot-e-ulqinit-ne-panair-te-rumanis-bukuresht-2014-ttr\/#breadcrumb\"},\"inLanguage\":\"en-US\",\"potentialAction\":[{\"@type\":\"ReadAction\",\"target\":[\"https:\/\/www.visit-ulcinj.com\/blog\/2014\/03\/14\/ot-e-ulqinit-ne-panair-te-rumanis-bukuresht-2014-ttr\/\"]}]},{\"@type\":\"BreadcrumbList\",\"@id\":\"https:\/\/www.visit-ulcinj.com\/blog\/2014\/03\/14\/ot-e-ulqinit-ne-panair-te-rumanis-bukuresht-2014-ttr\/#breadcrumb\",\"itemListElement\":[{\"@type\":\"ListItem\",\"position\":1,\"name\":\"OT e Ulqinit ne Panair te Rumanis (Bukuresht) 2014 TTR\"}]},{\"@type\":\"Person\",\"@id\":\"https:\/\/www.visit-ulcinj.com\/blog\/#\/schema\/person\/dcab619c614d3038751c63bc2aadc06d\",\"name\":\"ulqini\",\"sameAs\":[\"http:\/\/www.visit-ulcinj.com\"],\"url\":\"https:\/\/www.visit-ulcinj.com\/blog\/author\/admin\/\"}]}<\/script>\n<!-- \/ Yoast SEO plugin. -->","yoast_head_json":{"title":"OT e Ulqinit ne Panair te Rumanis (Bukuresht) 2014 TTR - Lajme nga Ulqini","description":"Bukureshti 2014 Organizata Turistike e Ulqinit p\u00ebr t\u00eb par\u00ebn her\u00eb merr pjes\u00eb n\u00eb panairin e Bukureshtit TTR i cili mbahet prej 13 deri me 16 mars. N\u00eb","robots":{"index":"index","follow":"follow","max-snippet":"max-snippet:-1","max-image-preview":"max-image-preview:large","max-video-preview":"max-video-preview:-1"},"canonical":"https:\/\/www.visit-ulcinj.com\/blog\/2014\/03\/14\/ot-e-ulqinit-ne-panair-te-rumanis-bukuresht-2014-ttr\/","og_locale":"en_US","og_type":"article","og_title":"OT e Ulqinit ne Panair te Rumanis (Bukuresht) 2014 TTR - Lajme nga Ulqini","og_description":"Bukureshti 2014 Organizata Turistike e Ulqinit p\u00ebr t\u00eb par\u00ebn her\u00eb merr pjes\u00eb n\u00eb panairin e Bukureshtit TTR i cili mbahet prej 13 deri me 16 mars. N\u00eb","og_url":"https:\/\/www.visit-ulcinj.com\/blog\/2014\/03\/14\/ot-e-ulqinit-ne-panair-te-rumanis-bukuresht-2014-ttr\/","og_site_name":"Lajme nga Ulqini","article_published_time":"2014-03-14T07:57:40+00:00","article_modified_time":"2014-03-14T15:03:06+00:00","og_image":[{"url":"http:\/\/www.visit-ulcinj.com\/blog\/wp-content\/uploads\/2014\/03\/OT-e-Ulqinit-ne-Panair-e-Rumanis-Bukuresht.jpg"}],"twitter_misc":{"Written by":"ulqini","Est. reading time":"2 minutes"},"schema":{"@context":"https:\/\/schema.org","@graph":[{"@type":"WebSite","@id":"https:\/\/www.visit-ulcinj.com\/blog\/#website","url":"https:\/\/www.visit-ulcinj.com\/blog\/","name":"Lajme nga Ulqini","description":"Lajme,Vijesti,Ulqini,Ulqin,Crna Gora,Mali i Zi","potentialAction":[{"@type":"SearchAction","target":{"@type":"EntryPoint","urlTemplate":"https:\/\/www.visit-ulcinj.com\/blog\/?s={search_term_string}"},"query-input":"required name=search_term_string"}],"inLanguage":"en-US"},{"@type":"ImageObject","inLanguage":"en-US","@id":"https:\/\/www.visit-ulcinj.com\/blog\/2014\/03\/14\/ot-e-ulqinit-ne-panair-te-rumanis-bukuresht-2014-ttr\/#primaryimage","url":"https:\/\/www.visit-ulcinj.com\/blog\/wp-content\/uploads\/2014\/03\/OT-e-Ulqinit-ne-Panair-e-Rumanis-Bukuresht.jpg","contentUrl":"https:\/\/www.visit-ulcinj.com\/blog\/wp-content\/uploads\/2014\/03\/OT-e-Ulqinit-ne-Panair-e-Rumanis-Bukuresht.jpg","width":681,"height":511},{"@type":"WebPage","@id":"https:\/\/www.visit-ulcinj.com\/blog\/2014\/03\/14\/ot-e-ulqinit-ne-panair-te-rumanis-bukuresht-2014-ttr\/#webpage","url":"https:\/\/www.visit-ulcinj.com\/blog\/2014\/03\/14\/ot-e-ulqinit-ne-panair-te-rumanis-bukuresht-2014-ttr\/","name":"OT e Ulqinit ne Panair te Rumanis (Bukuresht) 2014 TTR - Lajme nga Ulqini","isPartOf":{"@id":"https:\/\/www.visit-ulcinj.com\/blog\/#website"},"primaryImageOfPage":{"@id":"https:\/\/www.visit-ulcinj.com\/blog\/2014\/03\/14\/ot-e-ulqinit-ne-panair-te-rumanis-bukuresht-2014-ttr\/#primaryimage"},"datePublished":"2014-03-14T07:57:40+00:00","dateModified":"2014-03-14T15:03:06+00:00","author":{"@id":"https:\/\/www.visit-ulcinj.com\/blog\/#\/schema\/person\/dcab619c614d3038751c63bc2aadc06d"},"description":"Bukureshti 2014 Organizata Turistike e Ulqinit p\u00ebr t\u00eb par\u00ebn her\u00eb merr pjes\u00eb n\u00eb panairin e Bukureshtit TTR i cili mbahet prej 13 deri me 16 mars. N\u00eb","breadcrumb":{"@id":"https:\/\/www.visit-ulcinj.com\/blog\/2014\/03\/14\/ot-e-ulqinit-ne-panair-te-rumanis-bukuresht-2014-ttr\/#breadcrumb"},"inLanguage":"en-US","potentialAction":[{"@type":"ReadAction","target":["https:\/\/www.visit-ulcinj.com\/blog\/2014\/03\/14\/ot-e-ulqinit-ne-panair-te-rumanis-bukuresht-2014-ttr\/"]}]},{"@type":"BreadcrumbList","@id":"https:\/\/www.visit-ulcinj.com\/blog\/2014\/03\/14\/ot-e-ulqinit-ne-panair-te-rumanis-bukuresht-2014-ttr\/#breadcrumb","itemListElement":[{"@type":"ListItem","position":1,"name":"OT e Ulqinit ne Panair te Rumanis (Bukuresht) 2014 TTR"}]},{"@type":"Person","@id":"https:\/\/www.visit-ulcinj.com\/blog\/#\/schema\/person\/dcab619c614d3038751c63bc2aadc06d","name":"ulqini","sameAs":["http:\/\/www.visit-ulcinj.com"],"url":"https:\/\/www.visit-ulcinj.com\/blog\/author\/admin\/"}]}},"jetpack_featured_media_url":"","jetpack_sharing_enabled":true,"jetpack_shortlink":"https:\/\/wp.me\/pe6lTn-kYB","_links":{"self":[{"href":"https:\/\/www.visit-ulcinj.com\/blog\/wp-json\/wp\/v2\/posts\/80637"}],"collection":[{"href":"https:\/\/www.visit-ulcinj.com\/blog\/wp-json\/wp\/v2\/posts"}],"about":[{"href":"https:\/\/www.visit-ulcinj.com\/blog\/wp-json\/wp\/v2\/types\/post"}],"author":[{"embeddable":true,"href":"https:\/\/www.visit-ulcinj.com\/blog\/wp-json\/wp\/v2\/users\/1"}],"replies":[{"embeddable":true,"href":"https:\/\/www.visit-ulcinj.com\/blog\/wp-json\/wp\/v2\/comments?post=80637"}],"version-history":[{"count":2,"href":"https:\/\/www.visit-ulcinj.com\/blog\/wp-json\/wp\/v2\/posts\/80637\/revisions"}],"predecessor-version":[{"id":80642,"href":"https:\/\/www.visit-ulcinj.com\/blog\/wp-json\/wp\/v2\/posts\/80637\/revisions\/80642"}],"wp:attachment":[{"href":"https:\/\/www.visit-ulcinj.com\/blog\/wp-json\/wp\/v2\/media?parent=80637"}],"wp:term":[{"taxonomy":"category","embeddable":true,"href":"https:\/\/www.visit-ulcinj.com\/blog\/wp-json\/wp\/v2\/categories?post=80637"},{"taxonomy":"post_tag","embeddable":true,"href":"https:\/\/www.visit-ulcinj.com\/blog\/wp-json\/wp\/v2\/tags?post=80637"}],"curies":[{"name":"wp","href":"https:\/\/api.w.org\/{rel}","templated":true}]}}