{"id":80646,"date":"2014-03-14T16:01:43","date_gmt":"2014-03-14T15:01:43","guid":{"rendered":"http:\/\/www.visit-ulcinj.com\/blog\/?p=80646"},"modified":"2014-03-15T17:09:36","modified_gmt":"2014-03-15T16:09:36","slug":"kryetari-komunes-se-ulqinit-gjeka-priti-ne-takim-reisin-rifat-fejziq","status":"publish","type":"post","link":"https:\/\/www.visit-ulcinj.com\/blog\/2014\/03\/14\/kryetari-komunes-se-ulqinit-gjeka-priti-ne-takim-reisin-rifat-fejziq\/","title":{"rendered":"Kryetari i Komun\u00ebs s\u00eb Ulqinit Gjeka priti n\u00eb takim Reisin Rifat Fejziq"},"content":{"rendered":"<p><strong><a href=\"http:\/\/www.visit-ulcinj.com\/blog\/wp-content\/uploads\/2014\/03\/Fatmir-Gjeka-Rifat-Fejziq.jpg\"><img loading=\"lazy\" class=\"alignleft  wp-image-80647\" alt=\"Fatmir-Gjeka-Rifat-Fejziq\" src=\"http:\/\/www.visit-ulcinj.com\/blog\/wp-content\/uploads\/2014\/03\/Fatmir-Gjeka-Rifat-Fejziq.jpg\" width=\"508\" height=\"360\" \/><\/a>Kryetari i Komun\u00ebs s\u00eb Ulqinit Fatmir Gjeka priti n\u00eb takim Reisin e Bashk\u00ebsis\u00eb islame n\u00eb Mal t\u00eb Zi Rifat Fejziq<\/strong><\/p>\n<p>Kryetari i Komun\u00ebs s\u00eb Ulqinit Fatmir Gjeka priti sot n\u00eb takim Reisin e Bashk\u00ebsis\u00eb islame n\u00eb Mal t\u00eb Zi z. Rifat Fejziq me bashkpuntor\u00eb.<\/p>\n<p>Gjat\u00eb vizit\u00ebs Reisi shprehu k\u00ebnaqsin\u00eb me bashkpunimin e deritash\u00ebm me Komun\u00ebn e Ulqinit dhe shprehu gadishm\u00ebrin\u00eb q\u00eb ajo t\u00eb vazhdohet dhe t\u00eb intensifikohet n\u00eb t\u00eb ardhmen.<br \/>\n\u00cbsht\u00eb dakorduar q\u00eb n\u00eb mbledhjen e ardhshme t\u00eb kuvendit komunal t\u00eb bihet vendimi mbi lirimin prej komunalive p\u00ebr Medres\u00ebn e grave n\u00eb Fush\u00ebn e Ulqinit.<\/p>\n<p>Kryetari Fatmir Gjeka shprehu gadishm\u00ebrin\u00eb p\u00ebr zgjedhjen e t\u00eb gjith\u00eb nevojave dhe prioriteteve t\u00eb cilat Bashk\u00ebsia islame i ka identifikuar p\u00ebr realizim n\u00eb Komun\u00ebn e Ulqinit n\u00eb periudh\u00ebn e ardhshme, para s\u00eb gjithash p\u00ebr krijimin e parakushteve p\u00ebr nd\u00ebrtimin e xhamis\u00eb n\u00eb Shtoj dhe n\u00eb Fush\u00eb t\u00eb Ulqinit. \u00cbsht\u00eb dakordua q\u00eb n\u00eb dit\u00ebt n\u00eb vijim t\u00eb vazhdohen bisedat rreth detajeve dhe m\u00ebnyr\u00ebs s\u00eb realizimit t\u00eb k\u00ebtyre projekteve.<\/p>\n<p>Komuna Ulqinit<\/p>\n","protected":false},"excerpt":{"rendered":"<p>Kryetari i Komun\u00ebs s\u00eb Ulqinit Fatmir Gjeka priti n\u00eb takim Reisin e Bashk\u00ebsis\u00eb islame n\u00eb Mal t\u00eb Zi Rifat Fejziq Kryetari i Komun\u00ebs s\u00eb Ulqinit Fatmir Gjeka priti sot n\u00eb takim Reisin e Bashk\u00ebsis\u00eb islame n\u00eb Mal t\u00eb Zi z. Rifat Fejziq me bashkpuntor\u00eb. Gjat\u00eb vizit\u00ebs Reisi shprehu k\u00ebnaqsin\u00eb me bashkpunimin e deritash\u00ebm me Komun\u00ebn [&hellip;]<\/p>\n","protected":false},"author":1,"featured_media":0,"comment_status":"closed","ping_status":"closed","sticky":false,"template":"","format":"standard","meta":{"spay_email":"","jetpack_publicize_message":"","jetpack_is_tweetstorm":false,"jetpack_publicize_feature_enabled":true},"categories":[1,6],"tags":[],"jetpack_publicize_connections":[],"yoast_head":"<!-- This site is optimized with the Yoast SEO plugin v19.1 - https:\/\/yoast.com\/wordpress\/plugins\/seo\/ -->\n<title>Kryetari i Komun\u00ebs s\u00eb Ulqinit Gjeka priti n\u00eb takim Reisin Rifat Fejziq - Lajme nga Ulqini<\/title>\n<meta name=\"description\" content=\"Kryetari i Komun\u00ebs s\u00eb Ulqinit Fatmir Gjeka priti n\u00eb takim Reisin e Bashk\u00ebsis\u00eb islame n\u00eb Mal t\u00eb Zi Rifat Fejziq Kryetari i Komun\u00ebs s\u00eb Ulqinit Fatmir Gjeka\" \/>\n<meta name=\"robots\" content=\"index, follow, max-snippet:-1, max-image-preview:large, max-video-preview:-1\" \/>\n<link rel=\"canonical\" href=\"https:\/\/www.visit-ulcinj.com\/blog\/2014\/03\/14\/kryetari-komunes-se-ulqinit-gjeka-priti-ne-takim-reisin-rifat-fejziq\/\" \/>\n<meta property=\"og:locale\" content=\"en_US\" \/>\n<meta property=\"og:type\" content=\"article\" \/>\n<meta property=\"og:title\" content=\"Kryetari i Komun\u00ebs s\u00eb Ulqinit Gjeka priti n\u00eb takim Reisin Rifat Fejziq - Lajme nga Ulqini\" \/>\n<meta property=\"og:description\" content=\"Kryetari i Komun\u00ebs s\u00eb Ulqinit Fatmir Gjeka priti n\u00eb takim Reisin e Bashk\u00ebsis\u00eb islame n\u00eb Mal t\u00eb Zi Rifat Fejziq Kryetari i Komun\u00ebs s\u00eb Ulqinit Fatmir Gjeka\" \/>\n<meta property=\"og:url\" content=\"https:\/\/www.visit-ulcinj.com\/blog\/2014\/03\/14\/kryetari-komunes-se-ulqinit-gjeka-priti-ne-takim-reisin-rifat-fejziq\/\" \/>\n<meta property=\"og:site_name\" content=\"Lajme nga Ulqini\" \/>\n<meta property=\"article:published_time\" content=\"2014-03-14T15:01:43+00:00\" \/>\n<meta property=\"article:modified_time\" content=\"2014-03-15T16:09:36+00:00\" \/>\n<meta property=\"og:image\" content=\"http:\/\/www.visit-ulcinj.com\/blog\/wp-content\/uploads\/2014\/03\/Fatmir-Gjeka-Rifat-Fejziq.jpg\" \/>\n<meta name=\"twitter:label1\" content=\"Written by\" \/>\n\t<meta name=\"twitter:data1\" content=\"ulqini\" \/>\n\t<meta name=\"twitter:label2\" content=\"Est. reading time\" \/>\n\t<meta name=\"twitter:data2\" content=\"1 minute\" \/>\n<script type=\"application\/ld+json\" class=\"yoast-schema-graph\">{\"@context\":\"https:\/\/schema.org\",\"@graph\":[{\"@type\":\"WebSite\",\"@id\":\"https:\/\/www.visit-ulcinj.com\/blog\/#website\",\"url\":\"https:\/\/www.visit-ulcinj.com\/blog\/\",\"name\":\"Lajme nga Ulqini\",\"description\":\"Lajme,Vijesti,Ulqini,Ulqin,Crna Gora,Mali i Zi\",\"potentialAction\":[{\"@type\":\"SearchAction\",\"target\":{\"@type\":\"EntryPoint\",\"urlTemplate\":\"https:\/\/www.visit-ulcinj.com\/blog\/?s={search_term_string}\"},\"query-input\":\"required name=search_term_string\"}],\"inLanguage\":\"en-US\"},{\"@type\":\"ImageObject\",\"inLanguage\":\"en-US\",\"@id\":\"https:\/\/www.visit-ulcinj.com\/blog\/2014\/03\/14\/kryetari-komunes-se-ulqinit-gjeka-priti-ne-takim-reisin-rifat-fejziq\/#primaryimage\",\"url\":\"https:\/\/www.visit-ulcinj.com\/blog\/wp-content\/uploads\/2014\/03\/Fatmir-Gjeka-Rifat-Fejziq.jpg\",\"contentUrl\":\"https:\/\/www.visit-ulcinj.com\/blog\/wp-content\/uploads\/2014\/03\/Fatmir-Gjeka-Rifat-Fejziq.jpg\",\"width\":768,\"height\":509},{\"@type\":\"WebPage\",\"@id\":\"https:\/\/www.visit-ulcinj.com\/blog\/2014\/03\/14\/kryetari-komunes-se-ulqinit-gjeka-priti-ne-takim-reisin-rifat-fejziq\/#webpage\",\"url\":\"https:\/\/www.visit-ulcinj.com\/blog\/2014\/03\/14\/kryetari-komunes-se-ulqinit-gjeka-priti-ne-takim-reisin-rifat-fejziq\/\",\"name\":\"Kryetari i Komun\u00ebs s\u00eb Ulqinit Gjeka priti n\u00eb takim Reisin Rifat Fejziq - Lajme nga Ulqini\",\"isPartOf\":{\"@id\":\"https:\/\/www.visit-ulcinj.com\/blog\/#website\"},\"primaryImageOfPage\":{\"@id\":\"https:\/\/www.visit-ulcinj.com\/blog\/2014\/03\/14\/kryetari-komunes-se-ulqinit-gjeka-priti-ne-takim-reisin-rifat-fejziq\/#primaryimage\"},\"datePublished\":\"2014-03-14T15:01:43+00:00\",\"dateModified\":\"2014-03-15T16:09:36+00:00\",\"author\":{\"@id\":\"https:\/\/www.visit-ulcinj.com\/blog\/#\/schema\/person\/dcab619c614d3038751c63bc2aadc06d\"},\"description\":\"Kryetari i Komun\u00ebs s\u00eb Ulqinit Fatmir Gjeka priti n\u00eb takim Reisin e Bashk\u00ebsis\u00eb islame n\u00eb Mal t\u00eb Zi Rifat Fejziq Kryetari i Komun\u00ebs s\u00eb Ulqinit Fatmir Gjeka\",\"breadcrumb\":{\"@id\":\"https:\/\/www.visit-ulcinj.com\/blog\/2014\/03\/14\/kryetari-komunes-se-ulqinit-gjeka-priti-ne-takim-reisin-rifat-fejziq\/#breadcrumb\"},\"inLanguage\":\"en-US\",\"potentialAction\":[{\"@type\":\"ReadAction\",\"target\":[\"https:\/\/www.visit-ulcinj.com\/blog\/2014\/03\/14\/kryetari-komunes-se-ulqinit-gjeka-priti-ne-takim-reisin-rifat-fejziq\/\"]}]},{\"@type\":\"BreadcrumbList\",\"@id\":\"https:\/\/www.visit-ulcinj.com\/blog\/2014\/03\/14\/kryetari-komunes-se-ulqinit-gjeka-priti-ne-takim-reisin-rifat-fejziq\/#breadcrumb\",\"itemListElement\":[{\"@type\":\"ListItem\",\"position\":1,\"name\":\"Kryetari i Komun\u00ebs s\u00eb Ulqinit Gjeka priti n\u00eb takim Reisin Rifat Fejziq\"}]},{\"@type\":\"Person\",\"@id\":\"https:\/\/www.visit-ulcinj.com\/blog\/#\/schema\/person\/dcab619c614d3038751c63bc2aadc06d\",\"name\":\"ulqini\",\"sameAs\":[\"http:\/\/www.visit-ulcinj.com\"],\"url\":\"https:\/\/www.visit-ulcinj.com\/blog\/author\/admin\/\"}]}<\/script>\n<!-- \/ Yoast SEO plugin. -->","yoast_head_json":{"title":"Kryetari i Komun\u00ebs s\u00eb Ulqinit Gjeka priti n\u00eb takim Reisin Rifat Fejziq - Lajme nga Ulqini","description":"Kryetari i Komun\u00ebs s\u00eb Ulqinit Fatmir Gjeka priti n\u00eb takim Reisin e Bashk\u00ebsis\u00eb islame n\u00eb Mal t\u00eb Zi Rifat Fejziq Kryetari i Komun\u00ebs s\u00eb Ulqinit Fatmir Gjeka","robots":{"index":"index","follow":"follow","max-snippet":"max-snippet:-1","max-image-preview":"max-image-preview:large","max-video-preview":"max-video-preview:-1"},"canonical":"https:\/\/www.visit-ulcinj.com\/blog\/2014\/03\/14\/kryetari-komunes-se-ulqinit-gjeka-priti-ne-takim-reisin-rifat-fejziq\/","og_locale":"en_US","og_type":"article","og_title":"Kryetari i Komun\u00ebs s\u00eb Ulqinit Gjeka priti n\u00eb takim Reisin Rifat Fejziq - Lajme nga Ulqini","og_description":"Kryetari i Komun\u00ebs s\u00eb Ulqinit Fatmir Gjeka priti n\u00eb takim Reisin e Bashk\u00ebsis\u00eb islame n\u00eb Mal t\u00eb Zi Rifat Fejziq Kryetari i Komun\u00ebs s\u00eb Ulqinit Fatmir Gjeka","og_url":"https:\/\/www.visit-ulcinj.com\/blog\/2014\/03\/14\/kryetari-komunes-se-ulqinit-gjeka-priti-ne-takim-reisin-rifat-fejziq\/","og_site_name":"Lajme nga Ulqini","article_published_time":"2014-03-14T15:01:43+00:00","article_modified_time":"2014-03-15T16:09:36+00:00","og_image":[{"url":"http:\/\/www.visit-ulcinj.com\/blog\/wp-content\/uploads\/2014\/03\/Fatmir-Gjeka-Rifat-Fejziq.jpg"}],"twitter_misc":{"Written by":"ulqini","Est. reading time":"1 minute"},"schema":{"@context":"https:\/\/schema.org","@graph":[{"@type":"WebSite","@id":"https:\/\/www.visit-ulcinj.com\/blog\/#website","url":"https:\/\/www.visit-ulcinj.com\/blog\/","name":"Lajme nga Ulqini","description":"Lajme,Vijesti,Ulqini,Ulqin,Crna Gora,Mali i Zi","potentialAction":[{"@type":"SearchAction","target":{"@type":"EntryPoint","urlTemplate":"https:\/\/www.visit-ulcinj.com\/blog\/?s={search_term_string}"},"query-input":"required name=search_term_string"}],"inLanguage":"en-US"},{"@type":"ImageObject","inLanguage":"en-US","@id":"https:\/\/www.visit-ulcinj.com\/blog\/2014\/03\/14\/kryetari-komunes-se-ulqinit-gjeka-priti-ne-takim-reisin-rifat-fejziq\/#primaryimage","url":"https:\/\/www.visit-ulcinj.com\/blog\/wp-content\/uploads\/2014\/03\/Fatmir-Gjeka-Rifat-Fejziq.jpg","contentUrl":"https:\/\/www.visit-ulcinj.com\/blog\/wp-content\/uploads\/2014\/03\/Fatmir-Gjeka-Rifat-Fejziq.jpg","width":768,"height":509},{"@type":"WebPage","@id":"https:\/\/www.visit-ulcinj.com\/blog\/2014\/03\/14\/kryetari-komunes-se-ulqinit-gjeka-priti-ne-takim-reisin-rifat-fejziq\/#webpage","url":"https:\/\/www.visit-ulcinj.com\/blog\/2014\/03\/14\/kryetari-komunes-se-ulqinit-gjeka-priti-ne-takim-reisin-rifat-fejziq\/","name":"Kryetari i Komun\u00ebs s\u00eb Ulqinit Gjeka priti n\u00eb takim Reisin Rifat Fejziq - Lajme nga Ulqini","isPartOf":{"@id":"https:\/\/www.visit-ulcinj.com\/blog\/#website"},"primaryImageOfPage":{"@id":"https:\/\/www.visit-ulcinj.com\/blog\/2014\/03\/14\/kryetari-komunes-se-ulqinit-gjeka-priti-ne-takim-reisin-rifat-fejziq\/#primaryimage"},"datePublished":"2014-03-14T15:01:43+00:00","dateModified":"2014-03-15T16:09:36+00:00","author":{"@id":"https:\/\/www.visit-ulcinj.com\/blog\/#\/schema\/person\/dcab619c614d3038751c63bc2aadc06d"},"description":"Kryetari i Komun\u00ebs s\u00eb Ulqinit Fatmir Gjeka priti n\u00eb takim Reisin e Bashk\u00ebsis\u00eb islame n\u00eb Mal t\u00eb Zi Rifat Fejziq Kryetari i Komun\u00ebs s\u00eb Ulqinit Fatmir Gjeka","breadcrumb":{"@id":"https:\/\/www.visit-ulcinj.com\/blog\/2014\/03\/14\/kryetari-komunes-se-ulqinit-gjeka-priti-ne-takim-reisin-rifat-fejziq\/#breadcrumb"},"inLanguage":"en-US","potentialAction":[{"@type":"ReadAction","target":["https:\/\/www.visit-ulcinj.com\/blog\/2014\/03\/14\/kryetari-komunes-se-ulqinit-gjeka-priti-ne-takim-reisin-rifat-fejziq\/"]}]},{"@type":"BreadcrumbList","@id":"https:\/\/www.visit-ulcinj.com\/blog\/2014\/03\/14\/kryetari-komunes-se-ulqinit-gjeka-priti-ne-takim-reisin-rifat-fejziq\/#breadcrumb","itemListElement":[{"@type":"ListItem","position":1,"name":"Kryetari i Komun\u00ebs s\u00eb Ulqinit Gjeka priti n\u00eb takim Reisin Rifat Fejziq"}]},{"@type":"Person","@id":"https:\/\/www.visit-ulcinj.com\/blog\/#\/schema\/person\/dcab619c614d3038751c63bc2aadc06d","name":"ulqini","sameAs":["http:\/\/www.visit-ulcinj.com"],"url":"https:\/\/www.visit-ulcinj.com\/blog\/author\/admin\/"}]}},"jetpack_featured_media_url":"","jetpack_sharing_enabled":true,"jetpack_shortlink":"https:\/\/wp.me\/pe6lTn-kYK","_links":{"self":[{"href":"https:\/\/www.visit-ulcinj.com\/blog\/wp-json\/wp\/v2\/posts\/80646"}],"collection":[{"href":"https:\/\/www.visit-ulcinj.com\/blog\/wp-json\/wp\/v2\/posts"}],"about":[{"href":"https:\/\/www.visit-ulcinj.com\/blog\/wp-json\/wp\/v2\/types\/post"}],"author":[{"embeddable":true,"href":"https:\/\/www.visit-ulcinj.com\/blog\/wp-json\/wp\/v2\/users\/1"}],"replies":[{"embeddable":true,"href":"https:\/\/www.visit-ulcinj.com\/blog\/wp-json\/wp\/v2\/comments?post=80646"}],"version-history":[{"count":1,"href":"https:\/\/www.visit-ulcinj.com\/blog\/wp-json\/wp\/v2\/posts\/80646\/revisions"}],"predecessor-version":[{"id":80648,"href":"https:\/\/www.visit-ulcinj.com\/blog\/wp-json\/wp\/v2\/posts\/80646\/revisions\/80648"}],"wp:attachment":[{"href":"https:\/\/www.visit-ulcinj.com\/blog\/wp-json\/wp\/v2\/media?parent=80646"}],"wp:term":[{"taxonomy":"category","embeddable":true,"href":"https:\/\/www.visit-ulcinj.com\/blog\/wp-json\/wp\/v2\/categories?post=80646"},{"taxonomy":"post_tag","embeddable":true,"href":"https:\/\/www.visit-ulcinj.com\/blog\/wp-json\/wp\/v2\/tags?post=80646"}],"curies":[{"name":"wp","href":"https:\/\/api.w.org\/{rel}","templated":true}]}}