{"id":80650,"date":"2014-03-14T16:08:33","date_gmt":"2014-03-14T15:08:33","guid":{"rendered":"http:\/\/www.visit-ulcinj.com\/blog\/?p=80650"},"modified":"2014-03-14T16:08:46","modified_gmt":"2014-03-14T15:08:46","slug":"predsjednik-deka-sastao-se-sa-reisom-rifatom-fejzicem","status":"publish","type":"post","link":"https:\/\/www.visit-ulcinj.com\/blog\/2014\/03\/14\/predsjednik-deka-sastao-se-sa-reisom-rifatom-fejzicem\/","title":{"rendered":"Predsjednik \u0110eka sastao se sa reisom Rifatom Fejzi\u0107em"},"content":{"rendered":"<p><strong><a href=\"http:\/\/www.visit-ulcinj.com\/blog\/wp-content\/uploads\/2014\/03\/Fatmir-Gjeka-Rifat-Fejziq.jpg\"><img loading=\"lazy\" class=\"alignleft  wp-image-80647\" alt=\"Fatmir-Gjeka-Rifat-Fejziq\" src=\"http:\/\/www.visit-ulcinj.com\/blog\/wp-content\/uploads\/2014\/03\/Fatmir-Gjeka-Rifat-Fejziq.jpg\" width=\"508\" height=\"360\" \/><\/a>Predsjednik Op\u0161tine Ulcinj Fatmir Gjeka sastao se sa reisom Islamske zajednice u Crnoj Gori Rifatom Fejzi\u0107em<\/strong><\/p>\n<p>Predsjednik Op\u0161tine Ulcinj Fatmir Gjeka sastao se sa reisom Islamske zajednice u Crnoj Gori Rifatom Fejzi\u0107em sa saradnicima.<br \/>\nTokom posjete Reis je izrazio zadovoljstvo dosada\u0161njom saradnjom sa Op\u0161tinom Ulcinj i izrazio o\u010dekivanje da \u0107e se ona nastaviti i dalje intenzivirati u budu\u0107nosti.<\/p>\n<p>Dogovoreno je da se na narednoj sjednici Skup\u0161tine donese odluka o osloba\u0111anju od komunalija za \u017densku medresu u Ulcinjskom polju.<br \/>\nPredsjednik Fatmir Gjeka je izrazio spremnost za rje\u0161avanje svih potreba i prioriteta koje je Islamska zajednica odredila za realizaciju na podru\u010dju Ulcinja u narednom periodu, prije svega za stvaranje pretpostavki za izgradnju d\u017eamije u \u0160toju i Ulcinjskom polju. Dogovoreno je da se narednih dana nastavi razgovor o detaljima i na\u010dinu realizacije ovih projekata.<\/p>\n<p><strong>Op\u0161tina Ulcinj <\/strong><\/p>\n","protected":false},"excerpt":{"rendered":"<p>Predsjednik Op\u0161tine Ulcinj Fatmir Gjeka sastao se sa reisom Islamske zajednice u Crnoj Gori Rifatom Fejzi\u0107em Predsjednik Op\u0161tine Ulcinj Fatmir Gjeka sastao se sa reisom Islamske zajednice u Crnoj Gori Rifatom Fejzi\u0107em sa saradnicima. Tokom posjete Reis je izrazio zadovoljstvo dosada\u0161njom saradnjom sa Op\u0161tinom Ulcinj i izrazio o\u010dekivanje da \u0107e se ona nastaviti i dalje [&hellip;]<\/p>\n","protected":false},"author":1,"featured_media":0,"comment_status":"closed","ping_status":"closed","sticky":false,"template":"","format":"standard","meta":{"spay_email":"","jetpack_publicize_message":"","jetpack_is_tweetstorm":false,"jetpack_publicize_feature_enabled":true},"categories":[8337],"tags":[],"jetpack_publicize_connections":[],"yoast_head":"<!-- This site is optimized with the Yoast SEO plugin v19.1 - https:\/\/yoast.com\/wordpress\/plugins\/seo\/ -->\n<title>Predsjednik \u0110eka sastao se sa reisom Rifatom Fejzi\u0107em - Lajme nga Ulqini<\/title>\n<meta name=\"description\" content=\"Predsjednik Op\u0161tine Ulcinj Fatmir Gjeka sastao se sa reisom Islamske zajednice u Crnoj Gori Rifatom Fejzi\u0107em Predsjednik Op\u0161tine Ulcinj Fatmir Gjeka\" \/>\n<meta name=\"robots\" content=\"index, follow, max-snippet:-1, max-image-preview:large, max-video-preview:-1\" \/>\n<link rel=\"canonical\" href=\"https:\/\/www.visit-ulcinj.com\/blog\/2014\/03\/14\/predsjednik-deka-sastao-se-sa-reisom-rifatom-fejzicem\/\" \/>\n<meta property=\"og:locale\" content=\"en_US\" \/>\n<meta property=\"og:type\" content=\"article\" \/>\n<meta property=\"og:title\" content=\"Predsjednik \u0110eka sastao se sa reisom Rifatom Fejzi\u0107em - Lajme nga Ulqini\" \/>\n<meta property=\"og:description\" content=\"Predsjednik Op\u0161tine Ulcinj Fatmir Gjeka sastao se sa reisom Islamske zajednice u Crnoj Gori Rifatom Fejzi\u0107em Predsjednik Op\u0161tine Ulcinj Fatmir Gjeka\" \/>\n<meta property=\"og:url\" content=\"https:\/\/www.visit-ulcinj.com\/blog\/2014\/03\/14\/predsjednik-deka-sastao-se-sa-reisom-rifatom-fejzicem\/\" \/>\n<meta property=\"og:site_name\" content=\"Lajme nga Ulqini\" \/>\n<meta property=\"article:published_time\" content=\"2014-03-14T15:08:33+00:00\" \/>\n<meta property=\"article:modified_time\" content=\"2014-03-14T15:08:46+00:00\" \/>\n<meta property=\"og:image\" content=\"http:\/\/www.visit-ulcinj.com\/blog\/wp-content\/uploads\/2014\/03\/Fatmir-Gjeka-Rifat-Fejziq.jpg\" \/>\n<meta name=\"twitter:label1\" content=\"Written by\" \/>\n\t<meta name=\"twitter:data1\" content=\"ulqini\" \/>\n\t<meta name=\"twitter:label2\" content=\"Est. reading time\" \/>\n\t<meta name=\"twitter:data2\" content=\"1 minute\" \/>\n<script type=\"application\/ld+json\" class=\"yoast-schema-graph\">{\"@context\":\"https:\/\/schema.org\",\"@graph\":[{\"@type\":\"WebSite\",\"@id\":\"https:\/\/www.visit-ulcinj.com\/blog\/#website\",\"url\":\"https:\/\/www.visit-ulcinj.com\/blog\/\",\"name\":\"Lajme nga Ulqini\",\"description\":\"Lajme,Vijesti,Ulqini,Ulqin,Crna Gora,Mali i Zi\",\"potentialAction\":[{\"@type\":\"SearchAction\",\"target\":{\"@type\":\"EntryPoint\",\"urlTemplate\":\"https:\/\/www.visit-ulcinj.com\/blog\/?s={search_term_string}\"},\"query-input\":\"required name=search_term_string\"}],\"inLanguage\":\"en-US\"},{\"@type\":\"ImageObject\",\"inLanguage\":\"en-US\",\"@id\":\"https:\/\/www.visit-ulcinj.com\/blog\/2014\/03\/14\/predsjednik-deka-sastao-se-sa-reisom-rifatom-fejzicem\/#primaryimage\",\"url\":\"https:\/\/www.visit-ulcinj.com\/blog\/wp-content\/uploads\/2014\/03\/Fatmir-Gjeka-Rifat-Fejziq.jpg\",\"contentUrl\":\"https:\/\/www.visit-ulcinj.com\/blog\/wp-content\/uploads\/2014\/03\/Fatmir-Gjeka-Rifat-Fejziq.jpg\",\"width\":768,\"height\":509},{\"@type\":\"WebPage\",\"@id\":\"https:\/\/www.visit-ulcinj.com\/blog\/2014\/03\/14\/predsjednik-deka-sastao-se-sa-reisom-rifatom-fejzicem\/#webpage\",\"url\":\"https:\/\/www.visit-ulcinj.com\/blog\/2014\/03\/14\/predsjednik-deka-sastao-se-sa-reisom-rifatom-fejzicem\/\",\"name\":\"Predsjednik \u0110eka sastao se sa reisom Rifatom Fejzi\u0107em - Lajme nga Ulqini\",\"isPartOf\":{\"@id\":\"https:\/\/www.visit-ulcinj.com\/blog\/#website\"},\"primaryImageOfPage\":{\"@id\":\"https:\/\/www.visit-ulcinj.com\/blog\/2014\/03\/14\/predsjednik-deka-sastao-se-sa-reisom-rifatom-fejzicem\/#primaryimage\"},\"datePublished\":\"2014-03-14T15:08:33+00:00\",\"dateModified\":\"2014-03-14T15:08:46+00:00\",\"author\":{\"@id\":\"https:\/\/www.visit-ulcinj.com\/blog\/#\/schema\/person\/dcab619c614d3038751c63bc2aadc06d\"},\"description\":\"Predsjednik Op\u0161tine Ulcinj Fatmir Gjeka sastao se sa reisom Islamske zajednice u Crnoj Gori Rifatom Fejzi\u0107em Predsjednik Op\u0161tine Ulcinj Fatmir Gjeka\",\"breadcrumb\":{\"@id\":\"https:\/\/www.visit-ulcinj.com\/blog\/2014\/03\/14\/predsjednik-deka-sastao-se-sa-reisom-rifatom-fejzicem\/#breadcrumb\"},\"inLanguage\":\"en-US\",\"potentialAction\":[{\"@type\":\"ReadAction\",\"target\":[\"https:\/\/www.visit-ulcinj.com\/blog\/2014\/03\/14\/predsjednik-deka-sastao-se-sa-reisom-rifatom-fejzicem\/\"]}]},{\"@type\":\"BreadcrumbList\",\"@id\":\"https:\/\/www.visit-ulcinj.com\/blog\/2014\/03\/14\/predsjednik-deka-sastao-se-sa-reisom-rifatom-fejzicem\/#breadcrumb\",\"itemListElement\":[{\"@type\":\"ListItem\",\"position\":1,\"name\":\"Predsjednik \u0110eka sastao se sa reisom Rifatom Fejzi\u0107em\"}]},{\"@type\":\"Person\",\"@id\":\"https:\/\/www.visit-ulcinj.com\/blog\/#\/schema\/person\/dcab619c614d3038751c63bc2aadc06d\",\"name\":\"ulqini\",\"sameAs\":[\"http:\/\/www.visit-ulcinj.com\"],\"url\":\"https:\/\/www.visit-ulcinj.com\/blog\/author\/admin\/\"}]}<\/script>\n<!-- \/ Yoast SEO plugin. -->","yoast_head_json":{"title":"Predsjednik \u0110eka sastao se sa reisom Rifatom Fejzi\u0107em - Lajme nga Ulqini","description":"Predsjednik Op\u0161tine Ulcinj Fatmir Gjeka sastao se sa reisom Islamske zajednice u Crnoj Gori Rifatom Fejzi\u0107em Predsjednik Op\u0161tine Ulcinj Fatmir Gjeka","robots":{"index":"index","follow":"follow","max-snippet":"max-snippet:-1","max-image-preview":"max-image-preview:large","max-video-preview":"max-video-preview:-1"},"canonical":"https:\/\/www.visit-ulcinj.com\/blog\/2014\/03\/14\/predsjednik-deka-sastao-se-sa-reisom-rifatom-fejzicem\/","og_locale":"en_US","og_type":"article","og_title":"Predsjednik \u0110eka sastao se sa reisom Rifatom Fejzi\u0107em - Lajme nga Ulqini","og_description":"Predsjednik Op\u0161tine Ulcinj Fatmir Gjeka sastao se sa reisom Islamske zajednice u Crnoj Gori Rifatom Fejzi\u0107em Predsjednik Op\u0161tine Ulcinj Fatmir Gjeka","og_url":"https:\/\/www.visit-ulcinj.com\/blog\/2014\/03\/14\/predsjednik-deka-sastao-se-sa-reisom-rifatom-fejzicem\/","og_site_name":"Lajme nga Ulqini","article_published_time":"2014-03-14T15:08:33+00:00","article_modified_time":"2014-03-14T15:08:46+00:00","og_image":[{"url":"http:\/\/www.visit-ulcinj.com\/blog\/wp-content\/uploads\/2014\/03\/Fatmir-Gjeka-Rifat-Fejziq.jpg"}],"twitter_misc":{"Written by":"ulqini","Est. reading time":"1 minute"},"schema":{"@context":"https:\/\/schema.org","@graph":[{"@type":"WebSite","@id":"https:\/\/www.visit-ulcinj.com\/blog\/#website","url":"https:\/\/www.visit-ulcinj.com\/blog\/","name":"Lajme nga Ulqini","description":"Lajme,Vijesti,Ulqini,Ulqin,Crna Gora,Mali i Zi","potentialAction":[{"@type":"SearchAction","target":{"@type":"EntryPoint","urlTemplate":"https:\/\/www.visit-ulcinj.com\/blog\/?s={search_term_string}"},"query-input":"required name=search_term_string"}],"inLanguage":"en-US"},{"@type":"ImageObject","inLanguage":"en-US","@id":"https:\/\/www.visit-ulcinj.com\/blog\/2014\/03\/14\/predsjednik-deka-sastao-se-sa-reisom-rifatom-fejzicem\/#primaryimage","url":"https:\/\/www.visit-ulcinj.com\/blog\/wp-content\/uploads\/2014\/03\/Fatmir-Gjeka-Rifat-Fejziq.jpg","contentUrl":"https:\/\/www.visit-ulcinj.com\/blog\/wp-content\/uploads\/2014\/03\/Fatmir-Gjeka-Rifat-Fejziq.jpg","width":768,"height":509},{"@type":"WebPage","@id":"https:\/\/www.visit-ulcinj.com\/blog\/2014\/03\/14\/predsjednik-deka-sastao-se-sa-reisom-rifatom-fejzicem\/#webpage","url":"https:\/\/www.visit-ulcinj.com\/blog\/2014\/03\/14\/predsjednik-deka-sastao-se-sa-reisom-rifatom-fejzicem\/","name":"Predsjednik \u0110eka sastao se sa reisom Rifatom Fejzi\u0107em - Lajme nga Ulqini","isPartOf":{"@id":"https:\/\/www.visit-ulcinj.com\/blog\/#website"},"primaryImageOfPage":{"@id":"https:\/\/www.visit-ulcinj.com\/blog\/2014\/03\/14\/predsjednik-deka-sastao-se-sa-reisom-rifatom-fejzicem\/#primaryimage"},"datePublished":"2014-03-14T15:08:33+00:00","dateModified":"2014-03-14T15:08:46+00:00","author":{"@id":"https:\/\/www.visit-ulcinj.com\/blog\/#\/schema\/person\/dcab619c614d3038751c63bc2aadc06d"},"description":"Predsjednik Op\u0161tine Ulcinj Fatmir Gjeka sastao se sa reisom Islamske zajednice u Crnoj Gori Rifatom Fejzi\u0107em Predsjednik Op\u0161tine Ulcinj Fatmir Gjeka","breadcrumb":{"@id":"https:\/\/www.visit-ulcinj.com\/blog\/2014\/03\/14\/predsjednik-deka-sastao-se-sa-reisom-rifatom-fejzicem\/#breadcrumb"},"inLanguage":"en-US","potentialAction":[{"@type":"ReadAction","target":["https:\/\/www.visit-ulcinj.com\/blog\/2014\/03\/14\/predsjednik-deka-sastao-se-sa-reisom-rifatom-fejzicem\/"]}]},{"@type":"BreadcrumbList","@id":"https:\/\/www.visit-ulcinj.com\/blog\/2014\/03\/14\/predsjednik-deka-sastao-se-sa-reisom-rifatom-fejzicem\/#breadcrumb","itemListElement":[{"@type":"ListItem","position":1,"name":"Predsjednik \u0110eka sastao se sa reisom Rifatom Fejzi\u0107em"}]},{"@type":"Person","@id":"https:\/\/www.visit-ulcinj.com\/blog\/#\/schema\/person\/dcab619c614d3038751c63bc2aadc06d","name":"ulqini","sameAs":["http:\/\/www.visit-ulcinj.com"],"url":"https:\/\/www.visit-ulcinj.com\/blog\/author\/admin\/"}]}},"jetpack_featured_media_url":"","jetpack_sharing_enabled":true,"jetpack_shortlink":"https:\/\/wp.me\/pe6lTn-kYO","_links":{"self":[{"href":"https:\/\/www.visit-ulcinj.com\/blog\/wp-json\/wp\/v2\/posts\/80650"}],"collection":[{"href":"https:\/\/www.visit-ulcinj.com\/blog\/wp-json\/wp\/v2\/posts"}],"about":[{"href":"https:\/\/www.visit-ulcinj.com\/blog\/wp-json\/wp\/v2\/types\/post"}],"author":[{"embeddable":true,"href":"https:\/\/www.visit-ulcinj.com\/blog\/wp-json\/wp\/v2\/users\/1"}],"replies":[{"embeddable":true,"href":"https:\/\/www.visit-ulcinj.com\/blog\/wp-json\/wp\/v2\/comments?post=80650"}],"version-history":[{"count":1,"href":"https:\/\/www.visit-ulcinj.com\/blog\/wp-json\/wp\/v2\/posts\/80650\/revisions"}],"predecessor-version":[{"id":80651,"href":"https:\/\/www.visit-ulcinj.com\/blog\/wp-json\/wp\/v2\/posts\/80650\/revisions\/80651"}],"wp:attachment":[{"href":"https:\/\/www.visit-ulcinj.com\/blog\/wp-json\/wp\/v2\/media?parent=80650"}],"wp:term":[{"taxonomy":"category","embeddable":true,"href":"https:\/\/www.visit-ulcinj.com\/blog\/wp-json\/wp\/v2\/categories?post=80650"},{"taxonomy":"post_tag","embeddable":true,"href":"https:\/\/www.visit-ulcinj.com\/blog\/wp-json\/wp\/v2\/tags?post=80650"}],"curies":[{"name":"wp","href":"https:\/\/api.w.org\/{rel}","templated":true}]}}