{"id":80658,"date":"2014-03-14T20:38:25","date_gmt":"2014-03-14T19:38:25","guid":{"rendered":"http:\/\/www.visit-ulcinj.com\/blog\/?p=80658"},"modified":"2014-03-14T20:38:25","modified_gmt":"2014-03-14T19:38:25","slug":"deka-jos-nije-odlucio-za-potpredsjednike-ulcinjske-opstine","status":"publish","type":"post","link":"https:\/\/www.visit-ulcinj.com\/blog\/2014\/03\/14\/deka-jos-nije-odlucio-za-potpredsjednike-ulcinjske-opstine\/","title":{"rendered":"\u0110eka jo\u0161 nije odlu\u010dio za potpredsjednike ulcinjske Op\u0161tine"},"content":{"rendered":"<div id=\"article_text\">\n<p><a href=\"http:\/\/www.visit-ulcinj.com\/blog\/wp-content\/uploads\/2014\/02\/Fatmir-Gjeka-Ulqin.jpg\"><img loading=\"lazy\" class=\"alignleft  wp-image-80131\" alt=\"Fatmir-Gjeka-Ulqin\" src=\"http:\/\/www.visit-ulcinj.com\/blog\/wp-content\/uploads\/2014\/02\/Fatmir-Gjeka-Ulqin.jpg\" width=\"508\" height=\"360\" \/><\/a>Safet Beci iz Pozitivne i Arijan Mavri\u0107 iz Force bi\u0107e izabrani za nove potpredsjednike ulcinjske Op\u0161tine na sjednici lokalnog parlamenta koju je predsjednik Skup\u0161tine Fuad Had\u017eibeti sazvao za srijedu 19. marta.<\/p>\n<p>Tre\u0107eg potpredsjednika imenova\u0107e koalicija \u201eZajedno za budu\u0107nost Ulcinja\u201c koju predvodi predsjednik Op\u0161tine i lider Demokratske partije Fatmir \u0110eka. On je ju\u010de \u201cVijestima\u201d kazao da \u0107e koalicija ime svog kandidata objelodaniti po\u010detkom naredne sedmice.<\/p>\n<p>\u0110eka, me\u0111utim, nije potvrdio ali nije ni demantovao da \u0107e to biti predsjednik Perspektive Amir Holaj, kako se ve\u0107 du\u017ee \u0161pekuli\u0161e u javnosti. Za sekretara Skup\u0161tine bi\u0107e izabrana Tehid\u017ea Kaplanbegu.<\/p>\n<p>Na dnevnom redu sjednice su i odluke o razrje\u0161enju skup\u0161tinskih i upravnih odbora javnih preduze\u0107a i imenovanje novih. Odbornici \u0107e u srijedu razmatrati i izvje\u0161taj o ure\u0111enju prostora za pro\u0161lu i program ure\u0111enja prostora za ovu godinu.<\/p>\n<p>Nakon vanrednih januarskih izbora, vlast u Ulcinju dogovorili su Forca, \u0110ekina koalicija i Pozitivna.<\/p>\n<p>Oni zajedno imaju 17 od ukupno 33 odbornika, koliko broji ulcinjski parlament.<\/p>\n<p><strong>S.ADROVI\u0106<\/strong><\/p>\n<p><strong>Izvor: Vijesti Online<\/strong><\/p>\n<\/div>\n","protected":false},"excerpt":{"rendered":"<p>Safet Beci iz Pozitivne i Arijan Mavri\u0107 iz Force bi\u0107e izabrani za nove potpredsjednike ulcinjske Op\u0161tine na sjednici lokalnog parlamenta koju je predsjednik Skup\u0161tine Fuad Had\u017eibeti sazvao za srijedu 19. marta. Tre\u0107eg potpredsjednika imenova\u0107e koalicija \u201eZajedno za budu\u0107nost Ulcinja\u201c koju predvodi predsjednik Op\u0161tine i lider Demokratske partije Fatmir \u0110eka. On je ju\u010de \u201cVijestima\u201d kazao da [&hellip;]<\/p>\n","protected":false},"author":1,"featured_media":0,"comment_status":"closed","ping_status":"closed","sticky":false,"template":"","format":"standard","meta":{"spay_email":"","jetpack_publicize_message":"","jetpack_is_tweetstorm":false,"jetpack_publicize_feature_enabled":true},"categories":[6950],"tags":[],"jetpack_publicize_connections":[],"yoast_head":"<!-- This site is optimized with the Yoast SEO plugin v19.1 - https:\/\/yoast.com\/wordpress\/plugins\/seo\/ -->\n<title>\u0110eka jo\u0161 nije odlu\u010dio za potpredsjednike ulcinjske Op\u0161tine - Lajme nga Ulqini<\/title>\n<meta name=\"description\" content=\"Safet Beci iz Pozitivne i Arijan Mavri\u0107 iz Force bi\u0107e izabrani za nove potpredsjednike ulcinjske Op\u0161tine na sjednici lokalnog parlamenta koju je\" \/>\n<meta name=\"robots\" content=\"index, follow, max-snippet:-1, max-image-preview:large, max-video-preview:-1\" \/>\n<link rel=\"canonical\" href=\"https:\/\/www.visit-ulcinj.com\/blog\/2014\/03\/14\/deka-jos-nije-odlucio-za-potpredsjednike-ulcinjske-opstine\/\" \/>\n<meta property=\"og:locale\" content=\"en_US\" \/>\n<meta property=\"og:type\" content=\"article\" \/>\n<meta property=\"og:title\" content=\"\u0110eka jo\u0161 nije odlu\u010dio za potpredsjednike ulcinjske Op\u0161tine - Lajme nga Ulqini\" \/>\n<meta property=\"og:description\" content=\"Safet Beci iz Pozitivne i Arijan Mavri\u0107 iz Force bi\u0107e izabrani za nove potpredsjednike ulcinjske Op\u0161tine na sjednici lokalnog parlamenta koju je\" \/>\n<meta property=\"og:url\" content=\"https:\/\/www.visit-ulcinj.com\/blog\/2014\/03\/14\/deka-jos-nije-odlucio-za-potpredsjednike-ulcinjske-opstine\/\" \/>\n<meta property=\"og:site_name\" content=\"Lajme nga Ulqini\" \/>\n<meta property=\"article:published_time\" content=\"2014-03-14T19:38:25+00:00\" \/>\n<meta property=\"og:image\" content=\"http:\/\/www.visit-ulcinj.com\/blog\/wp-content\/uploads\/2014\/02\/Fatmir-Gjeka-Ulqin.jpg\" \/>\n<meta name=\"twitter:label1\" content=\"Written by\" \/>\n\t<meta name=\"twitter:data1\" content=\"ulqini\" \/>\n\t<meta name=\"twitter:label2\" content=\"Est. reading time\" \/>\n\t<meta name=\"twitter:data2\" content=\"1 minute\" \/>\n<script type=\"application\/ld+json\" class=\"yoast-schema-graph\">{\"@context\":\"https:\/\/schema.org\",\"@graph\":[{\"@type\":\"WebSite\",\"@id\":\"https:\/\/www.visit-ulcinj.com\/blog\/#website\",\"url\":\"https:\/\/www.visit-ulcinj.com\/blog\/\",\"name\":\"Lajme nga Ulqini\",\"description\":\"Lajme,Vijesti,Ulqini,Ulqin,Crna Gora,Mali i Zi\",\"potentialAction\":[{\"@type\":\"SearchAction\",\"target\":{\"@type\":\"EntryPoint\",\"urlTemplate\":\"https:\/\/www.visit-ulcinj.com\/blog\/?s={search_term_string}\"},\"query-input\":\"required name=search_term_string\"}],\"inLanguage\":\"en-US\"},{\"@type\":\"ImageObject\",\"inLanguage\":\"en-US\",\"@id\":\"https:\/\/www.visit-ulcinj.com\/blog\/2014\/03\/14\/deka-jos-nije-odlucio-za-potpredsjednike-ulcinjske-opstine\/#primaryimage\",\"url\":\"https:\/\/www.visit-ulcinj.com\/blog\/wp-content\/uploads\/2014\/02\/Fatmir-Gjeka-Ulqin.jpg\",\"contentUrl\":\"https:\/\/www.visit-ulcinj.com\/blog\/wp-content\/uploads\/2014\/02\/Fatmir-Gjeka-Ulqin.jpg\",\"width\":900,\"height\":598},{\"@type\":\"WebPage\",\"@id\":\"https:\/\/www.visit-ulcinj.com\/blog\/2014\/03\/14\/deka-jos-nije-odlucio-za-potpredsjednike-ulcinjske-opstine\/#webpage\",\"url\":\"https:\/\/www.visit-ulcinj.com\/blog\/2014\/03\/14\/deka-jos-nije-odlucio-za-potpredsjednike-ulcinjske-opstine\/\",\"name\":\"\u0110eka jo\u0161 nije odlu\u010dio za potpredsjednike ulcinjske Op\u0161tine - Lajme nga Ulqini\",\"isPartOf\":{\"@id\":\"https:\/\/www.visit-ulcinj.com\/blog\/#website\"},\"primaryImageOfPage\":{\"@id\":\"https:\/\/www.visit-ulcinj.com\/blog\/2014\/03\/14\/deka-jos-nije-odlucio-za-potpredsjednike-ulcinjske-opstine\/#primaryimage\"},\"datePublished\":\"2014-03-14T19:38:25+00:00\",\"dateModified\":\"2014-03-14T19:38:25+00:00\",\"author\":{\"@id\":\"https:\/\/www.visit-ulcinj.com\/blog\/#\/schema\/person\/dcab619c614d3038751c63bc2aadc06d\"},\"description\":\"Safet Beci iz Pozitivne i Arijan Mavri\u0107 iz Force bi\u0107e izabrani za nove potpredsjednike ulcinjske Op\u0161tine na sjednici lokalnog parlamenta koju je\",\"breadcrumb\":{\"@id\":\"https:\/\/www.visit-ulcinj.com\/blog\/2014\/03\/14\/deka-jos-nije-odlucio-za-potpredsjednike-ulcinjske-opstine\/#breadcrumb\"},\"inLanguage\":\"en-US\",\"potentialAction\":[{\"@type\":\"ReadAction\",\"target\":[\"https:\/\/www.visit-ulcinj.com\/blog\/2014\/03\/14\/deka-jos-nije-odlucio-za-potpredsjednike-ulcinjske-opstine\/\"]}]},{\"@type\":\"BreadcrumbList\",\"@id\":\"https:\/\/www.visit-ulcinj.com\/blog\/2014\/03\/14\/deka-jos-nije-odlucio-za-potpredsjednike-ulcinjske-opstine\/#breadcrumb\",\"itemListElement\":[{\"@type\":\"ListItem\",\"position\":1,\"name\":\"\u0110eka jo\u0161 nije odlu\u010dio za potpredsjednike ulcinjske Op\u0161tine\"}]},{\"@type\":\"Person\",\"@id\":\"https:\/\/www.visit-ulcinj.com\/blog\/#\/schema\/person\/dcab619c614d3038751c63bc2aadc06d\",\"name\":\"ulqini\",\"sameAs\":[\"http:\/\/www.visit-ulcinj.com\"],\"url\":\"https:\/\/www.visit-ulcinj.com\/blog\/author\/admin\/\"}]}<\/script>\n<!-- \/ Yoast SEO plugin. -->","yoast_head_json":{"title":"\u0110eka jo\u0161 nije odlu\u010dio za potpredsjednike ulcinjske Op\u0161tine - Lajme nga Ulqini","description":"Safet Beci iz Pozitivne i Arijan Mavri\u0107 iz Force bi\u0107e izabrani za nove potpredsjednike ulcinjske Op\u0161tine na sjednici lokalnog parlamenta koju je","robots":{"index":"index","follow":"follow","max-snippet":"max-snippet:-1","max-image-preview":"max-image-preview:large","max-video-preview":"max-video-preview:-1"},"canonical":"https:\/\/www.visit-ulcinj.com\/blog\/2014\/03\/14\/deka-jos-nije-odlucio-za-potpredsjednike-ulcinjske-opstine\/","og_locale":"en_US","og_type":"article","og_title":"\u0110eka jo\u0161 nije odlu\u010dio za potpredsjednike ulcinjske Op\u0161tine - Lajme nga Ulqini","og_description":"Safet Beci iz Pozitivne i Arijan Mavri\u0107 iz Force bi\u0107e izabrani za nove potpredsjednike ulcinjske Op\u0161tine na sjednici lokalnog parlamenta koju je","og_url":"https:\/\/www.visit-ulcinj.com\/blog\/2014\/03\/14\/deka-jos-nije-odlucio-za-potpredsjednike-ulcinjske-opstine\/","og_site_name":"Lajme nga Ulqini","article_published_time":"2014-03-14T19:38:25+00:00","og_image":[{"url":"http:\/\/www.visit-ulcinj.com\/blog\/wp-content\/uploads\/2014\/02\/Fatmir-Gjeka-Ulqin.jpg"}],"twitter_misc":{"Written by":"ulqini","Est. reading time":"1 minute"},"schema":{"@context":"https:\/\/schema.org","@graph":[{"@type":"WebSite","@id":"https:\/\/www.visit-ulcinj.com\/blog\/#website","url":"https:\/\/www.visit-ulcinj.com\/blog\/","name":"Lajme nga Ulqini","description":"Lajme,Vijesti,Ulqini,Ulqin,Crna Gora,Mali i Zi","potentialAction":[{"@type":"SearchAction","target":{"@type":"EntryPoint","urlTemplate":"https:\/\/www.visit-ulcinj.com\/blog\/?s={search_term_string}"},"query-input":"required name=search_term_string"}],"inLanguage":"en-US"},{"@type":"ImageObject","inLanguage":"en-US","@id":"https:\/\/www.visit-ulcinj.com\/blog\/2014\/03\/14\/deka-jos-nije-odlucio-za-potpredsjednike-ulcinjske-opstine\/#primaryimage","url":"https:\/\/www.visit-ulcinj.com\/blog\/wp-content\/uploads\/2014\/02\/Fatmir-Gjeka-Ulqin.jpg","contentUrl":"https:\/\/www.visit-ulcinj.com\/blog\/wp-content\/uploads\/2014\/02\/Fatmir-Gjeka-Ulqin.jpg","width":900,"height":598},{"@type":"WebPage","@id":"https:\/\/www.visit-ulcinj.com\/blog\/2014\/03\/14\/deka-jos-nije-odlucio-za-potpredsjednike-ulcinjske-opstine\/#webpage","url":"https:\/\/www.visit-ulcinj.com\/blog\/2014\/03\/14\/deka-jos-nije-odlucio-za-potpredsjednike-ulcinjske-opstine\/","name":"\u0110eka jo\u0161 nije odlu\u010dio za potpredsjednike ulcinjske Op\u0161tine - Lajme nga Ulqini","isPartOf":{"@id":"https:\/\/www.visit-ulcinj.com\/blog\/#website"},"primaryImageOfPage":{"@id":"https:\/\/www.visit-ulcinj.com\/blog\/2014\/03\/14\/deka-jos-nije-odlucio-za-potpredsjednike-ulcinjske-opstine\/#primaryimage"},"datePublished":"2014-03-14T19:38:25+00:00","dateModified":"2014-03-14T19:38:25+00:00","author":{"@id":"https:\/\/www.visit-ulcinj.com\/blog\/#\/schema\/person\/dcab619c614d3038751c63bc2aadc06d"},"description":"Safet Beci iz Pozitivne i Arijan Mavri\u0107 iz Force bi\u0107e izabrani za nove potpredsjednike ulcinjske Op\u0161tine na sjednici lokalnog parlamenta koju je","breadcrumb":{"@id":"https:\/\/www.visit-ulcinj.com\/blog\/2014\/03\/14\/deka-jos-nije-odlucio-za-potpredsjednike-ulcinjske-opstine\/#breadcrumb"},"inLanguage":"en-US","potentialAction":[{"@type":"ReadAction","target":["https:\/\/www.visit-ulcinj.com\/blog\/2014\/03\/14\/deka-jos-nije-odlucio-za-potpredsjednike-ulcinjske-opstine\/"]}]},{"@type":"BreadcrumbList","@id":"https:\/\/www.visit-ulcinj.com\/blog\/2014\/03\/14\/deka-jos-nije-odlucio-za-potpredsjednike-ulcinjske-opstine\/#breadcrumb","itemListElement":[{"@type":"ListItem","position":1,"name":"\u0110eka jo\u0161 nije odlu\u010dio za potpredsjednike ulcinjske Op\u0161tine"}]},{"@type":"Person","@id":"https:\/\/www.visit-ulcinj.com\/blog\/#\/schema\/person\/dcab619c614d3038751c63bc2aadc06d","name":"ulqini","sameAs":["http:\/\/www.visit-ulcinj.com"],"url":"https:\/\/www.visit-ulcinj.com\/blog\/author\/admin\/"}]}},"jetpack_featured_media_url":"","jetpack_sharing_enabled":true,"jetpack_shortlink":"https:\/\/wp.me\/pe6lTn-kYW","_links":{"self":[{"href":"https:\/\/www.visit-ulcinj.com\/blog\/wp-json\/wp\/v2\/posts\/80658"}],"collection":[{"href":"https:\/\/www.visit-ulcinj.com\/blog\/wp-json\/wp\/v2\/posts"}],"about":[{"href":"https:\/\/www.visit-ulcinj.com\/blog\/wp-json\/wp\/v2\/types\/post"}],"author":[{"embeddable":true,"href":"https:\/\/www.visit-ulcinj.com\/blog\/wp-json\/wp\/v2\/users\/1"}],"replies":[{"embeddable":true,"href":"https:\/\/www.visit-ulcinj.com\/blog\/wp-json\/wp\/v2\/comments?post=80658"}],"version-history":[{"count":1,"href":"https:\/\/www.visit-ulcinj.com\/blog\/wp-json\/wp\/v2\/posts\/80658\/revisions"}],"predecessor-version":[{"id":80659,"href":"https:\/\/www.visit-ulcinj.com\/blog\/wp-json\/wp\/v2\/posts\/80658\/revisions\/80659"}],"wp:attachment":[{"href":"https:\/\/www.visit-ulcinj.com\/blog\/wp-json\/wp\/v2\/media?parent=80658"}],"wp:term":[{"taxonomy":"category","embeddable":true,"href":"https:\/\/www.visit-ulcinj.com\/blog\/wp-json\/wp\/v2\/categories?post=80658"},{"taxonomy":"post_tag","embeddable":true,"href":"https:\/\/www.visit-ulcinj.com\/blog\/wp-json\/wp\/v2\/tags?post=80658"}],"curies":[{"name":"wp","href":"https:\/\/api.w.org\/{rel}","templated":true}]}}