{"id":80671,"date":"2014-03-15T07:05:54","date_gmt":"2014-03-15T06:05:54","guid":{"rendered":"http:\/\/www.visit-ulcinj.com\/blog\/?p=80671"},"modified":"2014-03-15T07:05:54","modified_gmt":"2014-03-15T06:05:54","slug":"jp-ci%c2%adsto%c2%adca-ulcinj-vozaci-hoce-vece-plate","status":"publish","type":"post","link":"https:\/\/www.visit-ulcinj.com\/blog\/2014\/03\/15\/jp-ci%c2%adsto%c2%adca-ulcinj-vozaci-hoce-vece-plate\/","title":{"rendered":"JP \u201e\u010ci\u00adsto\u00ad\u0107a&#8221; Ulcinj: Voza\u010di ho\u0107e ve\u0107e plate"},"content":{"rendered":"<p><a href=\"http:\/\/www.visit-ulcinj.com\/blog\/wp-content\/uploads\/2014\/03\/JP-Cistoca-Ulcinj.jpg\"><img loading=\"lazy\" class=\"alignleft  wp-image-80672\" alt=\"JP-Cistoca-Ulcinj\" src=\"http:\/\/www.visit-ulcinj.com\/blog\/wp-content\/uploads\/2014\/03\/JP-Cistoca-Ulcinj.jpg\" width=\"508\" height=\"360\" \/><\/a>Dio rad\u00adni\u00adka JP \u201e\u010ci\u00adsto\u00ad\u0107a\u201d na\u00adja\u00advio je da \u0107e 20. mar\u00adta stu\u00adpi\u00adti u \u0161trajk zbog, ka\u00adko tvr\u00adde, ne\u00adza\u00adko\u00adnog po\u00adna\u00ad\u0161a\u00adnja di\u00adrek\u00adto\u00adri\u00adce Za\u00adne Sar\u00advan i nje\u00adnog od\u00adbi\u00adja\u00adnja da im po\u00adve\u00ad\u0107a pla\u00adte i is\u00adpla\u00adti tri za\u00ado\u00adsta\u00adle za\u00adra\u00adde. Rad\u00adni\u00adci, uglav\u00adnom vo\u00adza\u00ad\u010di ka\u00admi\u00ado\u00adna za od\u00advoz sme\u00ad\u0107a, op\u00adtu\u00ad\u017eu\u00adju Za\u00adnu Sar\u00advan i da za\u00adpo\u00ad\u0161lja\u00adva svo\u00adje ro\u00ad\u0111a\u00adke i pri\u00adja\u00adte\u00adlje kao i par\u00adtij\u00adski po\u00addob\u00adne, a da, sa dru\u00adge stra\u00adne, ig\u00adno\u00adri\u00ad\u0161e nji\u00adho\u00adve za\u00adhtje\u00adve.<br \/>\n\u2013 Od\u00adlu\u00ad\u010di\u00adli smo da ob\u00adu\u00adsta\u00advi\u00admo rad jer ne\u00ad\u0107e\u00admo vi\u00ad\u0161e da tr\u00adpi\u00admo ne\u00adprav\u00addu. Ho\u00ad\u0107e\u00admo da ra\u00addi\u00admo, ali tra\u00ad\u017ei\u00admo i po\u00adve\u00ad\u0107a\u00adnje za\u00adra\u00adda jer nam je start pla\u00adte ne\u00adznat\u00adno ve\u00ad\u0107i od rad\u00adni\u00adka ko\u00adji oba\u00advlja\u00adju fi\u00adzi\u010d\u00adki po\u00adsao. Ako go\u00adspo\u00ad\u0111a Sar\u00advan mo\u00ad\u017ee da pred od\u00adla\u00adzak iz pred\u00adu\u00adze\u00ad\u0107a svo\u00adjim pri\u00adja\u00adte\u00adlji\u00adma di\u00adje\u00adli rje\u00ad\u0161e\u00adnja na bo\u00adlja rad\u00adna mje\u00adsta, bez ika\u00adkvog kon\u00adkur\u00adsa, i ako mo\u00ad\u017ee da u rad\u00adni od\u00adnos pri\u00adma njoj bli\u00adske lju\u00adde, tvr\u00adde\u00ad\u0107i da je sve za\u00adko\u00adni\u00adto, on\u00adda i mi tra\u00ad\u017ei\u00admo da nam se isto ta\u00adko po\u00adve\u00ad\u0107a\u00adju pla\u00adte. Za\u00adhtje\u00adva\u00admo, ta\u00adko\u00ad\u0111e, da nam se do 20. mar\u00adta is\u00adpla\u00adte tri pla\u00adte, a tra\u00ad\u017ei\u00admo i in\u00adfor\u00adma\u00adci\u00adje o pred\u00adu\u00adze\u00adtim mje\u00adra\u00adma za da\u00adlju re\u00addov\u00adnu is\u00adpla\u00adtu za\u00adra\u00adda i upla\u00adti do\u00adpri\u00adno\u00adsa. In\u00adsi\u00adsti\u00adra\u00admo na po\u00adve\u00ad\u0107a\u00adnju ob\u00adra\u00ad\u010dun\u00adskog ko\u00ade\u00adfi\u00adci\u00adjen\u00adta vo\u00adza\u00ad\u010di\u00adma i in\u00adfor\u00adma\u00adci\u00adju o ko\u00ade\u00adfi\u00adci\u00adjen\u00adti\u00adma osta\u00adlih za\u00adpo\u00adsle\u00adnih jer se oni kri\u00adju, a je\u00addan od za\u00adhtje\u00adva je i da nam se po\u00adve\u00ad\u0107a od\u00admor to\u00adkom se\u00adzo\u00adne, ka\u00adda ra\u00addi\u00admo bez od\u00admo\u00adra \u2013 ka\u00ad\u017ee za \u201eDan\u201d vo\u00adza\u010d Ru\u00adstem De\u00admi\u00adri.<br \/>\nNje\u00adgov ko\u00adle\u00adga Noc Ko\u00ad\u010do\u00advi\u0107 do\u00adda\u00adje da su po\u00adku\u00ad\u0161a\u00adli da se do\u00adgo\u00advo\u00adre sa di\u00adrek\u00adto\u00adri\u00adcom, ali im je ona re\u00adkla da pla\u00adte ni\u00adje mo\u00adgu\u00ad\u0107e po\u00adve\u00ad\u0107a\u00adti i da se sa ta\u00adkvim za\u00adhtje\u00advom obra\u00adte no\u00advom di\u00adrek\u00adto\u00adru ko\u00adji usko\u00adro do\u00adla\u00adzi.<br \/>\n\u2013 Iz re\u00advol\u00adta smo pri\u00adje ne\u00adko\u00adli\u00adko da\u00adna or\u00adga\u00adni\u00adzo\u00adva\u00adli \u0161trajk, ko\u00adji ni\u00adje\u00adsmo na\u00adja\u00advi\u00adli, i blo\u00adki\u00adra\u00adli smo ka\u00adpi\u00adju pr\u00adedu\u00adze\u00ad\u0107a. Na ta\u00adkav na\u0161 po\u00adtez go\u00adspo\u00ad\u0111a Sar\u00advan an\u00adga\u00ad\u017eo\u00adva\u00adla je njoj bli\u00adske lju\u00adde ba\u00adge\u00adri\u00adstu i me\u00adha\u00adni\u00ad\u010da\u00adra da ra\u00adde na\u0161 po\u00adsao, pa je zbog po\u00adku\u00ad\u0161a\u00adja jed\u00adnog od tih rad\u00adni\u00adka da nas pre\u00adga\u00adzi na ka\u00adpi\u00adji do\u00ad\u0161lo i do fi\u00adzi\u010d\u00adkog ob\u00adra\u00ad\u010du\u00adna u ko\u00adme je bi\u00adlo po\u00advri\u00adje\u00ad\u0111e\u00adnih. Ja sam za\u00addo\u00adbio po\u00advre\u00addu no\u00adge, a jed\u00adnom od rad\u00adni\u00adka je slo\u00admljen nos. Na kra\u00adju je i po\u00adli\u00adci\u00adja in\u00adter\u00adve\u00adni\u00adsa\u00adla i pra\u00adva je sre\u00ad\u0107a da ni\u00adje bi\u00adlo te\u00ad\u017eih po\u00adsle\u00addi\u00adca \u2013 tvr\u00addi Ko\u00ad\u010do\u00advi\u0107.<br \/>\nZbog sve\u00adga to\u00adga, is\u00adti\u00ad\u010de on, vo\u00adza\u00ad\u010di su od\u00adlu\u00ad\u010di\u00adli da o sve\u00admu oba\u00advi\u00adje\u00adste jav\u00adnost i stu\u00adpe u \u0161trajk do is\u00adpu\u00adnje\u00adnja za\u00adhtje\u00adva.<br \/>\nSa dru\u00adge stra\u00adne, di\u00adrek\u00adto\u00adri\u00adca JP \u201e\u010ci\u00adsto\u00ad\u0107a\u201d Za\u00adna Sar\u00advan ka\u00ad\u017ee da na\u00advo\u00addi o nje\u00adnom ne\u00adza\u00adko\u00adni\u00adtom ra\u00addu i za\u00adpo\u00ad\u0161lja\u00adva\u00adnju ro\u00ad\u0111a\u00adka i pri\u00adja\u00adte\u00adlja ni\u00adje\u00adsu ta\u010d\u00adni i to se, ka\u00adte\u00adgo\u00adri\u010d\u00adna je, sve mo\u00ad\u017ee pro\u00advje\u00adri\u00adti.<br \/>\n\u2013 Osim tvrd\u00adnje da su tra\u00ad\u017ei\u00adli po\u00adve\u00ad\u0107a\u00adnje pla\u00adta osta\u00adlo ne od\u00adgo\u00adva\u00adra isti\u00adni. Sve \u0161to sam ra\u00addi\u00adla u po\u00adsled\u00adnje dvi\u00adje go\u00addi\u00adne od ka\u00adda sam na \u010de\u00adlu pred\u00adu\u00adze\u00ad\u0107a bi\u00adlo je u skla\u00addu sa za\u00adko\u00adnom. Ne\u00adza\u00adko\u00adni\u00adto je po\u00adstu\u00adpi\u00adla gru\u00adpa rad\u00adni\u00adka ka\u00adda je bez na\u00adja\u00adve blo\u00adki\u00adra\u00adla ka\u00adpi\u00adju i one\u00admo\u00adgu\u00ad\u0107i\u00adla osta\u00adlim za\u00adpo\u00adsle\u00adni\u00adma da oba\u00advlja\u00adju svo\u00adje rad\u00adne za\u00addat\u00adke. Pod\u00adsje\u00ad\u0107am da je odr\u00ad\u017ea\u00adva\u00adnje \u010di\u00adsto\u00ad\u0107e od jav\u00adnog in\u00adte\u00adre\u00adsa i da se \u0161trajk mo\u00adra na\u00adja\u00advi\u00adti 10 da\u00adna ra\u00adni\u00adje i obez\u00adbi\u00adje\u00addi\u00adti mi\u00adni\u00admum ra\u00adda. Oni to ni\u00adje\u00adsu ura\u00addi\u00adli ve\u0107 su 8. mar\u00adta, ka\u00adda smo ima\u00adli ne\u00adko\u00adli\u00adko sto\u00adti\u00adna tu\u00adri\u00adsta u gra\u00addu, po\u00adku\u00ad\u0161a\u00adli da spri\u00adje\u00ad\u010de od\u00advoz sme\u00ad\u0107a, \u010di\u00adme su na naj\u00adgru\u00adblji na\u00ad\u010din pre\u00adkr\u00ad\u0161i\u00adli rad\u00adnu oba\u00adve\u00adzu i uz sve to do\u00adve\u00adli u opa\u00adsnost sred\u00adstva i lju\u00adde, zbog \u010de\u00adga je po\u00adkre\u00adnut po\u00adstu\u00adpak pred nad\u00adle\u00ad\u017enim or\u00adga\u00adni\u00adma \u2013 ob\u00adja\u00ad\u0161nja\u00adva Sar\u00advan.<br \/>\nPre\u00adma nje\u00adnim ri\u00adje\u00ad\u010di\u00adma, sva\u00adki za\u00adpo\u00adsle\u00adni ima pra\u00advo da tra\u00ad\u017ei po\u00adve\u00ad\u0107a\u00adnje pla\u00adte, ali se to, ka\u00adko ka\u00ad\u017ee, ne ra\u00addi pri\u00adjat\u00adnja\u00adma i ucje\u00adna\u00adma ne\u00adgo u za\u00adkon\u00adskoj pro\u00adce\u00addu\u00adri.<br \/>\n\u2013 Zbog sa\u00adna\u00adci\u00ado\u00adnog pla\u00adna ko\u00adji je na sna\u00adzi u Op\u00ad\u0161ti\u00adni, ni\u00adje\u00adsmo u mo\u00adgu\u0107\u00adno\u00adsti da po\u00adve\u00ad\u0107a\u00adva\u00admo pla\u00adte, od\u00adno\u00adsno ob\u00adra\u00ad\u010dun\u00adsku osno\u00advu ko\u00adja je li\u00admi\u00adti\u00adra\u00adna na 90 eura. Pre\u00adma to\u00adme, to je u sa\u00adda\u00ad\u0161njim uslo\u00advi\u00adma ne\u00admo\u00adgu\u00ad\u0107e. \u0160to se pla\u00adta vo\u00adza\u00ad\u010da ti\u00ad\u010de one se kre\u00ad\u0107u pre\u00adko 400 eura sa\u00adda, do pre\u00adko 600 eura u se\u00adzo\u00adni, a start im je 270 eura. Uz sve to od ka\u00adda sam ja na \u010de\u00adlu pred\u00adu\u00adze\u00ad\u0107a za\u00adra\u00adde su re\u00addov\u00adne a sma\u00adnjen je i za\u00ado\u00adsta\u00adtak sa pet na tri pla\u00adte. Ta\u00adko\u00ad\u0111e tvr\u00addim da od svih ko\u00adle\u00adga u dru\u00adgim pri\u00admor\u00adskim op\u00ad\u0161ti\u00adna\u00adma ima\u00adju naj\u00adbo\u00adlje uslo\u00adve jer ima\u00adju no\u00adve kli\u00adma\u00adti\u00adzo\u00adva\u00adne ka\u00admi\u00ado\u00adne, a i naj\u00adbli\u00ad\u017ea im je de\u00adpo\u00adni\u00adja. Nji\u00adhov go\u00addi\u00ad\u0161nji pro\u00adsjek rad\u00adnog an\u00adga\u00ad\u017eo\u00adva\u00adnja je tri i po \u010da\u00adsa dnev\u00adno, a u se\u00adzo\u00adni je dva sa\u00adta ve\u00ad\u0107i. Da\u00adkle, ja\u00adsno je da uslo\u00advi ra\u00adda i vi\u00adsi\u00adna za\u00adra\u00adde ni\u00adsu pra\u00advi raz\u00adlo\u00adzi njo\u00adho\u00advog bun\u00adta. Za\u00ad\u0161to se od 67 za\u00adpo\u00adsle\u00adnih bu\u00adni njih de\u00adse\u00adtak oni zna\u00adju naj\u00adbo\u00adlje. Mo\u00ad\u017eda je pro\u00adblem \u0161to sam u pred\u00adu\u00adze\u00ad\u0107e uve\u00adla red i \u0161to ne to\u00adle\u00adri\u00ad\u0161em zlo\u00adu\u00adpo\u00adtre\u00adbe i ne\u00addo\u00adla\u00adske na po\u00adsao. Ja \u0107u se dok bu\u00addem na \u010de\u00adlu pred\u00adu\u00adze\u00ad\u0107a dr\u00ad\u017ea\u00adti za\u00adko\u00adna i ne\u00ad\u0107u do\u00adzvo\u00adli\u00adti da zbog ne\u00adko\u00adli\u00adci\u00adne neo\u00add\u00adgo\u00advor\u00adnih po\u00adje\u00addi\u00adna\u00adca is\u00adpa\u00ad\u0161ta pred\u00adu\u00adze\u00ad\u0107e i grad \u2013 po\u00adru\u00ad\u010di\u00adla je Sar\u00advan.<br \/>\n<strong>M.Kne\u00ad\u017ee\u00advi\u0107<\/strong><\/p>\n<p><strong>Izvor: DAN<\/strong><\/p>\n","protected":false},"excerpt":{"rendered":"<p>Dio rad\u00adni\u00adka JP \u201e\u010ci\u00adsto\u00ad\u0107a\u201d na\u00adja\u00advio je da \u0107e 20. mar\u00adta stu\u00adpi\u00adti u \u0161trajk zbog, ka\u00adko tvr\u00adde, ne\u00adza\u00adko\u00adnog po\u00adna\u00ad\u0161a\u00adnja di\u00adrek\u00adto\u00adri\u00adce Za\u00adne Sar\u00advan i nje\u00adnog od\u00adbi\u00adja\u00adnja da im po\u00adve\u00ad\u0107a pla\u00adte i is\u00adpla\u00adti tri za\u00ado\u00adsta\u00adle za\u00adra\u00adde. Rad\u00adni\u00adci, uglav\u00adnom vo\u00adza\u00ad\u010di ka\u00admi\u00ado\u00adna za od\u00advoz sme\u00ad\u0107a, op\u00adtu\u00ad\u017eu\u00adju Za\u00adnu Sar\u00advan i da za\u00adpo\u00ad\u0161lja\u00adva svo\u00adje ro\u00ad\u0111a\u00adke i pri\u00adja\u00adte\u00adlje kao i par\u00adtij\u00adski po\u00addob\u00adne, a [&hellip;]<\/p>\n","protected":false},"author":1,"featured_media":0,"comment_status":"closed","ping_status":"closed","sticky":false,"template":"","format":"standard","meta":{"spay_email":"","jetpack_publicize_message":"","jetpack_is_tweetstorm":false,"jetpack_publicize_feature_enabled":true},"categories":[8337],"tags":[],"jetpack_publicize_connections":[],"yoast_head":"<!-- This site is optimized with the Yoast SEO plugin v19.1 - https:\/\/yoast.com\/wordpress\/plugins\/seo\/ -->\n<title>JP \u201e\u010ci\u00adsto\u00ad\u0107a&quot; Ulcinj: Voza\u010di ho\u0107e ve\u0107e plate - Lajme nga Ulqini<\/title>\n<meta name=\"description\" content=\"Dio rad\u00adni\u00adka JP \u201e\u010ci\u00adsto\u00ad\u0107a\u201d na\u00adja\u00advio je da \u0107e 20. mar\u00adta stu\u00adpi\u00adti u \u0161trajk zbog, ka\u00adko tvr\u00adde, ne\u00adza\u00adko\u00adnog po\u00adna\u00ad\u0161a\u00adnja di\u00adrek\u00adto\u00adri\u00adce Za\u00adne Sar\u00advan\" \/>\n<meta name=\"robots\" content=\"index, follow, max-snippet:-1, max-image-preview:large, max-video-preview:-1\" \/>\n<link rel=\"canonical\" href=\"https:\/\/www.visit-ulcinj.com\/blog\/2014\/03\/15\/jp-ci\u00adsto\u00adca-ulcinj-vozaci-hoce-vece-plate\/\" \/>\n<meta property=\"og:locale\" content=\"en_US\" \/>\n<meta property=\"og:type\" content=\"article\" \/>\n<meta property=\"og:title\" content=\"JP \u201e\u010ci\u00adsto\u00ad\u0107a&quot; Ulcinj: Voza\u010di ho\u0107e ve\u0107e plate - Lajme nga Ulqini\" \/>\n<meta property=\"og:description\" content=\"Dio rad\u00adni\u00adka JP \u201e\u010ci\u00adsto\u00ad\u0107a\u201d na\u00adja\u00advio je da \u0107e 20. mar\u00adta stu\u00adpi\u00adti u \u0161trajk zbog, ka\u00adko tvr\u00adde, ne\u00adza\u00adko\u00adnog po\u00adna\u00ad\u0161a\u00adnja di\u00adrek\u00adto\u00adri\u00adce Za\u00adne Sar\u00advan\" \/>\n<meta property=\"og:url\" content=\"https:\/\/www.visit-ulcinj.com\/blog\/2014\/03\/15\/jp-ci\u00adsto\u00adca-ulcinj-vozaci-hoce-vece-plate\/\" \/>\n<meta property=\"og:site_name\" content=\"Lajme nga Ulqini\" \/>\n<meta property=\"article:published_time\" content=\"2014-03-15T06:05:54+00:00\" \/>\n<meta property=\"og:image\" content=\"http:\/\/www.visit-ulcinj.com\/blog\/wp-content\/uploads\/2014\/03\/JP-Cistoca-Ulcinj.jpg\" \/>\n<meta name=\"twitter:label1\" content=\"Written by\" \/>\n\t<meta name=\"twitter:data1\" content=\"ulqini\" \/>\n\t<meta name=\"twitter:label2\" content=\"Est. reading time\" \/>\n\t<meta name=\"twitter:data2\" content=\"7 minutes\" \/>\n<script type=\"application\/ld+json\" class=\"yoast-schema-graph\">{\"@context\":\"https:\/\/schema.org\",\"@graph\":[{\"@type\":\"WebSite\",\"@id\":\"https:\/\/www.visit-ulcinj.com\/blog\/#website\",\"url\":\"https:\/\/www.visit-ulcinj.com\/blog\/\",\"name\":\"Lajme nga Ulqini\",\"description\":\"Lajme,Vijesti,Ulqini,Ulqin,Crna Gora,Mali i Zi\",\"potentialAction\":[{\"@type\":\"SearchAction\",\"target\":{\"@type\":\"EntryPoint\",\"urlTemplate\":\"https:\/\/www.visit-ulcinj.com\/blog\/?s={search_term_string}\"},\"query-input\":\"required name=search_term_string\"}],\"inLanguage\":\"en-US\"},{\"@type\":\"ImageObject\",\"inLanguage\":\"en-US\",\"@id\":\"https:\/\/www.visit-ulcinj.com\/blog\/2014\/03\/15\/jp-ci%c2%adsto%c2%adca-ulcinj-vozaci-hoce-vece-plate\/#primaryimage\",\"url\":\"https:\/\/www.visit-ulcinj.com\/blog\/wp-content\/uploads\/2014\/03\/JP-Cistoca-Ulcinj.jpg\",\"contentUrl\":\"https:\/\/www.visit-ulcinj.com\/blog\/wp-content\/uploads\/2014\/03\/JP-Cistoca-Ulcinj.jpg\",\"width\":600,\"height\":400},{\"@type\":\"WebPage\",\"@id\":\"https:\/\/www.visit-ulcinj.com\/blog\/2014\/03\/15\/jp-ci%c2%adsto%c2%adca-ulcinj-vozaci-hoce-vece-plate\/#webpage\",\"url\":\"https:\/\/www.visit-ulcinj.com\/blog\/2014\/03\/15\/jp-ci%c2%adsto%c2%adca-ulcinj-vozaci-hoce-vece-plate\/\",\"name\":\"JP \u201e\u010ci\u00adsto\u00ad\u0107a\\\" Ulcinj: Voza\u010di ho\u0107e ve\u0107e plate - Lajme nga Ulqini\",\"isPartOf\":{\"@id\":\"https:\/\/www.visit-ulcinj.com\/blog\/#website\"},\"primaryImageOfPage\":{\"@id\":\"https:\/\/www.visit-ulcinj.com\/blog\/2014\/03\/15\/jp-ci%c2%adsto%c2%adca-ulcinj-vozaci-hoce-vece-plate\/#primaryimage\"},\"datePublished\":\"2014-03-15T06:05:54+00:00\",\"dateModified\":\"2014-03-15T06:05:54+00:00\",\"author\":{\"@id\":\"https:\/\/www.visit-ulcinj.com\/blog\/#\/schema\/person\/dcab619c614d3038751c63bc2aadc06d\"},\"description\":\"Dio rad\u00adni\u00adka JP \u201e\u010ci\u00adsto\u00ad\u0107a\u201d na\u00adja\u00advio je da \u0107e 20. mar\u00adta stu\u00adpi\u00adti u \u0161trajk zbog, ka\u00adko tvr\u00adde, ne\u00adza\u00adko\u00adnog po\u00adna\u00ad\u0161a\u00adnja di\u00adrek\u00adto\u00adri\u00adce Za\u00adne Sar\u00advan\",\"breadcrumb\":{\"@id\":\"https:\/\/www.visit-ulcinj.com\/blog\/2014\/03\/15\/jp-ci%c2%adsto%c2%adca-ulcinj-vozaci-hoce-vece-plate\/#breadcrumb\"},\"inLanguage\":\"en-US\",\"potentialAction\":[{\"@type\":\"ReadAction\",\"target\":[\"https:\/\/www.visit-ulcinj.com\/blog\/2014\/03\/15\/jp-ci%c2%adsto%c2%adca-ulcinj-vozaci-hoce-vece-plate\/\"]}]},{\"@type\":\"BreadcrumbList\",\"@id\":\"https:\/\/www.visit-ulcinj.com\/blog\/2014\/03\/15\/jp-ci%c2%adsto%c2%adca-ulcinj-vozaci-hoce-vece-plate\/#breadcrumb\",\"itemListElement\":[{\"@type\":\"ListItem\",\"position\":1,\"name\":\"JP \u201e\u010ci\u00adsto\u00ad\u0107a&#8221; Ulcinj: Voza\u010di ho\u0107e ve\u0107e plate\"}]},{\"@type\":\"Person\",\"@id\":\"https:\/\/www.visit-ulcinj.com\/blog\/#\/schema\/person\/dcab619c614d3038751c63bc2aadc06d\",\"name\":\"ulqini\",\"sameAs\":[\"http:\/\/www.visit-ulcinj.com\"],\"url\":\"https:\/\/www.visit-ulcinj.com\/blog\/author\/admin\/\"}]}<\/script>\n<!-- \/ Yoast SEO plugin. -->","yoast_head_json":{"title":"JP \u201e\u010ci\u00adsto\u00ad\u0107a\" Ulcinj: Voza\u010di ho\u0107e ve\u0107e plate - Lajme nga Ulqini","description":"Dio rad\u00adni\u00adka JP \u201e\u010ci\u00adsto\u00ad\u0107a\u201d na\u00adja\u00advio je da \u0107e 20. mar\u00adta stu\u00adpi\u00adti u \u0161trajk zbog, ka\u00adko tvr\u00adde, ne\u00adza\u00adko\u00adnog po\u00adna\u00ad\u0161a\u00adnja di\u00adrek\u00adto\u00adri\u00adce Za\u00adne Sar\u00advan","robots":{"index":"index","follow":"follow","max-snippet":"max-snippet:-1","max-image-preview":"max-image-preview:large","max-video-preview":"max-video-preview:-1"},"canonical":"https:\/\/www.visit-ulcinj.com\/blog\/2014\/03\/15\/jp-ci\u00adsto\u00adca-ulcinj-vozaci-hoce-vece-plate\/","og_locale":"en_US","og_type":"article","og_title":"JP \u201e\u010ci\u00adsto\u00ad\u0107a\" Ulcinj: Voza\u010di ho\u0107e ve\u0107e plate - Lajme nga Ulqini","og_description":"Dio rad\u00adni\u00adka JP \u201e\u010ci\u00adsto\u00ad\u0107a\u201d na\u00adja\u00advio je da \u0107e 20. mar\u00adta stu\u00adpi\u00adti u \u0161trajk zbog, ka\u00adko tvr\u00adde, ne\u00adza\u00adko\u00adnog po\u00adna\u00ad\u0161a\u00adnja di\u00adrek\u00adto\u00adri\u00adce Za\u00adne Sar\u00advan","og_url":"https:\/\/www.visit-ulcinj.com\/blog\/2014\/03\/15\/jp-ci\u00adsto\u00adca-ulcinj-vozaci-hoce-vece-plate\/","og_site_name":"Lajme nga Ulqini","article_published_time":"2014-03-15T06:05:54+00:00","og_image":[{"url":"http:\/\/www.visit-ulcinj.com\/blog\/wp-content\/uploads\/2014\/03\/JP-Cistoca-Ulcinj.jpg"}],"twitter_misc":{"Written by":"ulqini","Est. reading time":"7 minutes"},"schema":{"@context":"https:\/\/schema.org","@graph":[{"@type":"WebSite","@id":"https:\/\/www.visit-ulcinj.com\/blog\/#website","url":"https:\/\/www.visit-ulcinj.com\/blog\/","name":"Lajme nga Ulqini","description":"Lajme,Vijesti,Ulqini,Ulqin,Crna Gora,Mali i Zi","potentialAction":[{"@type":"SearchAction","target":{"@type":"EntryPoint","urlTemplate":"https:\/\/www.visit-ulcinj.com\/blog\/?s={search_term_string}"},"query-input":"required name=search_term_string"}],"inLanguage":"en-US"},{"@type":"ImageObject","inLanguage":"en-US","@id":"https:\/\/www.visit-ulcinj.com\/blog\/2014\/03\/15\/jp-ci%c2%adsto%c2%adca-ulcinj-vozaci-hoce-vece-plate\/#primaryimage","url":"https:\/\/www.visit-ulcinj.com\/blog\/wp-content\/uploads\/2014\/03\/JP-Cistoca-Ulcinj.jpg","contentUrl":"https:\/\/www.visit-ulcinj.com\/blog\/wp-content\/uploads\/2014\/03\/JP-Cistoca-Ulcinj.jpg","width":600,"height":400},{"@type":"WebPage","@id":"https:\/\/www.visit-ulcinj.com\/blog\/2014\/03\/15\/jp-ci%c2%adsto%c2%adca-ulcinj-vozaci-hoce-vece-plate\/#webpage","url":"https:\/\/www.visit-ulcinj.com\/blog\/2014\/03\/15\/jp-ci%c2%adsto%c2%adca-ulcinj-vozaci-hoce-vece-plate\/","name":"JP \u201e\u010ci\u00adsto\u00ad\u0107a\" Ulcinj: Voza\u010di ho\u0107e ve\u0107e plate - Lajme nga Ulqini","isPartOf":{"@id":"https:\/\/www.visit-ulcinj.com\/blog\/#website"},"primaryImageOfPage":{"@id":"https:\/\/www.visit-ulcinj.com\/blog\/2014\/03\/15\/jp-ci%c2%adsto%c2%adca-ulcinj-vozaci-hoce-vece-plate\/#primaryimage"},"datePublished":"2014-03-15T06:05:54+00:00","dateModified":"2014-03-15T06:05:54+00:00","author":{"@id":"https:\/\/www.visit-ulcinj.com\/blog\/#\/schema\/person\/dcab619c614d3038751c63bc2aadc06d"},"description":"Dio rad\u00adni\u00adka JP \u201e\u010ci\u00adsto\u00ad\u0107a\u201d na\u00adja\u00advio je da \u0107e 20. mar\u00adta stu\u00adpi\u00adti u \u0161trajk zbog, ka\u00adko tvr\u00adde, ne\u00adza\u00adko\u00adnog po\u00adna\u00ad\u0161a\u00adnja di\u00adrek\u00adto\u00adri\u00adce Za\u00adne Sar\u00advan","breadcrumb":{"@id":"https:\/\/www.visit-ulcinj.com\/blog\/2014\/03\/15\/jp-ci%c2%adsto%c2%adca-ulcinj-vozaci-hoce-vece-plate\/#breadcrumb"},"inLanguage":"en-US","potentialAction":[{"@type":"ReadAction","target":["https:\/\/www.visit-ulcinj.com\/blog\/2014\/03\/15\/jp-ci%c2%adsto%c2%adca-ulcinj-vozaci-hoce-vece-plate\/"]}]},{"@type":"BreadcrumbList","@id":"https:\/\/www.visit-ulcinj.com\/blog\/2014\/03\/15\/jp-ci%c2%adsto%c2%adca-ulcinj-vozaci-hoce-vece-plate\/#breadcrumb","itemListElement":[{"@type":"ListItem","position":1,"name":"JP \u201e\u010ci\u00adsto\u00ad\u0107a&#8221; Ulcinj: Voza\u010di ho\u0107e ve\u0107e plate"}]},{"@type":"Person","@id":"https:\/\/www.visit-ulcinj.com\/blog\/#\/schema\/person\/dcab619c614d3038751c63bc2aadc06d","name":"ulqini","sameAs":["http:\/\/www.visit-ulcinj.com"],"url":"https:\/\/www.visit-ulcinj.com\/blog\/author\/admin\/"}]}},"jetpack_featured_media_url":"","jetpack_sharing_enabled":true,"jetpack_shortlink":"https:\/\/wp.me\/pe6lTn-kZ9","_links":{"self":[{"href":"https:\/\/www.visit-ulcinj.com\/blog\/wp-json\/wp\/v2\/posts\/80671"}],"collection":[{"href":"https:\/\/www.visit-ulcinj.com\/blog\/wp-json\/wp\/v2\/posts"}],"about":[{"href":"https:\/\/www.visit-ulcinj.com\/blog\/wp-json\/wp\/v2\/types\/post"}],"author":[{"embeddable":true,"href":"https:\/\/www.visit-ulcinj.com\/blog\/wp-json\/wp\/v2\/users\/1"}],"replies":[{"embeddable":true,"href":"https:\/\/www.visit-ulcinj.com\/blog\/wp-json\/wp\/v2\/comments?post=80671"}],"version-history":[{"count":1,"href":"https:\/\/www.visit-ulcinj.com\/blog\/wp-json\/wp\/v2\/posts\/80671\/revisions"}],"predecessor-version":[{"id":80673,"href":"https:\/\/www.visit-ulcinj.com\/blog\/wp-json\/wp\/v2\/posts\/80671\/revisions\/80673"}],"wp:attachment":[{"href":"https:\/\/www.visit-ulcinj.com\/blog\/wp-json\/wp\/v2\/media?parent=80671"}],"wp:term":[{"taxonomy":"category","embeddable":true,"href":"https:\/\/www.visit-ulcinj.com\/blog\/wp-json\/wp\/v2\/categories?post=80671"},{"taxonomy":"post_tag","embeddable":true,"href":"https:\/\/www.visit-ulcinj.com\/blog\/wp-json\/wp\/v2\/tags?post=80671"}],"curies":[{"name":"wp","href":"https:\/\/api.w.org\/{rel}","templated":true}]}}