{"id":80674,"date":"2014-03-15T07:21:28","date_gmt":"2014-03-15T06:21:28","guid":{"rendered":"http:\/\/www.visit-ulcinj.com\/blog\/?p=80674"},"modified":"2014-03-15T17:09:17","modified_gmt":"2014-03-15T16:09:17","slug":"priten-protesta-masive-nga-shqiptaret-e-malit-te-zi-ne-shba","status":"publish","type":"post","link":"https:\/\/www.visit-ulcinj.com\/blog\/2014\/03\/15\/priten-protesta-masive-nga-shqiptaret-e-malit-te-zi-ne-shba\/","title":{"rendered":"Priten protesta masive nga shqiptar\u00ebt e Malit t\u00eb Zi n\u00eb SHBA"},"content":{"rendered":"<p><strong><a href=\"http:\/\/www.visit-ulcinj.com\/blog\/wp-content\/uploads\/2014\/03\/priten-protesta-vashington.jpg\"><img loading=\"lazy\" class=\"alignleft  wp-image-80675\" alt=\"priten-protesta-vashington\" src=\"http:\/\/www.visit-ulcinj.com\/blog\/wp-content\/uploads\/2014\/03\/priten-protesta-vashington.jpg\" width=\"508\" height=\"360\" \/><\/a>Shqiptar\u00ebt q\u00eb jetojn\u00eb n\u00eb Amerik\u00eb, p\u00ebrfshir\u00eb dhe komunitetin e madh shqiptar\u00eb me origjin\u00eb nga Mali i Zi, kan\u00eb b\u00ebr\u00eb thirje p\u00ebr protesta masive me rastin e vizit\u00ebs zyrtare t\u00eb kryeministrit malazez Milo Gjukanoviq n\u00eb Shtetet e Bashkuara t\u00eb Amerik\u00ebs. Arsyeja e thirjes p\u00ebr protesta masive \u00ebsht\u00eb shkelja e t\u00eb drejtave t\u00eb njeriut dhe atyre komb\u00ebtare q\u00eb \u00ebsht\u00eb duke i b\u00ebr\u00eb Mali I Zi ndaj shqiptar\u00ebve.<\/strong><\/p>\n<p>\u201c Shqiptar\u00ebt etnik\u00eb me origjin\u00eb nga territoret e Malit t\u00eb Zi, t\u00eb bashkuar si kurr\u00eb m\u00eb par\u00eb, me pun\u00eb dhe aktivitetet n\u00eb Shtetet e Bashkuara, me rastin e vizit\u00ebs s\u00eb kryeministrit t\u00eb Malit t\u00eb Zi Milo Gjukanovi\u00e7, b\u00ebjn\u00eb thirrje publike p\u00ebr pjes\u00ebmarrje masive n\u00eb demonstratat n\u00eb Uashington DC, 19 mars t\u00eb vitit 2014. Demonstrata do t\u00eb mbahet para Kongresit t\u00eb SHBA dhe Ambasad\u00ebs s\u00eb Republik\u00ebs s\u00eb Malit t\u00eb Zi n\u00eb Uashington DC \u201c, thuhet n\u00eb njoftimin e shum\u00eb shoqatave shqiptare q\u00eb mbeshtesin protest\u00ebn massive, transmeton RTK.<\/p>\n<p>Ata kan\u00eb b\u00ebr\u00eb thirje q\u00eb shqiptar\u00ebt nga t\u00eb gjitha trojet etnike t\u00eb mb\u00ebshtesin protest\u00ebn dhe t\u00eb marrin pjes\u00eb.<\/p>\n<p>\u201c Ne ftojm\u00eb t\u00eb gjith\u00eb komunitetin shqiptar n\u00eb Shtetet e Bashkuara, K\u00ebshillin Shqiptaro-Amerikan,shoq\u00ebrin\u00eb Pan &#8211; Shqiptare , &#8221; Vatra &#8220;, &#8221; Rr\u00ebnj\u00ebt Shqiptare &#8221; , dhe t\u00eb gjitha subjektet dhe asociacionet me origjin\u00eb nga zonat etnike shqiptare q\u00eb operojn\u00eb n\u00eb Shtetet e Bashkuara, p\u00ebr t\u00eb mb\u00ebshtetur demonstrat\u00ebn, n\u00eb solidaritet me v\u00ebllez\u00ebrit dhe bashkatdhetar\u00ebt tan\u00eb q\u00eb jetojn\u00eb n\u00eb Mal t\u00eb Zi \u201c, thekson njoftimi.<\/p>\n<p>K\u00ebto demonstrata paq\u00ebsore q\u00eb kan\u00eb p\u00ebr q\u00ebllim p\u00ebr t\u00eb ngritur z\u00ebrin e saj kund\u00ebr politik\u00ebs diskriminuese t\u00eb autoriteteve malazeze ndaj bashkatdhetar\u00ebve tan\u00eb .<\/p>\n<p>\u201c\u00cbsht\u00eb koha q\u00eb shteti i Malit t\u00eb Zi thot\u00eb &#8221; STOP &#8221; politik\u00ebs s\u00eb dyfisht\u00eb kund\u00ebr shqiptar\u00ebve .\u00cbsht\u00eb koha p\u00ebr t\u00eb ndaluar integrimin e Malit t\u00eb Zi n\u00eb institucioneve nd\u00ebrkomb\u00ebtare, p\u00ebr t\u00eb ndaluar negociatat me BE-n\u00eb , p\u00ebr aq koh\u00eb sa nuk i p\u00ebrmir\u00ebsojn\u00eb marr\u00ebdh\u00ebniet ndaj popullit shqiptar n\u00eb Mal t\u00eb Zi .\u00cbsht\u00eb koha q\u00eb ne shqiptar\u00ebt autokton\u00eb t\u00eb Malit t\u00eb Zi , me fuqin\u00eb e arsyes,t\u00eb k\u00ebrkojm\u00eb dh\u00ebnien e t\u00eb gjitha t\u00eb drejtave n\u00eb baz\u00eb t\u00eb Konventave t\u00eb bot\u00ebs demokratike \u201c, p\u00ebrfunon njoftimi.<\/p>\n<p><a href=\"http:\/\/www.visit-ulcinj.com\/blog\/wp-content\/uploads\/2014\/03\/shoqatat_shqiptare_ne_Amerike.jpg\"><img loading=\"lazy\" class=\"alignleft  wp-image-80676\" alt=\"shoqatat_shqiptare_ne_Amerike\" src=\"http:\/\/www.visit-ulcinj.com\/blog\/wp-content\/uploads\/2014\/03\/shoqatat_shqiptare_ne_Amerike.jpg\" width=\"508\" height=\"360\" \/><\/a><\/p>\n<p>Thirrja p\u00ebr pjes\u00ebmarrje masive \u00ebsht\u00eb b\u00ebr\u00eb nga shoqatat dhe organizatat e m\u00ebposhtme :<\/p>\n<p>&#8221; Ana e Malit &#8221; n\u00eb Nju Jork, &#8221; Ded Gjon Luli &#8221; New York, Fondacioni &#8221; Dom Simon Filipaj &#8221; New York, Fondacioni &#8221; Plav\u00eb &#8211; &#8221; New York, Fondi Bamir\u00ebs &#8221; Mal\u00ebsia &#8221; New York, Shoq\u00ebria patriotike &#8221; Mal\u00ebsia e Madhe &#8221; Detroit.<\/p>\n<p><strong>Gazeta Express<\/strong><\/p>\n","protected":false},"excerpt":{"rendered":"<p>Shqiptar\u00ebt q\u00eb jetojn\u00eb n\u00eb Amerik\u00eb, p\u00ebrfshir\u00eb dhe komunitetin e madh shqiptar\u00eb me origjin\u00eb nga Mali i Zi, kan\u00eb b\u00ebr\u00eb thirje p\u00ebr protesta masive me rastin e vizit\u00ebs zyrtare t\u00eb kryeministrit malazez Milo Gjukanoviq n\u00eb Shtetet e Bashkuara t\u00eb Amerik\u00ebs. Arsyeja e thirjes p\u00ebr protesta masive \u00ebsht\u00eb shkelja e t\u00eb drejtave t\u00eb njeriut dhe atyre komb\u00ebtare [&hellip;]<\/p>\n","protected":false},"author":1,"featured_media":0,"comment_status":"closed","ping_status":"closed","sticky":false,"template":"","format":"standard","meta":{"spay_email":"","jetpack_publicize_message":"","jetpack_is_tweetstorm":false,"jetpack_publicize_feature_enabled":true},"categories":[6950],"tags":[],"jetpack_publicize_connections":[],"yoast_head":"<!-- This site is optimized with the Yoast SEO plugin v19.1 - https:\/\/yoast.com\/wordpress\/plugins\/seo\/ -->\n<title>Priten protesta masive nga shqiptar\u00ebt e Malit t\u00eb Zi n\u00eb SHBA - Lajme nga Ulqini<\/title>\n<meta name=\"description\" content=\"Shqiptar\u00ebt q\u00eb jetojn\u00eb n\u00eb Amerik\u00eb, p\u00ebrfshir\u00eb dhe komunitetin e madh shqiptar\u00eb me origjin\u00eb nga Mali i Zi, kan\u00eb b\u00ebr\u00eb thirje p\u00ebr protesta masive me rastin e\" \/>\n<meta name=\"robots\" content=\"index, follow, max-snippet:-1, max-image-preview:large, max-video-preview:-1\" \/>\n<link rel=\"canonical\" href=\"https:\/\/www.visit-ulcinj.com\/blog\/2014\/03\/15\/priten-protesta-masive-nga-shqiptaret-e-malit-te-zi-ne-shba\/\" \/>\n<meta property=\"og:locale\" content=\"en_US\" \/>\n<meta property=\"og:type\" content=\"article\" \/>\n<meta property=\"og:title\" content=\"Priten protesta masive nga shqiptar\u00ebt e Malit t\u00eb Zi n\u00eb SHBA - Lajme nga Ulqini\" \/>\n<meta property=\"og:description\" content=\"Shqiptar\u00ebt q\u00eb jetojn\u00eb n\u00eb Amerik\u00eb, p\u00ebrfshir\u00eb dhe komunitetin e madh shqiptar\u00eb me origjin\u00eb nga Mali i Zi, kan\u00eb b\u00ebr\u00eb thirje p\u00ebr protesta masive me rastin e\" \/>\n<meta property=\"og:url\" content=\"https:\/\/www.visit-ulcinj.com\/blog\/2014\/03\/15\/priten-protesta-masive-nga-shqiptaret-e-malit-te-zi-ne-shba\/\" \/>\n<meta property=\"og:site_name\" content=\"Lajme nga Ulqini\" \/>\n<meta property=\"article:published_time\" content=\"2014-03-15T06:21:28+00:00\" \/>\n<meta property=\"article:modified_time\" content=\"2014-03-15T16:09:17+00:00\" \/>\n<meta property=\"og:image\" content=\"http:\/\/www.visit-ulcinj.com\/blog\/wp-content\/uploads\/2014\/03\/priten-protesta-vashington.jpg\" \/>\n<meta name=\"twitter:label1\" content=\"Written by\" \/>\n\t<meta name=\"twitter:data1\" content=\"ulqini\" \/>\n\t<meta name=\"twitter:label2\" content=\"Est. reading time\" \/>\n\t<meta name=\"twitter:data2\" content=\"2 minutes\" \/>\n<script type=\"application\/ld+json\" class=\"yoast-schema-graph\">{\"@context\":\"https:\/\/schema.org\",\"@graph\":[{\"@type\":\"WebSite\",\"@id\":\"https:\/\/www.visit-ulcinj.com\/blog\/#website\",\"url\":\"https:\/\/www.visit-ulcinj.com\/blog\/\",\"name\":\"Lajme nga Ulqini\",\"description\":\"Lajme,Vijesti,Ulqini,Ulqin,Crna Gora,Mali i Zi\",\"potentialAction\":[{\"@type\":\"SearchAction\",\"target\":{\"@type\":\"EntryPoint\",\"urlTemplate\":\"https:\/\/www.visit-ulcinj.com\/blog\/?s={search_term_string}\"},\"query-input\":\"required name=search_term_string\"}],\"inLanguage\":\"en-US\"},{\"@type\":\"ImageObject\",\"inLanguage\":\"en-US\",\"@id\":\"https:\/\/www.visit-ulcinj.com\/blog\/2014\/03\/15\/priten-protesta-masive-nga-shqiptaret-e-malit-te-zi-ne-shba\/#primaryimage\",\"url\":\"https:\/\/www.visit-ulcinj.com\/blog\/wp-content\/uploads\/2014\/03\/priten-protesta-vashington.jpg\",\"contentUrl\":\"https:\/\/www.visit-ulcinj.com\/blog\/wp-content\/uploads\/2014\/03\/priten-protesta-vashington.jpg\",\"width\":709,\"height\":471},{\"@type\":\"WebPage\",\"@id\":\"https:\/\/www.visit-ulcinj.com\/blog\/2014\/03\/15\/priten-protesta-masive-nga-shqiptaret-e-malit-te-zi-ne-shba\/#webpage\",\"url\":\"https:\/\/www.visit-ulcinj.com\/blog\/2014\/03\/15\/priten-protesta-masive-nga-shqiptaret-e-malit-te-zi-ne-shba\/\",\"name\":\"Priten protesta masive nga shqiptar\u00ebt e Malit t\u00eb Zi n\u00eb SHBA - Lajme nga Ulqini\",\"isPartOf\":{\"@id\":\"https:\/\/www.visit-ulcinj.com\/blog\/#website\"},\"primaryImageOfPage\":{\"@id\":\"https:\/\/www.visit-ulcinj.com\/blog\/2014\/03\/15\/priten-protesta-masive-nga-shqiptaret-e-malit-te-zi-ne-shba\/#primaryimage\"},\"datePublished\":\"2014-03-15T06:21:28+00:00\",\"dateModified\":\"2014-03-15T16:09:17+00:00\",\"author\":{\"@id\":\"https:\/\/www.visit-ulcinj.com\/blog\/#\/schema\/person\/dcab619c614d3038751c63bc2aadc06d\"},\"description\":\"Shqiptar\u00ebt q\u00eb jetojn\u00eb n\u00eb Amerik\u00eb, p\u00ebrfshir\u00eb dhe komunitetin e madh shqiptar\u00eb me origjin\u00eb nga Mali i Zi, kan\u00eb b\u00ebr\u00eb thirje p\u00ebr protesta masive me rastin e\",\"breadcrumb\":{\"@id\":\"https:\/\/www.visit-ulcinj.com\/blog\/2014\/03\/15\/priten-protesta-masive-nga-shqiptaret-e-malit-te-zi-ne-shba\/#breadcrumb\"},\"inLanguage\":\"en-US\",\"potentialAction\":[{\"@type\":\"ReadAction\",\"target\":[\"https:\/\/www.visit-ulcinj.com\/blog\/2014\/03\/15\/priten-protesta-masive-nga-shqiptaret-e-malit-te-zi-ne-shba\/\"]}]},{\"@type\":\"BreadcrumbList\",\"@id\":\"https:\/\/www.visit-ulcinj.com\/blog\/2014\/03\/15\/priten-protesta-masive-nga-shqiptaret-e-malit-te-zi-ne-shba\/#breadcrumb\",\"itemListElement\":[{\"@type\":\"ListItem\",\"position\":1,\"name\":\"Priten protesta masive nga shqiptar\u00ebt e Malit t\u00eb Zi n\u00eb SHBA\"}]},{\"@type\":\"Person\",\"@id\":\"https:\/\/www.visit-ulcinj.com\/blog\/#\/schema\/person\/dcab619c614d3038751c63bc2aadc06d\",\"name\":\"ulqini\",\"sameAs\":[\"http:\/\/www.visit-ulcinj.com\"],\"url\":\"https:\/\/www.visit-ulcinj.com\/blog\/author\/admin\/\"}]}<\/script>\n<!-- \/ Yoast SEO plugin. -->","yoast_head_json":{"title":"Priten protesta masive nga shqiptar\u00ebt e Malit t\u00eb Zi n\u00eb SHBA - Lajme nga Ulqini","description":"Shqiptar\u00ebt q\u00eb jetojn\u00eb n\u00eb Amerik\u00eb, p\u00ebrfshir\u00eb dhe komunitetin e madh shqiptar\u00eb me origjin\u00eb nga Mali i Zi, kan\u00eb b\u00ebr\u00eb thirje p\u00ebr protesta masive me rastin e","robots":{"index":"index","follow":"follow","max-snippet":"max-snippet:-1","max-image-preview":"max-image-preview:large","max-video-preview":"max-video-preview:-1"},"canonical":"https:\/\/www.visit-ulcinj.com\/blog\/2014\/03\/15\/priten-protesta-masive-nga-shqiptaret-e-malit-te-zi-ne-shba\/","og_locale":"en_US","og_type":"article","og_title":"Priten protesta masive nga shqiptar\u00ebt e Malit t\u00eb Zi n\u00eb SHBA - Lajme nga Ulqini","og_description":"Shqiptar\u00ebt q\u00eb jetojn\u00eb n\u00eb Amerik\u00eb, p\u00ebrfshir\u00eb dhe komunitetin e madh shqiptar\u00eb me origjin\u00eb nga Mali i Zi, kan\u00eb b\u00ebr\u00eb thirje p\u00ebr protesta masive me rastin e","og_url":"https:\/\/www.visit-ulcinj.com\/blog\/2014\/03\/15\/priten-protesta-masive-nga-shqiptaret-e-malit-te-zi-ne-shba\/","og_site_name":"Lajme nga Ulqini","article_published_time":"2014-03-15T06:21:28+00:00","article_modified_time":"2014-03-15T16:09:17+00:00","og_image":[{"url":"http:\/\/www.visit-ulcinj.com\/blog\/wp-content\/uploads\/2014\/03\/priten-protesta-vashington.jpg"}],"twitter_misc":{"Written by":"ulqini","Est. reading time":"2 minutes"},"schema":{"@context":"https:\/\/schema.org","@graph":[{"@type":"WebSite","@id":"https:\/\/www.visit-ulcinj.com\/blog\/#website","url":"https:\/\/www.visit-ulcinj.com\/blog\/","name":"Lajme nga Ulqini","description":"Lajme,Vijesti,Ulqini,Ulqin,Crna Gora,Mali i Zi","potentialAction":[{"@type":"SearchAction","target":{"@type":"EntryPoint","urlTemplate":"https:\/\/www.visit-ulcinj.com\/blog\/?s={search_term_string}"},"query-input":"required name=search_term_string"}],"inLanguage":"en-US"},{"@type":"ImageObject","inLanguage":"en-US","@id":"https:\/\/www.visit-ulcinj.com\/blog\/2014\/03\/15\/priten-protesta-masive-nga-shqiptaret-e-malit-te-zi-ne-shba\/#primaryimage","url":"https:\/\/www.visit-ulcinj.com\/blog\/wp-content\/uploads\/2014\/03\/priten-protesta-vashington.jpg","contentUrl":"https:\/\/www.visit-ulcinj.com\/blog\/wp-content\/uploads\/2014\/03\/priten-protesta-vashington.jpg","width":709,"height":471},{"@type":"WebPage","@id":"https:\/\/www.visit-ulcinj.com\/blog\/2014\/03\/15\/priten-protesta-masive-nga-shqiptaret-e-malit-te-zi-ne-shba\/#webpage","url":"https:\/\/www.visit-ulcinj.com\/blog\/2014\/03\/15\/priten-protesta-masive-nga-shqiptaret-e-malit-te-zi-ne-shba\/","name":"Priten protesta masive nga shqiptar\u00ebt e Malit t\u00eb Zi n\u00eb SHBA - Lajme nga Ulqini","isPartOf":{"@id":"https:\/\/www.visit-ulcinj.com\/blog\/#website"},"primaryImageOfPage":{"@id":"https:\/\/www.visit-ulcinj.com\/blog\/2014\/03\/15\/priten-protesta-masive-nga-shqiptaret-e-malit-te-zi-ne-shba\/#primaryimage"},"datePublished":"2014-03-15T06:21:28+00:00","dateModified":"2014-03-15T16:09:17+00:00","author":{"@id":"https:\/\/www.visit-ulcinj.com\/blog\/#\/schema\/person\/dcab619c614d3038751c63bc2aadc06d"},"description":"Shqiptar\u00ebt q\u00eb jetojn\u00eb n\u00eb Amerik\u00eb, p\u00ebrfshir\u00eb dhe komunitetin e madh shqiptar\u00eb me origjin\u00eb nga Mali i Zi, kan\u00eb b\u00ebr\u00eb thirje p\u00ebr protesta masive me rastin e","breadcrumb":{"@id":"https:\/\/www.visit-ulcinj.com\/blog\/2014\/03\/15\/priten-protesta-masive-nga-shqiptaret-e-malit-te-zi-ne-shba\/#breadcrumb"},"inLanguage":"en-US","potentialAction":[{"@type":"ReadAction","target":["https:\/\/www.visit-ulcinj.com\/blog\/2014\/03\/15\/priten-protesta-masive-nga-shqiptaret-e-malit-te-zi-ne-shba\/"]}]},{"@type":"BreadcrumbList","@id":"https:\/\/www.visit-ulcinj.com\/blog\/2014\/03\/15\/priten-protesta-masive-nga-shqiptaret-e-malit-te-zi-ne-shba\/#breadcrumb","itemListElement":[{"@type":"ListItem","position":1,"name":"Priten protesta masive nga shqiptar\u00ebt e Malit t\u00eb Zi n\u00eb SHBA"}]},{"@type":"Person","@id":"https:\/\/www.visit-ulcinj.com\/blog\/#\/schema\/person\/dcab619c614d3038751c63bc2aadc06d","name":"ulqini","sameAs":["http:\/\/www.visit-ulcinj.com"],"url":"https:\/\/www.visit-ulcinj.com\/blog\/author\/admin\/"}]}},"jetpack_featured_media_url":"","jetpack_sharing_enabled":true,"jetpack_shortlink":"https:\/\/wp.me\/pe6lTn-kZc","_links":{"self":[{"href":"https:\/\/www.visit-ulcinj.com\/blog\/wp-json\/wp\/v2\/posts\/80674"}],"collection":[{"href":"https:\/\/www.visit-ulcinj.com\/blog\/wp-json\/wp\/v2\/posts"}],"about":[{"href":"https:\/\/www.visit-ulcinj.com\/blog\/wp-json\/wp\/v2\/types\/post"}],"author":[{"embeddable":true,"href":"https:\/\/www.visit-ulcinj.com\/blog\/wp-json\/wp\/v2\/users\/1"}],"replies":[{"embeddable":true,"href":"https:\/\/www.visit-ulcinj.com\/blog\/wp-json\/wp\/v2\/comments?post=80674"}],"version-history":[{"count":1,"href":"https:\/\/www.visit-ulcinj.com\/blog\/wp-json\/wp\/v2\/posts\/80674\/revisions"}],"predecessor-version":[{"id":80677,"href":"https:\/\/www.visit-ulcinj.com\/blog\/wp-json\/wp\/v2\/posts\/80674\/revisions\/80677"}],"wp:attachment":[{"href":"https:\/\/www.visit-ulcinj.com\/blog\/wp-json\/wp\/v2\/media?parent=80674"}],"wp:term":[{"taxonomy":"category","embeddable":true,"href":"https:\/\/www.visit-ulcinj.com\/blog\/wp-json\/wp\/v2\/categories?post=80674"},{"taxonomy":"post_tag","embeddable":true,"href":"https:\/\/www.visit-ulcinj.com\/blog\/wp-json\/wp\/v2\/tags?post=80674"}],"curies":[{"name":"wp","href":"https:\/\/api.w.org\/{rel}","templated":true}]}}