{"id":80701,"date":"2014-03-15T17:06:13","date_gmt":"2014-03-15T16:06:13","guid":{"rendered":"http:\/\/www.visit-ulcinj.com\/blog\/?p=80701"},"modified":"2014-03-16T09:21:12","modified_gmt":"2014-03-16T08:21:12","slug":"interviste-e-kryetarit-te-komunes-se-ulqinit-fatmir-gjeka-per-buxhetin-2014-video","status":"publish","type":"post","link":"https:\/\/www.visit-ulcinj.com\/blog\/2014\/03\/15\/interviste-e-kryetarit-te-komunes-se-ulqinit-fatmir-gjeka-per-buxhetin-2014-video\/","title":{"rendered":"Intervist\u00eb e kryetarit t\u00eb Komun\u00ebs s\u00eb Ulqinit, Fatmir Gjeka per Buxhetin 2014 &#8211; Video"},"content":{"rendered":"<p><a href=\"http:\/\/www.visit-ulcinj.com\/blog\/wp-content\/uploads\/2014\/03\/Fatmir-Gjeka-kryetari-ulqinit.jpg\"><img loading=\"lazy\" class=\"alignleft  wp-image-80702\" alt=\"Fatmir-Gjeka-kryetari-ulqinit\" src=\"http:\/\/www.visit-ulcinj.com\/blog\/wp-content\/uploads\/2014\/03\/Fatmir-Gjeka-kryetari-ulqinit.jpg\" width=\"508\" height=\"360\" \/><\/a>Buxheti i vitit 2014 t\u00eb komun\u00ebs s\u00eb Ulqinit sipas projekt vendimit \u00ebsht\u00eb planifikuar n\u00eb mas\u00ebn e 8,5 milion euro, \u00ebsht\u00eb deklaruar kryetari i komun\u00ebs s\u00eb Ulqinit Fatmir Gjeka.<\/p>\n<p>Sipas fjal\u00ebve t\u00eb kryetarit Gjeka, t\u00eb ardhurat burimore t\u00eb komun\u00ebs do t\u00eb sjellin tre t\u00eb kat\u00ebrtat e t\u00eb ardhurave, derisa planifikohet dhe marrja e kredis\u00eb me vler\u00eb dy milion euro.<\/p>\n<p>Nj\u00eb e treta e buxhetit (2,6 milion euro) \u00ebsht\u00eb planifikuar p\u00ebr investime.<\/p>\n<p>Vitin e kaluar buxheti u planifikua 8,6 milion euro, nd\u00ebrsa \u00ebsht\u00eb realizuar n\u00eb mas\u00ebn prej rreth 60 p\u00ebr qind.<\/p>\n<p>Gjeka tha se propozim buxhetin do ta\u00a0 hedhim n\u00eb shqyrtim publik duke ftuam t\u00eb gjith\u00eb qytetar\u00ebt t\u00eb merrnin pjes\u00eb p\u00ebr t\u00eb propozuar ndryshimin ose plot\u00ebsimin e pikave t\u00eb caktuara sipas \u00e7\u00ebshtjeve q\u00eb jan\u00eb n\u00eb interes t\u00eb tyre.<\/p>\n<p>N\u00eb kuad\u00ebr t\u00eb k\u00ebsaj periudhe dyjavore do organizohet edhe nj\u00eb debat publik p\u00ebr t\u00eb marr\u00eb propozimet e qytetar\u00ebve. \u2013 tha kryetari i komun\u00ebs Fatmir Gjeka<\/p>\n<p><strong>Ju ftojm\u00eb t\u00eb shikoni videon e realizuar nga stafi i Tv Teuta \u2013 Hatixhe Nelaj<\/strong><\/p>\n<!--YouTube Error: bad URL entered-->\n","protected":false},"excerpt":{"rendered":"<p>Buxheti i vitit 2014 t\u00eb komun\u00ebs s\u00eb Ulqinit sipas projekt vendimit \u00ebsht\u00eb planifikuar n\u00eb mas\u00ebn e 8,5 milion euro, \u00ebsht\u00eb deklaruar kryetari i komun\u00ebs s\u00eb Ulqinit Fatmir Gjeka. Sipas fjal\u00ebve t\u00eb kryetarit Gjeka, t\u00eb ardhurat burimore t\u00eb komun\u00ebs do t\u00eb sjellin tre t\u00eb kat\u00ebrtat e t\u00eb ardhurave, derisa planifikohet dhe marrja e kredis\u00eb me vler\u00eb [&hellip;]<\/p>\n","protected":false},"author":1,"featured_media":0,"comment_status":"closed","ping_status":"closed","sticky":false,"template":"","format":"standard","meta":{"spay_email":"","jetpack_publicize_message":"","jetpack_is_tweetstorm":false,"jetpack_publicize_feature_enabled":true},"categories":[5,1],"tags":[],"jetpack_publicize_connections":[],"yoast_head":"<!-- This site is optimized with the Yoast SEO plugin v19.1 - https:\/\/yoast.com\/wordpress\/plugins\/seo\/ -->\n<title>Intervist\u00eb e kryetarit t\u00eb Komun\u00ebs s\u00eb Ulqinit, Fatmir Gjeka per Buxhetin 2014 - Video - Lajme nga Ulqini<\/title>\n<meta name=\"description\" content=\"Buxheti i vitit 2014 t\u00eb komun\u00ebs s\u00eb Ulqinit sipas projekt vendimit \u00ebsht\u00eb planifikuar n\u00eb mas\u00ebn e 8,5 milion euro, \u00ebsht\u00eb deklaruar kryetari i komun\u00ebs s\u00eb\" \/>\n<meta name=\"robots\" content=\"index, follow, max-snippet:-1, max-image-preview:large, max-video-preview:-1\" \/>\n<link rel=\"canonical\" href=\"https:\/\/www.visit-ulcinj.com\/blog\/2014\/03\/15\/interviste-e-kryetarit-te-komunes-se-ulqinit-fatmir-gjeka-per-buxhetin-2014-video\/\" \/>\n<meta property=\"og:locale\" content=\"en_US\" \/>\n<meta property=\"og:type\" content=\"article\" \/>\n<meta property=\"og:title\" content=\"Intervist\u00eb e kryetarit t\u00eb Komun\u00ebs s\u00eb Ulqinit, Fatmir Gjeka per Buxhetin 2014 - Video - Lajme nga Ulqini\" \/>\n<meta property=\"og:description\" content=\"Buxheti i vitit 2014 t\u00eb komun\u00ebs s\u00eb Ulqinit sipas projekt vendimit \u00ebsht\u00eb planifikuar n\u00eb mas\u00ebn e 8,5 milion euro, \u00ebsht\u00eb deklaruar kryetari i komun\u00ebs s\u00eb\" \/>\n<meta property=\"og:url\" content=\"https:\/\/www.visit-ulcinj.com\/blog\/2014\/03\/15\/interviste-e-kryetarit-te-komunes-se-ulqinit-fatmir-gjeka-per-buxhetin-2014-video\/\" \/>\n<meta property=\"og:site_name\" content=\"Lajme nga Ulqini\" \/>\n<meta property=\"article:published_time\" content=\"2014-03-15T16:06:13+00:00\" \/>\n<meta property=\"article:modified_time\" content=\"2014-03-16T08:21:12+00:00\" \/>\n<meta property=\"og:image\" content=\"http:\/\/www.visit-ulcinj.com\/blog\/wp-content\/uploads\/2014\/03\/Fatmir-Gjeka-kryetari-ulqinit.jpg\" \/>\n<meta name=\"twitter:label1\" content=\"Written by\" \/>\n\t<meta name=\"twitter:data1\" content=\"ulqini\" \/>\n\t<meta name=\"twitter:label2\" content=\"Est. reading time\" \/>\n\t<meta name=\"twitter:data2\" content=\"1 minute\" \/>\n<script type=\"application\/ld+json\" class=\"yoast-schema-graph\">{\"@context\":\"https:\/\/schema.org\",\"@graph\":[{\"@type\":\"WebSite\",\"@id\":\"https:\/\/www.visit-ulcinj.com\/blog\/#website\",\"url\":\"https:\/\/www.visit-ulcinj.com\/blog\/\",\"name\":\"Lajme nga Ulqini\",\"description\":\"Lajme,Vijesti,Ulqini,Ulqin,Crna Gora,Mali i Zi\",\"potentialAction\":[{\"@type\":\"SearchAction\",\"target\":{\"@type\":\"EntryPoint\",\"urlTemplate\":\"https:\/\/www.visit-ulcinj.com\/blog\/?s={search_term_string}\"},\"query-input\":\"required name=search_term_string\"}],\"inLanguage\":\"en-US\"},{\"@type\":\"ImageObject\",\"inLanguage\":\"en-US\",\"@id\":\"https:\/\/www.visit-ulcinj.com\/blog\/2014\/03\/15\/interviste-e-kryetarit-te-komunes-se-ulqinit-fatmir-gjeka-per-buxhetin-2014-video\/#primaryimage\",\"url\":\"https:\/\/www.visit-ulcinj.com\/blog\/wp-content\/uploads\/2014\/03\/Fatmir-Gjeka-kryetari-ulqinit.jpg\",\"contentUrl\":\"https:\/\/www.visit-ulcinj.com\/blog\/wp-content\/uploads\/2014\/03\/Fatmir-Gjeka-kryetari-ulqinit.jpg\",\"width\":540,\"height\":395},{\"@type\":\"WebPage\",\"@id\":\"https:\/\/www.visit-ulcinj.com\/blog\/2014\/03\/15\/interviste-e-kryetarit-te-komunes-se-ulqinit-fatmir-gjeka-per-buxhetin-2014-video\/#webpage\",\"url\":\"https:\/\/www.visit-ulcinj.com\/blog\/2014\/03\/15\/interviste-e-kryetarit-te-komunes-se-ulqinit-fatmir-gjeka-per-buxhetin-2014-video\/\",\"name\":\"Intervist\u00eb e kryetarit t\u00eb Komun\u00ebs s\u00eb Ulqinit, Fatmir Gjeka per Buxhetin 2014 - Video - Lajme nga Ulqini\",\"isPartOf\":{\"@id\":\"https:\/\/www.visit-ulcinj.com\/blog\/#website\"},\"primaryImageOfPage\":{\"@id\":\"https:\/\/www.visit-ulcinj.com\/blog\/2014\/03\/15\/interviste-e-kryetarit-te-komunes-se-ulqinit-fatmir-gjeka-per-buxhetin-2014-video\/#primaryimage\"},\"datePublished\":\"2014-03-15T16:06:13+00:00\",\"dateModified\":\"2014-03-16T08:21:12+00:00\",\"author\":{\"@id\":\"https:\/\/www.visit-ulcinj.com\/blog\/#\/schema\/person\/dcab619c614d3038751c63bc2aadc06d\"},\"description\":\"Buxheti i vitit 2014 t\u00eb komun\u00ebs s\u00eb Ulqinit sipas projekt vendimit \u00ebsht\u00eb planifikuar n\u00eb mas\u00ebn e 8,5 milion euro, \u00ebsht\u00eb deklaruar kryetari i komun\u00ebs s\u00eb\",\"breadcrumb\":{\"@id\":\"https:\/\/www.visit-ulcinj.com\/blog\/2014\/03\/15\/interviste-e-kryetarit-te-komunes-se-ulqinit-fatmir-gjeka-per-buxhetin-2014-video\/#breadcrumb\"},\"inLanguage\":\"en-US\",\"potentialAction\":[{\"@type\":\"ReadAction\",\"target\":[\"https:\/\/www.visit-ulcinj.com\/blog\/2014\/03\/15\/interviste-e-kryetarit-te-komunes-se-ulqinit-fatmir-gjeka-per-buxhetin-2014-video\/\"]}]},{\"@type\":\"BreadcrumbList\",\"@id\":\"https:\/\/www.visit-ulcinj.com\/blog\/2014\/03\/15\/interviste-e-kryetarit-te-komunes-se-ulqinit-fatmir-gjeka-per-buxhetin-2014-video\/#breadcrumb\",\"itemListElement\":[{\"@type\":\"ListItem\",\"position\":1,\"name\":\"Intervist\u00eb e kryetarit t\u00eb Komun\u00ebs s\u00eb Ulqinit, Fatmir Gjeka per Buxhetin 2014 &#8211; Video\"}]},{\"@type\":\"Person\",\"@id\":\"https:\/\/www.visit-ulcinj.com\/blog\/#\/schema\/person\/dcab619c614d3038751c63bc2aadc06d\",\"name\":\"ulqini\",\"sameAs\":[\"http:\/\/www.visit-ulcinj.com\"],\"url\":\"https:\/\/www.visit-ulcinj.com\/blog\/author\/admin\/\"}]}<\/script>\n<!-- \/ Yoast SEO plugin. -->","yoast_head_json":{"title":"Intervist\u00eb e kryetarit t\u00eb Komun\u00ebs s\u00eb Ulqinit, Fatmir Gjeka per Buxhetin 2014 - Video - Lajme nga Ulqini","description":"Buxheti i vitit 2014 t\u00eb komun\u00ebs s\u00eb Ulqinit sipas projekt vendimit \u00ebsht\u00eb planifikuar n\u00eb mas\u00ebn e 8,5 milion euro, \u00ebsht\u00eb deklaruar kryetari i komun\u00ebs s\u00eb","robots":{"index":"index","follow":"follow","max-snippet":"max-snippet:-1","max-image-preview":"max-image-preview:large","max-video-preview":"max-video-preview:-1"},"canonical":"https:\/\/www.visit-ulcinj.com\/blog\/2014\/03\/15\/interviste-e-kryetarit-te-komunes-se-ulqinit-fatmir-gjeka-per-buxhetin-2014-video\/","og_locale":"en_US","og_type":"article","og_title":"Intervist\u00eb e kryetarit t\u00eb Komun\u00ebs s\u00eb Ulqinit, Fatmir Gjeka per Buxhetin 2014 - Video - Lajme nga Ulqini","og_description":"Buxheti i vitit 2014 t\u00eb komun\u00ebs s\u00eb Ulqinit sipas projekt vendimit \u00ebsht\u00eb planifikuar n\u00eb mas\u00ebn e 8,5 milion euro, \u00ebsht\u00eb deklaruar kryetari i komun\u00ebs s\u00eb","og_url":"https:\/\/www.visit-ulcinj.com\/blog\/2014\/03\/15\/interviste-e-kryetarit-te-komunes-se-ulqinit-fatmir-gjeka-per-buxhetin-2014-video\/","og_site_name":"Lajme nga Ulqini","article_published_time":"2014-03-15T16:06:13+00:00","article_modified_time":"2014-03-16T08:21:12+00:00","og_image":[{"url":"http:\/\/www.visit-ulcinj.com\/blog\/wp-content\/uploads\/2014\/03\/Fatmir-Gjeka-kryetari-ulqinit.jpg"}],"twitter_misc":{"Written by":"ulqini","Est. reading time":"1 minute"},"schema":{"@context":"https:\/\/schema.org","@graph":[{"@type":"WebSite","@id":"https:\/\/www.visit-ulcinj.com\/blog\/#website","url":"https:\/\/www.visit-ulcinj.com\/blog\/","name":"Lajme nga Ulqini","description":"Lajme,Vijesti,Ulqini,Ulqin,Crna Gora,Mali i Zi","potentialAction":[{"@type":"SearchAction","target":{"@type":"EntryPoint","urlTemplate":"https:\/\/www.visit-ulcinj.com\/blog\/?s={search_term_string}"},"query-input":"required name=search_term_string"}],"inLanguage":"en-US"},{"@type":"ImageObject","inLanguage":"en-US","@id":"https:\/\/www.visit-ulcinj.com\/blog\/2014\/03\/15\/interviste-e-kryetarit-te-komunes-se-ulqinit-fatmir-gjeka-per-buxhetin-2014-video\/#primaryimage","url":"https:\/\/www.visit-ulcinj.com\/blog\/wp-content\/uploads\/2014\/03\/Fatmir-Gjeka-kryetari-ulqinit.jpg","contentUrl":"https:\/\/www.visit-ulcinj.com\/blog\/wp-content\/uploads\/2014\/03\/Fatmir-Gjeka-kryetari-ulqinit.jpg","width":540,"height":395},{"@type":"WebPage","@id":"https:\/\/www.visit-ulcinj.com\/blog\/2014\/03\/15\/interviste-e-kryetarit-te-komunes-se-ulqinit-fatmir-gjeka-per-buxhetin-2014-video\/#webpage","url":"https:\/\/www.visit-ulcinj.com\/blog\/2014\/03\/15\/interviste-e-kryetarit-te-komunes-se-ulqinit-fatmir-gjeka-per-buxhetin-2014-video\/","name":"Intervist\u00eb e kryetarit t\u00eb Komun\u00ebs s\u00eb Ulqinit, Fatmir Gjeka per Buxhetin 2014 - Video - Lajme nga Ulqini","isPartOf":{"@id":"https:\/\/www.visit-ulcinj.com\/blog\/#website"},"primaryImageOfPage":{"@id":"https:\/\/www.visit-ulcinj.com\/blog\/2014\/03\/15\/interviste-e-kryetarit-te-komunes-se-ulqinit-fatmir-gjeka-per-buxhetin-2014-video\/#primaryimage"},"datePublished":"2014-03-15T16:06:13+00:00","dateModified":"2014-03-16T08:21:12+00:00","author":{"@id":"https:\/\/www.visit-ulcinj.com\/blog\/#\/schema\/person\/dcab619c614d3038751c63bc2aadc06d"},"description":"Buxheti i vitit 2014 t\u00eb komun\u00ebs s\u00eb Ulqinit sipas projekt vendimit \u00ebsht\u00eb planifikuar n\u00eb mas\u00ebn e 8,5 milion euro, \u00ebsht\u00eb deklaruar kryetari i komun\u00ebs s\u00eb","breadcrumb":{"@id":"https:\/\/www.visit-ulcinj.com\/blog\/2014\/03\/15\/interviste-e-kryetarit-te-komunes-se-ulqinit-fatmir-gjeka-per-buxhetin-2014-video\/#breadcrumb"},"inLanguage":"en-US","potentialAction":[{"@type":"ReadAction","target":["https:\/\/www.visit-ulcinj.com\/blog\/2014\/03\/15\/interviste-e-kryetarit-te-komunes-se-ulqinit-fatmir-gjeka-per-buxhetin-2014-video\/"]}]},{"@type":"BreadcrumbList","@id":"https:\/\/www.visit-ulcinj.com\/blog\/2014\/03\/15\/interviste-e-kryetarit-te-komunes-se-ulqinit-fatmir-gjeka-per-buxhetin-2014-video\/#breadcrumb","itemListElement":[{"@type":"ListItem","position":1,"name":"Intervist\u00eb e kryetarit t\u00eb Komun\u00ebs s\u00eb Ulqinit, Fatmir Gjeka per Buxhetin 2014 &#8211; Video"}]},{"@type":"Person","@id":"https:\/\/www.visit-ulcinj.com\/blog\/#\/schema\/person\/dcab619c614d3038751c63bc2aadc06d","name":"ulqini","sameAs":["http:\/\/www.visit-ulcinj.com"],"url":"https:\/\/www.visit-ulcinj.com\/blog\/author\/admin\/"}]}},"jetpack_featured_media_url":"","jetpack_sharing_enabled":true,"jetpack_shortlink":"https:\/\/wp.me\/pe6lTn-kZD","_links":{"self":[{"href":"https:\/\/www.visit-ulcinj.com\/blog\/wp-json\/wp\/v2\/posts\/80701"}],"collection":[{"href":"https:\/\/www.visit-ulcinj.com\/blog\/wp-json\/wp\/v2\/posts"}],"about":[{"href":"https:\/\/www.visit-ulcinj.com\/blog\/wp-json\/wp\/v2\/types\/post"}],"author":[{"embeddable":true,"href":"https:\/\/www.visit-ulcinj.com\/blog\/wp-json\/wp\/v2\/users\/1"}],"replies":[{"embeddable":true,"href":"https:\/\/www.visit-ulcinj.com\/blog\/wp-json\/wp\/v2\/comments?post=80701"}],"version-history":[{"count":2,"href":"https:\/\/www.visit-ulcinj.com\/blog\/wp-json\/wp\/v2\/posts\/80701\/revisions"}],"predecessor-version":[{"id":80705,"href":"https:\/\/www.visit-ulcinj.com\/blog\/wp-json\/wp\/v2\/posts\/80701\/revisions\/80705"}],"wp:attachment":[{"href":"https:\/\/www.visit-ulcinj.com\/blog\/wp-json\/wp\/v2\/media?parent=80701"}],"wp:term":[{"taxonomy":"category","embeddable":true,"href":"https:\/\/www.visit-ulcinj.com\/blog\/wp-json\/wp\/v2\/categories?post=80701"},{"taxonomy":"post_tag","embeddable":true,"href":"https:\/\/www.visit-ulcinj.com\/blog\/wp-json\/wp\/v2\/tags?post=80701"}],"curies":[{"name":"wp","href":"https:\/\/api.w.org\/{rel}","templated":true}]}}