{"id":80712,"date":"2014-03-15T18:43:55","date_gmt":"2014-03-15T17:43:55","guid":{"rendered":"http:\/\/www.visit-ulcinj.com\/blog\/?p=80712"},"modified":"2014-03-15T18:43:55","modified_gmt":"2014-03-15T17:43:55","slug":"dita-e-mesuesit-pa-mesues-nga-rexhep-lleshi","status":"publish","type":"post","link":"https:\/\/www.visit-ulcinj.com\/blog\/2014\/03\/15\/dita-e-mesuesit-pa-mesues-nga-rexhep-lleshi\/","title":{"rendered":"Dita e M\u00ebsuesit pa m\u00ebsues nga Rexhep Lleshi"},"content":{"rendered":"<p><a href=\"http:\/\/www.visit-ulcinj.com\/blog\/wp-content\/uploads\/2014\/03\/Rexhep-Lleshi.jpg\"><img loading=\"lazy\" class=\"alignleft  wp-image-80713\" alt=\"Rexhep Lleshi\" src=\"http:\/\/www.visit-ulcinj.com\/blog\/wp-content\/uploads\/2014\/03\/Rexhep-Lleshi.jpg\" width=\"150\" height=\"190\" \/><\/a>Nga Kronika e arsimit t\u00eb Shtetit Am\u00eb, Shqip\u00ebris\u00eb, u shk\u00ebput 7 Marsi, data e hapjes s\u00eb shkoll\u00ebs par\u00eb shqipe, p\u00ebr tu shenuar si Dita e M\u00ebsuesit. Me vurjen e pluralizmit, ajo dit\u00eb filloi t\u00eb shenohet edhe n\u00eb trevat tjera shqipfol\u00ebse, po edhe n\u00eb Mal t\u00eb Zi, n\u00eb vendet ku jetojn\u00eb shqiptar\u00ebt. N\u00eb fillim pati v\u00ebshtir\u00ebsi organizimi p\u00ebr shkak polarizimi t\u00eb faktor\u00ebve t\u00eb brendsh\u00ebm partiak, t\u00eb cilat\u00eb n\u00eb nd\u00ebrkoh\u00eb u p\u00ebrballuan.<\/p>\n<p>Me themelimin e K\u00ebshillit Nacional t\u00eb Shqiptar\u00ebve i cili u vue n\u00eb rrolin e \u201dkujdestarit t\u00eb m\u00ebsuesit\u201d, u duk sikur pyetja e shenimit t\u00eb k\u00ebsaj date u zgjodh mir\u00eb, n\u00eb favor t\u00eb m\u00ebsuesit. Ashtu, shenimi i saj vazhdoi n\u00eb m\u00ebnyr\u00eb modeste e t\u00eb hij\u00ebshme, duke u tubuar t\u00eb gjith\u00eb m\u00ebsuesit n\u00eb nj\u00eb vend pa dallim p\u00ebrkatsie tep\u00ebr t\u00eb shkall\u00ebzuar politike dhe pa shpenzime t\u00eb m\u00ebdha materiale p\u00ebr organizuesin. Aty b\u00ebhej takimi, flitej falenderimi dhe jepej p\u00ebrurimi p\u00ebrsonelitetit t\u00eb m\u00ebsuesit p\u00ebr angazhim, mund, dije dhe sakrific\u00eb t\u00eb tij, t\u00eb treguar n\u00eb vite e dekada, n\u00eb vendet m\u00eb t\u00eb larg\u00ebta banimi, kushte t\u00eb v\u00ebshtira jete e rrethana t\u00eb egra pune.<\/p>\n<p>N\u00eb vitin vijues, k\u00ebtu, 7 Marsi u zbe p\u00ebr faktin q\u00eb aktori i tij, m\u00ebsuesi, u la pa u p\u00ebrfshie n\u00eb fest\u00eb. Do ishte k\u00ebnaq\u00ebsi e rrall\u00eb, por e madhe, p\u00ebr t\u00eb gjith\u00eb m\u00ebsimdh\u00ebn\u00ebsit, veteran e fillestar\u00eb, q\u00eb n\u00eb rastin solemn tu gjind\u00ebshin bashk\u00eb po n\u00eb at\u00eb vend ku synoi \u201dkujdestari\u201d, ambijentin e njer\u00ebzve shkoll\u00ebdash\u00ebs t\u00eb Kraj\u00ebs, Institucionin arsimor-edukativ, Shkoll\u00ebn fillore \u201dGjergj Kastrioti Sk\u00ebnderbeu\u201d, p\u00ebr t\u00eb shikuar e par\u00eb lidh\u00ebshmerin\u00eb e pandar\u00eb t\u00eb pun\u00ebs shkollore, teori \u2013 praktik\u00eb, t\u00eb dakorduar nga kryepun\u00ebtori i arsimit vendas, menaxheri magjistar i pun\u00ebs, drejtori Beqir Berjashi i cili krejt men\u00e7urin\u00eb dhe ideshmerin\u00eb e \u201darsimtarit\u201d ia kushtoi shkoll\u00ebs.<\/p>\n<p>Por, p\u00ebr \u00e7udi, ngjau e kund\u00ebrta e asaj pritje t\u00eb arsyeshme, andaj ajo fest\u00eb e m\u00ebsuesit pa m\u00ebsuesin, kaloi sikur \u201ddasma pa dasmor\u00eb\u201d. U b\u00eb ashtu, jo q\u00eb ndryshoi m\u00ebsuesi, por nga vet\u00eb organizuesi, KNSh i cili n\u00eb k\u00ebt\u00eb dit\u00eb, gj\u00ebja p\u00ebr t\u00eb b\u00ebr\u00eb risi, planifikoi pun\u00eb tjera, me vite t\u00eb pazgjedhura, n\u00eb kompetanca t\u00eb organeve m\u00eb t\u00eb larta shtetrore. Vurja n\u00eb rend dite t\u00eb mbledhjes solemne t\u00eb k\u00ebtij organi, madje dhe pyetjes grandioze, origjinal: \u201dPrijedlog Zakona o izmijenama i dopunama Zakona o izboru odbornika i poslanika Crne Gore\u201d, si\u00e7 m\u00ebson Ul &#8211; Online, m\u00eb 10. 3. 2014. d\u00ebshmon faktin q\u00eb k\u00ebshilltar\u00ebt shqiptar, p\u00ebr \u201dhallet e veta\u201d dijn\u00eb t\u00eb mendojn\u00eb serbisht respektivisht malazez\u00e7e, nd\u00ebrsa m\u00ebsuesin, nga larg, ta \u201dfalin me sh\u00ebndet\u201d n\u00eb shqip. N\u00eb k\u00ebte rast e p\u00ebr men\u00e7uri t\u00eb aso \u201dteleurimi\u201d, shtrohet pyetja se u k\u00ebrkuan, u fituan e u shpenzuan para n\u00eb em\u00ebr t\u00eb k\u00ebsaj dite madhore t\u00eb arsimit shqip dhe aktorit t\u00eb saj, m\u00ebsuesit?<\/p>\n<p>P\u00ebr mosorganizim adekuat, qoft\u00eb edhe tubim simbolik, t\u00eb festes s\u00eb tij, m\u00ebsuesi s&#8217;duhet t\u00eb fajsoj\u00eb askend, sepse nuk ia ka kush borxh, e as KNSh, an\u00ebtar\u00ebt e t\u00eb cilit kryesisht jan\u00eb politikan apo t\u00eb donj\u00eb profili tjet\u00ebr t\u00eb af\u00ebrm me te e jo m\u00ebsues.<\/p>\n<p style=\"text-align: left;\" align=\"right\">N\u00eb qoft\u00eb se ky organ v\u00ebrtet\u00eb nuk mundet ose nuk d\u00ebshiron t\u00eb veproi si m\u00eb par\u00eb, t\u00eb merret me m\u00ebsusesin dhe festen e tij ashtu si e meriton, do ishte me vend t\u00eb b\u00ebj\u00eb njoftim publik me koh\u00eb, n\u00eb m\u00ebnyr\u00eb q\u00eb m\u00ebsuesi mos t\u00eb rrij n\u00eb pritje festimi nga t\u00eb tjer\u00ebt dhe askush mos t\u00eb krenohen me pendllat e tij.<\/p>\n<p style=\"text-align: left;\" align=\"right\">\n<p style=\"text-align: left;\" align=\"right\"><strong>Brajsh\u00eb, 15. 3. 2014.\u00a0 <\/strong><\/p>\n<p style=\"text-align: left;\" align=\"right\">\n<p align=\"right\"><strong>\u00a0\u00a0\u00a0\u00a0 \u00a0\u00a0\u00a0\u00a0\u00a0\u00a0\u00a0\u00a0\u00a0\u00a0\u00a0\u00a0\u00a0\u00a0\u00a0\u00a0\u00a0\u00a0\u00a0\u00a0\u00a0\u00a0\u00a0\u00a0\u00a0\u00a0\u00a0 \u00a0\u00a0\u00a0\u00a0\u00a0\u00a0\u00a0\u00a0\u00a0\u00a0\u00a0\u00a0\u00a0\u00a0\u00a0\u00a0\u00a0\u00a0\u00a0\u00a0\u00a0\u00a0\u00a0\u00a0\u00a0\u00a0\u00a0\u00a0\u00a0\u00a0 Rexhep Lleshi<\/strong><\/p>\n<p align=\"right\"><strong>\u00a0\u00a0\u00a0\u00a0\u00a0\u00a0\u00a0\u00a0\u00a0\u00a0\u00a0\u00a0\u00a0\u00a0\u00a0\u00a0\u00a0\u00a0\u00a0\u00a0\u00a0\u00a0\u00a0\u00a0\u00a0\u00a0\u00a0\u00a0\u00a0\u00a0\u00a0\u00a0\u00a0\u00a0\u00a0\u00a0\u00a0\u00a0\u00a0\u00a0\u00a0\u00a0\u00a0\u00a0\u00a0\u00a0\u00a0\u00a0\u00a0\u00a0\u00a0\u00a0\u00a0\u00a0\u00a0\u00a0\u00a0\u00a0\u00a0\u00a0\u00a0\u00a0\u00a0\u00a0\u00a0\u00a0\u00a0\u00a0\u00a0\u00a0\u00a0\u00a0\u00a0\u00a0\u00a0\u00a0\u00a0\u00a0\u00a0\u00a0\u00a0\u00a0\u00a0\u00a0\u00a0\u00a0\u00a0\u00a0\u00a0\u00a0\u00a0\u00a0\u00a0 \u00a0\u00a0 Brajsh\u00eb &#8211; Ulqin<\/strong><\/p>\n","protected":false},"excerpt":{"rendered":"<p>Nga Kronika e arsimit t\u00eb Shtetit Am\u00eb, Shqip\u00ebris\u00eb, u shk\u00ebput 7 Marsi, data e hapjes s\u00eb shkoll\u00ebs par\u00eb shqipe, p\u00ebr tu shenuar si Dita e M\u00ebsuesit. Me vurjen e pluralizmit, ajo dit\u00eb filloi t\u00eb shenohet edhe n\u00eb trevat tjera shqipfol\u00ebse, po edhe n\u00eb Mal t\u00eb Zi, n\u00eb vendet ku jetojn\u00eb shqiptar\u00ebt. N\u00eb fillim pati v\u00ebshtir\u00ebsi [&hellip;]<\/p>\n","protected":false},"author":1,"featured_media":0,"comment_status":"closed","ping_status":"closed","sticky":false,"template":"","format":"standard","meta":{"spay_email":"","jetpack_publicize_message":"","jetpack_is_tweetstorm":false,"jetpack_publicize_feature_enabled":true},"categories":[12],"tags":[],"jetpack_publicize_connections":[],"yoast_head":"<!-- This site is optimized with the Yoast SEO plugin v19.1 - https:\/\/yoast.com\/wordpress\/plugins\/seo\/ -->\n<title>Dita e M\u00ebsuesit pa m\u00ebsues nga Rexhep Lleshi - Lajme nga Ulqini<\/title>\n<meta name=\"description\" content=\"Nga Kronika e arsimit t\u00eb Shtetit Am\u00eb, Shqip\u00ebris\u00eb, u shk\u00ebput 7 Marsi, data e hapjes s\u00eb shkoll\u00ebs par\u00eb shqipe, p\u00ebr tu shenuar si Dita e M\u00ebsuesit. Me vurjen e\" \/>\n<meta name=\"robots\" content=\"index, follow, max-snippet:-1, max-image-preview:large, max-video-preview:-1\" \/>\n<link rel=\"canonical\" href=\"https:\/\/www.visit-ulcinj.com\/blog\/2014\/03\/15\/dita-e-mesuesit-pa-mesues-nga-rexhep-lleshi\/\" \/>\n<meta property=\"og:locale\" content=\"en_US\" \/>\n<meta property=\"og:type\" content=\"article\" \/>\n<meta property=\"og:title\" content=\"Dita e M\u00ebsuesit pa m\u00ebsues nga Rexhep Lleshi - Lajme nga Ulqini\" \/>\n<meta property=\"og:description\" content=\"Nga Kronika e arsimit t\u00eb Shtetit Am\u00eb, Shqip\u00ebris\u00eb, u shk\u00ebput 7 Marsi, data e hapjes s\u00eb shkoll\u00ebs par\u00eb shqipe, p\u00ebr tu shenuar si Dita e M\u00ebsuesit. Me vurjen e\" \/>\n<meta property=\"og:url\" content=\"https:\/\/www.visit-ulcinj.com\/blog\/2014\/03\/15\/dita-e-mesuesit-pa-mesues-nga-rexhep-lleshi\/\" \/>\n<meta property=\"og:site_name\" content=\"Lajme nga Ulqini\" \/>\n<meta property=\"article:published_time\" content=\"2014-03-15T17:43:55+00:00\" \/>\n<meta property=\"og:image\" content=\"http:\/\/www.visit-ulcinj.com\/blog\/wp-content\/uploads\/2014\/03\/Rexhep-Lleshi.jpg\" \/>\n<meta name=\"twitter:label1\" content=\"Written by\" \/>\n\t<meta name=\"twitter:data1\" content=\"ulqini\" \/>\n\t<meta name=\"twitter:label2\" content=\"Est. reading time\" \/>\n\t<meta name=\"twitter:data2\" content=\"3 minutes\" \/>\n<script type=\"application\/ld+json\" class=\"yoast-schema-graph\">{\"@context\":\"https:\/\/schema.org\",\"@graph\":[{\"@type\":\"WebSite\",\"@id\":\"https:\/\/www.visit-ulcinj.com\/blog\/#website\",\"url\":\"https:\/\/www.visit-ulcinj.com\/blog\/\",\"name\":\"Lajme nga Ulqini\",\"description\":\"Lajme,Vijesti,Ulqini,Ulqin,Crna Gora,Mali i Zi\",\"potentialAction\":[{\"@type\":\"SearchAction\",\"target\":{\"@type\":\"EntryPoint\",\"urlTemplate\":\"https:\/\/www.visit-ulcinj.com\/blog\/?s={search_term_string}\"},\"query-input\":\"required name=search_term_string\"}],\"inLanguage\":\"en-US\"},{\"@type\":\"ImageObject\",\"inLanguage\":\"en-US\",\"@id\":\"https:\/\/www.visit-ulcinj.com\/blog\/2014\/03\/15\/dita-e-mesuesit-pa-mesues-nga-rexhep-lleshi\/#primaryimage\",\"url\":\"https:\/\/www.visit-ulcinj.com\/blog\/wp-content\/uploads\/2014\/03\/Rexhep-Lleshi.jpg\",\"contentUrl\":\"https:\/\/www.visit-ulcinj.com\/blog\/wp-content\/uploads\/2014\/03\/Rexhep-Lleshi.jpg\",\"width\":133,\"height\":178},{\"@type\":\"WebPage\",\"@id\":\"https:\/\/www.visit-ulcinj.com\/blog\/2014\/03\/15\/dita-e-mesuesit-pa-mesues-nga-rexhep-lleshi\/#webpage\",\"url\":\"https:\/\/www.visit-ulcinj.com\/blog\/2014\/03\/15\/dita-e-mesuesit-pa-mesues-nga-rexhep-lleshi\/\",\"name\":\"Dita e M\u00ebsuesit pa m\u00ebsues nga Rexhep Lleshi - Lajme nga Ulqini\",\"isPartOf\":{\"@id\":\"https:\/\/www.visit-ulcinj.com\/blog\/#website\"},\"primaryImageOfPage\":{\"@id\":\"https:\/\/www.visit-ulcinj.com\/blog\/2014\/03\/15\/dita-e-mesuesit-pa-mesues-nga-rexhep-lleshi\/#primaryimage\"},\"datePublished\":\"2014-03-15T17:43:55+00:00\",\"dateModified\":\"2014-03-15T17:43:55+00:00\",\"author\":{\"@id\":\"https:\/\/www.visit-ulcinj.com\/blog\/#\/schema\/person\/dcab619c614d3038751c63bc2aadc06d\"},\"description\":\"Nga Kronika e arsimit t\u00eb Shtetit Am\u00eb, Shqip\u00ebris\u00eb, u shk\u00ebput 7 Marsi, data e hapjes s\u00eb shkoll\u00ebs par\u00eb shqipe, p\u00ebr tu shenuar si Dita e M\u00ebsuesit. Me vurjen e\",\"breadcrumb\":{\"@id\":\"https:\/\/www.visit-ulcinj.com\/blog\/2014\/03\/15\/dita-e-mesuesit-pa-mesues-nga-rexhep-lleshi\/#breadcrumb\"},\"inLanguage\":\"en-US\",\"potentialAction\":[{\"@type\":\"ReadAction\",\"target\":[\"https:\/\/www.visit-ulcinj.com\/blog\/2014\/03\/15\/dita-e-mesuesit-pa-mesues-nga-rexhep-lleshi\/\"]}]},{\"@type\":\"BreadcrumbList\",\"@id\":\"https:\/\/www.visit-ulcinj.com\/blog\/2014\/03\/15\/dita-e-mesuesit-pa-mesues-nga-rexhep-lleshi\/#breadcrumb\",\"itemListElement\":[{\"@type\":\"ListItem\",\"position\":1,\"name\":\"Dita e M\u00ebsuesit pa m\u00ebsues nga Rexhep Lleshi\"}]},{\"@type\":\"Person\",\"@id\":\"https:\/\/www.visit-ulcinj.com\/blog\/#\/schema\/person\/dcab619c614d3038751c63bc2aadc06d\",\"name\":\"ulqini\",\"sameAs\":[\"http:\/\/www.visit-ulcinj.com\"],\"url\":\"https:\/\/www.visit-ulcinj.com\/blog\/author\/admin\/\"}]}<\/script>\n<!-- \/ Yoast SEO plugin. -->","yoast_head_json":{"title":"Dita e M\u00ebsuesit pa m\u00ebsues nga Rexhep Lleshi - Lajme nga Ulqini","description":"Nga Kronika e arsimit t\u00eb Shtetit Am\u00eb, Shqip\u00ebris\u00eb, u shk\u00ebput 7 Marsi, data e hapjes s\u00eb shkoll\u00ebs par\u00eb shqipe, p\u00ebr tu shenuar si Dita e M\u00ebsuesit. Me vurjen e","robots":{"index":"index","follow":"follow","max-snippet":"max-snippet:-1","max-image-preview":"max-image-preview:large","max-video-preview":"max-video-preview:-1"},"canonical":"https:\/\/www.visit-ulcinj.com\/blog\/2014\/03\/15\/dita-e-mesuesit-pa-mesues-nga-rexhep-lleshi\/","og_locale":"en_US","og_type":"article","og_title":"Dita e M\u00ebsuesit pa m\u00ebsues nga Rexhep Lleshi - Lajme nga Ulqini","og_description":"Nga Kronika e arsimit t\u00eb Shtetit Am\u00eb, Shqip\u00ebris\u00eb, u shk\u00ebput 7 Marsi, data e hapjes s\u00eb shkoll\u00ebs par\u00eb shqipe, p\u00ebr tu shenuar si Dita e M\u00ebsuesit. Me vurjen e","og_url":"https:\/\/www.visit-ulcinj.com\/blog\/2014\/03\/15\/dita-e-mesuesit-pa-mesues-nga-rexhep-lleshi\/","og_site_name":"Lajme nga Ulqini","article_published_time":"2014-03-15T17:43:55+00:00","og_image":[{"url":"http:\/\/www.visit-ulcinj.com\/blog\/wp-content\/uploads\/2014\/03\/Rexhep-Lleshi.jpg"}],"twitter_misc":{"Written by":"ulqini","Est. reading time":"3 minutes"},"schema":{"@context":"https:\/\/schema.org","@graph":[{"@type":"WebSite","@id":"https:\/\/www.visit-ulcinj.com\/blog\/#website","url":"https:\/\/www.visit-ulcinj.com\/blog\/","name":"Lajme nga Ulqini","description":"Lajme,Vijesti,Ulqini,Ulqin,Crna Gora,Mali i Zi","potentialAction":[{"@type":"SearchAction","target":{"@type":"EntryPoint","urlTemplate":"https:\/\/www.visit-ulcinj.com\/blog\/?s={search_term_string}"},"query-input":"required name=search_term_string"}],"inLanguage":"en-US"},{"@type":"ImageObject","inLanguage":"en-US","@id":"https:\/\/www.visit-ulcinj.com\/blog\/2014\/03\/15\/dita-e-mesuesit-pa-mesues-nga-rexhep-lleshi\/#primaryimage","url":"https:\/\/www.visit-ulcinj.com\/blog\/wp-content\/uploads\/2014\/03\/Rexhep-Lleshi.jpg","contentUrl":"https:\/\/www.visit-ulcinj.com\/blog\/wp-content\/uploads\/2014\/03\/Rexhep-Lleshi.jpg","width":133,"height":178},{"@type":"WebPage","@id":"https:\/\/www.visit-ulcinj.com\/blog\/2014\/03\/15\/dita-e-mesuesit-pa-mesues-nga-rexhep-lleshi\/#webpage","url":"https:\/\/www.visit-ulcinj.com\/blog\/2014\/03\/15\/dita-e-mesuesit-pa-mesues-nga-rexhep-lleshi\/","name":"Dita e M\u00ebsuesit pa m\u00ebsues nga Rexhep Lleshi - Lajme nga Ulqini","isPartOf":{"@id":"https:\/\/www.visit-ulcinj.com\/blog\/#website"},"primaryImageOfPage":{"@id":"https:\/\/www.visit-ulcinj.com\/blog\/2014\/03\/15\/dita-e-mesuesit-pa-mesues-nga-rexhep-lleshi\/#primaryimage"},"datePublished":"2014-03-15T17:43:55+00:00","dateModified":"2014-03-15T17:43:55+00:00","author":{"@id":"https:\/\/www.visit-ulcinj.com\/blog\/#\/schema\/person\/dcab619c614d3038751c63bc2aadc06d"},"description":"Nga Kronika e arsimit t\u00eb Shtetit Am\u00eb, Shqip\u00ebris\u00eb, u shk\u00ebput 7 Marsi, data e hapjes s\u00eb shkoll\u00ebs par\u00eb shqipe, p\u00ebr tu shenuar si Dita e M\u00ebsuesit. Me vurjen e","breadcrumb":{"@id":"https:\/\/www.visit-ulcinj.com\/blog\/2014\/03\/15\/dita-e-mesuesit-pa-mesues-nga-rexhep-lleshi\/#breadcrumb"},"inLanguage":"en-US","potentialAction":[{"@type":"ReadAction","target":["https:\/\/www.visit-ulcinj.com\/blog\/2014\/03\/15\/dita-e-mesuesit-pa-mesues-nga-rexhep-lleshi\/"]}]},{"@type":"BreadcrumbList","@id":"https:\/\/www.visit-ulcinj.com\/blog\/2014\/03\/15\/dita-e-mesuesit-pa-mesues-nga-rexhep-lleshi\/#breadcrumb","itemListElement":[{"@type":"ListItem","position":1,"name":"Dita e M\u00ebsuesit pa m\u00ebsues nga Rexhep Lleshi"}]},{"@type":"Person","@id":"https:\/\/www.visit-ulcinj.com\/blog\/#\/schema\/person\/dcab619c614d3038751c63bc2aadc06d","name":"ulqini","sameAs":["http:\/\/www.visit-ulcinj.com"],"url":"https:\/\/www.visit-ulcinj.com\/blog\/author\/admin\/"}]}},"jetpack_featured_media_url":"","jetpack_sharing_enabled":true,"jetpack_shortlink":"https:\/\/wp.me\/pe6lTn-kZO","_links":{"self":[{"href":"https:\/\/www.visit-ulcinj.com\/blog\/wp-json\/wp\/v2\/posts\/80712"}],"collection":[{"href":"https:\/\/www.visit-ulcinj.com\/blog\/wp-json\/wp\/v2\/posts"}],"about":[{"href":"https:\/\/www.visit-ulcinj.com\/blog\/wp-json\/wp\/v2\/types\/post"}],"author":[{"embeddable":true,"href":"https:\/\/www.visit-ulcinj.com\/blog\/wp-json\/wp\/v2\/users\/1"}],"replies":[{"embeddable":true,"href":"https:\/\/www.visit-ulcinj.com\/blog\/wp-json\/wp\/v2\/comments?post=80712"}],"version-history":[{"count":1,"href":"https:\/\/www.visit-ulcinj.com\/blog\/wp-json\/wp\/v2\/posts\/80712\/revisions"}],"predecessor-version":[{"id":80714,"href":"https:\/\/www.visit-ulcinj.com\/blog\/wp-json\/wp\/v2\/posts\/80712\/revisions\/80714"}],"wp:attachment":[{"href":"https:\/\/www.visit-ulcinj.com\/blog\/wp-json\/wp\/v2\/media?parent=80712"}],"wp:term":[{"taxonomy":"category","embeddable":true,"href":"https:\/\/www.visit-ulcinj.com\/blog\/wp-json\/wp\/v2\/categories?post=80712"},{"taxonomy":"post_tag","embeddable":true,"href":"https:\/\/www.visit-ulcinj.com\/blog\/wp-json\/wp\/v2\/tags?post=80712"}],"curies":[{"name":"wp","href":"https:\/\/api.w.org\/{rel}","templated":true}]}}