{"id":80720,"date":"2014-03-15T21:28:28","date_gmt":"2014-03-15T20:28:28","guid":{"rendered":"http:\/\/www.visit-ulcinj.com\/blog\/?p=80720"},"modified":"2014-03-17T23:07:05","modified_gmt":"2014-03-17T22:07:05","slug":"muzeumi-etnografik-malesise-ne-rrezik-ta-shkycin-nga-rrjeti-energjise-elektrike","status":"publish","type":"post","link":"https:\/\/www.visit-ulcinj.com\/blog\/2014\/03\/15\/muzeumi-etnografik-malesise-ne-rrezik-ta-shkycin-nga-rrjeti-energjise-elektrike\/","title":{"rendered":"Muzeumi Etnografik i Mal\u00ebsis\u00eb n\u00eb rrezik ta shky\u00e7in nga rrjeti i energjis\u00eb elektrike &#8211; Video"},"content":{"rendered":"<p><a href=\"http:\/\/www.visit-ulcinj.com\/blog\/wp-content\/uploads\/2014\/03\/Muzeumi-Etnografik-i-Mal\u00ebsis\u00eb.jpg\"><img loading=\"lazy\" class=\"alignleft  wp-image-80721\" alt=\"Muzeumi Etnografik i Mal\u00ebsis\u00eb\" src=\"http:\/\/www.visit-ulcinj.com\/blog\/wp-content\/uploads\/2014\/03\/Muzeumi-Etnografik-i-Mal\u00ebsis\u00eb.jpg\" width=\"508\" height=\"360\" \/><\/a>M\u00eb dat\u00ebn 10.03.2014 Muzeumit Etnografik, t\u00eb vet\u00ebm n\u00eb Mal\u00ebsi, t\u00eb pronarit Shtjef\u00ebn Ivezaj, p\u00ebr shkak t\u00eb pa mund\u00ebsis\u00eb q\u00eb t\u00eb paguaj borxhin p\u00ebr energjin\u00eb elektrike, iu nd\u00ebrpre rryma.<\/p>\n<p>Mir\u00ebpo mbas intervenimit nga pushteti lokal n\u00eb Tuz, iu l\u00ebshua rryma vet\u00ebm p\u00ebr nj\u00eb jav\u00eb.<\/p>\n<p>K\u00ebshtu Shtjef\u00ebn Ivezaj me bashk\u00ebshorten e vet Gjyst\u00ebn, t\u00eb cil\u00ebt sht\u00ebpin\u00eb e vet e shnd\u00ebrruan n\u00eb muze, s\u00eb shpejti mund te mbeten p\u00ebrs\u00ebri ne terr p\u00ebr shkak t\u00eb pa mund\u00ebsis\u00eb q\u00eb ta shlyejn\u00eb borxhin.<\/p>\n<p>Albert Camaj<\/p>\n<p>Portali MALESIA.ORG<\/p>\n<!--YouTube Error: bad URL entered-->\n<p>Shikoni videon t\u00eb in\u00e7izuar nga vet Shtjefni gjat\u00eb shk\u00ebputjes \u00a0s\u00eb rrym\u00ebs elektrike.<\/p>\n<!--YouTube Error: bad URL entered-->\n<div id=\"fb-root\"><\/div>\n<p><script type=\"text\/javascript\">\/\/ <![CDATA[\n(function(d, s, id) { var js, fjs = d.getElementsByTagName(s)[0]; if (d.getElementById(id)) return; js = d.createElement(s); js.id = id; js.src = \"\/\/connect.facebook.net\/fr_FR\/all.js#xfbml=1\"; fjs.parentNode.insertBefore(js, fjs); }(document, 'script', 'facebook-jssdk'));\n\/\/ ]]><\/script><\/p>\n<div class=\"fb-post\" data-href=\"https:\/\/www.facebook.com\/photo.php?v=724990037535611\" data-width=\"466\"><\/div>\n","protected":false},"excerpt":{"rendered":"<p>M\u00eb dat\u00ebn 10.03.2014 Muzeumit Etnografik, t\u00eb vet\u00ebm n\u00eb Mal\u00ebsi, t\u00eb pronarit Shtjef\u00ebn Ivezaj, p\u00ebr shkak t\u00eb pa mund\u00ebsis\u00eb q\u00eb t\u00eb paguaj borxhin p\u00ebr energjin\u00eb elektrike, iu nd\u00ebrpre rryma. Mir\u00ebpo mbas intervenimit nga pushteti lokal n\u00eb Tuz, iu l\u00ebshua rryma vet\u00ebm p\u00ebr nj\u00eb jav\u00eb. K\u00ebshtu Shtjef\u00ebn Ivezaj me bashk\u00ebshorten e vet Gjyst\u00ebn, t\u00eb cil\u00ebt sht\u00ebpin\u00eb e [&hellip;]<\/p>\n","protected":false},"author":1,"featured_media":0,"comment_status":"closed","ping_status":"closed","sticky":false,"template":"","format":"standard","meta":{"spay_email":"","jetpack_publicize_message":"","jetpack_is_tweetstorm":false,"jetpack_publicize_feature_enabled":true},"categories":[14],"tags":[],"jetpack_publicize_connections":[],"yoast_head":"<!-- This site is optimized with the Yoast SEO plugin v19.1 - https:\/\/yoast.com\/wordpress\/plugins\/seo\/ -->\n<title>Muzeumi Etnografik i Mal\u00ebsis\u00eb n\u00eb rrezik ta shky\u00e7in nga rrjeti i energjis\u00eb elektrike - Video - Lajme nga Ulqini<\/title>\n<meta name=\"description\" content=\"M\u00eb dat\u00ebn 10.03.2014 Muzeumit Etnografik, t\u00eb vet\u00ebm n\u00eb Mal\u00ebsi, t\u00eb pronarit Shtjef\u00ebn Ivezaj, p\u00ebr shkak t\u00eb pa mund\u00ebsis\u00eb q\u00eb t\u00eb paguaj borxhin p\u00ebr energjin\u00eb\" \/>\n<meta name=\"robots\" content=\"index, follow, max-snippet:-1, max-image-preview:large, max-video-preview:-1\" \/>\n<link rel=\"canonical\" href=\"https:\/\/www.visit-ulcinj.com\/blog\/2014\/03\/15\/muzeumi-etnografik-malesise-ne-rrezik-ta-shkycin-nga-rrjeti-energjise-elektrike\/\" \/>\n<meta property=\"og:locale\" content=\"en_US\" \/>\n<meta property=\"og:type\" content=\"article\" \/>\n<meta property=\"og:title\" content=\"Muzeumi Etnografik i Mal\u00ebsis\u00eb n\u00eb rrezik ta shky\u00e7in nga rrjeti i energjis\u00eb elektrike - Video - Lajme nga Ulqini\" \/>\n<meta property=\"og:description\" content=\"M\u00eb dat\u00ebn 10.03.2014 Muzeumit Etnografik, t\u00eb vet\u00ebm n\u00eb Mal\u00ebsi, t\u00eb pronarit Shtjef\u00ebn Ivezaj, p\u00ebr shkak t\u00eb pa mund\u00ebsis\u00eb q\u00eb t\u00eb paguaj borxhin p\u00ebr energjin\u00eb\" \/>\n<meta property=\"og:url\" content=\"https:\/\/www.visit-ulcinj.com\/blog\/2014\/03\/15\/muzeumi-etnografik-malesise-ne-rrezik-ta-shkycin-nga-rrjeti-energjise-elektrike\/\" \/>\n<meta property=\"og:site_name\" content=\"Lajme nga Ulqini\" \/>\n<meta property=\"article:published_time\" content=\"2014-03-15T20:28:28+00:00\" \/>\n<meta property=\"article:modified_time\" content=\"2014-03-17T22:07:05+00:00\" \/>\n<meta name=\"twitter:label1\" content=\"Written by\" \/>\n\t<meta name=\"twitter:data1\" content=\"ulqini\" \/>\n\t<meta name=\"twitter:label2\" content=\"Est. reading time\" \/>\n\t<meta name=\"twitter:data2\" content=\"1 minute\" \/>\n<script type=\"application\/ld+json\" class=\"yoast-schema-graph\">{\"@context\":\"https:\/\/schema.org\",\"@graph\":[{\"@type\":\"WebSite\",\"@id\":\"https:\/\/www.visit-ulcinj.com\/blog\/#website\",\"url\":\"https:\/\/www.visit-ulcinj.com\/blog\/\",\"name\":\"Lajme nga Ulqini\",\"description\":\"Lajme,Vijesti,Ulqini,Ulqin,Crna Gora,Mali i Zi\",\"potentialAction\":[{\"@type\":\"SearchAction\",\"target\":{\"@type\":\"EntryPoint\",\"urlTemplate\":\"https:\/\/www.visit-ulcinj.com\/blog\/?s={search_term_string}\"},\"query-input\":\"required name=search_term_string\"}],\"inLanguage\":\"en-US\"},{\"@type\":\"WebPage\",\"@id\":\"https:\/\/www.visit-ulcinj.com\/blog\/2014\/03\/15\/muzeumi-etnografik-malesise-ne-rrezik-ta-shkycin-nga-rrjeti-energjise-elektrike\/#webpage\",\"url\":\"https:\/\/www.visit-ulcinj.com\/blog\/2014\/03\/15\/muzeumi-etnografik-malesise-ne-rrezik-ta-shkycin-nga-rrjeti-energjise-elektrike\/\",\"name\":\"Muzeumi Etnografik i Mal\u00ebsis\u00eb n\u00eb rrezik ta shky\u00e7in nga rrjeti i energjis\u00eb elektrike - Video - Lajme nga Ulqini\",\"isPartOf\":{\"@id\":\"https:\/\/www.visit-ulcinj.com\/blog\/#website\"},\"datePublished\":\"2014-03-15T20:28:28+00:00\",\"dateModified\":\"2014-03-17T22:07:05+00:00\",\"author\":{\"@id\":\"https:\/\/www.visit-ulcinj.com\/blog\/#\/schema\/person\/dcab619c614d3038751c63bc2aadc06d\"},\"description\":\"M\u00eb dat\u00ebn 10.03.2014 Muzeumit Etnografik, t\u00eb vet\u00ebm n\u00eb Mal\u00ebsi, t\u00eb pronarit Shtjef\u00ebn Ivezaj, p\u00ebr shkak t\u00eb pa mund\u00ebsis\u00eb q\u00eb t\u00eb paguaj borxhin p\u00ebr energjin\u00eb\",\"breadcrumb\":{\"@id\":\"https:\/\/www.visit-ulcinj.com\/blog\/2014\/03\/15\/muzeumi-etnografik-malesise-ne-rrezik-ta-shkycin-nga-rrjeti-energjise-elektrike\/#breadcrumb\"},\"inLanguage\":\"en-US\",\"potentialAction\":[{\"@type\":\"ReadAction\",\"target\":[\"https:\/\/www.visit-ulcinj.com\/blog\/2014\/03\/15\/muzeumi-etnografik-malesise-ne-rrezik-ta-shkycin-nga-rrjeti-energjise-elektrike\/\"]}]},{\"@type\":\"BreadcrumbList\",\"@id\":\"https:\/\/www.visit-ulcinj.com\/blog\/2014\/03\/15\/muzeumi-etnografik-malesise-ne-rrezik-ta-shkycin-nga-rrjeti-energjise-elektrike\/#breadcrumb\",\"itemListElement\":[{\"@type\":\"ListItem\",\"position\":1,\"name\":\"Muzeumi Etnografik i Mal\u00ebsis\u00eb n\u00eb rrezik ta shky\u00e7in nga rrjeti i energjis\u00eb elektrike &#8211; Video\"}]},{\"@type\":\"Person\",\"@id\":\"https:\/\/www.visit-ulcinj.com\/blog\/#\/schema\/person\/dcab619c614d3038751c63bc2aadc06d\",\"name\":\"ulqini\",\"sameAs\":[\"http:\/\/www.visit-ulcinj.com\"],\"url\":\"https:\/\/www.visit-ulcinj.com\/blog\/author\/admin\/\"}]}<\/script>\n<!-- \/ Yoast SEO plugin. -->","yoast_head_json":{"title":"Muzeumi Etnografik i Mal\u00ebsis\u00eb n\u00eb rrezik ta shky\u00e7in nga rrjeti i energjis\u00eb elektrike - Video - Lajme nga Ulqini","description":"M\u00eb dat\u00ebn 10.03.2014 Muzeumit Etnografik, t\u00eb vet\u00ebm n\u00eb Mal\u00ebsi, t\u00eb pronarit Shtjef\u00ebn Ivezaj, p\u00ebr shkak t\u00eb pa mund\u00ebsis\u00eb q\u00eb t\u00eb paguaj borxhin p\u00ebr energjin\u00eb","robots":{"index":"index","follow":"follow","max-snippet":"max-snippet:-1","max-image-preview":"max-image-preview:large","max-video-preview":"max-video-preview:-1"},"canonical":"https:\/\/www.visit-ulcinj.com\/blog\/2014\/03\/15\/muzeumi-etnografik-malesise-ne-rrezik-ta-shkycin-nga-rrjeti-energjise-elektrike\/","og_locale":"en_US","og_type":"article","og_title":"Muzeumi Etnografik i Mal\u00ebsis\u00eb n\u00eb rrezik ta shky\u00e7in nga rrjeti i energjis\u00eb elektrike - Video - Lajme nga Ulqini","og_description":"M\u00eb dat\u00ebn 10.03.2014 Muzeumit Etnografik, t\u00eb vet\u00ebm n\u00eb Mal\u00ebsi, t\u00eb pronarit Shtjef\u00ebn Ivezaj, p\u00ebr shkak t\u00eb pa mund\u00ebsis\u00eb q\u00eb t\u00eb paguaj borxhin p\u00ebr energjin\u00eb","og_url":"https:\/\/www.visit-ulcinj.com\/blog\/2014\/03\/15\/muzeumi-etnografik-malesise-ne-rrezik-ta-shkycin-nga-rrjeti-energjise-elektrike\/","og_site_name":"Lajme nga Ulqini","article_published_time":"2014-03-15T20:28:28+00:00","article_modified_time":"2014-03-17T22:07:05+00:00","twitter_misc":{"Written by":"ulqini","Est. reading time":"1 minute"},"schema":{"@context":"https:\/\/schema.org","@graph":[{"@type":"WebSite","@id":"https:\/\/www.visit-ulcinj.com\/blog\/#website","url":"https:\/\/www.visit-ulcinj.com\/blog\/","name":"Lajme nga Ulqini","description":"Lajme,Vijesti,Ulqini,Ulqin,Crna Gora,Mali i Zi","potentialAction":[{"@type":"SearchAction","target":{"@type":"EntryPoint","urlTemplate":"https:\/\/www.visit-ulcinj.com\/blog\/?s={search_term_string}"},"query-input":"required name=search_term_string"}],"inLanguage":"en-US"},{"@type":"WebPage","@id":"https:\/\/www.visit-ulcinj.com\/blog\/2014\/03\/15\/muzeumi-etnografik-malesise-ne-rrezik-ta-shkycin-nga-rrjeti-energjise-elektrike\/#webpage","url":"https:\/\/www.visit-ulcinj.com\/blog\/2014\/03\/15\/muzeumi-etnografik-malesise-ne-rrezik-ta-shkycin-nga-rrjeti-energjise-elektrike\/","name":"Muzeumi Etnografik i Mal\u00ebsis\u00eb n\u00eb rrezik ta shky\u00e7in nga rrjeti i energjis\u00eb elektrike - Video - Lajme nga Ulqini","isPartOf":{"@id":"https:\/\/www.visit-ulcinj.com\/blog\/#website"},"datePublished":"2014-03-15T20:28:28+00:00","dateModified":"2014-03-17T22:07:05+00:00","author":{"@id":"https:\/\/www.visit-ulcinj.com\/blog\/#\/schema\/person\/dcab619c614d3038751c63bc2aadc06d"},"description":"M\u00eb dat\u00ebn 10.03.2014 Muzeumit Etnografik, t\u00eb vet\u00ebm n\u00eb Mal\u00ebsi, t\u00eb pronarit Shtjef\u00ebn Ivezaj, p\u00ebr shkak t\u00eb pa mund\u00ebsis\u00eb q\u00eb t\u00eb paguaj borxhin p\u00ebr energjin\u00eb","breadcrumb":{"@id":"https:\/\/www.visit-ulcinj.com\/blog\/2014\/03\/15\/muzeumi-etnografik-malesise-ne-rrezik-ta-shkycin-nga-rrjeti-energjise-elektrike\/#breadcrumb"},"inLanguage":"en-US","potentialAction":[{"@type":"ReadAction","target":["https:\/\/www.visit-ulcinj.com\/blog\/2014\/03\/15\/muzeumi-etnografik-malesise-ne-rrezik-ta-shkycin-nga-rrjeti-energjise-elektrike\/"]}]},{"@type":"BreadcrumbList","@id":"https:\/\/www.visit-ulcinj.com\/blog\/2014\/03\/15\/muzeumi-etnografik-malesise-ne-rrezik-ta-shkycin-nga-rrjeti-energjise-elektrike\/#breadcrumb","itemListElement":[{"@type":"ListItem","position":1,"name":"Muzeumi Etnografik i Mal\u00ebsis\u00eb n\u00eb rrezik ta shky\u00e7in nga rrjeti i energjis\u00eb elektrike &#8211; Video"}]},{"@type":"Person","@id":"https:\/\/www.visit-ulcinj.com\/blog\/#\/schema\/person\/dcab619c614d3038751c63bc2aadc06d","name":"ulqini","sameAs":["http:\/\/www.visit-ulcinj.com"],"url":"https:\/\/www.visit-ulcinj.com\/blog\/author\/admin\/"}]}},"jetpack_featured_media_url":"","jetpack_sharing_enabled":true,"jetpack_shortlink":"https:\/\/wp.me\/pe6lTn-kZW","_links":{"self":[{"href":"https:\/\/www.visit-ulcinj.com\/blog\/wp-json\/wp\/v2\/posts\/80720"}],"collection":[{"href":"https:\/\/www.visit-ulcinj.com\/blog\/wp-json\/wp\/v2\/posts"}],"about":[{"href":"https:\/\/www.visit-ulcinj.com\/blog\/wp-json\/wp\/v2\/types\/post"}],"author":[{"embeddable":true,"href":"https:\/\/www.visit-ulcinj.com\/blog\/wp-json\/wp\/v2\/users\/1"}],"replies":[{"embeddable":true,"href":"https:\/\/www.visit-ulcinj.com\/blog\/wp-json\/wp\/v2\/comments?post=80720"}],"version-history":[{"count":9,"href":"https:\/\/www.visit-ulcinj.com\/blog\/wp-json\/wp\/v2\/posts\/80720\/revisions"}],"predecessor-version":[{"id":80745,"href":"https:\/\/www.visit-ulcinj.com\/blog\/wp-json\/wp\/v2\/posts\/80720\/revisions\/80745"}],"wp:attachment":[{"href":"https:\/\/www.visit-ulcinj.com\/blog\/wp-json\/wp\/v2\/media?parent=80720"}],"wp:term":[{"taxonomy":"category","embeddable":true,"href":"https:\/\/www.visit-ulcinj.com\/blog\/wp-json\/wp\/v2\/categories?post=80720"},{"taxonomy":"post_tag","embeddable":true,"href":"https:\/\/www.visit-ulcinj.com\/blog\/wp-json\/wp\/v2\/tags?post=80720"}],"curies":[{"name":"wp","href":"https:\/\/api.w.org\/{rel}","templated":true}]}}