{"id":80730,"date":"2014-03-15T22:19:50","date_gmt":"2014-03-15T21:19:50","guid":{"rendered":"http:\/\/www.visit-ulcinj.com\/blog\/?p=80730"},"modified":"2014-03-15T22:20:42","modified_gmt":"2014-03-15T21:20:42","slug":"dokumentar-rrefimet-e-brahim-pelinkut-pjesa-e-dyte-video","status":"publish","type":"post","link":"https:\/\/www.visit-ulcinj.com\/blog\/2014\/03\/15\/dokumentar-rrefimet-e-brahim-pelinkut-pjesa-e-dyte-video\/","title":{"rendered":"Dokumentar Rr\u00ebfimet e Brahim Pelinkut pjesa e dyt\u00eb &#8211; Video"},"content":{"rendered":"<p><a href=\"http:\/\/www.visit-ulcinj.com\/blog\/wp-content\/uploads\/2014\/03\/Brahim-Pelinku-Ulqin.jpg\"><img loading=\"lazy\" class=\"alignleft  wp-image-80731\" alt=\"Brahim-Pelinku-Ulqin\" src=\"http:\/\/www.visit-ulcinj.com\/blog\/wp-content\/uploads\/2014\/03\/Brahim-Pelinku-Ulqin.jpg\" width=\"508\" height=\"347\" \/><\/a>Brahim Pelinku flet ne dokumentarin e vet\u00eb p\u00ebr Hasan Isufin, si komandanti i xhandarm\u00ebris\u00eb s\u00eb Shkodr\u00ebs n\u00eb koh\u00eb t\u00eb gjerman\u00ebve.<\/p>\n<p><strong>Ju ftojm\u00eb t\u00eb shikoni videon e realizuar nga stafi i Tv Teuta \u2013 Ibrahim Berjashi<\/strong><\/p>\n<!--YouTube Error: bad URL entered-->\n<p>&nbsp;<\/p>\n<p>&nbsp;<\/p>\n","protected":false},"excerpt":{"rendered":"<p>Brahim Pelinku flet ne dokumentarin e vet\u00eb p\u00ebr Hasan Isufin, si komandanti i xhandarm\u00ebris\u00eb s\u00eb Shkodr\u00ebs n\u00eb koh\u00eb t\u00eb gjerman\u00ebve. Ju ftojm\u00eb t\u00eb shikoni videon e realizuar nga stafi i Tv Teuta \u2013 Ibrahim Berjashi &nbsp; &nbsp;<\/p>\n","protected":false},"author":1,"featured_media":0,"comment_status":"closed","ping_status":"closed","sticky":false,"template":"","format":"standard","meta":{"spay_email":"","jetpack_publicize_message":"","jetpack_is_tweetstorm":false,"jetpack_publicize_feature_enabled":true},"categories":[10],"tags":[],"jetpack_publicize_connections":[],"yoast_head":"<!-- This site is optimized with the Yoast SEO plugin v19.1 - https:\/\/yoast.com\/wordpress\/plugins\/seo\/ -->\n<title>Dokumentar Rr\u00ebfimet e Brahim Pelinkut pjesa e dyt\u00eb - Video - Lajme nga Ulqini<\/title>\n<meta name=\"description\" content=\"Brahim Pelinku flet ne dokumentarin e vet\u00eb p\u00ebr Hasan Isufin, si komandanti i xhandarm\u00ebris\u00eb s\u00eb Shkodr\u00ebs n\u00eb koh\u00eb t\u00eb gjerman\u00ebve. Ju ftojm\u00eb t\u00eb shikoni videon\" \/>\n<meta name=\"robots\" content=\"index, follow, max-snippet:-1, max-image-preview:large, max-video-preview:-1\" \/>\n<link rel=\"canonical\" href=\"https:\/\/www.visit-ulcinj.com\/blog\/2014\/03\/15\/dokumentar-rrefimet-e-brahim-pelinkut-pjesa-e-dyte-video\/\" \/>\n<meta property=\"og:locale\" content=\"en_US\" \/>\n<meta property=\"og:type\" content=\"article\" \/>\n<meta property=\"og:title\" content=\"Dokumentar Rr\u00ebfimet e Brahim Pelinkut pjesa e dyt\u00eb - Video - Lajme nga Ulqini\" \/>\n<meta property=\"og:description\" content=\"Brahim Pelinku flet ne dokumentarin e vet\u00eb p\u00ebr Hasan Isufin, si komandanti i xhandarm\u00ebris\u00eb s\u00eb Shkodr\u00ebs n\u00eb koh\u00eb t\u00eb gjerman\u00ebve. Ju ftojm\u00eb t\u00eb shikoni videon\" \/>\n<meta property=\"og:url\" content=\"https:\/\/www.visit-ulcinj.com\/blog\/2014\/03\/15\/dokumentar-rrefimet-e-brahim-pelinkut-pjesa-e-dyte-video\/\" \/>\n<meta property=\"og:site_name\" content=\"Lajme nga Ulqini\" \/>\n<meta property=\"article:published_time\" content=\"2014-03-15T21:19:50+00:00\" \/>\n<meta property=\"article:modified_time\" content=\"2014-03-15T21:20:42+00:00\" \/>\n<meta property=\"og:image\" content=\"http:\/\/www.visit-ulcinj.com\/blog\/wp-content\/uploads\/2014\/03\/Brahim-Pelinku-Ulqin.jpg\" \/>\n<meta name=\"twitter:label1\" content=\"Written by\" \/>\n\t<meta name=\"twitter:data1\" content=\"ulqini\" \/>\n<script type=\"application\/ld+json\" class=\"yoast-schema-graph\">{\"@context\":\"https:\/\/schema.org\",\"@graph\":[{\"@type\":\"WebSite\",\"@id\":\"https:\/\/www.visit-ulcinj.com\/blog\/#website\",\"url\":\"https:\/\/www.visit-ulcinj.com\/blog\/\",\"name\":\"Lajme nga Ulqini\",\"description\":\"Lajme,Vijesti,Ulqini,Ulqin,Crna Gora,Mali i Zi\",\"potentialAction\":[{\"@type\":\"SearchAction\",\"target\":{\"@type\":\"EntryPoint\",\"urlTemplate\":\"https:\/\/www.visit-ulcinj.com\/blog\/?s={search_term_string}\"},\"query-input\":\"required name=search_term_string\"}],\"inLanguage\":\"en-US\"},{\"@type\":\"ImageObject\",\"inLanguage\":\"en-US\",\"@id\":\"https:\/\/www.visit-ulcinj.com\/blog\/2014\/03\/15\/dokumentar-rrefimet-e-brahim-pelinkut-pjesa-e-dyte-video\/#primaryimage\",\"url\":\"https:\/\/www.visit-ulcinj.com\/blog\/wp-content\/uploads\/2014\/03\/Brahim-Pelinku-Ulqin.jpg\",\"contentUrl\":\"https:\/\/www.visit-ulcinj.com\/blog\/wp-content\/uploads\/2014\/03\/Brahim-Pelinku-Ulqin.jpg\",\"width\":524,\"height\":347},{\"@type\":\"WebPage\",\"@id\":\"https:\/\/www.visit-ulcinj.com\/blog\/2014\/03\/15\/dokumentar-rrefimet-e-brahim-pelinkut-pjesa-e-dyte-video\/#webpage\",\"url\":\"https:\/\/www.visit-ulcinj.com\/blog\/2014\/03\/15\/dokumentar-rrefimet-e-brahim-pelinkut-pjesa-e-dyte-video\/\",\"name\":\"Dokumentar Rr\u00ebfimet e Brahim Pelinkut pjesa e dyt\u00eb - Video - Lajme nga Ulqini\",\"isPartOf\":{\"@id\":\"https:\/\/www.visit-ulcinj.com\/blog\/#website\"},\"primaryImageOfPage\":{\"@id\":\"https:\/\/www.visit-ulcinj.com\/blog\/2014\/03\/15\/dokumentar-rrefimet-e-brahim-pelinkut-pjesa-e-dyte-video\/#primaryimage\"},\"datePublished\":\"2014-03-15T21:19:50+00:00\",\"dateModified\":\"2014-03-15T21:20:42+00:00\",\"author\":{\"@id\":\"https:\/\/www.visit-ulcinj.com\/blog\/#\/schema\/person\/dcab619c614d3038751c63bc2aadc06d\"},\"description\":\"Brahim Pelinku flet ne dokumentarin e vet\u00eb p\u00ebr Hasan Isufin, si komandanti i xhandarm\u00ebris\u00eb s\u00eb Shkodr\u00ebs n\u00eb koh\u00eb t\u00eb gjerman\u00ebve. Ju ftojm\u00eb t\u00eb shikoni videon\",\"breadcrumb\":{\"@id\":\"https:\/\/www.visit-ulcinj.com\/blog\/2014\/03\/15\/dokumentar-rrefimet-e-brahim-pelinkut-pjesa-e-dyte-video\/#breadcrumb\"},\"inLanguage\":\"en-US\",\"potentialAction\":[{\"@type\":\"ReadAction\",\"target\":[\"https:\/\/www.visit-ulcinj.com\/blog\/2014\/03\/15\/dokumentar-rrefimet-e-brahim-pelinkut-pjesa-e-dyte-video\/\"]}]},{\"@type\":\"BreadcrumbList\",\"@id\":\"https:\/\/www.visit-ulcinj.com\/blog\/2014\/03\/15\/dokumentar-rrefimet-e-brahim-pelinkut-pjesa-e-dyte-video\/#breadcrumb\",\"itemListElement\":[{\"@type\":\"ListItem\",\"position\":1,\"name\":\"Dokumentar Rr\u00ebfimet e Brahim Pelinkut pjesa e dyt\u00eb &#8211; Video\"}]},{\"@type\":\"Person\",\"@id\":\"https:\/\/www.visit-ulcinj.com\/blog\/#\/schema\/person\/dcab619c614d3038751c63bc2aadc06d\",\"name\":\"ulqini\",\"sameAs\":[\"http:\/\/www.visit-ulcinj.com\"],\"url\":\"https:\/\/www.visit-ulcinj.com\/blog\/author\/admin\/\"}]}<\/script>\n<!-- \/ Yoast SEO plugin. -->","yoast_head_json":{"title":"Dokumentar Rr\u00ebfimet e Brahim Pelinkut pjesa e dyt\u00eb - Video - Lajme nga Ulqini","description":"Brahim Pelinku flet ne dokumentarin e vet\u00eb p\u00ebr Hasan Isufin, si komandanti i xhandarm\u00ebris\u00eb s\u00eb Shkodr\u00ebs n\u00eb koh\u00eb t\u00eb gjerman\u00ebve. Ju ftojm\u00eb t\u00eb shikoni videon","robots":{"index":"index","follow":"follow","max-snippet":"max-snippet:-1","max-image-preview":"max-image-preview:large","max-video-preview":"max-video-preview:-1"},"canonical":"https:\/\/www.visit-ulcinj.com\/blog\/2014\/03\/15\/dokumentar-rrefimet-e-brahim-pelinkut-pjesa-e-dyte-video\/","og_locale":"en_US","og_type":"article","og_title":"Dokumentar Rr\u00ebfimet e Brahim Pelinkut pjesa e dyt\u00eb - Video - Lajme nga Ulqini","og_description":"Brahim Pelinku flet ne dokumentarin e vet\u00eb p\u00ebr Hasan Isufin, si komandanti i xhandarm\u00ebris\u00eb s\u00eb Shkodr\u00ebs n\u00eb koh\u00eb t\u00eb gjerman\u00ebve. Ju ftojm\u00eb t\u00eb shikoni videon","og_url":"https:\/\/www.visit-ulcinj.com\/blog\/2014\/03\/15\/dokumentar-rrefimet-e-brahim-pelinkut-pjesa-e-dyte-video\/","og_site_name":"Lajme nga Ulqini","article_published_time":"2014-03-15T21:19:50+00:00","article_modified_time":"2014-03-15T21:20:42+00:00","og_image":[{"url":"http:\/\/www.visit-ulcinj.com\/blog\/wp-content\/uploads\/2014\/03\/Brahim-Pelinku-Ulqin.jpg"}],"twitter_misc":{"Written by":"ulqini"},"schema":{"@context":"https:\/\/schema.org","@graph":[{"@type":"WebSite","@id":"https:\/\/www.visit-ulcinj.com\/blog\/#website","url":"https:\/\/www.visit-ulcinj.com\/blog\/","name":"Lajme nga Ulqini","description":"Lajme,Vijesti,Ulqini,Ulqin,Crna Gora,Mali i Zi","potentialAction":[{"@type":"SearchAction","target":{"@type":"EntryPoint","urlTemplate":"https:\/\/www.visit-ulcinj.com\/blog\/?s={search_term_string}"},"query-input":"required name=search_term_string"}],"inLanguage":"en-US"},{"@type":"ImageObject","inLanguage":"en-US","@id":"https:\/\/www.visit-ulcinj.com\/blog\/2014\/03\/15\/dokumentar-rrefimet-e-brahim-pelinkut-pjesa-e-dyte-video\/#primaryimage","url":"https:\/\/www.visit-ulcinj.com\/blog\/wp-content\/uploads\/2014\/03\/Brahim-Pelinku-Ulqin.jpg","contentUrl":"https:\/\/www.visit-ulcinj.com\/blog\/wp-content\/uploads\/2014\/03\/Brahim-Pelinku-Ulqin.jpg","width":524,"height":347},{"@type":"WebPage","@id":"https:\/\/www.visit-ulcinj.com\/blog\/2014\/03\/15\/dokumentar-rrefimet-e-brahim-pelinkut-pjesa-e-dyte-video\/#webpage","url":"https:\/\/www.visit-ulcinj.com\/blog\/2014\/03\/15\/dokumentar-rrefimet-e-brahim-pelinkut-pjesa-e-dyte-video\/","name":"Dokumentar Rr\u00ebfimet e Brahim Pelinkut pjesa e dyt\u00eb - Video - Lajme nga Ulqini","isPartOf":{"@id":"https:\/\/www.visit-ulcinj.com\/blog\/#website"},"primaryImageOfPage":{"@id":"https:\/\/www.visit-ulcinj.com\/blog\/2014\/03\/15\/dokumentar-rrefimet-e-brahim-pelinkut-pjesa-e-dyte-video\/#primaryimage"},"datePublished":"2014-03-15T21:19:50+00:00","dateModified":"2014-03-15T21:20:42+00:00","author":{"@id":"https:\/\/www.visit-ulcinj.com\/blog\/#\/schema\/person\/dcab619c614d3038751c63bc2aadc06d"},"description":"Brahim Pelinku flet ne dokumentarin e vet\u00eb p\u00ebr Hasan Isufin, si komandanti i xhandarm\u00ebris\u00eb s\u00eb Shkodr\u00ebs n\u00eb koh\u00eb t\u00eb gjerman\u00ebve. Ju ftojm\u00eb t\u00eb shikoni videon","breadcrumb":{"@id":"https:\/\/www.visit-ulcinj.com\/blog\/2014\/03\/15\/dokumentar-rrefimet-e-brahim-pelinkut-pjesa-e-dyte-video\/#breadcrumb"},"inLanguage":"en-US","potentialAction":[{"@type":"ReadAction","target":["https:\/\/www.visit-ulcinj.com\/blog\/2014\/03\/15\/dokumentar-rrefimet-e-brahim-pelinkut-pjesa-e-dyte-video\/"]}]},{"@type":"BreadcrumbList","@id":"https:\/\/www.visit-ulcinj.com\/blog\/2014\/03\/15\/dokumentar-rrefimet-e-brahim-pelinkut-pjesa-e-dyte-video\/#breadcrumb","itemListElement":[{"@type":"ListItem","position":1,"name":"Dokumentar Rr\u00ebfimet e Brahim Pelinkut pjesa e dyt\u00eb &#8211; Video"}]},{"@type":"Person","@id":"https:\/\/www.visit-ulcinj.com\/blog\/#\/schema\/person\/dcab619c614d3038751c63bc2aadc06d","name":"ulqini","sameAs":["http:\/\/www.visit-ulcinj.com"],"url":"https:\/\/www.visit-ulcinj.com\/blog\/author\/admin\/"}]}},"jetpack_featured_media_url":"","jetpack_sharing_enabled":true,"jetpack_shortlink":"https:\/\/wp.me\/pe6lTn-l06","_links":{"self":[{"href":"https:\/\/www.visit-ulcinj.com\/blog\/wp-json\/wp\/v2\/posts\/80730"}],"collection":[{"href":"https:\/\/www.visit-ulcinj.com\/blog\/wp-json\/wp\/v2\/posts"}],"about":[{"href":"https:\/\/www.visit-ulcinj.com\/blog\/wp-json\/wp\/v2\/types\/post"}],"author":[{"embeddable":true,"href":"https:\/\/www.visit-ulcinj.com\/blog\/wp-json\/wp\/v2\/users\/1"}],"replies":[{"embeddable":true,"href":"https:\/\/www.visit-ulcinj.com\/blog\/wp-json\/wp\/v2\/comments?post=80730"}],"version-history":[{"count":2,"href":"https:\/\/www.visit-ulcinj.com\/blog\/wp-json\/wp\/v2\/posts\/80730\/revisions"}],"predecessor-version":[{"id":80733,"href":"https:\/\/www.visit-ulcinj.com\/blog\/wp-json\/wp\/v2\/posts\/80730\/revisions\/80733"}],"wp:attachment":[{"href":"https:\/\/www.visit-ulcinj.com\/blog\/wp-json\/wp\/v2\/media?parent=80730"}],"wp:term":[{"taxonomy":"category","embeddable":true,"href":"https:\/\/www.visit-ulcinj.com\/blog\/wp-json\/wp\/v2\/categories?post=80730"},{"taxonomy":"post_tag","embeddable":true,"href":"https:\/\/www.visit-ulcinj.com\/blog\/wp-json\/wp\/v2\/tags?post=80730"}],"curies":[{"name":"wp","href":"https:\/\/api.w.org\/{rel}","templated":true}]}}