{"id":80761,"date":"2014-03-19T15:17:58","date_gmt":"2014-03-19T14:17:58","guid":{"rendered":"http:\/\/www.visit-ulcinj.com\/blog\/?p=80761"},"modified":"2014-04-06T11:11:21","modified_gmt":"2014-04-06T10:11:21","slug":"bomba-ne-komune-te-ulqinit-alarm-rreme","status":"publish","type":"post","link":"https:\/\/www.visit-ulcinj.com\/blog\/2014\/03\/19\/bomba-ne-komune-te-ulqinit-alarm-rreme\/","title":{"rendered":"Bomba ne Komune te Ulqinit &#8211; Alarm i rrem\u00eb &#8211; Video"},"content":{"rendered":"<p><a href=\"http:\/\/www.visit-ulcinj.com\/blog\/wp-content\/uploads\/2014\/03\/Bomba-u-zgradi-Opstine-Ulcinj.jpg\"><img loading=\"lazy\" class=\"alignleft  wp-image-80759\" alt=\"Bomba u zgradi Opstine Ulcinj\" src=\"http:\/\/www.visit-ulcinj.com\/blog\/wp-content\/uploads\/2014\/03\/Bomba-u-zgradi-Opstine-Ulcinj.jpg\" width=\"508\" height=\"360\" \/><\/a>Sot rreth or\u00ebs 09:30 minuta, n\u00eb Stacionin Policor n\u00eb Ulqinit, p\u00ebrmes telefonit policia \u00ebsht\u00eb njoftuar p\u00ebr vendosjen e nj\u00eb bombe brenda nd\u00ebrtes\u00ebs s\u00eb komun\u00ebs s\u00eb Ulqinit.<\/p>\n<p>Policia menj\u00ebher\u00eb evaukoi pun\u00ebtoret e komun\u00ebs dhe pas kontrollit u vertetua se alarmi ishte i rrem\u00eb. \u00cbsht\u00eb hera e tret\u00eb q\u00eb nj\u00eb gj\u00eb e till\u00eb p\u00ebrs\u00ebritet n\u00eb Ulqin.<\/p>\n<p>M\u00ebsohet se thirrja p\u00ebr vendosjen e bomb\u00ebs s\u00eb kurdisur \u00ebsht\u00eb b\u00ebr\u00eb nga jasht\u00eb Malit t\u00eb Zi. Nj\u00ebsiti e Policis\u00eb, Nj\u00ebsiti p\u00ebr dominim dhe nj\u00ebsite t\u00eb tjera menj\u00ebher\u00eb kan\u00eb dal\u00eb n\u00eb vend t\u00eb ngjarjes p\u00ebr t\u00eb verifikuar v\u00ebrtet\u00ebsin\u00eb e lajmit.<\/p>\n<p>Por, sipas policis\u00eb, alarmi ka qen\u00eb i rrem\u00eb dhe se nuk b\u00ebhet fjal\u00eb p\u00ebr ndonj\u00eb mjet shp\u00ebrthyes brenda ambienteve t\u00eb Komun\u00ebs s\u00eb Ulqinit.<\/p>\n<p><a href=\"http:\/\/www.visit-ulcinj.com\/blog\/wp-content\/uploads\/2014\/03\/Koalicioni-Ulqinit.jpg\"><img loading=\"lazy\" class=\"alignleft  wp-image-81281\" alt=\"Koalicioni-Ulqinit\" src=\"http:\/\/www.visit-ulcinj.com\/blog\/wp-content\/uploads\/2014\/03\/Koalicioni-Ulqinit.jpg\" width=\"508\" height=\"360\" \/><\/a><\/p>\n<p>P\u00ebr shkak t\u00eb ngjarjes s\u00eb sotme mbledhja e Kuvendit komunal t\u00eb Ulqinit do t\u00eb mbahet n\u00eb hotelin \u201eMediteran\u201c. Fillimi i saj \u00ebsht\u00eb paralajm\u00ebruar p\u00ebr or\u00ebn 11:00.<\/p>\n<p>Pas k\u00ebrkimeve disa or\u00ebsh n\u00eb t\u00eb gjitha hap\u00ebsirave n\u00eb objekt dhe hap\u00ebsir\u00ebs rreth saj, \u00ebsht\u00eb v\u00ebrtetuar se nuk ka asnj\u00eb mjet shp\u00ebrthyes dhe se alarmi ishte g\u00ebnjesht\u00ebr\u201d, thuhet n\u00eb komunikat\u00ebn e Stacionit Policor n\u00eb Ulqinit.<\/p>\n<p>SPB i Ulqinit n\u00eb koordinim me Prokurorin Publik punon n\u00eb gjetjen e d\u00ebrguesit t\u00eb mesazhit, q\u00ebllimit dhe motivit t\u00eb tij, pas \u00e7ka pas tij do t\u00eb ngrihet padia e duhur.<\/p>\n<p>P\u00ebr shkak t\u00eb ngjarjes s\u00eb sotme mbledhja e Kuvendit komunal t\u00eb Ulqinit u mbajt n\u00eb hotelin \u201eMediteran\u201c.\u00a0K\u00ebshilltar\u00ebt e Kuvendit komunal t\u00eb Ulqinit kan\u00eb formuar sot K\u00ebshillin p\u00ebr zgjedhje dhe em\u00ebrime n\u00eb krye t\u00eb s\u00eb cilit do t\u00eb jet\u00eb Xhaudet Cakuli nga Forca e Re Demokratike. N\u00eb mbledhjen e cila u mbajt n\u00eb hotelin Mediteran mbas diskutimit t\u00eb gjat\u00eb u miratua vet\u00ebm dhe rendi i dit\u00ebs, p\u00ebr t\u00eb cilin do t\u00eb diskutohet n\u00eb mbledhjen e cila do t\u00eb vazhdoj\u00eb t\u00eb premten, n\u00eb ora 10 n\u00eb Sall\u00ebn e madhe t\u00eb komun\u00ebs. Me t\u00eb p\u00ebrve\u00e7 tjerash \u00ebsht\u00eb parashikuar q\u00eb t\u00eb formohen trupat tjera punuese t\u00eb Parlamentit, t\u00eb zgjidhen dy n\u00ebnkryetar t\u00eb komun\u00ebs dhe an\u00ebtar\u00ebt e K\u00ebshillave drejtues t\u00eb nd\u00ebrmarrjeve publike, si dhe t\u00eb miratohet plani i rregullimit hap\u00ebsinor p\u00ebr k\u00ebt\u00eb vit.<\/p>\n<!--YouTube Error: bad URL entered-->\n","protected":false},"excerpt":{"rendered":"<p>Sot rreth or\u00ebs 09:30 minuta, n\u00eb Stacionin Policor n\u00eb Ulqinit, p\u00ebrmes telefonit policia \u00ebsht\u00eb njoftuar p\u00ebr vendosjen e nj\u00eb bombe brenda nd\u00ebrtes\u00ebs s\u00eb komun\u00ebs s\u00eb Ulqinit. Policia menj\u00ebher\u00eb evaukoi pun\u00ebtoret e komun\u00ebs dhe pas kontrollit u vertetua se alarmi ishte i rrem\u00eb. \u00cbsht\u00eb hera e tret\u00eb q\u00eb nj\u00eb gj\u00eb e till\u00eb p\u00ebrs\u00ebritet n\u00eb Ulqin. M\u00ebsohet [&hellip;]<\/p>\n","protected":false},"author":1,"featured_media":0,"comment_status":"closed","ping_status":"closed","sticky":false,"template":"","format":"standard","meta":{"spay_email":"","jetpack_publicize_message":"","jetpack_is_tweetstorm":false,"jetpack_publicize_feature_enabled":true},"categories":[1,12],"tags":[],"jetpack_publicize_connections":[],"yoast_head":"<!-- This site is optimized with the Yoast SEO plugin v19.1 - https:\/\/yoast.com\/wordpress\/plugins\/seo\/ -->\n<title>Bomba ne Komune te Ulqinit - Alarm i rrem\u00eb - Video - Lajme nga Ulqini<\/title>\n<meta name=\"description\" content=\"Sot rreth or\u00ebs 09:30 minuta, n\u00eb Stacionin Policor n\u00eb Ulqinit, p\u00ebrmes telefonit policia \u00ebsht\u00eb njoftuar p\u00ebr vendosjen e nj\u00eb bombe brenda nd\u00ebrtes\u00ebs s\u00eb\" \/>\n<meta name=\"robots\" content=\"index, follow, max-snippet:-1, max-image-preview:large, max-video-preview:-1\" \/>\n<link rel=\"canonical\" href=\"https:\/\/www.visit-ulcinj.com\/blog\/2014\/03\/19\/bomba-ne-komune-te-ulqinit-alarm-rreme\/\" \/>\n<meta property=\"og:locale\" content=\"en_US\" \/>\n<meta property=\"og:type\" content=\"article\" \/>\n<meta property=\"og:title\" content=\"Bomba ne Komune te Ulqinit - Alarm i rrem\u00eb - Video - Lajme nga Ulqini\" \/>\n<meta property=\"og:description\" content=\"Sot rreth or\u00ebs 09:30 minuta, n\u00eb Stacionin Policor n\u00eb Ulqinit, p\u00ebrmes telefonit policia \u00ebsht\u00eb njoftuar p\u00ebr vendosjen e nj\u00eb bombe brenda nd\u00ebrtes\u00ebs s\u00eb\" \/>\n<meta property=\"og:url\" content=\"https:\/\/www.visit-ulcinj.com\/blog\/2014\/03\/19\/bomba-ne-komune-te-ulqinit-alarm-rreme\/\" \/>\n<meta property=\"og:site_name\" content=\"Lajme nga Ulqini\" \/>\n<meta property=\"article:published_time\" content=\"2014-03-19T14:17:58+00:00\" \/>\n<meta property=\"article:modified_time\" content=\"2014-04-06T10:11:21+00:00\" \/>\n<meta property=\"og:image\" content=\"http:\/\/www.visit-ulcinj.com\/blog\/wp-content\/uploads\/2014\/03\/Bomba-u-zgradi-Opstine-Ulcinj.jpg\" \/>\n<meta name=\"twitter:label1\" content=\"Written by\" \/>\n\t<meta name=\"twitter:data1\" content=\"ulqini\" \/>\n\t<meta name=\"twitter:label2\" content=\"Est. reading time\" \/>\n\t<meta name=\"twitter:data2\" content=\"2 minutes\" \/>\n<script type=\"application\/ld+json\" class=\"yoast-schema-graph\">{\"@context\":\"https:\/\/schema.org\",\"@graph\":[{\"@type\":\"WebSite\",\"@id\":\"https:\/\/www.visit-ulcinj.com\/blog\/#website\",\"url\":\"https:\/\/www.visit-ulcinj.com\/blog\/\",\"name\":\"Lajme nga Ulqini\",\"description\":\"Lajme,Vijesti,Ulqini,Ulqin,Crna Gora,Mali i Zi\",\"potentialAction\":[{\"@type\":\"SearchAction\",\"target\":{\"@type\":\"EntryPoint\",\"urlTemplate\":\"https:\/\/www.visit-ulcinj.com\/blog\/?s={search_term_string}\"},\"query-input\":\"required name=search_term_string\"}],\"inLanguage\":\"en-US\"},{\"@type\":\"ImageObject\",\"inLanguage\":\"en-US\",\"@id\":\"https:\/\/www.visit-ulcinj.com\/blog\/2014\/03\/19\/bomba-ne-komune-te-ulqinit-alarm-rreme\/#primaryimage\",\"url\":\"https:\/\/www.visit-ulcinj.com\/blog\/wp-content\/uploads\/2014\/03\/Bomba-u-zgradi-Opstine-Ulcinj.jpg\",\"contentUrl\":\"https:\/\/www.visit-ulcinj.com\/blog\/wp-content\/uploads\/2014\/03\/Bomba-u-zgradi-Opstine-Ulcinj.jpg\",\"width\":1000,\"height\":750},{\"@type\":\"WebPage\",\"@id\":\"https:\/\/www.visit-ulcinj.com\/blog\/2014\/03\/19\/bomba-ne-komune-te-ulqinit-alarm-rreme\/#webpage\",\"url\":\"https:\/\/www.visit-ulcinj.com\/blog\/2014\/03\/19\/bomba-ne-komune-te-ulqinit-alarm-rreme\/\",\"name\":\"Bomba ne Komune te Ulqinit - Alarm i rrem\u00eb - Video - Lajme nga Ulqini\",\"isPartOf\":{\"@id\":\"https:\/\/www.visit-ulcinj.com\/blog\/#website\"},\"primaryImageOfPage\":{\"@id\":\"https:\/\/www.visit-ulcinj.com\/blog\/2014\/03\/19\/bomba-ne-komune-te-ulqinit-alarm-rreme\/#primaryimage\"},\"datePublished\":\"2014-03-19T14:17:58+00:00\",\"dateModified\":\"2014-04-06T10:11:21+00:00\",\"author\":{\"@id\":\"https:\/\/www.visit-ulcinj.com\/blog\/#\/schema\/person\/dcab619c614d3038751c63bc2aadc06d\"},\"description\":\"Sot rreth or\u00ebs 09:30 minuta, n\u00eb Stacionin Policor n\u00eb Ulqinit, p\u00ebrmes telefonit policia \u00ebsht\u00eb njoftuar p\u00ebr vendosjen e nj\u00eb bombe brenda nd\u00ebrtes\u00ebs s\u00eb\",\"breadcrumb\":{\"@id\":\"https:\/\/www.visit-ulcinj.com\/blog\/2014\/03\/19\/bomba-ne-komune-te-ulqinit-alarm-rreme\/#breadcrumb\"},\"inLanguage\":\"en-US\",\"potentialAction\":[{\"@type\":\"ReadAction\",\"target\":[\"https:\/\/www.visit-ulcinj.com\/blog\/2014\/03\/19\/bomba-ne-komune-te-ulqinit-alarm-rreme\/\"]}]},{\"@type\":\"BreadcrumbList\",\"@id\":\"https:\/\/www.visit-ulcinj.com\/blog\/2014\/03\/19\/bomba-ne-komune-te-ulqinit-alarm-rreme\/#breadcrumb\",\"itemListElement\":[{\"@type\":\"ListItem\",\"position\":1,\"name\":\"Bomba ne Komune te Ulqinit &#8211; Alarm i rrem\u00eb &#8211; Video\"}]},{\"@type\":\"Person\",\"@id\":\"https:\/\/www.visit-ulcinj.com\/blog\/#\/schema\/person\/dcab619c614d3038751c63bc2aadc06d\",\"name\":\"ulqini\",\"sameAs\":[\"http:\/\/www.visit-ulcinj.com\"],\"url\":\"https:\/\/www.visit-ulcinj.com\/blog\/author\/admin\/\"}]}<\/script>\n<!-- \/ Yoast SEO plugin. -->","yoast_head_json":{"title":"Bomba ne Komune te Ulqinit - Alarm i rrem\u00eb - Video - Lajme nga Ulqini","description":"Sot rreth or\u00ebs 09:30 minuta, n\u00eb Stacionin Policor n\u00eb Ulqinit, p\u00ebrmes telefonit policia \u00ebsht\u00eb njoftuar p\u00ebr vendosjen e nj\u00eb bombe brenda nd\u00ebrtes\u00ebs s\u00eb","robots":{"index":"index","follow":"follow","max-snippet":"max-snippet:-1","max-image-preview":"max-image-preview:large","max-video-preview":"max-video-preview:-1"},"canonical":"https:\/\/www.visit-ulcinj.com\/blog\/2014\/03\/19\/bomba-ne-komune-te-ulqinit-alarm-rreme\/","og_locale":"en_US","og_type":"article","og_title":"Bomba ne Komune te Ulqinit - Alarm i rrem\u00eb - Video - Lajme nga Ulqini","og_description":"Sot rreth or\u00ebs 09:30 minuta, n\u00eb Stacionin Policor n\u00eb Ulqinit, p\u00ebrmes telefonit policia \u00ebsht\u00eb njoftuar p\u00ebr vendosjen e nj\u00eb bombe brenda nd\u00ebrtes\u00ebs s\u00eb","og_url":"https:\/\/www.visit-ulcinj.com\/blog\/2014\/03\/19\/bomba-ne-komune-te-ulqinit-alarm-rreme\/","og_site_name":"Lajme nga Ulqini","article_published_time":"2014-03-19T14:17:58+00:00","article_modified_time":"2014-04-06T10:11:21+00:00","og_image":[{"url":"http:\/\/www.visit-ulcinj.com\/blog\/wp-content\/uploads\/2014\/03\/Bomba-u-zgradi-Opstine-Ulcinj.jpg"}],"twitter_misc":{"Written by":"ulqini","Est. reading time":"2 minutes"},"schema":{"@context":"https:\/\/schema.org","@graph":[{"@type":"WebSite","@id":"https:\/\/www.visit-ulcinj.com\/blog\/#website","url":"https:\/\/www.visit-ulcinj.com\/blog\/","name":"Lajme nga Ulqini","description":"Lajme,Vijesti,Ulqini,Ulqin,Crna Gora,Mali i Zi","potentialAction":[{"@type":"SearchAction","target":{"@type":"EntryPoint","urlTemplate":"https:\/\/www.visit-ulcinj.com\/blog\/?s={search_term_string}"},"query-input":"required name=search_term_string"}],"inLanguage":"en-US"},{"@type":"ImageObject","inLanguage":"en-US","@id":"https:\/\/www.visit-ulcinj.com\/blog\/2014\/03\/19\/bomba-ne-komune-te-ulqinit-alarm-rreme\/#primaryimage","url":"https:\/\/www.visit-ulcinj.com\/blog\/wp-content\/uploads\/2014\/03\/Bomba-u-zgradi-Opstine-Ulcinj.jpg","contentUrl":"https:\/\/www.visit-ulcinj.com\/blog\/wp-content\/uploads\/2014\/03\/Bomba-u-zgradi-Opstine-Ulcinj.jpg","width":1000,"height":750},{"@type":"WebPage","@id":"https:\/\/www.visit-ulcinj.com\/blog\/2014\/03\/19\/bomba-ne-komune-te-ulqinit-alarm-rreme\/#webpage","url":"https:\/\/www.visit-ulcinj.com\/blog\/2014\/03\/19\/bomba-ne-komune-te-ulqinit-alarm-rreme\/","name":"Bomba ne Komune te Ulqinit - Alarm i rrem\u00eb - Video - Lajme nga Ulqini","isPartOf":{"@id":"https:\/\/www.visit-ulcinj.com\/blog\/#website"},"primaryImageOfPage":{"@id":"https:\/\/www.visit-ulcinj.com\/blog\/2014\/03\/19\/bomba-ne-komune-te-ulqinit-alarm-rreme\/#primaryimage"},"datePublished":"2014-03-19T14:17:58+00:00","dateModified":"2014-04-06T10:11:21+00:00","author":{"@id":"https:\/\/www.visit-ulcinj.com\/blog\/#\/schema\/person\/dcab619c614d3038751c63bc2aadc06d"},"description":"Sot rreth or\u00ebs 09:30 minuta, n\u00eb Stacionin Policor n\u00eb Ulqinit, p\u00ebrmes telefonit policia \u00ebsht\u00eb njoftuar p\u00ebr vendosjen e nj\u00eb bombe brenda nd\u00ebrtes\u00ebs s\u00eb","breadcrumb":{"@id":"https:\/\/www.visit-ulcinj.com\/blog\/2014\/03\/19\/bomba-ne-komune-te-ulqinit-alarm-rreme\/#breadcrumb"},"inLanguage":"en-US","potentialAction":[{"@type":"ReadAction","target":["https:\/\/www.visit-ulcinj.com\/blog\/2014\/03\/19\/bomba-ne-komune-te-ulqinit-alarm-rreme\/"]}]},{"@type":"BreadcrumbList","@id":"https:\/\/www.visit-ulcinj.com\/blog\/2014\/03\/19\/bomba-ne-komune-te-ulqinit-alarm-rreme\/#breadcrumb","itemListElement":[{"@type":"ListItem","position":1,"name":"Bomba ne Komune te Ulqinit &#8211; Alarm i rrem\u00eb &#8211; Video"}]},{"@type":"Person","@id":"https:\/\/www.visit-ulcinj.com\/blog\/#\/schema\/person\/dcab619c614d3038751c63bc2aadc06d","name":"ulqini","sameAs":["http:\/\/www.visit-ulcinj.com"],"url":"https:\/\/www.visit-ulcinj.com\/blog\/author\/admin\/"}]}},"jetpack_featured_media_url":"","jetpack_sharing_enabled":true,"jetpack_shortlink":"https:\/\/wp.me\/pe6lTn-l0B","_links":{"self":[{"href":"https:\/\/www.visit-ulcinj.com\/blog\/wp-json\/wp\/v2\/posts\/80761"}],"collection":[{"href":"https:\/\/www.visit-ulcinj.com\/blog\/wp-json\/wp\/v2\/posts"}],"about":[{"href":"https:\/\/www.visit-ulcinj.com\/blog\/wp-json\/wp\/v2\/types\/post"}],"author":[{"embeddable":true,"href":"https:\/\/www.visit-ulcinj.com\/blog\/wp-json\/wp\/v2\/users\/1"}],"replies":[{"embeddable":true,"href":"https:\/\/www.visit-ulcinj.com\/blog\/wp-json\/wp\/v2\/comments?post=80761"}],"version-history":[{"count":5,"href":"https:\/\/www.visit-ulcinj.com\/blog\/wp-json\/wp\/v2\/posts\/80761\/revisions"}],"predecessor-version":[{"id":81282,"href":"https:\/\/www.visit-ulcinj.com\/blog\/wp-json\/wp\/v2\/posts\/80761\/revisions\/81282"}],"wp:attachment":[{"href":"https:\/\/www.visit-ulcinj.com\/blog\/wp-json\/wp\/v2\/media?parent=80761"}],"wp:term":[{"taxonomy":"category","embeddable":true,"href":"https:\/\/www.visit-ulcinj.com\/blog\/wp-json\/wp\/v2\/categories?post=80761"},{"taxonomy":"post_tag","embeddable":true,"href":"https:\/\/www.visit-ulcinj.com\/blog\/wp-json\/wp\/v2\/tags?post=80761"}],"curies":[{"name":"wp","href":"https:\/\/api.w.org\/{rel}","templated":true}]}}