{"id":80765,"date":"2014-03-19T18:07:03","date_gmt":"2014-03-19T17:07:03","guid":{"rendered":"http:\/\/www.visit-ulcinj.com\/blog\/?p=80765"},"modified":"2014-03-19T18:07:03","modified_gmt":"2014-03-19T17:07:03","slug":"dr-sabina-osmanoviq-ta-rikthesh-lirine-pende","status":"publish","type":"post","link":"https:\/\/www.visit-ulcinj.com\/blog\/2014\/03\/19\/dr-sabina-osmanoviq-ta-rikthesh-lirine-pende\/","title":{"rendered":"Dr. Sabina Osmanoviq : Ta rikthesh lirin\u00eb me pend\u00eb"},"content":{"rendered":"<p><b><a href=\"http:\/\/www.visit-ulcinj.com\/blog\/wp-content\/uploads\/2014\/03\/Sabina-Osmanoviq.jpg\"><img loading=\"lazy\" class=\"alignleft  wp-image-80766\" alt=\"Sabina Osmanoviq\" src=\"http:\/\/www.visit-ulcinj.com\/blog\/wp-content\/uploads\/2014\/03\/Sabina-Osmanoviq.jpg\" width=\"508\" height=\"360\" \/><\/a>Recension p\u00ebr romanin e ri t\u00eb shkrimtarit Besnik Mustafaj \u201cAutoportret me teleskop\u201d<\/b><\/p>\n<p><b>Dr. Sabina Osmanoviq <\/b><\/p>\n<p>T\u00eb shkruarit \u00ebsht\u00eb nj\u00eb proces i mundimsh\u00ebm, i cili k\u00ebrkon sforcim t\u00eb \u00e7do qelize t\u00eb trurit, k\u00ebrkon koh\u00eb e mbi t\u00eb gjitha sakrific\u00eb. Duke qen\u00eb se t\u00eb shkruarit \u00ebsht\u00eb nj\u00eb proces n\u00eb vazhdim\u00ebsi, t\u2018i rikthehesh atij pas nj\u00eb kohe t\u00eb gjat\u00eb duhet t\u00eb jet\u00eb akoma m\u00eb sfilit\u00ebse. T\u00eb tilla ndjesi duhet t\u00eb k\u00ebt\u00eb patur edhe ish-ministri Besnik Mustafaj, i cili i rikthehet let\u00ebrsis\u00eb pas gati 15 vjet\u00ebsh. Libri i tij post-politik, i titulluar \u201cAutoportret me teleskop\u201d, intrigon lexuesin duke i ngjallur kureshtjen se n\u00eb faqet e tij do t\u00eb gjej\u00eb rr\u00ebfime personale nga dit\u00ebt e autorit si minist\u00ebr. Nd\u00ebrkaq, q\u00eb n\u00eb faqen e par\u00eb hasim n\u00eb penges\u00ebn e par\u00eb &#8211; nj\u00eb paralajm\u00ebrim t\u00eb autorit se ky lib\u00ebr nuk \u00ebsht\u00eb autobiografik edhe pse n\u00eb m\u00ebnyr\u00eb rast\u00ebsore apo edhe jo, protagonisti kryesor quhet Besnik Mustafaj.<\/p>\n<p>Uni tregues nis udh\u00ebtimin letrar n\u00eb hollin e nj\u00eb hoteli n\u00eb Monako, p\u00ebr t\u00eb na rikthyer deri n\u00eb dit\u00ebt e f\u00ebmij\u00ebris\u00eb n\u00eb vendlindjen e tij. \u00cbsht\u00eb pik\u00ebrisht konflikti q\u00eb ndodh n\u00eb pjes\u00ebn e par\u00eb t\u00eb librit, mes eprorit t\u00eb protagonistit dhe shkrimtarit finlandez, ku eprori p\u00ebr her\u00eb t\u00eb par\u00eb k\u00ebrkon nga ministri n\u00eb detyr\u00eb t\u00eb nd\u00ebrhyj\u00eb n\u00eb cil\u00ebsin\u00eb e shkrimtarit, shk\u00ebndija q\u00eb ndez zjarrin e fanitur diku thell\u00eb n\u00eb n\u00ebnvet\u00ebdijen e ministrit. E sikur t\u00eb mos mjaftonte kjo, n\u00eb sken\u00eb shfaqet edhe Anna B., k\u00ebshilltarja e kryeministrit slloven, q\u00eb me pyetjet e saj, se \u00e7far\u00eb ka b\u00ebr\u00eb, m\u00eb sakt\u00ebsisht \u00e7far\u00eb ka shkruar Besnik Mustafaj gjat\u00eb gjith\u00eb k\u00ebtyre viteve n\u00eb politik\u00eb, shkakton te ministri nj\u00eb lloj trazimi q\u00eb do t\u00eb p\u00ebrcaktoj\u00eb fatin e tij n\u00eb t\u00eb ardhmen.<\/p>\n<p>Anna B. sh\u00ebrben edhe si ur\u00eb lidh\u00ebse me let\u00ebrsin\u00eb duke qen\u00eb se ajo \u00ebsht\u00eb nj\u00eb nd\u00ebr personazhet e librit \u201cBoshi\u201d, shkruar para se autori t\u00eb hynte n\u00eb bot\u00ebn e politik\u00ebs. Nga ana tjet\u00ebr Anna B., n\u00eb rrafshin frojdian p\u00ebrfaq\u00ebson Idin apo prirjen instinktive &#8211; d\u00ebshir\u00ebn sublime t\u00eb ministrit p\u00ebr t\u00eb shkruar let\u00ebrsi, kurse figura e eprorit mund t\u00eb lexohet si Mbi Uni i rrept\u00eb &#8211; detyrimet shtet\u00ebrore, normat shoq\u00ebrore.<\/p>\n<p>N\u00eb k\u00ebt\u00eb lib\u00ebr do t\u00eb gjeni karaktere jo t\u00eb zakonshme, si Selami Beshiri, Myzafer Zhivini etj., e q\u00eb nj\u00ebherit jan\u00eb projeksion i vlerave dhe veseve t\u00eb shoq\u00ebris\u00eb shqiptare. Temat q\u00eb e shqet\u00ebsojn\u00eb protagonistin Besnik Mustafaj jan\u00eb: kall\u00ebzimi (tradh\u00ebtia), \u201cfrika dhe faji i pavullnetsh\u00ebm\u201d, t\u00eb cilat kthehen n\u00eb nj\u00eb form\u00eb paranoje q\u00eb e p\u00ebrndjek\u00eb protagonistin, ku imagjinata e tij shkon deri tek teorit\u00eb konspirative nga m\u00eb t\u00eb \u00e7uditshmet.<\/p>\n<p>I mbyllur n\u00eb guask\u00ebn e rehatshme t\u00eb politik\u00ebs, ministri kupton se sa e kufizuar \u00ebsht\u00eb liria e tij vetjake gj\u00eb q\u00eb pasqyrohet m\u00eb s\u00eb miri n\u00eb nj\u00eb monolog t\u00eb k\u00ebtij personaliteti t\u00eb dyzuar, ku shkrimtari nxjerr gjith\u00eb mllefin, madje e akuzon ministrin q\u00eb ia ka b\u00ebr\u00eb lirin\u00eb t\u00eb padobishme. Heqja dor\u00eb nga t\u00eb shkruarit \u00ebsht\u00eb privim i liris\u00eb personale, p\u00ebr m\u00eb tep\u00ebr personazhi Besnik Mustafaj ka d\u00ebshir\u00eb t\u00eb shkruaj tregime erotike, gj\u00eb q\u00eb do t\u00eb ishte e paimagjinueshme p\u00ebr nj\u00eb minist\u00ebr, madje nga fundi i librit kemi edhe nj\u00eb p\u00ebrpjekje p\u00ebr t\u00eb shkruar at\u00eb lloj proze.<\/p>\n<p>Sa i besuesh\u00ebm do t\u00eb ishte nj\u00eb minist\u00ebr-shkrimtar? Kujt do t\u2019i drejtohej ai po t\u00eb shkruante, lexuesit apo votuesit? N\u00eb t\u00eb dyja rastet, do t\u00eb lindnin keqkuptime sepse si shkrimtar do t\u00eb ishte e v\u00ebshtir\u00eb t\u00eb b\u00ebje n\u00eb m\u00ebnyr\u00eb t\u00eb besueshme ministrin dhe anasjelltas.<\/p>\n<p>Edhe pse futet n\u00eb rangun e librave politik\u00eb, ky n\u00eb thelb \u00ebsht\u00eb nj\u00eb lib\u00ebr p\u00ebr rr\u00ebnj\u00ebt e liris\u00eb. M\u00eb sakt\u00ebsisht, \u00ebsht\u00eb nj\u00eb lib\u00ebr q\u00eb reflekton marr\u00ebdh\u00ebnien difuze me lirin\u00eb, sidomos kur b\u00ebhet fjal\u00eb p\u00ebr nj\u00eb popull i cili p\u00ebr pes\u00ebdhjet\u00eb vite ka p\u00ebrjetuar nj\u00eb diktatur\u00eb t\u00eb eg\u00ebr. Sa e v\u00ebshtir\u00eb \u00ebsht\u00eb p\u00ebr nj\u00eb shoq\u00ebri t\u00eb rritur n\u00ebn trysnin\u00eb diktatoriale t\u00eb perceptoj\u00eb n\u00eb m\u00ebnyr\u00ebn e duhur konceptin liri duke pasur parasysh se n\u00eb shumic\u00ebn e rasteve, qoft\u00eb nocioni liri apo dhe demokraci jan\u00eb keqkuptuar dhe s\u00eb fundmi, si duhet t\u00eb nd\u00ebrtojm\u00eb nj\u00eb marr\u00ebdh\u00ebnie t\u00eb sh\u00ebndetshme me k\u00ebt\u00eb koncept filozofik, shprehur nga autori si m\u00eb posht\u00eb: <i>\u201cLiria e nd\u00ebrkallur n\u00eb jet\u00ebn e individit si p\u00ebrmbysje e d\u00ebshirave dhe p\u00ebrfytyrimeve t\u00eb rinis\u00eb p\u00ebr t`i z\u00ebvend\u00ebsuar me t\u00eb reja, p\u00ebrmban brenda vetes nj\u00eb dhun\u00eb me rrezik shp\u00ebrfytyrimin e individit, pavar\u00ebsisht se k\u00ebto d\u00ebshirat dhe p\u00ebrfytyrimet e reja mund t\u00eb shk\u00eblqejn\u00eb nga luksi, nga parat\u00eb, nga pushteti. Gjith\u00eb ai shk\u00eblqim nuk e fsheh dot p\u00ebr nj\u00eb sy t\u00eb v\u00ebmendsh\u00ebm ndrydhjen e k\u00ebtij individi p\u00ebr shkak t\u00eb kompromisit q\u00eb ai ka b\u00ebr\u00eb duke i kufizuar e mpakur lirin\u00eb vetes brenda liris\u00eb s\u00eb madhe t\u00eb shoq\u00ebris\u00eb. Q\u00ebndrimi ndaj d\u00ebshirave dhe p\u00ebrfytyrimeve tona rinore p\u00ebr t\u00eb ardhmen \u00e7on n\u00eb thelbin e pyetjes n\u00ebse ne, q\u00eb u rrit\u00ebm n\u00ebn diktatur\u00eb, duhet t\u00eb kemi nj\u00eb jet\u00eb apo dy gjysma jet\u00ebsh, dy gjysma gjithsesi t\u00eb papajtueshme nj\u00ebra me tjetr\u00ebn sepse themelisht t\u00eb ndryshme?\u201d <\/i><\/p>\n<p>Romani i ri i shkrimtarit Besnik Mustafaj \u00ebsht\u00eb nj\u00eb lib\u00ebr dilemash, nj\u00eb lib\u00ebr p\u00ebrsiatjesh mbi lirin\u00eb dhe njohjen e vetvetes, ku nj\u00eb vend t\u00eb r\u00ebnd\u00ebsish\u00ebm z\u00eb edhe pyetja \u201cA ekziston nj\u00eb realitet objektiv?\u201d apo n\u00eb mos jemi thjesht, pre e iluzionit optik. N\u00eb roman lakohen dy terma, <i>e v\u00ebrteta intime<\/i> dhe <i>e<\/i> <i>v\u00ebrteta e tregimit<\/i>, t\u00eb cilat luajn\u00eb nj\u00eb rol ky\u00e7 n\u00eb zb\u00ebrthimin e k\u00ebsaj vepre. Diku mes rreshtash, mbase ky lib\u00ebr edhe mund t\u00eb lexohet si nj\u00eb autoportret letrar, nj\u00eb e v\u00ebrtet\u00eb letrare e cila krijon distanc\u00ebn e duhur p\u00ebr t\u2018u lexuar si e v\u00ebrtet\u00eb e tregimit, pa \u00e7ka se lexuesi rreket t\u00eb gjej\u00eb linja t\u00eb ngjashme me jet\u00ebn e autorit apo edhe t\u00eb personazheve t\u00eb tjer\u00eb. N\u00eb nj\u00ebfar\u00eb m\u00ebnyre, ky lib\u00ebr sh\u00ebrben si nj\u00eb lloj katarsisi, \u00ebsht\u00eb n\u00eb fakt parap\u00ebrgatitje p\u00ebr t\u2018iu rikthyer bot\u00ebs s\u00eb lir\u00eb t\u00eb let\u00ebrsis\u00eb. Duket se shprehja n\u00eb lib\u00ebr \u201eHumbjen e pushtetit politikani e p\u00ebrjeton shum\u00eb m\u00eb dhimbsh\u00ebm se humbjen e nderit\u201c nuk vlen p\u00ebr protagonistin Besnik Mustafaj. Madje ndodh e kund\u00ebrta &#8211; autori k\u00ebrkon t\u00eb heq\u00eb mburoj\u00ebn hijer\u00ebnd\u00eb t\u00eb ministrit p\u00ebr t\u2018iu \u00a0kthyer s\u00ebrish pend\u00ebs s\u00eb shkrimtarit, e cila do t\u2018i fal\u00eb atij lirin\u00eb.<\/p>\n","protected":false},"excerpt":{"rendered":"<p>Recension p\u00ebr romanin e ri t\u00eb shkrimtarit Besnik Mustafaj \u201cAutoportret me teleskop\u201d Dr. Sabina Osmanoviq T\u00eb shkruarit \u00ebsht\u00eb nj\u00eb proces i mundimsh\u00ebm, i cili k\u00ebrkon sforcim t\u00eb \u00e7do qelize t\u00eb trurit, k\u00ebrkon koh\u00eb e mbi t\u00eb gjitha sakrific\u00eb. Duke qen\u00eb se t\u00eb shkruarit \u00ebsht\u00eb nj\u00eb proces n\u00eb vazhdim\u00ebsi, t\u2018i rikthehesh atij pas nj\u00eb kohe t\u00eb [&hellip;]<\/p>\n","protected":false},"author":1,"featured_media":0,"comment_status":"closed","ping_status":"closed","sticky":false,"template":"","format":"standard","meta":{"spay_email":"","jetpack_publicize_message":"","jetpack_is_tweetstorm":false,"jetpack_publicize_feature_enabled":true},"categories":[13],"tags":[],"jetpack_publicize_connections":[],"yoast_head":"<!-- This site is optimized with the Yoast SEO plugin v19.1 - https:\/\/yoast.com\/wordpress\/plugins\/seo\/ -->\n<title>Dr. Sabina Osmanoviq : Ta rikthesh lirin\u00eb me pend\u00eb - Lajme nga Ulqini<\/title>\n<meta name=\"description\" content=\"Recension p\u00ebr romanin e ri t\u00eb shkrimtarit Besnik Mustafaj \u201cAutoportret me teleskop\u201d Dr. Sabina Osmanoviq T\u00eb shkruarit \u00ebsht\u00eb nj\u00eb proces i mundimsh\u00ebm, i\" \/>\n<meta name=\"robots\" content=\"index, follow, max-snippet:-1, max-image-preview:large, max-video-preview:-1\" \/>\n<link rel=\"canonical\" href=\"https:\/\/www.visit-ulcinj.com\/blog\/2014\/03\/19\/dr-sabina-osmanoviq-ta-rikthesh-lirine-pende\/\" \/>\n<meta property=\"og:locale\" content=\"en_US\" \/>\n<meta property=\"og:type\" content=\"article\" \/>\n<meta property=\"og:title\" content=\"Dr. Sabina Osmanoviq : Ta rikthesh lirin\u00eb me pend\u00eb - Lajme nga Ulqini\" \/>\n<meta property=\"og:description\" content=\"Recension p\u00ebr romanin e ri t\u00eb shkrimtarit Besnik Mustafaj \u201cAutoportret me teleskop\u201d Dr. Sabina Osmanoviq T\u00eb shkruarit \u00ebsht\u00eb nj\u00eb proces i mundimsh\u00ebm, i\" \/>\n<meta property=\"og:url\" content=\"https:\/\/www.visit-ulcinj.com\/blog\/2014\/03\/19\/dr-sabina-osmanoviq-ta-rikthesh-lirine-pende\/\" \/>\n<meta property=\"og:site_name\" content=\"Lajme nga Ulqini\" \/>\n<meta property=\"article:published_time\" content=\"2014-03-19T17:07:03+00:00\" \/>\n<meta property=\"og:image\" content=\"http:\/\/www.visit-ulcinj.com\/blog\/wp-content\/uploads\/2014\/03\/Sabina-Osmanoviq.jpg\" \/>\n<meta name=\"twitter:label1\" content=\"Written by\" \/>\n\t<meta name=\"twitter:data1\" content=\"ulqini\" \/>\n\t<meta name=\"twitter:label2\" content=\"Est. reading time\" \/>\n\t<meta name=\"twitter:data2\" content=\"6 minutes\" \/>\n<script type=\"application\/ld+json\" class=\"yoast-schema-graph\">{\"@context\":\"https:\/\/schema.org\",\"@graph\":[{\"@type\":\"WebSite\",\"@id\":\"https:\/\/www.visit-ulcinj.com\/blog\/#website\",\"url\":\"https:\/\/www.visit-ulcinj.com\/blog\/\",\"name\":\"Lajme nga Ulqini\",\"description\":\"Lajme,Vijesti,Ulqini,Ulqin,Crna Gora,Mali i Zi\",\"potentialAction\":[{\"@type\":\"SearchAction\",\"target\":{\"@type\":\"EntryPoint\",\"urlTemplate\":\"https:\/\/www.visit-ulcinj.com\/blog\/?s={search_term_string}\"},\"query-input\":\"required name=search_term_string\"}],\"inLanguage\":\"en-US\"},{\"@type\":\"ImageObject\",\"inLanguage\":\"en-US\",\"@id\":\"https:\/\/www.visit-ulcinj.com\/blog\/2014\/03\/19\/dr-sabina-osmanoviq-ta-rikthesh-lirine-pende\/#primaryimage\",\"url\":\"https:\/\/www.visit-ulcinj.com\/blog\/wp-content\/uploads\/2014\/03\/Sabina-Osmanoviq.jpg\",\"contentUrl\":\"https:\/\/www.visit-ulcinj.com\/blog\/wp-content\/uploads\/2014\/03\/Sabina-Osmanoviq.jpg\",\"width\":960,\"height\":856},{\"@type\":\"WebPage\",\"@id\":\"https:\/\/www.visit-ulcinj.com\/blog\/2014\/03\/19\/dr-sabina-osmanoviq-ta-rikthesh-lirine-pende\/#webpage\",\"url\":\"https:\/\/www.visit-ulcinj.com\/blog\/2014\/03\/19\/dr-sabina-osmanoviq-ta-rikthesh-lirine-pende\/\",\"name\":\"Dr. Sabina Osmanoviq : Ta rikthesh lirin\u00eb me pend\u00eb - Lajme nga Ulqini\",\"isPartOf\":{\"@id\":\"https:\/\/www.visit-ulcinj.com\/blog\/#website\"},\"primaryImageOfPage\":{\"@id\":\"https:\/\/www.visit-ulcinj.com\/blog\/2014\/03\/19\/dr-sabina-osmanoviq-ta-rikthesh-lirine-pende\/#primaryimage\"},\"datePublished\":\"2014-03-19T17:07:03+00:00\",\"dateModified\":\"2014-03-19T17:07:03+00:00\",\"author\":{\"@id\":\"https:\/\/www.visit-ulcinj.com\/blog\/#\/schema\/person\/dcab619c614d3038751c63bc2aadc06d\"},\"description\":\"Recension p\u00ebr romanin e ri t\u00eb shkrimtarit Besnik Mustafaj \u201cAutoportret me teleskop\u201d Dr. Sabina Osmanoviq T\u00eb shkruarit \u00ebsht\u00eb nj\u00eb proces i mundimsh\u00ebm, i\",\"breadcrumb\":{\"@id\":\"https:\/\/www.visit-ulcinj.com\/blog\/2014\/03\/19\/dr-sabina-osmanoviq-ta-rikthesh-lirine-pende\/#breadcrumb\"},\"inLanguage\":\"en-US\",\"potentialAction\":[{\"@type\":\"ReadAction\",\"target\":[\"https:\/\/www.visit-ulcinj.com\/blog\/2014\/03\/19\/dr-sabina-osmanoviq-ta-rikthesh-lirine-pende\/\"]}]},{\"@type\":\"BreadcrumbList\",\"@id\":\"https:\/\/www.visit-ulcinj.com\/blog\/2014\/03\/19\/dr-sabina-osmanoviq-ta-rikthesh-lirine-pende\/#breadcrumb\",\"itemListElement\":[{\"@type\":\"ListItem\",\"position\":1,\"name\":\"Dr. Sabina Osmanoviq : Ta rikthesh lirin\u00eb me pend\u00eb\"}]},{\"@type\":\"Person\",\"@id\":\"https:\/\/www.visit-ulcinj.com\/blog\/#\/schema\/person\/dcab619c614d3038751c63bc2aadc06d\",\"name\":\"ulqini\",\"sameAs\":[\"http:\/\/www.visit-ulcinj.com\"],\"url\":\"https:\/\/www.visit-ulcinj.com\/blog\/author\/admin\/\"}]}<\/script>\n<!-- \/ Yoast SEO plugin. -->","yoast_head_json":{"title":"Dr. Sabina Osmanoviq : Ta rikthesh lirin\u00eb me pend\u00eb - Lajme nga Ulqini","description":"Recension p\u00ebr romanin e ri t\u00eb shkrimtarit Besnik Mustafaj \u201cAutoportret me teleskop\u201d Dr. Sabina Osmanoviq T\u00eb shkruarit \u00ebsht\u00eb nj\u00eb proces i mundimsh\u00ebm, i","robots":{"index":"index","follow":"follow","max-snippet":"max-snippet:-1","max-image-preview":"max-image-preview:large","max-video-preview":"max-video-preview:-1"},"canonical":"https:\/\/www.visit-ulcinj.com\/blog\/2014\/03\/19\/dr-sabina-osmanoviq-ta-rikthesh-lirine-pende\/","og_locale":"en_US","og_type":"article","og_title":"Dr. Sabina Osmanoviq : Ta rikthesh lirin\u00eb me pend\u00eb - Lajme nga Ulqini","og_description":"Recension p\u00ebr romanin e ri t\u00eb shkrimtarit Besnik Mustafaj \u201cAutoportret me teleskop\u201d Dr. Sabina Osmanoviq T\u00eb shkruarit \u00ebsht\u00eb nj\u00eb proces i mundimsh\u00ebm, i","og_url":"https:\/\/www.visit-ulcinj.com\/blog\/2014\/03\/19\/dr-sabina-osmanoviq-ta-rikthesh-lirine-pende\/","og_site_name":"Lajme nga Ulqini","article_published_time":"2014-03-19T17:07:03+00:00","og_image":[{"url":"http:\/\/www.visit-ulcinj.com\/blog\/wp-content\/uploads\/2014\/03\/Sabina-Osmanoviq.jpg"}],"twitter_misc":{"Written by":"ulqini","Est. reading time":"6 minutes"},"schema":{"@context":"https:\/\/schema.org","@graph":[{"@type":"WebSite","@id":"https:\/\/www.visit-ulcinj.com\/blog\/#website","url":"https:\/\/www.visit-ulcinj.com\/blog\/","name":"Lajme nga Ulqini","description":"Lajme,Vijesti,Ulqini,Ulqin,Crna Gora,Mali i Zi","potentialAction":[{"@type":"SearchAction","target":{"@type":"EntryPoint","urlTemplate":"https:\/\/www.visit-ulcinj.com\/blog\/?s={search_term_string}"},"query-input":"required name=search_term_string"}],"inLanguage":"en-US"},{"@type":"ImageObject","inLanguage":"en-US","@id":"https:\/\/www.visit-ulcinj.com\/blog\/2014\/03\/19\/dr-sabina-osmanoviq-ta-rikthesh-lirine-pende\/#primaryimage","url":"https:\/\/www.visit-ulcinj.com\/blog\/wp-content\/uploads\/2014\/03\/Sabina-Osmanoviq.jpg","contentUrl":"https:\/\/www.visit-ulcinj.com\/blog\/wp-content\/uploads\/2014\/03\/Sabina-Osmanoviq.jpg","width":960,"height":856},{"@type":"WebPage","@id":"https:\/\/www.visit-ulcinj.com\/blog\/2014\/03\/19\/dr-sabina-osmanoviq-ta-rikthesh-lirine-pende\/#webpage","url":"https:\/\/www.visit-ulcinj.com\/blog\/2014\/03\/19\/dr-sabina-osmanoviq-ta-rikthesh-lirine-pende\/","name":"Dr. Sabina Osmanoviq : Ta rikthesh lirin\u00eb me pend\u00eb - Lajme nga Ulqini","isPartOf":{"@id":"https:\/\/www.visit-ulcinj.com\/blog\/#website"},"primaryImageOfPage":{"@id":"https:\/\/www.visit-ulcinj.com\/blog\/2014\/03\/19\/dr-sabina-osmanoviq-ta-rikthesh-lirine-pende\/#primaryimage"},"datePublished":"2014-03-19T17:07:03+00:00","dateModified":"2014-03-19T17:07:03+00:00","author":{"@id":"https:\/\/www.visit-ulcinj.com\/blog\/#\/schema\/person\/dcab619c614d3038751c63bc2aadc06d"},"description":"Recension p\u00ebr romanin e ri t\u00eb shkrimtarit Besnik Mustafaj \u201cAutoportret me teleskop\u201d Dr. Sabina Osmanoviq T\u00eb shkruarit \u00ebsht\u00eb nj\u00eb proces i mundimsh\u00ebm, i","breadcrumb":{"@id":"https:\/\/www.visit-ulcinj.com\/blog\/2014\/03\/19\/dr-sabina-osmanoviq-ta-rikthesh-lirine-pende\/#breadcrumb"},"inLanguage":"en-US","potentialAction":[{"@type":"ReadAction","target":["https:\/\/www.visit-ulcinj.com\/blog\/2014\/03\/19\/dr-sabina-osmanoviq-ta-rikthesh-lirine-pende\/"]}]},{"@type":"BreadcrumbList","@id":"https:\/\/www.visit-ulcinj.com\/blog\/2014\/03\/19\/dr-sabina-osmanoviq-ta-rikthesh-lirine-pende\/#breadcrumb","itemListElement":[{"@type":"ListItem","position":1,"name":"Dr. Sabina Osmanoviq : Ta rikthesh lirin\u00eb me pend\u00eb"}]},{"@type":"Person","@id":"https:\/\/www.visit-ulcinj.com\/blog\/#\/schema\/person\/dcab619c614d3038751c63bc2aadc06d","name":"ulqini","sameAs":["http:\/\/www.visit-ulcinj.com"],"url":"https:\/\/www.visit-ulcinj.com\/blog\/author\/admin\/"}]}},"jetpack_featured_media_url":"","jetpack_sharing_enabled":true,"jetpack_shortlink":"https:\/\/wp.me\/pe6lTn-l0F","_links":{"self":[{"href":"https:\/\/www.visit-ulcinj.com\/blog\/wp-json\/wp\/v2\/posts\/80765"}],"collection":[{"href":"https:\/\/www.visit-ulcinj.com\/blog\/wp-json\/wp\/v2\/posts"}],"about":[{"href":"https:\/\/www.visit-ulcinj.com\/blog\/wp-json\/wp\/v2\/types\/post"}],"author":[{"embeddable":true,"href":"https:\/\/www.visit-ulcinj.com\/blog\/wp-json\/wp\/v2\/users\/1"}],"replies":[{"embeddable":true,"href":"https:\/\/www.visit-ulcinj.com\/blog\/wp-json\/wp\/v2\/comments?post=80765"}],"version-history":[{"count":1,"href":"https:\/\/www.visit-ulcinj.com\/blog\/wp-json\/wp\/v2\/posts\/80765\/revisions"}],"predecessor-version":[{"id":80767,"href":"https:\/\/www.visit-ulcinj.com\/blog\/wp-json\/wp\/v2\/posts\/80765\/revisions\/80767"}],"wp:attachment":[{"href":"https:\/\/www.visit-ulcinj.com\/blog\/wp-json\/wp\/v2\/media?parent=80765"}],"wp:term":[{"taxonomy":"category","embeddable":true,"href":"https:\/\/www.visit-ulcinj.com\/blog\/wp-json\/wp\/v2\/categories?post=80765"},{"taxonomy":"post_tag","embeddable":true,"href":"https:\/\/www.visit-ulcinj.com\/blog\/wp-json\/wp\/v2\/tags?post=80765"}],"curies":[{"name":"wp","href":"https:\/\/api.w.org\/{rel}","templated":true}]}}