{"id":80768,"date":"2014-03-19T18:23:06","date_gmt":"2014-03-19T17:23:06","guid":{"rendered":"http:\/\/www.visit-ulcinj.com\/blog\/?p=80768"},"modified":"2014-03-19T18:23:23","modified_gmt":"2014-03-19T17:23:23","slug":"konferenca-marubi-projekti-marubi-model-ri-zhvillimit-te-turizmit","status":"publish","type":"post","link":"https:\/\/www.visit-ulcinj.com\/blog\/2014\/03\/19\/konferenca-marubi-projekti-marubi-model-ri-zhvillimit-te-turizmit\/","title":{"rendered":"Konferenca Marubi: \u201cProjekti Marubi &#8211; model i ri i zhvillimit t\u00eb turizmit\u201d"},"content":{"rendered":"<p><a href=\"http:\/\/www.visit-ulcinj.com\/blog\/wp-content\/uploads\/2014\/03\/Konferenca-Marubi-Ulqin-hotel-mediteran-.jpg\"><img loading=\"lazy\" class=\"alignleft  wp-image-80769\" alt=\"Konferenca-Marubi-Ulqin-hotel-mediteran-\" src=\"http:\/\/www.visit-ulcinj.com\/blog\/wp-content\/uploads\/2014\/03\/Konferenca-Marubi-Ulqin-hotel-mediteran-.jpg\" width=\"508\" height=\"400\" \/><\/a>Si aktivitet i rradh\u00ebs, n\u00eb kuad\u00ebr t\u00eb projektit Marubi: nj\u00eb model bashk\u00ebpunimi p\u00ebr promovimin e turizmit n\u00eb mes Shkodr\u00ebs dhe Ulqinit, sot, m\u00eb 17 mars 2014, n\u00eb dhom\u00ebn konferenciale t\u00eb hotelit \u201cMediteran\u201d u mbajt konferenca e titulluar \u201cProjekti Marubi &#8211; model i ri i zhvillimit t\u00eb turizmit\u201d.<br \/>\nFjalimin p\u00ebrsh\u00ebndet\u00ebs mbajt\u00ebn kryetari i komun\u00ebs s\u00eb Ulqinit &#8211; Fatmir Gjeka; kryetari i Bashkis\u00eb Shkod\u00ebr &#8211; Lorenc Luka dhe p\u00ebrfaq\u00ebsuesja e JTS programit t\u00eb bashk\u00ebpunimit nd\u00ebrkufitar Shqip\u00ebri Mali i Zi \u2013 Violeta Camaj.<br \/>\nPas k\u00ebsaj u ndan\u00eb \u00e7mimet \u201cMarubi\u201d konkurrent\u00ebve fitues t\u00eb konkursit fotografik \u201cThesaret e fshehura t\u00eb Ulqinit\u201d nga kryetari i Komun\u00ebs s\u00eb Ulqinit.<\/p>\n<p><a href=\"http:\/\/www.visit-ulcinj.com\/blog\/wp-content\/uploads\/2014\/03\/Konferenca-Marubi-Ulqin-hotel-mediteran-2.jpg\"><img loading=\"lazy\" class=\"alignleft  wp-image-80770\" alt=\"Konferenca-Marubi-Ulqin-hotel-mediteran-2\" src=\"http:\/\/www.visit-ulcinj.com\/blog\/wp-content\/uploads\/2014\/03\/Konferenca-Marubi-Ulqin-hotel-mediteran-2.jpg\" width=\"508\" height=\"360\" \/><\/a><br \/>\nN\u00eb pjes\u00ebn e par\u00eb t\u00eb panelit, Arsllan Hajdinaga, koordinatori i Zyr\u00ebs p\u00ebr Bashk\u00ebpunim Nd\u00ebrkomb\u00ebtar dhe Projekte pran\u00eb Komun\u00ebs s\u00eb Ulqinit mbajti prezantimin e titulluar \u201cProjekti Marubi &#8211; model i ri i zhvillimit t\u00eb turizmit\u201d, ku u shpalos\u00ebn aktivitetet e implementuara n\u00eb kuad\u00ebr t\u00eb projektit Marubi, si dhe aktivitetet q\u00eb pritet t\u00eb implementohen n\u00eb vijim.<br \/>\nN\u00eb vazhdim, Profesor Rade Ratkoviq ceku r\u00ebnd\u00ebsin\u00eb q\u00eb ky projekt mund t\u00eb jap\u00eb n\u00eb zhvillimin e turizmit dhe n\u00eb valorizimin e potencialeve q\u00eb Ulqini ka si qytet.<\/p>\n<p><a href=\"http:\/\/www.visit-ulcinj.com\/blog\/wp-content\/uploads\/2014\/03\/Konferenca-Marubi-Ulqin-hotel-mediteran-3.jpg\"><img loading=\"lazy\" class=\"alignleft  wp-image-80771\" alt=\"Konferenca-Marubi-Ulqin-hotel-mediteran-3\" src=\"http:\/\/www.visit-ulcinj.com\/blog\/wp-content\/uploads\/2014\/03\/Konferenca-Marubi-Ulqin-hotel-mediteran-3.jpg\" width=\"508\" height=\"360\" \/><\/a><br \/>\nPastaj, Profesor Maksut Haxhibrahimi mbajti prezantimin e fizibilitetit t\u00eb projektit Marubi.<br \/>\nIt ekspert\u00ebt \u2013 Ardijan Mavriq dhe Vlladiimir Bokun prezantuan aplikacionin Marubi City Guide, ku nj\u00ebkoh\u00ebsisht u cek edhe r\u00ebnd\u00ebsia e p\u00ebrdorimit t\u00eb teknologjive t\u00eb reja informative p\u00ebr promovimin e turizmit.<br \/>\nGjithashtu n\u00ebp\u00ebrmes LCD \u2013s\u00eb t\u00eb ky\u00e7ur n\u00eb I-phon\u00eb t\u00eb pranishmit pat\u00ebn shans q\u00eb t\u00eb shohin prezantimin praktik t\u00eb aplikacionit Marubi City Guide Shkodra &amp; Ulqini.<br \/>\nN\u00eb pjes\u00ebn e dyt\u00eb t\u00eb panelit, drejtori i fototek\u00ebs \u201cMarubi\u201d \u2013 Lu\u00e7jan Bedeni prezantoi studimin e titulluar \u201cMarubi, nj\u00eb italian n\u00eb Shkod\u00ebr\u201d ku u zbuluan holl\u00ebsi dhe kuriozitete t\u00eb papara dhe t\u00eb pand\u00ebgjuara deri m\u00eb tani, lidhur me jet\u00ebn e Pietro Marubit.<br \/>\nHi\u00e7 m\u00eb pak interesante, pas prezantimit t\u00eb Lu\u00e7jan Bedenit, ishte edhe prezantimi i hulumtueses nga Instituti Historik i Malit t\u00eb Zi Tatjana Koprivica, me titullin \u201cMali i Zi n\u00eb objektivin e ateles\u00eb Marubi\u201d, ku u cek\u00ebn veprimtaria e Pietro Marubit n\u00eb Mal t\u00eb Zi, si dhe lidhja e tij me familjen mbretror\u00eb t\u00eb Malit t\u00eb Zi, por edhe holl\u00ebsi tjera q\u00eb zgjuan interesim t\u00eb ve\u00e7ant\u00eb.<br \/>\nSi pjes\u00eb p\u00ebrb\u00ebr\u00ebse e konferenc\u00ebs, p\u00ebr t\u00eb pranishmit, n\u00eb hollin e hotelit \u201cMediteran\u201d, u ekspozua nj\u00eb pjes\u00eb e espozit\u00ebs itinerante \u201cReflecting ourselves, reflecting our traditions\u201d.<\/p>\n<p>&nbsp;<\/p>\n<p><strong><a id=\"js_62\" href=\"https:\/\/www.facebook.com\/MarubiProject\" data-hovercard=\"\/ajax\/hovercard\/page.php?id=532614220082232\">Marubi project Shkodra Ulqini Facebook<\/a><\/strong><\/p>\n\n\t\t<style type=\"text\/css\">\n\t\t\t#gallery-1 {\n\t\t\t\tmargin: auto;\n\t\t\t}\n\t\t\t#gallery-1 .gallery-item {\n\t\t\t\tfloat: left;\n\t\t\t\tmargin-top: 10px;\n\t\t\t\ttext-align: center;\n\t\t\t\twidth: 33%;\n\t\t\t}\n\t\t\t#gallery-1 img {\n\t\t\t\tborder: 2px solid #cfcfcf;\n\t\t\t}\n\t\t\t#gallery-1 .gallery-caption {\n\t\t\t\tmargin-left: 0;\n\t\t\t}\n\t\t\t\/* see gallery_shortcode() in wp-includes\/media.php *\/\n\t\t<\/style>\n\t\t<div id='gallery-1' class='gallery galleryid-80768 gallery-columns-3 gallery-size-thumbnail'><dl class='gallery-item'>\n\t\t\t<dt class='gallery-icon landscape'>\n\t\t\t\t<a href='https:\/\/www.visit-ulcinj.com\/blog\/2014\/03\/19\/konferenca-marubi-projekti-marubi-model-ri-zhvillimit-te-turizmit\/konferenca-marubi-ulqin-hotel-mediteran-1\/'><img width=\"150\" height=\"150\" src=\"https:\/\/www.visit-ulcinj.com\/blog\/wp-content\/uploads\/2014\/03\/Konferenca-Marubi-Ulqin-hotel-mediteran-1-150x150.jpg\" class=\"attachment-thumbnail size-thumbnail\" alt=\"\" loading=\"lazy\" \/><\/a>\n\t\t\t<\/dt><\/dl><dl class='gallery-item'>\n\t\t\t<dt class='gallery-icon portrait'>\n\t\t\t\t<a href='https:\/\/www.visit-ulcinj.com\/blog\/2014\/03\/19\/konferenca-marubi-projekti-marubi-model-ri-zhvillimit-te-turizmit\/konferenca-marubi-ulqin-hotel-mediteran-4\/'><img width=\"150\" height=\"150\" src=\"https:\/\/www.visit-ulcinj.com\/blog\/wp-content\/uploads\/2014\/03\/Konferenca-Marubi-Ulqin-hotel-mediteran-4-150x150.jpg\" class=\"attachment-thumbnail size-thumbnail\" alt=\"\" loading=\"lazy\" \/><\/a>\n\t\t\t<\/dt><\/dl><dl class='gallery-item'>\n\t\t\t<dt class='gallery-icon landscape'>\n\t\t\t\t<a href='https:\/\/www.visit-ulcinj.com\/blog\/2014\/03\/19\/konferenca-marubi-projekti-marubi-model-ri-zhvillimit-te-turizmit\/konferenca-marubi-ulqin-hotel-mediteran-5\/'><img width=\"150\" height=\"150\" src=\"https:\/\/www.visit-ulcinj.com\/blog\/wp-content\/uploads\/2014\/03\/Konferenca-Marubi-Ulqin-hotel-mediteran-5-150x150.jpg\" class=\"attachment-thumbnail size-thumbnail\" alt=\"\" loading=\"lazy\" \/><\/a>\n\t\t\t<\/dt><\/dl><br style=\"clear: both\" \/><dl class='gallery-item'>\n\t\t\t<dt class='gallery-icon landscape'>\n\t\t\t\t<a href='https:\/\/www.visit-ulcinj.com\/blog\/2014\/03\/19\/konferenca-marubi-projekti-marubi-model-ri-zhvillimit-te-turizmit\/konferenca-marubi-ulqin-hotel-mediteran-6\/'><img width=\"150\" height=\"150\" src=\"https:\/\/www.visit-ulcinj.com\/blog\/wp-content\/uploads\/2014\/03\/Konferenca-Marubi-Ulqin-hotel-mediteran-6-150x150.jpg\" class=\"attachment-thumbnail size-thumbnail\" alt=\"\" loading=\"lazy\" \/><\/a>\n\t\t\t<\/dt><\/dl><dl class='gallery-item'>\n\t\t\t<dt class='gallery-icon portrait'>\n\t\t\t\t<a href='https:\/\/www.visit-ulcinj.com\/blog\/2014\/03\/19\/konferenca-marubi-projekti-marubi-model-ri-zhvillimit-te-turizmit\/konferenca-marubi-ulqin-hotel-mediteran-7\/'><img width=\"150\" height=\"150\" src=\"https:\/\/www.visit-ulcinj.com\/blog\/wp-content\/uploads\/2014\/03\/Konferenca-Marubi-Ulqin-hotel-mediteran-7-150x150.jpg\" class=\"attachment-thumbnail size-thumbnail\" alt=\"\" loading=\"lazy\" \/><\/a>\n\t\t\t<\/dt><\/dl><dl class='gallery-item'>\n\t\t\t<dt class='gallery-icon landscape'>\n\t\t\t\t<a href='https:\/\/www.visit-ulcinj.com\/blog\/2014\/03\/19\/konferenca-marubi-projekti-marubi-model-ri-zhvillimit-te-turizmit\/konferenca-marubi-ulqin-hotel-mediteran-8\/'><img width=\"150\" height=\"150\" src=\"https:\/\/www.visit-ulcinj.com\/blog\/wp-content\/uploads\/2014\/03\/Konferenca-Marubi-Ulqin-hotel-mediteran-8-150x150.jpg\" class=\"attachment-thumbnail size-thumbnail\" alt=\"\" loading=\"lazy\" \/><\/a>\n\t\t\t<\/dt><\/dl><br style=\"clear: both\" \/><dl class='gallery-item'>\n\t\t\t<dt class='gallery-icon landscape'>\n\t\t\t\t<a href='https:\/\/www.visit-ulcinj.com\/blog\/2014\/03\/19\/konferenca-marubi-projekti-marubi-model-ri-zhvillimit-te-turizmit\/konferenca-marubi-ulqin-hotel-mediteran-9\/'><img width=\"150\" height=\"150\" src=\"https:\/\/www.visit-ulcinj.com\/blog\/wp-content\/uploads\/2014\/03\/Konferenca-Marubi-Ulqin-hotel-mediteran-9-150x150.jpg\" class=\"attachment-thumbnail size-thumbnail\" alt=\"\" loading=\"lazy\" \/><\/a>\n\t\t\t<\/dt><\/dl>\n\t\t\t<br style='clear: both' \/>\n\t\t<\/div>\n\n","protected":false},"excerpt":{"rendered":"<p>Si aktivitet i rradh\u00ebs, n\u00eb kuad\u00ebr t\u00eb projektit Marubi: nj\u00eb model bashk\u00ebpunimi p\u00ebr promovimin e turizmit n\u00eb mes Shkodr\u00ebs dhe Ulqinit, sot, m\u00eb 17 mars 2014, n\u00eb dhom\u00ebn konferenciale t\u00eb hotelit \u201cMediteran\u201d u mbajt konferenca e titulluar \u201cProjekti Marubi &#8211; model i ri i zhvillimit t\u00eb turizmit\u201d. Fjalimin p\u00ebrsh\u00ebndet\u00ebs mbajt\u00ebn kryetari i komun\u00ebs s\u00eb Ulqinit [&hellip;]<\/p>\n","protected":false},"author":1,"featured_media":0,"comment_status":"closed","ping_status":"closed","sticky":false,"template":"","format":"standard","meta":{"spay_email":"","jetpack_publicize_message":"","jetpack_is_tweetstorm":false,"jetpack_publicize_feature_enabled":true},"categories":[15],"tags":[],"jetpack_publicize_connections":[],"yoast_head":"<!-- This site is optimized with the Yoast SEO plugin v19.1 - https:\/\/yoast.com\/wordpress\/plugins\/seo\/ -->\n<title>Konferenca Marubi: \u201cProjekti Marubi - model i ri i zhvillimit t\u00eb turizmit\u201d - Lajme nga Ulqini<\/title>\n<meta name=\"description\" content=\"Si aktivitet i rradh\u00ebs, n\u00eb kuad\u00ebr t\u00eb projektit Marubi: nj\u00eb model bashk\u00ebpunimi p\u00ebr promovimin e turizmit n\u00eb mes Shkodr\u00ebs dhe Ulqinit, sot, m\u00eb 17 mars 2014,\" \/>\n<meta name=\"robots\" content=\"index, follow, max-snippet:-1, max-image-preview:large, max-video-preview:-1\" \/>\n<link rel=\"canonical\" href=\"https:\/\/www.visit-ulcinj.com\/blog\/2014\/03\/19\/konferenca-marubi-projekti-marubi-model-ri-zhvillimit-te-turizmit\/\" \/>\n<meta property=\"og:locale\" content=\"en_US\" \/>\n<meta property=\"og:type\" content=\"article\" \/>\n<meta property=\"og:title\" content=\"Konferenca Marubi: \u201cProjekti Marubi - model i ri i zhvillimit t\u00eb turizmit\u201d - Lajme nga Ulqini\" \/>\n<meta property=\"og:description\" content=\"Si aktivitet i rradh\u00ebs, n\u00eb kuad\u00ebr t\u00eb projektit Marubi: nj\u00eb model bashk\u00ebpunimi p\u00ebr promovimin e turizmit n\u00eb mes Shkodr\u00ebs dhe Ulqinit, sot, m\u00eb 17 mars 2014,\" \/>\n<meta property=\"og:url\" content=\"https:\/\/www.visit-ulcinj.com\/blog\/2014\/03\/19\/konferenca-marubi-projekti-marubi-model-ri-zhvillimit-te-turizmit\/\" \/>\n<meta property=\"og:site_name\" content=\"Lajme nga Ulqini\" \/>\n<meta property=\"article:published_time\" content=\"2014-03-19T17:23:06+00:00\" \/>\n<meta property=\"article:modified_time\" content=\"2014-03-19T17:23:23+00:00\" \/>\n<meta property=\"og:image\" content=\"https:\/\/www.visit-ulcinj.com\/blog\/wp-content\/uploads\/2014\/03\/Konferenca-Marubi-Ulqin-hotel-mediteran-1-150x150.jpg\" \/>\n<meta name=\"twitter:label1\" content=\"Written by\" \/>\n\t<meta name=\"twitter:data1\" content=\"ulqini\" \/>\n\t<meta name=\"twitter:label2\" content=\"Est. reading time\" \/>\n\t<meta name=\"twitter:data2\" content=\"2 minutes\" \/>\n<script type=\"application\/ld+json\" class=\"yoast-schema-graph\">{\"@context\":\"https:\/\/schema.org\",\"@graph\":[{\"@type\":\"WebSite\",\"@id\":\"https:\/\/www.visit-ulcinj.com\/blog\/#website\",\"url\":\"https:\/\/www.visit-ulcinj.com\/blog\/\",\"name\":\"Lajme nga Ulqini\",\"description\":\"Lajme,Vijesti,Ulqini,Ulqin,Crna Gora,Mali i Zi\",\"potentialAction\":[{\"@type\":\"SearchAction\",\"target\":{\"@type\":\"EntryPoint\",\"urlTemplate\":\"https:\/\/www.visit-ulcinj.com\/blog\/?s={search_term_string}\"},\"query-input\":\"required name=search_term_string\"}],\"inLanguage\":\"en-US\"},{\"@type\":\"ImageObject\",\"inLanguage\":\"en-US\",\"@id\":\"https:\/\/www.visit-ulcinj.com\/blog\/2014\/03\/19\/konferenca-marubi-projekti-marubi-model-ri-zhvillimit-te-turizmit\/#primaryimage\",\"url\":\"https:\/\/www.visit-ulcinj.com\/blog\/wp-content\/uploads\/2014\/03\/Konferenca-Marubi-Ulqin-hotel-mediteran-.jpg\",\"contentUrl\":\"https:\/\/www.visit-ulcinj.com\/blog\/wp-content\/uploads\/2014\/03\/Konferenca-Marubi-Ulqin-hotel-mediteran-.jpg\",\"width\":945,\"height\":960},{\"@type\":\"WebPage\",\"@id\":\"https:\/\/www.visit-ulcinj.com\/blog\/2014\/03\/19\/konferenca-marubi-projekti-marubi-model-ri-zhvillimit-te-turizmit\/#webpage\",\"url\":\"https:\/\/www.visit-ulcinj.com\/blog\/2014\/03\/19\/konferenca-marubi-projekti-marubi-model-ri-zhvillimit-te-turizmit\/\",\"name\":\"Konferenca Marubi: \u201cProjekti Marubi - model i ri i zhvillimit t\u00eb turizmit\u201d - Lajme nga Ulqini\",\"isPartOf\":{\"@id\":\"https:\/\/www.visit-ulcinj.com\/blog\/#website\"},\"primaryImageOfPage\":{\"@id\":\"https:\/\/www.visit-ulcinj.com\/blog\/2014\/03\/19\/konferenca-marubi-projekti-marubi-model-ri-zhvillimit-te-turizmit\/#primaryimage\"},\"datePublished\":\"2014-03-19T17:23:06+00:00\",\"dateModified\":\"2014-03-19T17:23:23+00:00\",\"author\":{\"@id\":\"https:\/\/www.visit-ulcinj.com\/blog\/#\/schema\/person\/dcab619c614d3038751c63bc2aadc06d\"},\"description\":\"Si aktivitet i rradh\u00ebs, n\u00eb kuad\u00ebr t\u00eb projektit Marubi: nj\u00eb model bashk\u00ebpunimi p\u00ebr promovimin e turizmit n\u00eb mes Shkodr\u00ebs dhe Ulqinit, sot, m\u00eb 17 mars 2014,\",\"breadcrumb\":{\"@id\":\"https:\/\/www.visit-ulcinj.com\/blog\/2014\/03\/19\/konferenca-marubi-projekti-marubi-model-ri-zhvillimit-te-turizmit\/#breadcrumb\"},\"inLanguage\":\"en-US\",\"potentialAction\":[{\"@type\":\"ReadAction\",\"target\":[\"https:\/\/www.visit-ulcinj.com\/blog\/2014\/03\/19\/konferenca-marubi-projekti-marubi-model-ri-zhvillimit-te-turizmit\/\"]}]},{\"@type\":\"BreadcrumbList\",\"@id\":\"https:\/\/www.visit-ulcinj.com\/blog\/2014\/03\/19\/konferenca-marubi-projekti-marubi-model-ri-zhvillimit-te-turizmit\/#breadcrumb\",\"itemListElement\":[{\"@type\":\"ListItem\",\"position\":1,\"name\":\"Konferenca Marubi: \u201cProjekti Marubi &#8211; model i ri i zhvillimit t\u00eb turizmit\u201d\"}]},{\"@type\":\"Person\",\"@id\":\"https:\/\/www.visit-ulcinj.com\/blog\/#\/schema\/person\/dcab619c614d3038751c63bc2aadc06d\",\"name\":\"ulqini\",\"sameAs\":[\"http:\/\/www.visit-ulcinj.com\"],\"url\":\"https:\/\/www.visit-ulcinj.com\/blog\/author\/admin\/\"}]}<\/script>\n<!-- \/ Yoast SEO plugin. -->","yoast_head_json":{"title":"Konferenca Marubi: \u201cProjekti Marubi - model i ri i zhvillimit t\u00eb turizmit\u201d - Lajme nga Ulqini","description":"Si aktivitet i rradh\u00ebs, n\u00eb kuad\u00ebr t\u00eb projektit Marubi: nj\u00eb model bashk\u00ebpunimi p\u00ebr promovimin e turizmit n\u00eb mes Shkodr\u00ebs dhe Ulqinit, sot, m\u00eb 17 mars 2014,","robots":{"index":"index","follow":"follow","max-snippet":"max-snippet:-1","max-image-preview":"max-image-preview:large","max-video-preview":"max-video-preview:-1"},"canonical":"https:\/\/www.visit-ulcinj.com\/blog\/2014\/03\/19\/konferenca-marubi-projekti-marubi-model-ri-zhvillimit-te-turizmit\/","og_locale":"en_US","og_type":"article","og_title":"Konferenca Marubi: \u201cProjekti Marubi - model i ri i zhvillimit t\u00eb turizmit\u201d - Lajme nga Ulqini","og_description":"Si aktivitet i rradh\u00ebs, n\u00eb kuad\u00ebr t\u00eb projektit Marubi: nj\u00eb model bashk\u00ebpunimi p\u00ebr promovimin e turizmit n\u00eb mes Shkodr\u00ebs dhe Ulqinit, sot, m\u00eb 17 mars 2014,","og_url":"https:\/\/www.visit-ulcinj.com\/blog\/2014\/03\/19\/konferenca-marubi-projekti-marubi-model-ri-zhvillimit-te-turizmit\/","og_site_name":"Lajme nga Ulqini","article_published_time":"2014-03-19T17:23:06+00:00","article_modified_time":"2014-03-19T17:23:23+00:00","og_image":[{"url":"https:\/\/www.visit-ulcinj.com\/blog\/wp-content\/uploads\/2014\/03\/Konferenca-Marubi-Ulqin-hotel-mediteran-1-150x150.jpg"}],"twitter_misc":{"Written by":"ulqini","Est. reading time":"2 minutes"},"schema":{"@context":"https:\/\/schema.org","@graph":[{"@type":"WebSite","@id":"https:\/\/www.visit-ulcinj.com\/blog\/#website","url":"https:\/\/www.visit-ulcinj.com\/blog\/","name":"Lajme nga Ulqini","description":"Lajme,Vijesti,Ulqini,Ulqin,Crna Gora,Mali i Zi","potentialAction":[{"@type":"SearchAction","target":{"@type":"EntryPoint","urlTemplate":"https:\/\/www.visit-ulcinj.com\/blog\/?s={search_term_string}"},"query-input":"required name=search_term_string"}],"inLanguage":"en-US"},{"@type":"ImageObject","inLanguage":"en-US","@id":"https:\/\/www.visit-ulcinj.com\/blog\/2014\/03\/19\/konferenca-marubi-projekti-marubi-model-ri-zhvillimit-te-turizmit\/#primaryimage","url":"https:\/\/www.visit-ulcinj.com\/blog\/wp-content\/uploads\/2014\/03\/Konferenca-Marubi-Ulqin-hotel-mediteran-.jpg","contentUrl":"https:\/\/www.visit-ulcinj.com\/blog\/wp-content\/uploads\/2014\/03\/Konferenca-Marubi-Ulqin-hotel-mediteran-.jpg","width":945,"height":960},{"@type":"WebPage","@id":"https:\/\/www.visit-ulcinj.com\/blog\/2014\/03\/19\/konferenca-marubi-projekti-marubi-model-ri-zhvillimit-te-turizmit\/#webpage","url":"https:\/\/www.visit-ulcinj.com\/blog\/2014\/03\/19\/konferenca-marubi-projekti-marubi-model-ri-zhvillimit-te-turizmit\/","name":"Konferenca Marubi: \u201cProjekti Marubi - model i ri i zhvillimit t\u00eb turizmit\u201d - Lajme nga Ulqini","isPartOf":{"@id":"https:\/\/www.visit-ulcinj.com\/blog\/#website"},"primaryImageOfPage":{"@id":"https:\/\/www.visit-ulcinj.com\/blog\/2014\/03\/19\/konferenca-marubi-projekti-marubi-model-ri-zhvillimit-te-turizmit\/#primaryimage"},"datePublished":"2014-03-19T17:23:06+00:00","dateModified":"2014-03-19T17:23:23+00:00","author":{"@id":"https:\/\/www.visit-ulcinj.com\/blog\/#\/schema\/person\/dcab619c614d3038751c63bc2aadc06d"},"description":"Si aktivitet i rradh\u00ebs, n\u00eb kuad\u00ebr t\u00eb projektit Marubi: nj\u00eb model bashk\u00ebpunimi p\u00ebr promovimin e turizmit n\u00eb mes Shkodr\u00ebs dhe Ulqinit, sot, m\u00eb 17 mars 2014,","breadcrumb":{"@id":"https:\/\/www.visit-ulcinj.com\/blog\/2014\/03\/19\/konferenca-marubi-projekti-marubi-model-ri-zhvillimit-te-turizmit\/#breadcrumb"},"inLanguage":"en-US","potentialAction":[{"@type":"ReadAction","target":["https:\/\/www.visit-ulcinj.com\/blog\/2014\/03\/19\/konferenca-marubi-projekti-marubi-model-ri-zhvillimit-te-turizmit\/"]}]},{"@type":"BreadcrumbList","@id":"https:\/\/www.visit-ulcinj.com\/blog\/2014\/03\/19\/konferenca-marubi-projekti-marubi-model-ri-zhvillimit-te-turizmit\/#breadcrumb","itemListElement":[{"@type":"ListItem","position":1,"name":"Konferenca Marubi: \u201cProjekti Marubi &#8211; model i ri i zhvillimit t\u00eb turizmit\u201d"}]},{"@type":"Person","@id":"https:\/\/www.visit-ulcinj.com\/blog\/#\/schema\/person\/dcab619c614d3038751c63bc2aadc06d","name":"ulqini","sameAs":["http:\/\/www.visit-ulcinj.com"],"url":"https:\/\/www.visit-ulcinj.com\/blog\/author\/admin\/"}]}},"jetpack_featured_media_url":"","jetpack_sharing_enabled":true,"jetpack_shortlink":"https:\/\/wp.me\/pe6lTn-l0I","_links":{"self":[{"href":"https:\/\/www.visit-ulcinj.com\/blog\/wp-json\/wp\/v2\/posts\/80768"}],"collection":[{"href":"https:\/\/www.visit-ulcinj.com\/blog\/wp-json\/wp\/v2\/posts"}],"about":[{"href":"https:\/\/www.visit-ulcinj.com\/blog\/wp-json\/wp\/v2\/types\/post"}],"author":[{"embeddable":true,"href":"https:\/\/www.visit-ulcinj.com\/blog\/wp-json\/wp\/v2\/users\/1"}],"replies":[{"embeddable":true,"href":"https:\/\/www.visit-ulcinj.com\/blog\/wp-json\/wp\/v2\/comments?post=80768"}],"version-history":[{"count":2,"href":"https:\/\/www.visit-ulcinj.com\/blog\/wp-json\/wp\/v2\/posts\/80768\/revisions"}],"predecessor-version":[{"id":80780,"href":"https:\/\/www.visit-ulcinj.com\/blog\/wp-json\/wp\/v2\/posts\/80768\/revisions\/80780"}],"wp:attachment":[{"href":"https:\/\/www.visit-ulcinj.com\/blog\/wp-json\/wp\/v2\/media?parent=80768"}],"wp:term":[{"taxonomy":"category","embeddable":true,"href":"https:\/\/www.visit-ulcinj.com\/blog\/wp-json\/wp\/v2\/categories?post=80768"},{"taxonomy":"post_tag","embeddable":true,"href":"https:\/\/www.visit-ulcinj.com\/blog\/wp-json\/wp\/v2\/tags?post=80768"}],"curies":[{"name":"wp","href":"https:\/\/api.w.org\/{rel}","templated":true}]}}