{"id":8077,"date":"2009-01-04T19:45:37","date_gmt":"2009-01-04T18:45:37","guid":{"rendered":"http:\/\/www.visit-ulcinj.com\/blog\/?p=8077"},"modified":"2009-01-04T19:45:37","modified_gmt":"2009-01-04T18:45:37","slug":"muzafer-causi","status":"publish","type":"post","link":"https:\/\/www.visit-ulcinj.com\/blog\/2009\/01\/04\/muzafer-causi\/","title":{"rendered":"Muzafer ?au\u0161i"},"content":{"rendered":"<p><img loading=\"lazy\" class=\"alignleft size-full wp-image-8078\" title=\"muzafer-causi\" src=\"http:\/\/www.visit-ulcinj.com\/blog\/wp-content\/uploads\/2009\/01\/muzafer-causi.jpg\" alt=\"muzafer-causi\" width=\"312\" height=\"384\" srcset=\"https:\/\/www.visit-ulcinj.com\/blog\/wp-content\/uploads\/2009\/01\/muzafer-causi.jpg 312w, https:\/\/www.visit-ulcinj.com\/blog\/wp-content\/uploads\/2009\/01\/muzafer-causi-243x300.jpg 243w\" sizes=\"(max-width: 312px) 100vw, 312px\" \/>Muzafer ?au\u0161i, ro?en u Baru 1959. godine. Pri?e je objavljivao i u knji\u017eevnim ?asopisima: Balkanski knji\u017eevni glasnik, Plima, Dija&#8230;<br \/>\nMuzafer ?au\u0161i je diplomirao \u017eurnalistiku na FNP u Sarajevu. O\u017eenjen, otac dvije k?erke. \u017divi i radi u Ulcinju.<br \/>\nUmjesto novinskih tekstova ovaj hroni?ar literata zapisivao je &#8220;sitne&#8221; doga?aje i prilike i pokazao da za pri?u nema sitnih doga?aja. Svi su zna?ajni. Knjiga pri?a &#8220;Predstava subotom uve?e&#8221; \u0161tampana je i na albanskom jeziku (preveo je pisac Hajro Ul?inaku) prvijenac je ovog ulcinjskog stvaraoca. ?au\u0161i objavljuje 23(kratke)pri?e, koje, svaka ponaosob, predstavlja cjelinu, ali se ujedno sve one me?usobno prepli?u i ?ine kola\u017e koji se odslikava stvarnost u mjestu gdje se \u017eivot odvija na moru i uz more.\u017divi u Ulcinju. .<br \/>\n&#8211; Narator \u017eivi u provinciji o kojoj pi\u0161e, ali provinciju ne shvata kao kaznu, nego kao blagoslov. Mir i spokoj provincije on koristi da bi posmatrao i bilje\u017eio sve one detalje \u017eivota koji izmi?u onima koji stalno nekamo \u017eure, zapisao je, izme?u ostalog, u recenziji<br \/>\nPostoje knjige koje uspijevaju da &#8211; sa precizno\u0161?u ve?om od one koju imaju istorijski zapisi &#8211; \u201cuhvate\u201d duh pro\u0161log vremena. Te knjige \u017eanra fikcije, kako katkada nazivamo prozu, uspijevaju da sa?uvaju onaj miris, onaj ukus, onaj kolorit pro\u0161log. Znamo da su istinite, jer sve u njima jeste onako kako i mi pamtimo. Postoje knjige koje nas navedu da mislimo: upravo ovako je bilo. Postoje knjige koje ?itamo onako kako se odmotavaju uspomene, kao rolna filma koja se kotrlja niz brijeg: ne znamo \u0161ta dolazi sljede?e, ali kada do?e, sje?amo ga se u punom sjaju, u svakom detalju.<br \/>\nTo je zato \u0161to te knjige otvaraju \u0161krinju u kojoj je pohranjeno ono najdragocjenije iz pro\u0161losti. A to, najdragocjenije, ne?emo na?i u arhivima koji ?uvaju novinske naslove. Ne?emo ga na?i ni u istorijskim arhivima. Jer te dragocjenosti ti?u se ljudske du\u0161e, svih njenih tajni koje ?esto uspijevamo sakriti od drugih, ali i od sebe.\u00a0 Ono \u0161to je bilo ve?e je od onoga \u0161to ?e biti. Svi \u017eivimo ka budu?nosti, ali pro\u0161lost je na\u0161e istinsko blago. Postoje knjige koje ?uvaju klju?eve \u0161krinje u kojoj je to blago pohranjeno. Knjige koje otvaraju tu \u0161krinju, iz koje kao iz kakve dobre, vilinske sestre Pandorine kutije, na svjetlost dana pohrle, uzlete, svi oni valeri pro\u0161losti, svi oni poljupci, suze, strepnje, drhtaji, sve ljubavi i svi rastanci, sve one stvari tako krhke i nevine, tako sklone uni\u0161tenju da smo odlu?ili da ih sakrijemo od svijeta, koji kao buldo\u017eeri na\u0161ih novih graditelja ru\u0161i sve pred sobom. Sakrili smo ih da ih sa?uvamo: da ih ne izgaze, ne polome, na bace u blato.\u00a0 Ima, ka\u017eem, takvih knjiga. Takve knjige volimo da ?itamo. Takve knjige ne zaboravljamo. Takva knjiga je \u201cPredstave subotom uve?e\u201d Muzafera ?au\u0161ija. \u201cPredstave subotom uve?e\u201d je, formalno, zbirka pri?a. Koja se mo\u017ee ?itati i kao roman. Ona govori o jednom \u017eivotu, od njegovih ranih dana, do vremena u kojem se polako po?inju svoditi ra?uni. Narator \u017eivi u proviciji, koju ne shvata kao kaznu, nego kao blagoslov. Mir i spokoj provincije on koristi da bi posmatrao. I bilje\u017eio. Sve one detalje \u017eivota koji izmi?u onima koji neprekidno nekamo \u017eure. U danima koji su prividno uvijek isti, u \u0161etnjama istim Pristanom, u pogledu na more sa uvijek iste skele, u susretima sa istim prijateljima, u kafama ispijenim u uvijek istim kafanama, u istim, sjetnim jesenima, burama koje zimi uvijek isto re\u017eu, u istim bu?nim turistima i istim ki\u0161ama bu?nog juga koje ih na kraju ljeta tjera ku?i, u svom tom istom krije se bogatsvo ovoga svijeta. Izme?u dva isto staje &#8211; ?itav \u017eivot. ?au\u0161i je jedan od onih pisaca koji to zna. On zna da nema potrebe za dalekim putovanjima, za egzoti?nim prostorima i ne?uvenim avanturama: li?na odiseja svakoga ?ovjeka odvija se, zapravo, u njemu, a najve?a avantura jeste upoznati sebe. Svi odlasci, sva lutanja, samo su bijeg od pravog putovanja &#8211; onoga ka samom sebi. Sve \u0161to ima da se vidi na ovome svijetu, vidim iz svoga sela, pisao je Pesoa.\u00a0 ?au\u0161ijeve pri?e odi\u0161u mirno?om i otmjeno\u0161?u. Nema tu takozvanih velikih rije?i, takozvanih velikih tema. One bi bile teret za nostalgi?nu prozu koju on ispisuje. Nostalgija po?iva na detaljima: i upravo u detaljima le\u017ei snaga ?au\u0161ijeve proze. I Bog je u detalju, ka\u017ee jedna izreka. Prvi dio knjige natopljen je erosom, drugi dio je u sjeni tanatosa.<br \/>\nPri?e o odrastanju, koje nalazimo u prvoj cjelini ove zbirke, desile su se prije, da tako ka\u017eem, mog vremena. I zreli dani ribarskoga \u017eivota iz drugoga dijela knjige dolaze prije mojih zrelih dana. Stoga je jasno da generacijska bliskost nije razlog zbog kojega sam ih ?itao sa u\u017eivanjem. Ali jeste druga vrsta bliskosti: ona koju osje?amo ka svakom dobro napisanom tekstu. Sve ono \u0161to je dobro napisano dio je ljepote ovoga svijeta. Iz tog entiteta ljepote ovaj svijet crpi svjetlost i toplotu: ljepota je za na\u0161e du\u0161e ono \u0161to je Sunce za Zemlju. ?au\u0161ijeva knjiga vra?a nas na staru istinu koju svjedo?i sva istorija knji\u017eevnosti: svaka je mladost ista. Ista je, ako ?emo pravo, i svaka starost. I doista: ni?eg novog pod kapom nebeskom. U svijetu u kojem je u zbiru sve uvijek isto, pone\u0161to se ipak desi kao novo. Ko to ne razumije, ne razumije kompleksnost svijeta. Evo Muzafera ?au\u0161ija, i evo njegove knjige. Evo ne?eg novog i za Ulcinj, koji dobija novog hroni?ara vje\u0161toga pera; evo ne?eg novog i za Crnu Goru i za albansku knji\u017eevnost koje bi, obje, morale obratiti pa\u017enju na ovog autora i njegov zreli, rafinirani, do sjaja ispolirani rukopis.<br \/>\n<strong>Andrej Nikolaidis <\/strong><\/p>\n\n\t\t<style type=\"text\/css\">\n\t\t\t#gallery-1 {\n\t\t\t\tmargin: auto;\n\t\t\t}\n\t\t\t#gallery-1 .gallery-item {\n\t\t\t\tfloat: left;\n\t\t\t\tmargin-top: 10px;\n\t\t\t\ttext-align: center;\n\t\t\t\twidth: 25%;\n\t\t\t}\n\t\t\t#gallery-1 img {\n\t\t\t\tborder: 2px solid #cfcfcf;\n\t\t\t}\n\t\t\t#gallery-1 .gallery-caption {\n\t\t\t\tmargin-left: 0;\n\t\t\t}\n\t\t\t\/* see gallery_shortcode() in wp-includes\/media.php *\/\n\t\t<\/style>\n\t\t<div id='gallery-1' class='gallery galleryid-8077 gallery-columns-4 gallery-size-thumbnail'><dl class='gallery-item'>\n\t\t\t<dt class='gallery-icon portrait'>\n\t\t\t\t<a href='https:\/\/www.visit-ulcinj.com\/blog\/wp-content\/uploads\/2009\/01\/muzafer-causi.jpg'><img width=\"150\" height=\"150\" src=\"https:\/\/www.visit-ulcinj.com\/blog\/wp-content\/uploads\/2009\/01\/muzafer-causi-150x150.jpg\" class=\"attachment-thumbnail size-thumbnail\" alt=\"\" loading=\"lazy\" \/><\/a>\n\t\t\t<\/dt><\/dl><dl class='gallery-item'>\n\t\t\t<dt class='gallery-icon portrait'>\n\t\t\t\t<a href='https:\/\/www.visit-ulcinj.com\/blog\/wp-content\/uploads\/2009\/01\/muzafer-causi1.jpg'><img width=\"150\" height=\"150\" src=\"https:\/\/www.visit-ulcinj.com\/blog\/wp-content\/uploads\/2009\/01\/muzafer-causi1-150x150.jpg\" class=\"attachment-thumbnail size-thumbnail\" alt=\"\" loading=\"lazy\" \/><\/a>\n\t\t\t<\/dt><\/dl><dl class='gallery-item'>\n\t\t\t<dt class='gallery-icon portrait'>\n\t\t\t\t<a href='https:\/\/www.visit-ulcinj.com\/blog\/wp-content\/uploads\/2009\/01\/muzafer-causi2.jpg'><img width=\"150\" height=\"150\" src=\"https:\/\/www.visit-ulcinj.com\/blog\/wp-content\/uploads\/2009\/01\/muzafer-causi2-150x150.jpg\" class=\"attachment-thumbnail size-thumbnail\" alt=\"\" loading=\"lazy\" \/><\/a>\n\t\t\t<\/dt><\/dl><dl class='gallery-item'>\n\t\t\t<dt class='gallery-icon portrait'>\n\t\t\t\t<a href='https:\/\/www.visit-ulcinj.com\/blog\/wp-content\/uploads\/2009\/01\/muzafer-causi-knjiga.jpg'><img width=\"150\" height=\"150\" src=\"https:\/\/www.visit-ulcinj.com\/blog\/wp-content\/uploads\/2009\/01\/muzafer-causi-knjiga-150x150.jpg\" class=\"attachment-thumbnail size-thumbnail\" alt=\"\" loading=\"lazy\" \/><\/a>\n\t\t\t<\/dt><\/dl><br style=\"clear: both\" \/>\n\t\t<\/div>\n\n","protected":false},"excerpt":{"rendered":"<p>Muzafer ?au\u0161i, ro?en u Baru 1959. godine. Pri?e je objavljivao i u knji\u017eevnim ?asopisima: Balkanski knji\u017eevni glasnik, Plima, Dija&#8230; Muzafer ?au\u0161i je diplomirao \u017eurnalistiku na FNP u Sarajevu. O\u017eenjen, otac dvije k?erke. \u017divi i radi u Ulcinju. Umjesto novinskih tekstova ovaj hroni?ar literata zapisivao je &#8220;sitne&#8221; doga?aje i prilike i pokazao da za pri?u nema [&hellip;]<\/p>\n","protected":false},"author":1,"featured_media":0,"comment_status":"open","ping_status":"closed","sticky":false,"template":"","format":"standard","meta":{"spay_email":"","jetpack_publicize_message":"","jetpack_is_tweetstorm":false,"jetpack_publicize_feature_enabled":true},"categories":[4],"tags":[4871,95,5574,5575,5577,5576],"jetpack_publicize_connections":[],"yoast_head":"<!-- This site is optimized with the Yoast SEO plugin v19.1 - https:\/\/yoast.com\/wordpress\/plugins\/seo\/ -->\n<title>Muzafer ?au\u0161i - Lajme nga Ulqini<\/title>\n<meta name=\"description\" content=\"Muzafer ?au\u0161i, ro?en u Baru 1959. godine. Pri?e je objavljivao i u knji\u017eevnim ?asopisima: Balkanski knji\u017eevni glasnik, Plima, Dija... Muzafer ?au\u0161i je\" \/>\n<meta name=\"robots\" content=\"index, follow, max-snippet:-1, max-image-preview:large, max-video-preview:-1\" \/>\n<link rel=\"canonical\" href=\"https:\/\/www.visit-ulcinj.com\/blog\/2009\/01\/04\/muzafer-causi\/\" \/>\n<meta property=\"og:locale\" content=\"en_US\" \/>\n<meta property=\"og:type\" content=\"article\" \/>\n<meta property=\"og:title\" content=\"Muzafer ?au\u0161i - Lajme nga Ulqini\" \/>\n<meta property=\"og:description\" content=\"Muzafer ?au\u0161i, ro?en u Baru 1959. godine. Pri?e je objavljivao i u knji\u017eevnim ?asopisima: Balkanski knji\u017eevni glasnik, Plima, Dija... Muzafer ?au\u0161i je\" \/>\n<meta property=\"og:url\" content=\"https:\/\/www.visit-ulcinj.com\/blog\/2009\/01\/04\/muzafer-causi\/\" \/>\n<meta property=\"og:site_name\" content=\"Lajme nga Ulqini\" \/>\n<meta property=\"article:published_time\" content=\"2009-01-04T18:45:37+00:00\" \/>\n<meta property=\"og:image\" content=\"https:\/\/www.visit-ulcinj.com\/blog\/wp-content\/uploads\/2009\/01\/muzafer-causi-150x150.jpg\" \/>\n<meta name=\"twitter:label1\" content=\"Written by\" \/>\n\t<meta name=\"twitter:data1\" content=\"ulqini\" \/>\n\t<meta name=\"twitter:label2\" content=\"Est. reading time\" \/>\n\t<meta name=\"twitter:data2\" content=\"5 minutes\" \/>\n<script type=\"application\/ld+json\" class=\"yoast-schema-graph\">{\"@context\":\"https:\/\/schema.org\",\"@graph\":[{\"@type\":\"WebSite\",\"@id\":\"https:\/\/www.visit-ulcinj.com\/blog\/#website\",\"url\":\"https:\/\/www.visit-ulcinj.com\/blog\/\",\"name\":\"Lajme nga Ulqini\",\"description\":\"Lajme,Vijesti,Ulqini,Ulqin,Crna Gora,Mali i Zi\",\"potentialAction\":[{\"@type\":\"SearchAction\",\"target\":{\"@type\":\"EntryPoint\",\"urlTemplate\":\"https:\/\/www.visit-ulcinj.com\/blog\/?s={search_term_string}\"},\"query-input\":\"required name=search_term_string\"}],\"inLanguage\":\"en-US\"},{\"@type\":\"ImageObject\",\"inLanguage\":\"en-US\",\"@id\":\"https:\/\/www.visit-ulcinj.com\/blog\/2009\/01\/04\/muzafer-causi\/#primaryimage\",\"url\":\"https:\/\/www.visit-ulcinj.com\/blog\/wp-content\/uploads\/2009\/01\/muzafer-causi.jpg\",\"contentUrl\":\"https:\/\/www.visit-ulcinj.com\/blog\/wp-content\/uploads\/2009\/01\/muzafer-causi.jpg\",\"width\":\"312\",\"height\":\"384\"},{\"@type\":\"WebPage\",\"@id\":\"https:\/\/www.visit-ulcinj.com\/blog\/2009\/01\/04\/muzafer-causi\/#webpage\",\"url\":\"https:\/\/www.visit-ulcinj.com\/blog\/2009\/01\/04\/muzafer-causi\/\",\"name\":\"Muzafer ?au\u0161i - Lajme nga Ulqini\",\"isPartOf\":{\"@id\":\"https:\/\/www.visit-ulcinj.com\/blog\/#website\"},\"primaryImageOfPage\":{\"@id\":\"https:\/\/www.visit-ulcinj.com\/blog\/2009\/01\/04\/muzafer-causi\/#primaryimage\"},\"datePublished\":\"2009-01-04T18:45:37+00:00\",\"dateModified\":\"2009-01-04T18:45:37+00:00\",\"author\":{\"@id\":\"https:\/\/www.visit-ulcinj.com\/blog\/#\/schema\/person\/dcab619c614d3038751c63bc2aadc06d\"},\"description\":\"Muzafer ?au\u0161i, ro?en u Baru 1959. godine. Pri?e je objavljivao i u knji\u017eevnim ?asopisima: Balkanski knji\u017eevni glasnik, Plima, Dija... Muzafer ?au\u0161i je\",\"breadcrumb\":{\"@id\":\"https:\/\/www.visit-ulcinj.com\/blog\/2009\/01\/04\/muzafer-causi\/#breadcrumb\"},\"inLanguage\":\"en-US\",\"potentialAction\":[{\"@type\":\"ReadAction\",\"target\":[\"https:\/\/www.visit-ulcinj.com\/blog\/2009\/01\/04\/muzafer-causi\/\"]}]},{\"@type\":\"BreadcrumbList\",\"@id\":\"https:\/\/www.visit-ulcinj.com\/blog\/2009\/01\/04\/muzafer-causi\/#breadcrumb\",\"itemListElement\":[{\"@type\":\"ListItem\",\"position\":1,\"name\":\"Muzafer ?au\u0161i\"}]},{\"@type\":\"Person\",\"@id\":\"https:\/\/www.visit-ulcinj.com\/blog\/#\/schema\/person\/dcab619c614d3038751c63bc2aadc06d\",\"name\":\"ulqini\",\"sameAs\":[\"http:\/\/www.visit-ulcinj.com\"],\"url\":\"https:\/\/www.visit-ulcinj.com\/blog\/author\/admin\/\"}]}<\/script>\n<!-- \/ Yoast SEO plugin. -->","yoast_head_json":{"title":"Muzafer ?au\u0161i - Lajme nga Ulqini","description":"Muzafer ?au\u0161i, ro?en u Baru 1959. godine. Pri?e je objavljivao i u knji\u017eevnim ?asopisima: Balkanski knji\u017eevni glasnik, Plima, Dija... Muzafer ?au\u0161i je","robots":{"index":"index","follow":"follow","max-snippet":"max-snippet:-1","max-image-preview":"max-image-preview:large","max-video-preview":"max-video-preview:-1"},"canonical":"https:\/\/www.visit-ulcinj.com\/blog\/2009\/01\/04\/muzafer-causi\/","og_locale":"en_US","og_type":"article","og_title":"Muzafer ?au\u0161i - Lajme nga Ulqini","og_description":"Muzafer ?au\u0161i, ro?en u Baru 1959. godine. Pri?e je objavljivao i u knji\u017eevnim ?asopisima: Balkanski knji\u017eevni glasnik, Plima, Dija... Muzafer ?au\u0161i je","og_url":"https:\/\/www.visit-ulcinj.com\/blog\/2009\/01\/04\/muzafer-causi\/","og_site_name":"Lajme nga Ulqini","article_published_time":"2009-01-04T18:45:37+00:00","og_image":[{"url":"https:\/\/www.visit-ulcinj.com\/blog\/wp-content\/uploads\/2009\/01\/muzafer-causi-150x150.jpg"}],"twitter_misc":{"Written by":"ulqini","Est. reading time":"5 minutes"},"schema":{"@context":"https:\/\/schema.org","@graph":[{"@type":"WebSite","@id":"https:\/\/www.visit-ulcinj.com\/blog\/#website","url":"https:\/\/www.visit-ulcinj.com\/blog\/","name":"Lajme nga Ulqini","description":"Lajme,Vijesti,Ulqini,Ulqin,Crna Gora,Mali i Zi","potentialAction":[{"@type":"SearchAction","target":{"@type":"EntryPoint","urlTemplate":"https:\/\/www.visit-ulcinj.com\/blog\/?s={search_term_string}"},"query-input":"required name=search_term_string"}],"inLanguage":"en-US"},{"@type":"ImageObject","inLanguage":"en-US","@id":"https:\/\/www.visit-ulcinj.com\/blog\/2009\/01\/04\/muzafer-causi\/#primaryimage","url":"https:\/\/www.visit-ulcinj.com\/blog\/wp-content\/uploads\/2009\/01\/muzafer-causi.jpg","contentUrl":"https:\/\/www.visit-ulcinj.com\/blog\/wp-content\/uploads\/2009\/01\/muzafer-causi.jpg","width":"312","height":"384"},{"@type":"WebPage","@id":"https:\/\/www.visit-ulcinj.com\/blog\/2009\/01\/04\/muzafer-causi\/#webpage","url":"https:\/\/www.visit-ulcinj.com\/blog\/2009\/01\/04\/muzafer-causi\/","name":"Muzafer ?au\u0161i - Lajme nga Ulqini","isPartOf":{"@id":"https:\/\/www.visit-ulcinj.com\/blog\/#website"},"primaryImageOfPage":{"@id":"https:\/\/www.visit-ulcinj.com\/blog\/2009\/01\/04\/muzafer-causi\/#primaryimage"},"datePublished":"2009-01-04T18:45:37+00:00","dateModified":"2009-01-04T18:45:37+00:00","author":{"@id":"https:\/\/www.visit-ulcinj.com\/blog\/#\/schema\/person\/dcab619c614d3038751c63bc2aadc06d"},"description":"Muzafer ?au\u0161i, ro?en u Baru 1959. godine. Pri?e je objavljivao i u knji\u017eevnim ?asopisima: Balkanski knji\u017eevni glasnik, Plima, Dija... Muzafer ?au\u0161i je","breadcrumb":{"@id":"https:\/\/www.visit-ulcinj.com\/blog\/2009\/01\/04\/muzafer-causi\/#breadcrumb"},"inLanguage":"en-US","potentialAction":[{"@type":"ReadAction","target":["https:\/\/www.visit-ulcinj.com\/blog\/2009\/01\/04\/muzafer-causi\/"]}]},{"@type":"BreadcrumbList","@id":"https:\/\/www.visit-ulcinj.com\/blog\/2009\/01\/04\/muzafer-causi\/#breadcrumb","itemListElement":[{"@type":"ListItem","position":1,"name":"Muzafer ?au\u0161i"}]},{"@type":"Person","@id":"https:\/\/www.visit-ulcinj.com\/blog\/#\/schema\/person\/dcab619c614d3038751c63bc2aadc06d","name":"ulqini","sameAs":["http:\/\/www.visit-ulcinj.com"],"url":"https:\/\/www.visit-ulcinj.com\/blog\/author\/admin\/"}]}},"jetpack_featured_media_url":"","jetpack_sharing_enabled":true,"jetpack_shortlink":"https:\/\/wp.me\/pe6lTn-26h","_links":{"self":[{"href":"https:\/\/www.visit-ulcinj.com\/blog\/wp-json\/wp\/v2\/posts\/8077"}],"collection":[{"href":"https:\/\/www.visit-ulcinj.com\/blog\/wp-json\/wp\/v2\/posts"}],"about":[{"href":"https:\/\/www.visit-ulcinj.com\/blog\/wp-json\/wp\/v2\/types\/post"}],"author":[{"embeddable":true,"href":"https:\/\/www.visit-ulcinj.com\/blog\/wp-json\/wp\/v2\/users\/1"}],"replies":[{"embeddable":true,"href":"https:\/\/www.visit-ulcinj.com\/blog\/wp-json\/wp\/v2\/comments?post=8077"}],"version-history":[{"count":0,"href":"https:\/\/www.visit-ulcinj.com\/blog\/wp-json\/wp\/v2\/posts\/8077\/revisions"}],"wp:attachment":[{"href":"https:\/\/www.visit-ulcinj.com\/blog\/wp-json\/wp\/v2\/media?parent=8077"}],"wp:term":[{"taxonomy":"category","embeddable":true,"href":"https:\/\/www.visit-ulcinj.com\/blog\/wp-json\/wp\/v2\/categories?post=8077"},{"taxonomy":"post_tag","embeddable":true,"href":"https:\/\/www.visit-ulcinj.com\/blog\/wp-json\/wp\/v2\/tags?post=8077"}],"curies":[{"name":"wp","href":"https:\/\/api.w.org\/{rel}","templated":true}]}}