{"id":80781,"date":"2014-03-19T18:53:53","date_gmt":"2014-03-19T17:53:53","guid":{"rendered":"http:\/\/www.visit-ulcinj.com\/blog\/?p=80781"},"modified":"2014-03-19T18:55:24","modified_gmt":"2014-03-19T17:55:24","slug":"shqyrtimeve-publike-per-propozimet-e-planeve-per-lokalitetin-meraja-2","status":"publish","type":"post","link":"https:\/\/www.visit-ulcinj.com\/blog\/2014\/03\/19\/shqyrtimeve-publike-per-propozimet-e-planeve-per-lokalitetin-meraja-2\/","title":{"rendered":"Shqyrtimeve publike p\u00ebr Propozimet e planeve p\u00ebr lokalitetin &#8220;Meraja 2&#8221;"},"content":{"rendered":"<p><strong><a href=\"http:\/\/www.visit-ulcinj.com\/blog\/wp-content\/uploads\/2014\/03\/Propozimet-e-planeve-p\u00ebr-lokalitetin-Meraja-2-Ulqin.jpg\"><img loading=\"lazy\" class=\"alignleft  wp-image-80782\" alt=\"Propozimet e planeve p\u00ebr lokalitetin -Meraja-2-Ulqin\" src=\"http:\/\/www.visit-ulcinj.com\/blog\/wp-content\/uploads\/2014\/03\/Propozimet-e-planeve-p\u00ebr-lokalitetin-Meraja-2-Ulqin.jpg\" width=\"508\" height=\"400\" \/><\/a>Shqyrtim Publik &#8211; &#8220;Qyteti-Ulqin&#8221; p\u00ebr lokalitetin &#8220;Meraja 2&#8221; <\/strong><\/p>\n<p>Crna Gora<br \/>\nMali i Zi<br \/>\nOP\u0160TINA ULCINJ<br \/>\nKOMUNA E ULQINIT<br \/>\nSekretarijat za prostorno planiranje i odr\u017eivi razvoj<br \/>\nSekretariati p\u00ebr planifikim hapsinor dhe zhvillim te qendrueshem<br \/>\nBr.\/ Nr.: 05-134\/14<br \/>\nUlcinj \/ Ulqin, 14.03.2014. god.<\/p>\n<p>&nbsp;<\/p>\n<p>PROGRAMI I DISKUTIMIT PUBLIK<br \/>\nsipas Projektit t\u00eb planit Ndrimet dhe plot\u00ebsimet p\u00ebr parcela t\u00eb caktuara urbanistike n\u00eb kuad\u00ebr t\u00eb Ndrimeve dhe plot\u00ebsimeve t\u00eb planit detal urbanistik &#8220;Qyteti-Ulqin&#8221; p\u00ebr lokalitetin &#8220;Meraja 2&#8221; n\u00eb Ulqin<\/p>\n<p>&#8211; Me Vendimin mbi caktimin e Projektit t\u00eb Planit Ndrimet dhe plot\u00ebsimet p\u00ebr parcela t\u00eb caktuara urbanistike n\u00eb kuad\u00ebr t\u00eb Ndrimeve dhe plot\u00ebsimeve t\u00eb planit detal urbanistik &#8220;Qyteti-Ulqin&#8221; p\u00ebr lokalitetin &#8220;Meraja 2&#8221; n\u00eb Ulqin i nxjerr\u00eb nga ana e Kryetarit t\u00eb Komun\u00ebs, nr. 01-256\/14 i dat\u00ebs 14.03.2014 \u00ebsht\u00eb vendosur q\u00eb Projekti i Planit t\u00eb qitet n\u00eb diskutim publik.<\/p>\n<p>&#8211; Diskutimi publik do t\u00eb zgjas\u00eb 21 dit\u00eb, duke filluar nga data 17.03. 2014 deri, me dat\u00ebn 07.04. 2014.<\/p>\n<p>&#8211; Prezantimi i Projektit t\u00eb Planit me q\u00ebllim t\u00eb shikimit publik t\u00eb t\u00eb interesuarve do t\u00eb jet\u00eb n\u00eb sall\u00ebn e vog\u00ebl t\u00eb Komun\u00ebs s\u00eb Ulqinit n\u00eb katin e I (par\u00eb).<\/p>\n<p>&#8211; Shikimi n\u00eb Projektin e Planit t\u00eb ekspozuar do t\u00eb b\u00ebhet \u00e7do dit\u00eb n\u00eb orarin 11,00 deri n\u00eb 14,00 ku do t\u00eb jen\u00eb t\u00eb pranish\u00ebm p\u00ebrfaq\u00ebsuesit e Sekretariatit p\u00ebr planifikim hapsinor dhe zhvillim te qendrueshem me q\u00ebllim t\u00eb dh\u00ebnies s\u00eb mendimeve profesionale p\u00ebr pjes\u00ebmarr\u00ebsit e interesuar t\u00eb diskutimit publik.<\/p>\n<p>&#8211; Shqyrtimi kryesor publik i planit, ku p\u00ebrpunuesi do t\u00eb jap\u00eb sqarime profesionale dhe p\u00ebrgjigje n\u00eb pyetjet e mundshme, do t\u00eb mbahet, m\u00eb 01.04. 2014 dhe fillon n\u00eb or\u00ebn 11,00 n\u00eb sall\u00ebn e madhe t\u00eb Komun\u00ebs.<\/p>\n<p>&#8211; T\u00eb gjith\u00eb pjes\u00ebmarr\u00ebsit n\u00eb diskutimin publik q\u00eb do t\u00eb ken\u00eb v\u00ebrejtje n\u00eb zgjidhjet e propozuara sipas planit munden q\u00eb v\u00ebrejtjet t veta t&#8217;i dor\u00ebzojn\u00eb n\u00eb form\u00eb t\u00eb shkruar deri, m\u00eb 07.04. 2014 n\u00eb Sekretariatin p\u00ebr planifikim hapsinor dhe zhvillim te qendrueshem.<\/p>\n<p>Sekretariati p\u00ebr planifikim hapsinor dhe zhvillim te qendrueshem<br \/>\nArh. Valon Buzuku, inxh.dipl.<\/p>\n<p><strong><a href=\"http:\/\/www.opstinaulcinj.com\/images\/Urbanizam_planovi_110912\/Meraja%20II,%20karta%20parcelacije.pdf\"><img alt=\"pdf\" src=\"http:\/\/www.visit-ulcinj.com\/blog\/wp-content\/uploads\/2014\/03\/2d3b_pdf.png\" \/><\/a><a href=\"http:\/\/www.opstinaulcinj.com\/images\/Urbanizam_planovi_110912\/Meraja%20II,%20karta%20parcelacije.pdf\">Meraja II, karta parcelacije Komuna e Ulqinit<\/a><\/strong><\/p>\n","protected":false},"excerpt":{"rendered":"<p>Shqyrtim Publik &#8211; &#8220;Qyteti-Ulqin&#8221; p\u00ebr lokalitetin &#8220;Meraja 2&#8221; Crna Gora Mali i Zi OP\u0160TINA ULCINJ KOMUNA E ULQINIT Sekretarijat za prostorno planiranje i odr\u017eivi razvoj Sekretariati p\u00ebr planifikim hapsinor dhe zhvillim te qendrueshem Br.\/ Nr.: 05-134\/14 Ulcinj \/ Ulqin, 14.03.2014. god. &nbsp; PROGRAMI I DISKUTIMIT PUBLIK sipas Projektit t\u00eb planit Ndrimet dhe plot\u00ebsimet p\u00ebr parcela [&hellip;]<\/p>\n","protected":false},"author":1,"featured_media":0,"comment_status":"closed","ping_status":"closed","sticky":false,"template":"","format":"standard","meta":{"spay_email":"","jetpack_publicize_message":"","jetpack_is_tweetstorm":false,"jetpack_publicize_feature_enabled":true},"categories":[10],"tags":[],"jetpack_publicize_connections":[],"yoast_head":"<!-- This site is optimized with the Yoast SEO plugin v19.1 - https:\/\/yoast.com\/wordpress\/plugins\/seo\/ -->\n<title>Shqyrtimeve publike p\u00ebr Propozimet e planeve p\u00ebr lokalitetin &quot;Meraja 2&quot; - Lajme nga Ulqini<\/title>\n<meta name=\"description\" content=\"Shqyrtim Publik - &quot;Qyteti-Ulqin&quot; p\u00ebr lokalitetin &quot;Meraja 2&quot; Crna Gora Mali i Zi OP\u0160TINA ULCINJ KOMUNA E ULQINIT Sekretarijat za prostorno planiranje i\" \/>\n<meta name=\"robots\" content=\"index, follow, max-snippet:-1, max-image-preview:large, max-video-preview:-1\" \/>\n<link rel=\"canonical\" href=\"https:\/\/www.visit-ulcinj.com\/blog\/2014\/03\/19\/shqyrtimeve-publike-per-propozimet-e-planeve-per-lokalitetin-meraja-2\/\" \/>\n<meta property=\"og:locale\" content=\"en_US\" \/>\n<meta property=\"og:type\" content=\"article\" \/>\n<meta property=\"og:title\" content=\"Shqyrtimeve publike p\u00ebr Propozimet e planeve p\u00ebr lokalitetin &quot;Meraja 2&quot; - Lajme nga Ulqini\" \/>\n<meta property=\"og:description\" content=\"Shqyrtim Publik - &quot;Qyteti-Ulqin&quot; p\u00ebr lokalitetin &quot;Meraja 2&quot; Crna Gora Mali i Zi OP\u0160TINA ULCINJ KOMUNA E ULQINIT Sekretarijat za prostorno planiranje i\" \/>\n<meta property=\"og:url\" content=\"https:\/\/www.visit-ulcinj.com\/blog\/2014\/03\/19\/shqyrtimeve-publike-per-propozimet-e-planeve-per-lokalitetin-meraja-2\/\" \/>\n<meta property=\"og:site_name\" content=\"Lajme nga Ulqini\" \/>\n<meta property=\"article:published_time\" content=\"2014-03-19T17:53:53+00:00\" \/>\n<meta property=\"article:modified_time\" content=\"2014-03-19T17:55:24+00:00\" \/>\n<meta property=\"og:image\" content=\"http:\/\/www.visit-ulcinj.com\/blog\/wp-content\/uploads\/2014\/03\/2d3b_pdf.png\" \/>\n<meta name=\"twitter:label1\" content=\"Written by\" \/>\n\t<meta name=\"twitter:data1\" content=\"ulqini\" \/>\n\t<meta name=\"twitter:label2\" content=\"Est. reading time\" \/>\n\t<meta name=\"twitter:data2\" content=\"2 minutes\" \/>\n<script type=\"application\/ld+json\" class=\"yoast-schema-graph\">{\"@context\":\"https:\/\/schema.org\",\"@graph\":[{\"@type\":\"WebSite\",\"@id\":\"https:\/\/www.visit-ulcinj.com\/blog\/#website\",\"url\":\"https:\/\/www.visit-ulcinj.com\/blog\/\",\"name\":\"Lajme nga Ulqini\",\"description\":\"Lajme,Vijesti,Ulqini,Ulqin,Crna Gora,Mali i Zi\",\"potentialAction\":[{\"@type\":\"SearchAction\",\"target\":{\"@type\":\"EntryPoint\",\"urlTemplate\":\"https:\/\/www.visit-ulcinj.com\/blog\/?s={search_term_string}\"},\"query-input\":\"required name=search_term_string\"}],\"inLanguage\":\"en-US\"},{\"@type\":\"ImageObject\",\"inLanguage\":\"en-US\",\"@id\":\"https:\/\/www.visit-ulcinj.com\/blog\/2014\/03\/19\/shqyrtimeve-publike-per-propozimet-e-planeve-per-lokalitetin-meraja-2\/#primaryimage\",\"url\":\"https:\/\/www.visit-ulcinj.com\/blog\/wp-content\/uploads\/2014\/03\/2d3b_pdf.png\",\"contentUrl\":\"https:\/\/www.visit-ulcinj.com\/blog\/wp-content\/uploads\/2014\/03\/2d3b_pdf.png\",\"width\":20,\"height\":20},{\"@type\":\"WebPage\",\"@id\":\"https:\/\/www.visit-ulcinj.com\/blog\/2014\/03\/19\/shqyrtimeve-publike-per-propozimet-e-planeve-per-lokalitetin-meraja-2\/#webpage\",\"url\":\"https:\/\/www.visit-ulcinj.com\/blog\/2014\/03\/19\/shqyrtimeve-publike-per-propozimet-e-planeve-per-lokalitetin-meraja-2\/\",\"name\":\"Shqyrtimeve publike p\u00ebr Propozimet e planeve p\u00ebr lokalitetin \\\"Meraja 2\\\" - Lajme nga Ulqini\",\"isPartOf\":{\"@id\":\"https:\/\/www.visit-ulcinj.com\/blog\/#website\"},\"primaryImageOfPage\":{\"@id\":\"https:\/\/www.visit-ulcinj.com\/blog\/2014\/03\/19\/shqyrtimeve-publike-per-propozimet-e-planeve-per-lokalitetin-meraja-2\/#primaryimage\"},\"datePublished\":\"2014-03-19T17:53:53+00:00\",\"dateModified\":\"2014-03-19T17:55:24+00:00\",\"author\":{\"@id\":\"https:\/\/www.visit-ulcinj.com\/blog\/#\/schema\/person\/dcab619c614d3038751c63bc2aadc06d\"},\"description\":\"Shqyrtim Publik - \\\"Qyteti-Ulqin\\\" p\u00ebr lokalitetin \\\"Meraja 2\\\" Crna Gora Mali i Zi OP\u0160TINA ULCINJ KOMUNA E ULQINIT Sekretarijat za prostorno planiranje i\",\"breadcrumb\":{\"@id\":\"https:\/\/www.visit-ulcinj.com\/blog\/2014\/03\/19\/shqyrtimeve-publike-per-propozimet-e-planeve-per-lokalitetin-meraja-2\/#breadcrumb\"},\"inLanguage\":\"en-US\",\"potentialAction\":[{\"@type\":\"ReadAction\",\"target\":[\"https:\/\/www.visit-ulcinj.com\/blog\/2014\/03\/19\/shqyrtimeve-publike-per-propozimet-e-planeve-per-lokalitetin-meraja-2\/\"]}]},{\"@type\":\"BreadcrumbList\",\"@id\":\"https:\/\/www.visit-ulcinj.com\/blog\/2014\/03\/19\/shqyrtimeve-publike-per-propozimet-e-planeve-per-lokalitetin-meraja-2\/#breadcrumb\",\"itemListElement\":[{\"@type\":\"ListItem\",\"position\":1,\"name\":\"Shqyrtimeve publike p\u00ebr Propozimet e planeve p\u00ebr lokalitetin &#8220;Meraja 2&#8221;\"}]},{\"@type\":\"Person\",\"@id\":\"https:\/\/www.visit-ulcinj.com\/blog\/#\/schema\/person\/dcab619c614d3038751c63bc2aadc06d\",\"name\":\"ulqini\",\"sameAs\":[\"http:\/\/www.visit-ulcinj.com\"],\"url\":\"https:\/\/www.visit-ulcinj.com\/blog\/author\/admin\/\"}]}<\/script>\n<!-- \/ Yoast SEO plugin. -->","yoast_head_json":{"title":"Shqyrtimeve publike p\u00ebr Propozimet e planeve p\u00ebr lokalitetin \"Meraja 2\" - Lajme nga Ulqini","description":"Shqyrtim Publik - \"Qyteti-Ulqin\" p\u00ebr lokalitetin \"Meraja 2\" Crna Gora Mali i Zi OP\u0160TINA ULCINJ KOMUNA E ULQINIT Sekretarijat za prostorno planiranje i","robots":{"index":"index","follow":"follow","max-snippet":"max-snippet:-1","max-image-preview":"max-image-preview:large","max-video-preview":"max-video-preview:-1"},"canonical":"https:\/\/www.visit-ulcinj.com\/blog\/2014\/03\/19\/shqyrtimeve-publike-per-propozimet-e-planeve-per-lokalitetin-meraja-2\/","og_locale":"en_US","og_type":"article","og_title":"Shqyrtimeve publike p\u00ebr Propozimet e planeve p\u00ebr lokalitetin \"Meraja 2\" - Lajme nga Ulqini","og_description":"Shqyrtim Publik - \"Qyteti-Ulqin\" p\u00ebr lokalitetin \"Meraja 2\" Crna Gora Mali i Zi OP\u0160TINA ULCINJ KOMUNA E ULQINIT Sekretarijat za prostorno planiranje i","og_url":"https:\/\/www.visit-ulcinj.com\/blog\/2014\/03\/19\/shqyrtimeve-publike-per-propozimet-e-planeve-per-lokalitetin-meraja-2\/","og_site_name":"Lajme nga Ulqini","article_published_time":"2014-03-19T17:53:53+00:00","article_modified_time":"2014-03-19T17:55:24+00:00","og_image":[{"url":"http:\/\/www.visit-ulcinj.com\/blog\/wp-content\/uploads\/2014\/03\/2d3b_pdf.png"}],"twitter_misc":{"Written by":"ulqini","Est. reading time":"2 minutes"},"schema":{"@context":"https:\/\/schema.org","@graph":[{"@type":"WebSite","@id":"https:\/\/www.visit-ulcinj.com\/blog\/#website","url":"https:\/\/www.visit-ulcinj.com\/blog\/","name":"Lajme nga Ulqini","description":"Lajme,Vijesti,Ulqini,Ulqin,Crna Gora,Mali i Zi","potentialAction":[{"@type":"SearchAction","target":{"@type":"EntryPoint","urlTemplate":"https:\/\/www.visit-ulcinj.com\/blog\/?s={search_term_string}"},"query-input":"required name=search_term_string"}],"inLanguage":"en-US"},{"@type":"ImageObject","inLanguage":"en-US","@id":"https:\/\/www.visit-ulcinj.com\/blog\/2014\/03\/19\/shqyrtimeve-publike-per-propozimet-e-planeve-per-lokalitetin-meraja-2\/#primaryimage","url":"https:\/\/www.visit-ulcinj.com\/blog\/wp-content\/uploads\/2014\/03\/2d3b_pdf.png","contentUrl":"https:\/\/www.visit-ulcinj.com\/blog\/wp-content\/uploads\/2014\/03\/2d3b_pdf.png","width":20,"height":20},{"@type":"WebPage","@id":"https:\/\/www.visit-ulcinj.com\/blog\/2014\/03\/19\/shqyrtimeve-publike-per-propozimet-e-planeve-per-lokalitetin-meraja-2\/#webpage","url":"https:\/\/www.visit-ulcinj.com\/blog\/2014\/03\/19\/shqyrtimeve-publike-per-propozimet-e-planeve-per-lokalitetin-meraja-2\/","name":"Shqyrtimeve publike p\u00ebr Propozimet e planeve p\u00ebr lokalitetin \"Meraja 2\" - Lajme nga Ulqini","isPartOf":{"@id":"https:\/\/www.visit-ulcinj.com\/blog\/#website"},"primaryImageOfPage":{"@id":"https:\/\/www.visit-ulcinj.com\/blog\/2014\/03\/19\/shqyrtimeve-publike-per-propozimet-e-planeve-per-lokalitetin-meraja-2\/#primaryimage"},"datePublished":"2014-03-19T17:53:53+00:00","dateModified":"2014-03-19T17:55:24+00:00","author":{"@id":"https:\/\/www.visit-ulcinj.com\/blog\/#\/schema\/person\/dcab619c614d3038751c63bc2aadc06d"},"description":"Shqyrtim Publik - \"Qyteti-Ulqin\" p\u00ebr lokalitetin \"Meraja 2\" Crna Gora Mali i Zi OP\u0160TINA ULCINJ KOMUNA E ULQINIT Sekretarijat za prostorno planiranje i","breadcrumb":{"@id":"https:\/\/www.visit-ulcinj.com\/blog\/2014\/03\/19\/shqyrtimeve-publike-per-propozimet-e-planeve-per-lokalitetin-meraja-2\/#breadcrumb"},"inLanguage":"en-US","potentialAction":[{"@type":"ReadAction","target":["https:\/\/www.visit-ulcinj.com\/blog\/2014\/03\/19\/shqyrtimeve-publike-per-propozimet-e-planeve-per-lokalitetin-meraja-2\/"]}]},{"@type":"BreadcrumbList","@id":"https:\/\/www.visit-ulcinj.com\/blog\/2014\/03\/19\/shqyrtimeve-publike-per-propozimet-e-planeve-per-lokalitetin-meraja-2\/#breadcrumb","itemListElement":[{"@type":"ListItem","position":1,"name":"Shqyrtimeve publike p\u00ebr Propozimet e planeve p\u00ebr lokalitetin &#8220;Meraja 2&#8221;"}]},{"@type":"Person","@id":"https:\/\/www.visit-ulcinj.com\/blog\/#\/schema\/person\/dcab619c614d3038751c63bc2aadc06d","name":"ulqini","sameAs":["http:\/\/www.visit-ulcinj.com"],"url":"https:\/\/www.visit-ulcinj.com\/blog\/author\/admin\/"}]}},"jetpack_featured_media_url":"","jetpack_sharing_enabled":true,"jetpack_shortlink":"https:\/\/wp.me\/pe6lTn-l0V","_links":{"self":[{"href":"https:\/\/www.visit-ulcinj.com\/blog\/wp-json\/wp\/v2\/posts\/80781"}],"collection":[{"href":"https:\/\/www.visit-ulcinj.com\/blog\/wp-json\/wp\/v2\/posts"}],"about":[{"href":"https:\/\/www.visit-ulcinj.com\/blog\/wp-json\/wp\/v2\/types\/post"}],"author":[{"embeddable":true,"href":"https:\/\/www.visit-ulcinj.com\/blog\/wp-json\/wp\/v2\/users\/1"}],"replies":[{"embeddable":true,"href":"https:\/\/www.visit-ulcinj.com\/blog\/wp-json\/wp\/v2\/comments?post=80781"}],"version-history":[{"count":3,"href":"https:\/\/www.visit-ulcinj.com\/blog\/wp-json\/wp\/v2\/posts\/80781\/revisions"}],"predecessor-version":[{"id":80786,"href":"https:\/\/www.visit-ulcinj.com\/blog\/wp-json\/wp\/v2\/posts\/80781\/revisions\/80786"}],"wp:attachment":[{"href":"https:\/\/www.visit-ulcinj.com\/blog\/wp-json\/wp\/v2\/media?parent=80781"}],"wp:term":[{"taxonomy":"category","embeddable":true,"href":"https:\/\/www.visit-ulcinj.com\/blog\/wp-json\/wp\/v2\/categories?post=80781"},{"taxonomy":"post_tag","embeddable":true,"href":"https:\/\/www.visit-ulcinj.com\/blog\/wp-json\/wp\/v2\/tags?post=80781"}],"curies":[{"name":"wp","href":"https:\/\/api.w.org\/{rel}","templated":true}]}}