{"id":80796,"date":"2014-03-19T19:26:37","date_gmt":"2014-03-19T18:26:37","guid":{"rendered":"http:\/\/www.visit-ulcinj.com\/blog\/?p=80796"},"modified":"2014-03-19T19:27:01","modified_gmt":"2014-03-19T18:27:01","slug":"javna-rasprava-grad-ulcinj-za-lokalitet-pristan","status":"publish","type":"post","link":"https:\/\/www.visit-ulcinj.com\/blog\/2014\/03\/19\/javna-rasprava-grad-ulcinj-za-lokalitet-pristan\/","title":{"rendered":"Javna rasprava &#8211; &#8220;Grad Ulcinj&#8221; za lokalitet &#8220;Pristan&#8221;"},"content":{"rendered":"<p><a href=\"http:\/\/www.visit-ulcinj.com\/blog\/wp-content\/uploads\/2014\/03\/Propozimet-e-planeve-p\u00ebr-lokalitetin-Rana-Ulqin.jpg\"><img loading=\"lazy\" class=\"alignleft  wp-image-80788\" alt=\"Propozimet e planeve p\u00ebr lokalitetin -Rana-Ulqin\" src=\"http:\/\/www.visit-ulcinj.com\/blog\/wp-content\/uploads\/2014\/03\/Propozimet-e-planeve-p\u00ebr-lokalitetin-Rana-Ulqin.jpg\" width=\"508\" height=\"360\" \/><\/a>Crna Gora<br \/>\nMali i Zi<br \/>\nOP\u0160TINA ULCINJ<br \/>\nKOMUNA E ULQINIT<br \/>\nSekretarijat za prostorno planiranje i odr\u017eivi razvoj<br \/>\nSekretariati p\u00ebr planifikim hapsinor dhe zhvillim te qendrueshem<br \/>\nBr.\/ Nr.: 05-133\/14<br \/>\nUlcinj \/ Ulqin, 14.03.2014. god.<\/p>\n<p>PROGRAM JAVNE RASPRAVE<br \/>\npo Nacrtu plana Izmjena i dopuna za odre\u0111ene urbanisti\u010dke i katastarske parcele u zahvatu Izmjena i dopuna Detaljnog urbanisti\u010dkog plana &#8220;Ulcinj-grad&#8221; za lokalitet &#8220;Pristan&#8221; u Ulcinju<\/p>\n<p>&#8211; Odlukom o utvrdjivanju Nacrt plana Izmjena i dopuna za odre\u0111ene urbanisti\u010dke i katastarske parcele u zahvatu Izmjena i dopuna Detaljnog urbanisti\u010dkog plana &#8220;Ulcinj-grad&#8221; za lokalitet &#8220;Pristan&#8221; u Ulcinju, doneta od strane Predsjednika Op\u0161tine, br. 01-255\/14 od 14.03.2014.god. odlu\u010deno je da se Nacrt plan stavi na javnu raspravu.<\/p>\n<p>&#8211; Javna rasprava Nacrt plana traja\u0107e 21 dan, po\u010dev od 17.03.2014. god. do 07.04.2014.godine.<\/p>\n<p>&#8211; Prezentacija Nacrt plana radi javnog uvida zainteresovanih bi\u0107e u maloj sali zgrade Op\u0161tine Ulcinj, na I spratu.<\/p>\n<p>&#8211; Uvid u izlo\u017eeni Nacrt plan vr\u0161i\u0107e se svaki radni dan u vremenu od 11,00 do 14,00h, gde \u0107e biti prisutni predstavnici Sekretarijat za prostorno planiranje i odr\u017eivi razvoj radi davanja stru\u010dnih mi\u0161ljenja zainteresovanim u\u010desnicima javne rasprave.<\/p>\n<p>&#8211; Glavna javna rasprava na kojoj \u0107e obradjiva\u010d plana dati stru\u010dna obja\u0161njenja i odgovore na mogu\u0107a pitanja, odr\u017ea\u0107e se 01.04.2014. god. sa po\u010detkom u 11h u velikoj sali zgrade Op\u0161tine.<\/p>\n<p>&#8211; Svi u\u010desnici u javnoj raspravi koji budu imali primjedbe na predlo\u017eena planska rje\u0161enja mogu svoje primjedbe u pisanoj formi dostaviti do 07.04.2014.god., Sekretarijat za prostorno planiranje i odr\u017eivi razvoj.<\/p>\n<p>Sekretarijat za prostorno planiranje i odr\u017eivi razvoj<\/p>\n<p>Arh. Valjon Buzuku, dipl.ing.<\/p>\n<p>&nbsp;<\/p>\n<p><a href=\"http:\/\/www.opstinaulcinj.com\/images\/Urbanizam_planovi_110912\/UP%20Pristan.pdf\"><img title=\"Shqyrtimeve publike p\u00ebr Propozimet e planeve p\u00ebr lokalitetin Rana\" alt=\"2d3b pdf Shqyrtimeve publike p\u00ebr Propozimet e planeve p\u00ebr lokalitetin Rana\" src=\"http:\/\/www.visit-ulcinj.com\/blog\/wp-content\/uploads\/2014\/03\/2d3b_pdf.png\" \/><strong>UP Pristan \u2013 Op\u0161tina Ulcinj<\/strong><\/a><\/p>\n","protected":false},"excerpt":{"rendered":"<p>Crna Gora Mali i Zi OP\u0160TINA ULCINJ KOMUNA E ULQINIT Sekretarijat za prostorno planiranje i odr\u017eivi razvoj Sekretariati p\u00ebr planifikim hapsinor dhe zhvillim te qendrueshem Br.\/ Nr.: 05-133\/14 Ulcinj \/ Ulqin, 14.03.2014. god. PROGRAM JAVNE RASPRAVE po Nacrtu plana Izmjena i dopuna za odre\u0111ene urbanisti\u010dke i katastarske parcele u zahvatu Izmjena i dopuna Detaljnog urbanisti\u010dkog [&hellip;]<\/p>\n","protected":false},"author":1,"featured_media":0,"comment_status":"closed","ping_status":"closed","sticky":false,"template":"","format":"standard","meta":{"spay_email":"","jetpack_publicize_message":"","jetpack_is_tweetstorm":false,"jetpack_publicize_feature_enabled":true},"categories":[6950],"tags":[],"jetpack_publicize_connections":[],"yoast_head":"<!-- This site is optimized with the Yoast SEO plugin v19.1 - https:\/\/yoast.com\/wordpress\/plugins\/seo\/ -->\n<title>Javna rasprava - &quot;Grad Ulcinj&quot; za lokalitet &quot;Pristan&quot; - Lajme nga Ulqini<\/title>\n<meta name=\"description\" content=\"Crna Gora Mali i Zi OP\u0160TINA ULCINJ KOMUNA E ULQINIT Sekretarijat za prostorno planiranje i odr\u017eivi razvoj Sekretariati p\u00ebr planifikim hapsinor dhe\" \/>\n<meta name=\"robots\" content=\"index, follow, max-snippet:-1, max-image-preview:large, max-video-preview:-1\" \/>\n<link rel=\"canonical\" href=\"https:\/\/www.visit-ulcinj.com\/blog\/2014\/03\/19\/javna-rasprava-grad-ulcinj-za-lokalitet-pristan\/\" \/>\n<meta property=\"og:locale\" content=\"en_US\" \/>\n<meta property=\"og:type\" content=\"article\" \/>\n<meta property=\"og:title\" content=\"Javna rasprava - &quot;Grad Ulcinj&quot; za lokalitet &quot;Pristan&quot; - Lajme nga Ulqini\" \/>\n<meta property=\"og:description\" content=\"Crna Gora Mali i Zi OP\u0160TINA ULCINJ KOMUNA E ULQINIT Sekretarijat za prostorno planiranje i odr\u017eivi razvoj Sekretariati p\u00ebr planifikim hapsinor dhe\" \/>\n<meta property=\"og:url\" content=\"https:\/\/www.visit-ulcinj.com\/blog\/2014\/03\/19\/javna-rasprava-grad-ulcinj-za-lokalitet-pristan\/\" \/>\n<meta property=\"og:site_name\" content=\"Lajme nga Ulqini\" \/>\n<meta property=\"article:published_time\" content=\"2014-03-19T18:26:37+00:00\" \/>\n<meta property=\"article:modified_time\" content=\"2014-03-19T18:27:01+00:00\" \/>\n<meta property=\"og:image\" content=\"http:\/\/www.visit-ulcinj.com\/blog\/wp-content\/uploads\/2014\/03\/2d3b_pdf.png\" \/>\n<meta name=\"twitter:label1\" content=\"Written by\" \/>\n\t<meta name=\"twitter:data1\" content=\"ulqini\" \/>\n\t<meta name=\"twitter:label2\" content=\"Est. reading time\" \/>\n\t<meta name=\"twitter:data2\" content=\"1 minute\" \/>\n<script type=\"application\/ld+json\" class=\"yoast-schema-graph\">{\"@context\":\"https:\/\/schema.org\",\"@graph\":[{\"@type\":\"WebSite\",\"@id\":\"https:\/\/www.visit-ulcinj.com\/blog\/#website\",\"url\":\"https:\/\/www.visit-ulcinj.com\/blog\/\",\"name\":\"Lajme nga Ulqini\",\"description\":\"Lajme,Vijesti,Ulqini,Ulqin,Crna Gora,Mali i Zi\",\"potentialAction\":[{\"@type\":\"SearchAction\",\"target\":{\"@type\":\"EntryPoint\",\"urlTemplate\":\"https:\/\/www.visit-ulcinj.com\/blog\/?s={search_term_string}\"},\"query-input\":\"required name=search_term_string\"}],\"inLanguage\":\"en-US\"},{\"@type\":\"ImageObject\",\"inLanguage\":\"en-US\",\"@id\":\"https:\/\/www.visit-ulcinj.com\/blog\/2014\/03\/19\/javna-rasprava-grad-ulcinj-za-lokalitet-pristan\/#primaryimage\",\"url\":\"https:\/\/www.visit-ulcinj.com\/blog\/wp-content\/uploads\/2014\/03\/2d3b_pdf.png\",\"contentUrl\":\"https:\/\/www.visit-ulcinj.com\/blog\/wp-content\/uploads\/2014\/03\/2d3b_pdf.png\",\"width\":20,\"height\":20},{\"@type\":\"WebPage\",\"@id\":\"https:\/\/www.visit-ulcinj.com\/blog\/2014\/03\/19\/javna-rasprava-grad-ulcinj-za-lokalitet-pristan\/#webpage\",\"url\":\"https:\/\/www.visit-ulcinj.com\/blog\/2014\/03\/19\/javna-rasprava-grad-ulcinj-za-lokalitet-pristan\/\",\"name\":\"Javna rasprava - \\\"Grad Ulcinj\\\" za lokalitet \\\"Pristan\\\" - Lajme nga Ulqini\",\"isPartOf\":{\"@id\":\"https:\/\/www.visit-ulcinj.com\/blog\/#website\"},\"primaryImageOfPage\":{\"@id\":\"https:\/\/www.visit-ulcinj.com\/blog\/2014\/03\/19\/javna-rasprava-grad-ulcinj-za-lokalitet-pristan\/#primaryimage\"},\"datePublished\":\"2014-03-19T18:26:37+00:00\",\"dateModified\":\"2014-03-19T18:27:01+00:00\",\"author\":{\"@id\":\"https:\/\/www.visit-ulcinj.com\/blog\/#\/schema\/person\/dcab619c614d3038751c63bc2aadc06d\"},\"description\":\"Crna Gora Mali i Zi OP\u0160TINA ULCINJ KOMUNA E ULQINIT Sekretarijat za prostorno planiranje i odr\u017eivi razvoj Sekretariati p\u00ebr planifikim hapsinor dhe\",\"breadcrumb\":{\"@id\":\"https:\/\/www.visit-ulcinj.com\/blog\/2014\/03\/19\/javna-rasprava-grad-ulcinj-za-lokalitet-pristan\/#breadcrumb\"},\"inLanguage\":\"en-US\",\"potentialAction\":[{\"@type\":\"ReadAction\",\"target\":[\"https:\/\/www.visit-ulcinj.com\/blog\/2014\/03\/19\/javna-rasprava-grad-ulcinj-za-lokalitet-pristan\/\"]}]},{\"@type\":\"BreadcrumbList\",\"@id\":\"https:\/\/www.visit-ulcinj.com\/blog\/2014\/03\/19\/javna-rasprava-grad-ulcinj-za-lokalitet-pristan\/#breadcrumb\",\"itemListElement\":[{\"@type\":\"ListItem\",\"position\":1,\"name\":\"Javna rasprava &#8211; &#8220;Grad Ulcinj&#8221; za lokalitet &#8220;Pristan&#8221;\"}]},{\"@type\":\"Person\",\"@id\":\"https:\/\/www.visit-ulcinj.com\/blog\/#\/schema\/person\/dcab619c614d3038751c63bc2aadc06d\",\"name\":\"ulqini\",\"sameAs\":[\"http:\/\/www.visit-ulcinj.com\"],\"url\":\"https:\/\/www.visit-ulcinj.com\/blog\/author\/admin\/\"}]}<\/script>\n<!-- \/ Yoast SEO plugin. -->","yoast_head_json":{"title":"Javna rasprava - \"Grad Ulcinj\" za lokalitet \"Pristan\" - Lajme nga Ulqini","description":"Crna Gora Mali i Zi OP\u0160TINA ULCINJ KOMUNA E ULQINIT Sekretarijat za prostorno planiranje i odr\u017eivi razvoj Sekretariati p\u00ebr planifikim hapsinor dhe","robots":{"index":"index","follow":"follow","max-snippet":"max-snippet:-1","max-image-preview":"max-image-preview:large","max-video-preview":"max-video-preview:-1"},"canonical":"https:\/\/www.visit-ulcinj.com\/blog\/2014\/03\/19\/javna-rasprava-grad-ulcinj-za-lokalitet-pristan\/","og_locale":"en_US","og_type":"article","og_title":"Javna rasprava - \"Grad Ulcinj\" za lokalitet \"Pristan\" - Lajme nga Ulqini","og_description":"Crna Gora Mali i Zi OP\u0160TINA ULCINJ KOMUNA E ULQINIT Sekretarijat za prostorno planiranje i odr\u017eivi razvoj Sekretariati p\u00ebr planifikim hapsinor dhe","og_url":"https:\/\/www.visit-ulcinj.com\/blog\/2014\/03\/19\/javna-rasprava-grad-ulcinj-za-lokalitet-pristan\/","og_site_name":"Lajme nga Ulqini","article_published_time":"2014-03-19T18:26:37+00:00","article_modified_time":"2014-03-19T18:27:01+00:00","og_image":[{"url":"http:\/\/www.visit-ulcinj.com\/blog\/wp-content\/uploads\/2014\/03\/2d3b_pdf.png"}],"twitter_misc":{"Written by":"ulqini","Est. reading time":"1 minute"},"schema":{"@context":"https:\/\/schema.org","@graph":[{"@type":"WebSite","@id":"https:\/\/www.visit-ulcinj.com\/blog\/#website","url":"https:\/\/www.visit-ulcinj.com\/blog\/","name":"Lajme nga Ulqini","description":"Lajme,Vijesti,Ulqini,Ulqin,Crna Gora,Mali i Zi","potentialAction":[{"@type":"SearchAction","target":{"@type":"EntryPoint","urlTemplate":"https:\/\/www.visit-ulcinj.com\/blog\/?s={search_term_string}"},"query-input":"required name=search_term_string"}],"inLanguage":"en-US"},{"@type":"ImageObject","inLanguage":"en-US","@id":"https:\/\/www.visit-ulcinj.com\/blog\/2014\/03\/19\/javna-rasprava-grad-ulcinj-za-lokalitet-pristan\/#primaryimage","url":"https:\/\/www.visit-ulcinj.com\/blog\/wp-content\/uploads\/2014\/03\/2d3b_pdf.png","contentUrl":"https:\/\/www.visit-ulcinj.com\/blog\/wp-content\/uploads\/2014\/03\/2d3b_pdf.png","width":20,"height":20},{"@type":"WebPage","@id":"https:\/\/www.visit-ulcinj.com\/blog\/2014\/03\/19\/javna-rasprava-grad-ulcinj-za-lokalitet-pristan\/#webpage","url":"https:\/\/www.visit-ulcinj.com\/blog\/2014\/03\/19\/javna-rasprava-grad-ulcinj-za-lokalitet-pristan\/","name":"Javna rasprava - \"Grad Ulcinj\" za lokalitet \"Pristan\" - Lajme nga Ulqini","isPartOf":{"@id":"https:\/\/www.visit-ulcinj.com\/blog\/#website"},"primaryImageOfPage":{"@id":"https:\/\/www.visit-ulcinj.com\/blog\/2014\/03\/19\/javna-rasprava-grad-ulcinj-za-lokalitet-pristan\/#primaryimage"},"datePublished":"2014-03-19T18:26:37+00:00","dateModified":"2014-03-19T18:27:01+00:00","author":{"@id":"https:\/\/www.visit-ulcinj.com\/blog\/#\/schema\/person\/dcab619c614d3038751c63bc2aadc06d"},"description":"Crna Gora Mali i Zi OP\u0160TINA ULCINJ KOMUNA E ULQINIT Sekretarijat za prostorno planiranje i odr\u017eivi razvoj Sekretariati p\u00ebr planifikim hapsinor dhe","breadcrumb":{"@id":"https:\/\/www.visit-ulcinj.com\/blog\/2014\/03\/19\/javna-rasprava-grad-ulcinj-za-lokalitet-pristan\/#breadcrumb"},"inLanguage":"en-US","potentialAction":[{"@type":"ReadAction","target":["https:\/\/www.visit-ulcinj.com\/blog\/2014\/03\/19\/javna-rasprava-grad-ulcinj-za-lokalitet-pristan\/"]}]},{"@type":"BreadcrumbList","@id":"https:\/\/www.visit-ulcinj.com\/blog\/2014\/03\/19\/javna-rasprava-grad-ulcinj-za-lokalitet-pristan\/#breadcrumb","itemListElement":[{"@type":"ListItem","position":1,"name":"Javna rasprava &#8211; &#8220;Grad Ulcinj&#8221; za lokalitet &#8220;Pristan&#8221;"}]},{"@type":"Person","@id":"https:\/\/www.visit-ulcinj.com\/blog\/#\/schema\/person\/dcab619c614d3038751c63bc2aadc06d","name":"ulqini","sameAs":["http:\/\/www.visit-ulcinj.com"],"url":"https:\/\/www.visit-ulcinj.com\/blog\/author\/admin\/"}]}},"jetpack_featured_media_url":"","jetpack_sharing_enabled":true,"jetpack_shortlink":"https:\/\/wp.me\/pe6lTn-l1a","_links":{"self":[{"href":"https:\/\/www.visit-ulcinj.com\/blog\/wp-json\/wp\/v2\/posts\/80796"}],"collection":[{"href":"https:\/\/www.visit-ulcinj.com\/blog\/wp-json\/wp\/v2\/posts"}],"about":[{"href":"https:\/\/www.visit-ulcinj.com\/blog\/wp-json\/wp\/v2\/types\/post"}],"author":[{"embeddable":true,"href":"https:\/\/www.visit-ulcinj.com\/blog\/wp-json\/wp\/v2\/users\/1"}],"replies":[{"embeddable":true,"href":"https:\/\/www.visit-ulcinj.com\/blog\/wp-json\/wp\/v2\/comments?post=80796"}],"version-history":[{"count":2,"href":"https:\/\/www.visit-ulcinj.com\/blog\/wp-json\/wp\/v2\/posts\/80796\/revisions"}],"predecessor-version":[{"id":80798,"href":"https:\/\/www.visit-ulcinj.com\/blog\/wp-json\/wp\/v2\/posts\/80796\/revisions\/80798"}],"wp:attachment":[{"href":"https:\/\/www.visit-ulcinj.com\/blog\/wp-json\/wp\/v2\/media?parent=80796"}],"wp:term":[{"taxonomy":"category","embeddable":true,"href":"https:\/\/www.visit-ulcinj.com\/blog\/wp-json\/wp\/v2\/categories?post=80796"},{"taxonomy":"post_tag","embeddable":true,"href":"https:\/\/www.visit-ulcinj.com\/blog\/wp-json\/wp\/v2\/tags?post=80796"}],"curies":[{"name":"wp","href":"https:\/\/api.w.org\/{rel}","templated":true}]}}