{"id":80799,"date":"2014-03-19T19:54:23","date_gmt":"2014-03-19T18:54:23","guid":{"rendered":"http:\/\/www.visit-ulcinj.com\/blog\/?p=80799"},"modified":"2014-03-19T19:57:11","modified_gmt":"2014-03-19T18:57:11","slug":"ne-shitje-swiss-haus-shtepi-ne-ulqin-plazhi-madhe","status":"publish","type":"post","link":"https:\/\/www.visit-ulcinj.com\/blog\/2014\/03\/19\/ne-shitje-swiss-haus-shtepi-ne-ulqin-plazhi-madhe\/","title":{"rendered":"N\u00eb Shitje!!! Swiss Haus: Shtepi n\u00eb Ulqin &#8211; Plazhi madhe"},"content":{"rendered":"<p><strong><a href=\"http:\/\/www.visit-ulcinj.com\/blog\/wp-content\/uploads\/2014\/03\/N\u00eb-Shitje-Swiss-Haus-Shtepi-Ulqin-1.jpg\"><img loading=\"lazy\" class=\"alignleft  wp-image-80801\" alt=\"N\u00eb Shitje-Swiss Haus-Shtepi-Ulqin-1\" src=\"http:\/\/www.visit-ulcinj.com\/blog\/wp-content\/uploads\/2014\/03\/N\u00eb-Shitje-Swiss-Haus-Shtepi-Ulqin-1.jpg\" width=\"508\" height=\"360\" \/><\/a>Shtepi n\u00eb Ulqin n\u00eb shitje:<\/strong><\/p>\n<p><strong>Vendi: Plazhi i Madh\u00eb, 500 metra nga plazhi\u00a0\u00a0\u00a0<\/strong><\/p>\n<p>Struktura: 6 apartamente n\u00eb kat, nga t\u00eb cilat nj\u00eb apartament \u00ebsht\u00eb me Galerie dhe 1 apartament \u00ebsht\u00eb n\u00eb p\u00ebrdhes\u00eb, me hyrje t\u00eb ve\u00e7ant\u00eb, apsolut i pa mvarur nga apartamentet tjer\u00eb dhe sht\u00ebpia private. Apartamentet kan\u00eb terasa t\u00eb m\u00ebdha dhe t\u00eb gj\u00ebra.<\/p>\n<p>Sht\u00ebpia private: kati p\u00ebrdhes\u00eb \u00ebsht\u00eb komplet sht\u00ebpia private n\u00eb p\u00ebrdhes\u00eb me hyrje t\u00eb ve\u00e7ant\u00eb. P\u00ebrb\u00ebhet nga: dy dhoma fjetje, dy WC+kabina dushi si dhe nj\u00eb WC i ve\u00e7ant\u00eb, Dhoma e q\u00ebndrimit, trepezaria dhe kuzhima jan\u00eb t\u00eb integruara n\u00eb nj\u00eb njisi me msdh\u00ebsi reth 50 m2, me teras\u00eb t\u00eb madhe e cila gjendet n\u00eb kopshtin e gjelb\u00ebrt, me Fontan\u00eb t\u00eb rethuar me pem\u00eb t\u00eb shumta mediteranike.<\/p>\n<p>Objekti \u00ebsht\u00eb i rethuar, me hyrje t\u00eb ve\u00e7ant, oborri \u00ebsht\u00eb i shtruar me terakota t\u00eb klas\u00ebs s\u00eb par\u00eb. N\u00eb oborr ka vend p\u00ebr parkim t\u00eb 3-4 automjetesh. N\u00eb pjes\u00ebn pas sht\u00ebpie \u00ebsht\u00eb i integruar magacini p\u00ebr mjete t\u00eb ndryeshme, allatet, motora&#8230;<br \/>\n<a href=\"http:\/\/www.visit-ulcinj.com\/blog\/wp-content\/uploads\/2014\/03\/N\u00eb-Shitje-Swiss-Haus-Shtepi-Ulqin-.jpg\"><img loading=\"lazy\" class=\"alignleft  wp-image-80802\" alt=\"N\u00eb Shitje-Swiss Haus-Shtepi-Ulqin-\" src=\"http:\/\/www.visit-ulcinj.com\/blog\/wp-content\/uploads\/2014\/03\/N\u00eb-Shitje-Swiss-Haus-Shtepi-Ulqin-.jpg\" width=\"508\" height=\"360\" \/><\/a><\/p>\n<p>Sht\u00ebpia \u00ebsht\u00eb e nd\u00ebrtuar sipas standardeve\u00a0Zviceriane: me materiale t\u00eb kualitetit t\u00eb lart\u00eb. Apartamentet jan\u00eb n\u00eb funkcion q\u00eb tre vite\/sezona me radh\u00eb, gjat\u00eb sezon\u00ebs turistike, \u00ebsht\u00eb gjith\u00ebmon e mbushur dhe rezervuar. Kualiteti dhe standardet Zviceriane t\u00eb objektit komplet jan\u00eb garanti q\u00eb mysafir\u00ebt q\u00ebndronin dhe jan\u00eb t\u00eb knaqur. T\u00eb gjith\u00eb apartamentet si dhe sht\u00ebpi private jan\u00eb t\u00eb klimatizuar.<\/p>\n<p>Madh\u00ebsia-kudratura: Trualli n\u00eb t\u00eb cil\u00ebn gjendet objekti ka 500 m2, nga t\u00eb cilat reth 200m2 jan\u00eb me kop\u00ebsht, gjelbrim, pem\u00eb dhe oborr-parking, kur\u00ebse 300 katror banimi p\u00ebrfshijn sht\u00ebpin\u00eb private dhe apartamentin e 7-t\u00eb n\u00eb p\u00ebrdhes\u00eb, me terasa. Kati i nalt\u00eb (6 apartamentet me Galerie si dhe me terasa) p\u00ebrb\u00ebrin nj\u00eb kuadratur\u00eb reth 450 m hapsir\u00eb banimi.<\/p>\n<p>P\u00ebr t\u00eb gjitha informatat tjera detajike, vizit\u00ebs personale p\u00ebr ta par\u00eb sht\u00ebpin\u00eb, si dhe kontaaktimin me pronar\u00ebt e sht\u00ebpis\u00eb, lajm\u00ebrohuni n\u00eb k\u00ebto numra dhe adresa:<\/p>\n<p><strong>\u00a0Email: <a href=\"mailto: silverkorda@gmail.com\" target=\"_blank\">lajmengaulqini@gmail.com<\/a><\/strong><\/p>\n\n\t\t<style type=\"text\/css\">\n\t\t\t#gallery-1 {\n\t\t\t\tmargin: auto;\n\t\t\t}\n\t\t\t#gallery-1 .gallery-item {\n\t\t\t\tfloat: left;\n\t\t\t\tmargin-top: 10px;\n\t\t\t\ttext-align: center;\n\t\t\t\twidth: 33%;\n\t\t\t}\n\t\t\t#gallery-1 img {\n\t\t\t\tborder: 2px solid #cfcfcf;\n\t\t\t}\n\t\t\t#gallery-1 .gallery-caption {\n\t\t\t\tmargin-left: 0;\n\t\t\t}\n\t\t\t\/* see gallery_shortcode() in wp-includes\/media.php *\/\n\t\t<\/style>\n\t\t<div id='gallery-1' class='gallery galleryid-80799 gallery-columns-3 gallery-size-thumbnail'><dl class='gallery-item'>\n\t\t\t<dt class='gallery-icon landscape'>\n\t\t\t\t<a href='https:\/\/www.visit-ulcinj.com\/blog\/2014\/03\/19\/ne-shitje-swiss-haus-shtepi-ne-ulqin-plazhi-madhe\/ne-shitje-swiss-haus-shtepi-ulqin-1\/'><img width=\"150\" height=\"150\" src=\"https:\/\/www.visit-ulcinj.com\/blog\/wp-content\/uploads\/2014\/03\/N\u00eb-Shitje-Swiss-Haus-Shtepi-Ulqin-1-150x150.jpg\" class=\"attachment-thumbnail size-thumbnail\" alt=\"\" loading=\"lazy\" \/><\/a>\n\t\t\t<\/dt><\/dl><dl class='gallery-item'>\n\t\t\t<dt class='gallery-icon landscape'>\n\t\t\t\t<a href='https:\/\/www.visit-ulcinj.com\/blog\/2014\/03\/19\/ne-shitje-swiss-haus-shtepi-ne-ulqin-plazhi-madhe\/ne-shitje-swiss-haus-shtepi-ulqin-8\/'><img width=\"150\" height=\"150\" src=\"https:\/\/www.visit-ulcinj.com\/blog\/wp-content\/uploads\/2014\/03\/N\u00eb-Shitje-Swiss-Haus-Shtepi-Ulqin-8-150x150.jpg\" class=\"attachment-thumbnail size-thumbnail\" alt=\"\" loading=\"lazy\" \/><\/a>\n\t\t\t<\/dt><\/dl><dl class='gallery-item'>\n\t\t\t<dt class='gallery-icon landscape'>\n\t\t\t\t<a href='https:\/\/www.visit-ulcinj.com\/blog\/2014\/03\/19\/ne-shitje-swiss-haus-shtepi-ne-ulqin-plazhi-madhe\/ne-shitje-swiss-haus-shtepi-ulqin-7\/'><img width=\"150\" height=\"150\" src=\"https:\/\/www.visit-ulcinj.com\/blog\/wp-content\/uploads\/2014\/03\/N\u00eb-Shitje-Swiss-Haus-Shtepi-Ulqin-7-150x150.jpg\" class=\"attachment-thumbnail size-thumbnail\" alt=\"\" loading=\"lazy\" \/><\/a>\n\t\t\t<\/dt><\/dl><br style=\"clear: both\" \/><dl class='gallery-item'>\n\t\t\t<dt class='gallery-icon landscape'>\n\t\t\t\t<a href='https:\/\/www.visit-ulcinj.com\/blog\/2014\/03\/19\/ne-shitje-swiss-haus-shtepi-ne-ulqin-plazhi-madhe\/ne-shitje-swiss-haus-shtepi-ulqin-6\/'><img width=\"150\" height=\"150\" src=\"https:\/\/www.visit-ulcinj.com\/blog\/wp-content\/uploads\/2014\/03\/N\u00eb-Shitje-Swiss-Haus-Shtepi-Ulqin-6-150x150.jpg\" class=\"attachment-thumbnail size-thumbnail\" alt=\"\" loading=\"lazy\" \/><\/a>\n\t\t\t<\/dt><\/dl><dl class='gallery-item'>\n\t\t\t<dt class='gallery-icon portrait'>\n\t\t\t\t<a href='https:\/\/www.visit-ulcinj.com\/blog\/2014\/03\/19\/ne-shitje-swiss-haus-shtepi-ne-ulqin-plazhi-madhe\/ne-shitje-swiss-haus-shtepi-ulqin-5\/'><img width=\"150\" height=\"150\" src=\"https:\/\/www.visit-ulcinj.com\/blog\/wp-content\/uploads\/2014\/03\/N\u00eb-Shitje-Swiss-Haus-Shtepi-Ulqin-5-150x150.jpg\" class=\"attachment-thumbnail size-thumbnail\" alt=\"\" loading=\"lazy\" \/><\/a>\n\t\t\t<\/dt><\/dl><dl class='gallery-item'>\n\t\t\t<dt class='gallery-icon landscape'>\n\t\t\t\t<a href='https:\/\/www.visit-ulcinj.com\/blog\/2014\/03\/19\/ne-shitje-swiss-haus-shtepi-ne-ulqin-plazhi-madhe\/ne-shitje-swiss-haus-shtepi-ulqin-4\/'><img width=\"150\" height=\"150\" src=\"https:\/\/www.visit-ulcinj.com\/blog\/wp-content\/uploads\/2014\/03\/N\u00eb-Shitje-Swiss-Haus-Shtepi-Ulqin-4-150x150.jpg\" class=\"attachment-thumbnail size-thumbnail\" alt=\"\" loading=\"lazy\" \/><\/a>\n\t\t\t<\/dt><\/dl><br style=\"clear: both\" \/><dl class='gallery-item'>\n\t\t\t<dt class='gallery-icon landscape'>\n\t\t\t\t<a href='https:\/\/www.visit-ulcinj.com\/blog\/2014\/03\/19\/ne-shitje-swiss-haus-shtepi-ne-ulqin-plazhi-madhe\/ne-shitje-swiss-haus-shtepi-ulqin-3\/'><img width=\"150\" height=\"150\" src=\"https:\/\/www.visit-ulcinj.com\/blog\/wp-content\/uploads\/2014\/03\/N\u00eb-Shitje-Swiss-Haus-Shtepi-Ulqin-3-150x150.jpg\" class=\"attachment-thumbnail size-thumbnail\" alt=\"\" loading=\"lazy\" \/><\/a>\n\t\t\t<\/dt><\/dl><dl class='gallery-item'>\n\t\t\t<dt class='gallery-icon portrait'>\n\t\t\t\t<a href='https:\/\/www.visit-ulcinj.com\/blog\/2014\/03\/19\/ne-shitje-swiss-haus-shtepi-ne-ulqin-plazhi-madhe\/ne-shitje-swiss-haus-shtepi-ulqin-2\/'><img width=\"150\" height=\"150\" src=\"https:\/\/www.visit-ulcinj.com\/blog\/wp-content\/uploads\/2014\/03\/N\u00eb-Shitje-Swiss-Haus-Shtepi-Ulqin-2-150x150.jpg\" class=\"attachment-thumbnail size-thumbnail\" alt=\"\" loading=\"lazy\" \/><\/a>\n\t\t\t<\/dt><\/dl><dl class='gallery-item'>\n\t\t\t<dt class='gallery-icon portrait'>\n\t\t\t\t<a href='https:\/\/www.visit-ulcinj.com\/blog\/2014\/03\/19\/ne-shitje-swiss-haus-shtepi-ne-ulqin-plazhi-madhe\/ne-shitje-swiss-haus-shtepi-ulqin-9\/'><img width=\"150\" height=\"150\" src=\"https:\/\/www.visit-ulcinj.com\/blog\/wp-content\/uploads\/2014\/03\/N\u00eb-Shitje-Swiss-Haus-Shtepi-Ulqin-9-150x150.jpg\" class=\"attachment-thumbnail size-thumbnail\" alt=\"\" loading=\"lazy\" \/><\/a>\n\t\t\t<\/dt><\/dl><br style=\"clear: both\" \/>\n\t\t<\/div>\n\n<p>&nbsp;<\/p>\n","protected":false},"excerpt":{"rendered":"<p>Shtepi n\u00eb Ulqin n\u00eb shitje: Vendi: Plazhi i Madh\u00eb, 500 metra nga plazhi\u00a0\u00a0\u00a0 Struktura: 6 apartamente n\u00eb kat, nga t\u00eb cilat nj\u00eb apartament \u00ebsht\u00eb me Galerie dhe 1 apartament \u00ebsht\u00eb n\u00eb p\u00ebrdhes\u00eb, me hyrje t\u00eb ve\u00e7ant\u00eb, apsolut i pa mvarur nga apartamentet tjer\u00eb dhe sht\u00ebpia private. Apartamentet kan\u00eb terasa t\u00eb m\u00ebdha dhe t\u00eb gj\u00ebra. Sht\u00ebpia [&hellip;]<\/p>\n","protected":false},"author":1,"featured_media":0,"comment_status":"closed","ping_status":"closed","sticky":false,"template":"","format":"standard","meta":{"spay_email":"","jetpack_publicize_message":"","jetpack_is_tweetstorm":false,"jetpack_publicize_feature_enabled":true},"categories":[2451],"tags":[],"jetpack_publicize_connections":[],"yoast_head":"<!-- This site is optimized with the Yoast SEO plugin v19.1 - https:\/\/yoast.com\/wordpress\/plugins\/seo\/ -->\n<title>N\u00eb Shitje!!! Swiss Haus: Shtepi n\u00eb Ulqin - Plazhi madhe - Lajme nga Ulqini<\/title>\n<meta name=\"description\" content=\"Shtepi n\u00eb Ulqin n\u00eb shitje: Vendi: Plazhi i Madh\u00eb, 500 metra nga plazhi\u00a0\u00a0\u00a0 Struktura: 6 apartamente n\u00eb kat, nga t\u00eb cilat nj\u00eb apartament \u00ebsht\u00eb me Galerie\" \/>\n<meta name=\"robots\" content=\"index, follow, max-snippet:-1, max-image-preview:large, max-video-preview:-1\" \/>\n<link rel=\"canonical\" href=\"https:\/\/www.visit-ulcinj.com\/blog\/2014\/03\/19\/ne-shitje-swiss-haus-shtepi-ne-ulqin-plazhi-madhe\/\" \/>\n<meta property=\"og:locale\" content=\"en_US\" \/>\n<meta property=\"og:type\" content=\"article\" \/>\n<meta property=\"og:title\" content=\"N\u00eb Shitje!!! Swiss Haus: Shtepi n\u00eb Ulqin - Plazhi madhe - Lajme nga Ulqini\" \/>\n<meta property=\"og:description\" content=\"Shtepi n\u00eb Ulqin n\u00eb shitje: Vendi: Plazhi i Madh\u00eb, 500 metra nga plazhi\u00a0\u00a0\u00a0 Struktura: 6 apartamente n\u00eb kat, nga t\u00eb cilat nj\u00eb apartament \u00ebsht\u00eb me Galerie\" \/>\n<meta property=\"og:url\" content=\"https:\/\/www.visit-ulcinj.com\/blog\/2014\/03\/19\/ne-shitje-swiss-haus-shtepi-ne-ulqin-plazhi-madhe\/\" \/>\n<meta property=\"og:site_name\" content=\"Lajme nga Ulqini\" \/>\n<meta property=\"article:published_time\" content=\"2014-03-19T18:54:23+00:00\" \/>\n<meta property=\"article:modified_time\" content=\"2014-03-19T18:57:11+00:00\" \/>\n<meta property=\"og:image\" content=\"https:\/\/www.visit-ulcinj.com\/blog\/wp-content\/uploads\/2014\/03\/N\u00eb-Shitje-Swiss-Haus-Shtepi-Ulqin-1-150x150.jpg\" \/>\n<meta name=\"twitter:label1\" content=\"Written by\" \/>\n\t<meta name=\"twitter:data1\" content=\"ulqini\" \/>\n\t<meta name=\"twitter:label2\" content=\"Est. reading time\" \/>\n\t<meta name=\"twitter:data2\" content=\"2 minutes\" \/>\n<script type=\"application\/ld+json\" class=\"yoast-schema-graph\">{\"@context\":\"https:\/\/schema.org\",\"@graph\":[{\"@type\":\"WebSite\",\"@id\":\"https:\/\/www.visit-ulcinj.com\/blog\/#website\",\"url\":\"https:\/\/www.visit-ulcinj.com\/blog\/\",\"name\":\"Lajme nga Ulqini\",\"description\":\"Lajme,Vijesti,Ulqini,Ulqin,Crna Gora,Mali i Zi\",\"potentialAction\":[{\"@type\":\"SearchAction\",\"target\":{\"@type\":\"EntryPoint\",\"urlTemplate\":\"https:\/\/www.visit-ulcinj.com\/blog\/?s={search_term_string}\"},\"query-input\":\"required name=search_term_string\"}],\"inLanguage\":\"en-US\"},{\"@type\":\"WebPage\",\"@id\":\"https:\/\/www.visit-ulcinj.com\/blog\/2014\/03\/19\/ne-shitje-swiss-haus-shtepi-ne-ulqin-plazhi-madhe\/#webpage\",\"url\":\"https:\/\/www.visit-ulcinj.com\/blog\/2014\/03\/19\/ne-shitje-swiss-haus-shtepi-ne-ulqin-plazhi-madhe\/\",\"name\":\"N\u00eb Shitje!!! Swiss Haus: Shtepi n\u00eb Ulqin - Plazhi madhe - Lajme nga Ulqini\",\"isPartOf\":{\"@id\":\"https:\/\/www.visit-ulcinj.com\/blog\/#website\"},\"datePublished\":\"2014-03-19T18:54:23+00:00\",\"dateModified\":\"2014-03-19T18:57:11+00:00\",\"author\":{\"@id\":\"https:\/\/www.visit-ulcinj.com\/blog\/#\/schema\/person\/dcab619c614d3038751c63bc2aadc06d\"},\"description\":\"Shtepi n\u00eb Ulqin n\u00eb shitje: Vendi: Plazhi i Madh\u00eb, 500 metra nga plazhi\u00a0\u00a0\u00a0 Struktura: 6 apartamente n\u00eb kat, nga t\u00eb cilat nj\u00eb apartament \u00ebsht\u00eb me Galerie\",\"breadcrumb\":{\"@id\":\"https:\/\/www.visit-ulcinj.com\/blog\/2014\/03\/19\/ne-shitje-swiss-haus-shtepi-ne-ulqin-plazhi-madhe\/#breadcrumb\"},\"inLanguage\":\"en-US\",\"potentialAction\":[{\"@type\":\"ReadAction\",\"target\":[\"https:\/\/www.visit-ulcinj.com\/blog\/2014\/03\/19\/ne-shitje-swiss-haus-shtepi-ne-ulqin-plazhi-madhe\/\"]}]},{\"@type\":\"BreadcrumbList\",\"@id\":\"https:\/\/www.visit-ulcinj.com\/blog\/2014\/03\/19\/ne-shitje-swiss-haus-shtepi-ne-ulqin-plazhi-madhe\/#breadcrumb\",\"itemListElement\":[{\"@type\":\"ListItem\",\"position\":1,\"name\":\"N\u00eb Shitje!!! Swiss Haus: Shtepi n\u00eb Ulqin &#8211; Plazhi madhe\"}]},{\"@type\":\"Person\",\"@id\":\"https:\/\/www.visit-ulcinj.com\/blog\/#\/schema\/person\/dcab619c614d3038751c63bc2aadc06d\",\"name\":\"ulqini\",\"sameAs\":[\"http:\/\/www.visit-ulcinj.com\"],\"url\":\"https:\/\/www.visit-ulcinj.com\/blog\/author\/admin\/\"}]}<\/script>\n<!-- \/ Yoast SEO plugin. -->","yoast_head_json":{"title":"N\u00eb Shitje!!! Swiss Haus: Shtepi n\u00eb Ulqin - Plazhi madhe - Lajme nga Ulqini","description":"Shtepi n\u00eb Ulqin n\u00eb shitje: Vendi: Plazhi i Madh\u00eb, 500 metra nga plazhi\u00a0\u00a0\u00a0 Struktura: 6 apartamente n\u00eb kat, nga t\u00eb cilat nj\u00eb apartament \u00ebsht\u00eb me Galerie","robots":{"index":"index","follow":"follow","max-snippet":"max-snippet:-1","max-image-preview":"max-image-preview:large","max-video-preview":"max-video-preview:-1"},"canonical":"https:\/\/www.visit-ulcinj.com\/blog\/2014\/03\/19\/ne-shitje-swiss-haus-shtepi-ne-ulqin-plazhi-madhe\/","og_locale":"en_US","og_type":"article","og_title":"N\u00eb Shitje!!! Swiss Haus: Shtepi n\u00eb Ulqin - Plazhi madhe - Lajme nga Ulqini","og_description":"Shtepi n\u00eb Ulqin n\u00eb shitje: Vendi: Plazhi i Madh\u00eb, 500 metra nga plazhi\u00a0\u00a0\u00a0 Struktura: 6 apartamente n\u00eb kat, nga t\u00eb cilat nj\u00eb apartament \u00ebsht\u00eb me Galerie","og_url":"https:\/\/www.visit-ulcinj.com\/blog\/2014\/03\/19\/ne-shitje-swiss-haus-shtepi-ne-ulqin-plazhi-madhe\/","og_site_name":"Lajme nga Ulqini","article_published_time":"2014-03-19T18:54:23+00:00","article_modified_time":"2014-03-19T18:57:11+00:00","og_image":[{"url":"https:\/\/www.visit-ulcinj.com\/blog\/wp-content\/uploads\/2014\/03\/N\u00eb-Shitje-Swiss-Haus-Shtepi-Ulqin-1-150x150.jpg"}],"twitter_misc":{"Written by":"ulqini","Est. reading time":"2 minutes"},"schema":{"@context":"https:\/\/schema.org","@graph":[{"@type":"WebSite","@id":"https:\/\/www.visit-ulcinj.com\/blog\/#website","url":"https:\/\/www.visit-ulcinj.com\/blog\/","name":"Lajme nga Ulqini","description":"Lajme,Vijesti,Ulqini,Ulqin,Crna Gora,Mali i Zi","potentialAction":[{"@type":"SearchAction","target":{"@type":"EntryPoint","urlTemplate":"https:\/\/www.visit-ulcinj.com\/blog\/?s={search_term_string}"},"query-input":"required name=search_term_string"}],"inLanguage":"en-US"},{"@type":"WebPage","@id":"https:\/\/www.visit-ulcinj.com\/blog\/2014\/03\/19\/ne-shitje-swiss-haus-shtepi-ne-ulqin-plazhi-madhe\/#webpage","url":"https:\/\/www.visit-ulcinj.com\/blog\/2014\/03\/19\/ne-shitje-swiss-haus-shtepi-ne-ulqin-plazhi-madhe\/","name":"N\u00eb Shitje!!! Swiss Haus: Shtepi n\u00eb Ulqin - Plazhi madhe - Lajme nga Ulqini","isPartOf":{"@id":"https:\/\/www.visit-ulcinj.com\/blog\/#website"},"datePublished":"2014-03-19T18:54:23+00:00","dateModified":"2014-03-19T18:57:11+00:00","author":{"@id":"https:\/\/www.visit-ulcinj.com\/blog\/#\/schema\/person\/dcab619c614d3038751c63bc2aadc06d"},"description":"Shtepi n\u00eb Ulqin n\u00eb shitje: Vendi: Plazhi i Madh\u00eb, 500 metra nga plazhi\u00a0\u00a0\u00a0 Struktura: 6 apartamente n\u00eb kat, nga t\u00eb cilat nj\u00eb apartament \u00ebsht\u00eb me Galerie","breadcrumb":{"@id":"https:\/\/www.visit-ulcinj.com\/blog\/2014\/03\/19\/ne-shitje-swiss-haus-shtepi-ne-ulqin-plazhi-madhe\/#breadcrumb"},"inLanguage":"en-US","potentialAction":[{"@type":"ReadAction","target":["https:\/\/www.visit-ulcinj.com\/blog\/2014\/03\/19\/ne-shitje-swiss-haus-shtepi-ne-ulqin-plazhi-madhe\/"]}]},{"@type":"BreadcrumbList","@id":"https:\/\/www.visit-ulcinj.com\/blog\/2014\/03\/19\/ne-shitje-swiss-haus-shtepi-ne-ulqin-plazhi-madhe\/#breadcrumb","itemListElement":[{"@type":"ListItem","position":1,"name":"N\u00eb Shitje!!! Swiss Haus: Shtepi n\u00eb Ulqin &#8211; Plazhi madhe"}]},{"@type":"Person","@id":"https:\/\/www.visit-ulcinj.com\/blog\/#\/schema\/person\/dcab619c614d3038751c63bc2aadc06d","name":"ulqini","sameAs":["http:\/\/www.visit-ulcinj.com"],"url":"https:\/\/www.visit-ulcinj.com\/blog\/author\/admin\/"}]}},"jetpack_featured_media_url":"","jetpack_sharing_enabled":true,"jetpack_shortlink":"https:\/\/wp.me\/pe6lTn-l1d","_links":{"self":[{"href":"https:\/\/www.visit-ulcinj.com\/blog\/wp-json\/wp\/v2\/posts\/80799"}],"collection":[{"href":"https:\/\/www.visit-ulcinj.com\/blog\/wp-json\/wp\/v2\/posts"}],"about":[{"href":"https:\/\/www.visit-ulcinj.com\/blog\/wp-json\/wp\/v2\/types\/post"}],"author":[{"embeddable":true,"href":"https:\/\/www.visit-ulcinj.com\/blog\/wp-json\/wp\/v2\/users\/1"}],"replies":[{"embeddable":true,"href":"https:\/\/www.visit-ulcinj.com\/blog\/wp-json\/wp\/v2\/comments?post=80799"}],"version-history":[{"count":3,"href":"https:\/\/www.visit-ulcinj.com\/blog\/wp-json\/wp\/v2\/posts\/80799\/revisions"}],"predecessor-version":[{"id":80813,"href":"https:\/\/www.visit-ulcinj.com\/blog\/wp-json\/wp\/v2\/posts\/80799\/revisions\/80813"}],"wp:attachment":[{"href":"https:\/\/www.visit-ulcinj.com\/blog\/wp-json\/wp\/v2\/media?parent=80799"}],"wp:term":[{"taxonomy":"category","embeddable":true,"href":"https:\/\/www.visit-ulcinj.com\/blog\/wp-json\/wp\/v2\/categories?post=80799"},{"taxonomy":"post_tag","embeddable":true,"href":"https:\/\/www.visit-ulcinj.com\/blog\/wp-json\/wp\/v2\/tags?post=80799"}],"curies":[{"name":"wp","href":"https:\/\/api.w.org\/{rel}","templated":true}]}}