{"id":808,"date":"2008-03-09T09:07:48","date_gmt":"2008-03-09T14:07:48","guid":{"rendered":"http:\/\/www.visit-ulcinj.com\/blog\/2008\/03\/09\/oli-rehn-mali-i-zi-konstruktiv-per-kosoven\/"},"modified":"2008-07-02T13:18:51","modified_gmt":"2008-07-02T18:18:51","slug":"oli-rehn-mali-i-zi-konstruktiv-per-kosoven","status":"publish","type":"post","link":"https:\/\/www.visit-ulcinj.com\/blog\/2008\/03\/09\/oli-rehn-mali-i-zi-konstruktiv-per-kosoven\/","title":{"rendered":"Oli Rehn: Mali i Zi konstruktiv p\u00ebr Kosov\u00ebn"},"content":{"rendered":"<p><a title=\"Oli Rehn u skupstinu crne gore\" rel=\"lightbox[pics-1205071437]\" href=\"http:\/\/www.visit-ulcinj.com\/blog\/wp-content\/uploads\/2008\/03\/oly-rehn.jpg\"><img loading=\"lazy\" src=\"http:\/\/www.visit-ulcinj.com\/blog\/wp-content\/uploads\/2008\/03\/oly-rehn.thumbnail.jpg\" alt=\"Oli Rehn u skupstinu crne gore\" width=\"200\" height=\"132\" align=\"left\" \/><\/a>Gjat\u00eb nj\u00eb fjalimi n\u00eb Kuvendin e Malit t\u00eb Zi, Rehn tha se e kupton \u201cnd\u00ebrlikueshm\u00ebrin\u00eb e raporteve\u201d n\u00eb Mal t\u00eb Zi lidhur me p\u00ebrcaktimin ndaj pavar\u00ebsis\u00eb s\u00eb Kosov\u00ebs<br \/>\nEurokomisioneri p\u00ebr zgjerim Oli Rehn deklaroi sot se Mali i Zi ka pasur rol konstruktiv n\u00eb procesin e zgjidhjes s\u00eb statusit t\u00eb Kosov\u00ebs. Gjat\u00eb nj\u00eb fjalimi n\u00eb Kuvendin e Malit t\u00eb Zi, Rehn tha se e kupton \u201cnd\u00ebrlikueshm\u00ebrin\u00eb e raporteve\u201d n\u00eb Mal t\u00eb Zi lidhur me p\u00ebrcaktimin ndaj pavar\u00ebsis\u00eb s\u00eb Kosov\u00ebs. Ai m\u00eb tej shtoi se BE-ja \u00ebsht\u00eb e gatshme q\u00eb Kosov\u00ebs t&#8217;i ofroj\u00eb mb\u00ebshtetje t\u00eb plot\u00eb p\u00ebr zhvillim ekonomik, sikur edhe vendeve t\u00eb tjera t\u00eb Ballkanit Per\u00ebndimor.<\/p>\n<p>www.balkanweb.com<\/p>\n","protected":false},"excerpt":{"rendered":"<p><img loading=\"lazy\" src=\"http:\/\/www.visit-ulcinj.com\/blog\/wp-content\/uploads\/2008\/03\/oly-rehn.thumbnail.jpg\" alt=\"Oli Rehn u skupstinu crne gore\" align=\"left\" height=\"140\" width=\"140\" \/><\/p>\n","protected":false},"author":1,"featured_media":0,"comment_status":"open","ping_status":"closed","sticky":false,"template":"","format":"standard","meta":{"spay_email":"","jetpack_publicize_message":"","jetpack_is_tweetstorm":false,"jetpack_publicize_feature_enabled":true},"categories":[1],"tags":[95,2116,333,425],"jetpack_publicize_connections":[],"yoast_head":"<!-- This site is optimized with the Yoast SEO plugin v19.1 - https:\/\/yoast.com\/wordpress\/plugins\/seo\/ -->\n<title>Oli Rehn: Mali i Zi konstruktiv p\u00ebr Kosov\u00ebn - Lajme nga Ulqini<\/title>\n<meta name=\"robots\" content=\"index, follow, max-snippet:-1, max-image-preview:large, max-video-preview:-1\" \/>\n<link rel=\"canonical\" href=\"https:\/\/www.visit-ulcinj.com\/blog\/2008\/03\/09\/oli-rehn-mali-i-zi-konstruktiv-per-kosoven\/\" \/>\n<meta property=\"og:locale\" content=\"en_US\" \/>\n<meta property=\"og:type\" content=\"article\" \/>\n<meta property=\"og:title\" content=\"Oli Rehn: Mali i Zi konstruktiv p\u00ebr Kosov\u00ebn - Lajme nga Ulqini\" \/>\n<meta property=\"og:url\" content=\"https:\/\/www.visit-ulcinj.com\/blog\/2008\/03\/09\/oli-rehn-mali-i-zi-konstruktiv-per-kosoven\/\" \/>\n<meta property=\"og:site_name\" content=\"Lajme nga Ulqini\" \/>\n<meta property=\"article:published_time\" content=\"2008-03-09T14:07:48+00:00\" \/>\n<meta property=\"article:modified_time\" content=\"2008-07-02T18:18:51+00:00\" \/>\n<meta property=\"og:image\" content=\"http:\/\/www.visit-ulcinj.com\/blog\/wp-content\/uploads\/2008\/03\/oly-rehn.thumbnail.jpg\" \/>\n<meta name=\"twitter:label1\" content=\"Written by\" \/>\n\t<meta name=\"twitter:data1\" content=\"ulqini\" \/>\n\t<meta name=\"twitter:label2\" content=\"Est. reading time\" \/>\n\t<meta name=\"twitter:data2\" content=\"1 minute\" \/>\n<script type=\"application\/ld+json\" class=\"yoast-schema-graph\">{\"@context\":\"https:\/\/schema.org\",\"@graph\":[{\"@type\":\"WebSite\",\"@id\":\"https:\/\/www.visit-ulcinj.com\/blog\/#website\",\"url\":\"https:\/\/www.visit-ulcinj.com\/blog\/\",\"name\":\"Lajme nga Ulqini\",\"description\":\"Lajme,Vijesti,Ulqini,Ulqin,Crna Gora,Mali i Zi\",\"potentialAction\":[{\"@type\":\"SearchAction\",\"target\":{\"@type\":\"EntryPoint\",\"urlTemplate\":\"https:\/\/www.visit-ulcinj.com\/blog\/?s={search_term_string}\"},\"query-input\":\"required name=search_term_string\"}],\"inLanguage\":\"en-US\"},{\"@type\":\"ImageObject\",\"inLanguage\":\"en-US\",\"@id\":\"https:\/\/www.visit-ulcinj.com\/blog\/2008\/03\/09\/oli-rehn-mali-i-zi-konstruktiv-per-kosoven\/#primaryimage\",\"url\":\"http:\/\/www.visit-ulcinj.com\/blog\/wp-content\/uploads\/2008\/03\/oly-rehn.thumbnail.jpg\",\"contentUrl\":\"http:\/\/www.visit-ulcinj.com\/blog\/wp-content\/uploads\/2008\/03\/oly-rehn.thumbnail.jpg\"},{\"@type\":\"WebPage\",\"@id\":\"https:\/\/www.visit-ulcinj.com\/blog\/2008\/03\/09\/oli-rehn-mali-i-zi-konstruktiv-per-kosoven\/#webpage\",\"url\":\"https:\/\/www.visit-ulcinj.com\/blog\/2008\/03\/09\/oli-rehn-mali-i-zi-konstruktiv-per-kosoven\/\",\"name\":\"Oli Rehn: Mali i Zi konstruktiv p\u00ebr Kosov\u00ebn - Lajme nga Ulqini\",\"isPartOf\":{\"@id\":\"https:\/\/www.visit-ulcinj.com\/blog\/#website\"},\"primaryImageOfPage\":{\"@id\":\"https:\/\/www.visit-ulcinj.com\/blog\/2008\/03\/09\/oli-rehn-mali-i-zi-konstruktiv-per-kosoven\/#primaryimage\"},\"datePublished\":\"2008-03-09T14:07:48+00:00\",\"dateModified\":\"2008-07-02T18:18:51+00:00\",\"author\":{\"@id\":\"https:\/\/www.visit-ulcinj.com\/blog\/#\/schema\/person\/dcab619c614d3038751c63bc2aadc06d\"},\"breadcrumb\":{\"@id\":\"https:\/\/www.visit-ulcinj.com\/blog\/2008\/03\/09\/oli-rehn-mali-i-zi-konstruktiv-per-kosoven\/#breadcrumb\"},\"inLanguage\":\"en-US\",\"potentialAction\":[{\"@type\":\"ReadAction\",\"target\":[\"https:\/\/www.visit-ulcinj.com\/blog\/2008\/03\/09\/oli-rehn-mali-i-zi-konstruktiv-per-kosoven\/\"]}]},{\"@type\":\"BreadcrumbList\",\"@id\":\"https:\/\/www.visit-ulcinj.com\/blog\/2008\/03\/09\/oli-rehn-mali-i-zi-konstruktiv-per-kosoven\/#breadcrumb\",\"itemListElement\":[{\"@type\":\"ListItem\",\"position\":1,\"name\":\"Oli Rehn: Mali i Zi konstruktiv p\u00ebr Kosov\u00ebn\"}]},{\"@type\":\"Person\",\"@id\":\"https:\/\/www.visit-ulcinj.com\/blog\/#\/schema\/person\/dcab619c614d3038751c63bc2aadc06d\",\"name\":\"ulqini\",\"sameAs\":[\"http:\/\/www.visit-ulcinj.com\"],\"url\":\"https:\/\/www.visit-ulcinj.com\/blog\/author\/admin\/\"}]}<\/script>\n<!-- \/ Yoast SEO plugin. -->","yoast_head_json":{"title":"Oli Rehn: Mali i Zi konstruktiv p\u00ebr Kosov\u00ebn - Lajme nga Ulqini","robots":{"index":"index","follow":"follow","max-snippet":"max-snippet:-1","max-image-preview":"max-image-preview:large","max-video-preview":"max-video-preview:-1"},"canonical":"https:\/\/www.visit-ulcinj.com\/blog\/2008\/03\/09\/oli-rehn-mali-i-zi-konstruktiv-per-kosoven\/","og_locale":"en_US","og_type":"article","og_title":"Oli Rehn: Mali i Zi konstruktiv p\u00ebr Kosov\u00ebn - Lajme nga Ulqini","og_url":"https:\/\/www.visit-ulcinj.com\/blog\/2008\/03\/09\/oli-rehn-mali-i-zi-konstruktiv-per-kosoven\/","og_site_name":"Lajme nga Ulqini","article_published_time":"2008-03-09T14:07:48+00:00","article_modified_time":"2008-07-02T18:18:51+00:00","og_image":[{"url":"http:\/\/www.visit-ulcinj.com\/blog\/wp-content\/uploads\/2008\/03\/oly-rehn.thumbnail.jpg"}],"twitter_misc":{"Written by":"ulqini","Est. reading time":"1 minute"},"schema":{"@context":"https:\/\/schema.org","@graph":[{"@type":"WebSite","@id":"https:\/\/www.visit-ulcinj.com\/blog\/#website","url":"https:\/\/www.visit-ulcinj.com\/blog\/","name":"Lajme nga Ulqini","description":"Lajme,Vijesti,Ulqini,Ulqin,Crna Gora,Mali i Zi","potentialAction":[{"@type":"SearchAction","target":{"@type":"EntryPoint","urlTemplate":"https:\/\/www.visit-ulcinj.com\/blog\/?s={search_term_string}"},"query-input":"required name=search_term_string"}],"inLanguage":"en-US"},{"@type":"ImageObject","inLanguage":"en-US","@id":"https:\/\/www.visit-ulcinj.com\/blog\/2008\/03\/09\/oli-rehn-mali-i-zi-konstruktiv-per-kosoven\/#primaryimage","url":"http:\/\/www.visit-ulcinj.com\/blog\/wp-content\/uploads\/2008\/03\/oly-rehn.thumbnail.jpg","contentUrl":"http:\/\/www.visit-ulcinj.com\/blog\/wp-content\/uploads\/2008\/03\/oly-rehn.thumbnail.jpg"},{"@type":"WebPage","@id":"https:\/\/www.visit-ulcinj.com\/blog\/2008\/03\/09\/oli-rehn-mali-i-zi-konstruktiv-per-kosoven\/#webpage","url":"https:\/\/www.visit-ulcinj.com\/blog\/2008\/03\/09\/oli-rehn-mali-i-zi-konstruktiv-per-kosoven\/","name":"Oli Rehn: Mali i Zi konstruktiv p\u00ebr Kosov\u00ebn - Lajme nga Ulqini","isPartOf":{"@id":"https:\/\/www.visit-ulcinj.com\/blog\/#website"},"primaryImageOfPage":{"@id":"https:\/\/www.visit-ulcinj.com\/blog\/2008\/03\/09\/oli-rehn-mali-i-zi-konstruktiv-per-kosoven\/#primaryimage"},"datePublished":"2008-03-09T14:07:48+00:00","dateModified":"2008-07-02T18:18:51+00:00","author":{"@id":"https:\/\/www.visit-ulcinj.com\/blog\/#\/schema\/person\/dcab619c614d3038751c63bc2aadc06d"},"breadcrumb":{"@id":"https:\/\/www.visit-ulcinj.com\/blog\/2008\/03\/09\/oli-rehn-mali-i-zi-konstruktiv-per-kosoven\/#breadcrumb"},"inLanguage":"en-US","potentialAction":[{"@type":"ReadAction","target":["https:\/\/www.visit-ulcinj.com\/blog\/2008\/03\/09\/oli-rehn-mali-i-zi-konstruktiv-per-kosoven\/"]}]},{"@type":"BreadcrumbList","@id":"https:\/\/www.visit-ulcinj.com\/blog\/2008\/03\/09\/oli-rehn-mali-i-zi-konstruktiv-per-kosoven\/#breadcrumb","itemListElement":[{"@type":"ListItem","position":1,"name":"Oli Rehn: Mali i Zi konstruktiv p\u00ebr Kosov\u00ebn"}]},{"@type":"Person","@id":"https:\/\/www.visit-ulcinj.com\/blog\/#\/schema\/person\/dcab619c614d3038751c63bc2aadc06d","name":"ulqini","sameAs":["http:\/\/www.visit-ulcinj.com"],"url":"https:\/\/www.visit-ulcinj.com\/blog\/author\/admin\/"}]}},"jetpack_featured_media_url":"","jetpack_sharing_enabled":true,"jetpack_shortlink":"https:\/\/wp.me\/pe6lTn-d2","_links":{"self":[{"href":"https:\/\/www.visit-ulcinj.com\/blog\/wp-json\/wp\/v2\/posts\/808"}],"collection":[{"href":"https:\/\/www.visit-ulcinj.com\/blog\/wp-json\/wp\/v2\/posts"}],"about":[{"href":"https:\/\/www.visit-ulcinj.com\/blog\/wp-json\/wp\/v2\/types\/post"}],"author":[{"embeddable":true,"href":"https:\/\/www.visit-ulcinj.com\/blog\/wp-json\/wp\/v2\/users\/1"}],"replies":[{"embeddable":true,"href":"https:\/\/www.visit-ulcinj.com\/blog\/wp-json\/wp\/v2\/comments?post=808"}],"version-history":[{"count":0,"href":"https:\/\/www.visit-ulcinj.com\/blog\/wp-json\/wp\/v2\/posts\/808\/revisions"}],"wp:attachment":[{"href":"https:\/\/www.visit-ulcinj.com\/blog\/wp-json\/wp\/v2\/media?parent=808"}],"wp:term":[{"taxonomy":"category","embeddable":true,"href":"https:\/\/www.visit-ulcinj.com\/blog\/wp-json\/wp\/v2\/categories?post=808"},{"taxonomy":"post_tag","embeddable":true,"href":"https:\/\/www.visit-ulcinj.com\/blog\/wp-json\/wp\/v2\/tags?post=808"}],"curies":[{"name":"wp","href":"https:\/\/api.w.org\/{rel}","templated":true}]}}