{"id":80823,"date":"2014-03-20T10:05:32","date_gmt":"2014-03-20T09:05:32","guid":{"rendered":"http:\/\/www.visit-ulcinj.com\/blog\/?p=80823"},"modified":"2014-03-20T10:05:32","modified_gmt":"2014-03-20T09:05:32","slug":"privatizaciji-okupacija-htp-ulcinjska-rivijera","status":"publish","type":"post","link":"https:\/\/www.visit-ulcinj.com\/blog\/2014\/03\/20\/privatizaciji-okupacija-htp-ulcinjska-rivijera\/","title":{"rendered":"Privatizaciji i Okupacija HTP \u201eUlcinjska rivijera\u201c"},"content":{"rendered":"<p><strong><a href=\"http:\/\/www.visit-ulcinj.com\/blog\/wp-content\/uploads\/2014\/03\/Ada-Bojana-.jpg\"><img loading=\"lazy\" class=\"alignleft  wp-image-80824\" alt=\"Ada-Bojana-\" src=\"http:\/\/www.visit-ulcinj.com\/blog\/wp-content\/uploads\/2014\/03\/Ada-Bojana-.jpg\" width=\"508\" height=\"360\" \/><\/a>U susret privatizaciji HTP \u201eUlcinjska rivijera\u201c: Okupacija u 400 slika<\/strong><\/p>\n<p><i>U posljednjih dvadesetak godina, nakon \u0161to je \u201eUlcinjska rivijera\u201c vlastitim sredstvima izgradila most, napravila put i dovela komunalnu infrastrukturu na Adu, tamo je niklo vi\u0161e od 400 bespravnih objekata na dr\u017eavnom zemlji\u0161tu i zemlji\u0161tu \u201eUlcinjske rivijere\u201c<\/i><\/p>\n<p><b>Pi\u0161e: <i>Goran Popovi\u0107<\/i><\/b><\/p>\n<p><b>ULCINJ \u2013 Hotelsko-turisti\u010dko preduze\u0107e \u201eUlcinjska rivijera\u201c i ove godine je uvr\u0161teno u plan za privatizaciju. Tenderska dokumentacija se priprema, a interesovanje za kupovinu ve\u0107 je pokazalo nekoliko uglednih kompanija iz Turske, Rusije, \u010ce\u0161ke, Njema\u010dke, Azerbejd\u017eana, Ujedinjenih Arapskih Emirata, Hrvatske\u2026 U prilog dobroj ponudi ide i podatak da nakon du\u017eeg perioda ovo preduze\u0107e u posljednje dvije godine bilje\u017ei pozitivno poslovanje, da su objekti dovedeni u pristojno stanje, da su gosti po\u010deli da se vra\u0107aju i njihov broj iz godine u godinu raste\u2026<\/b><\/p>\n<p>No, da li \u0107e ovo preduze\u0107e, prije svega brendirano kao evropska nudisti\u010dka destinacija, kona\u010dno dobiti novog vlasnika, te\u0161ko je u ovom trenutku prognozirati.\u00a0 \u201eUlcinjska rivijera\u201c, naime, ima veliki problem sa za\u0161titom vlastite, odnosno dr\u017eavne imovine koja joj je stavljena na raspolaganje. Zato je opravdano strahovanje \u010delnih ljudi ovog preduze\u0107a da ni novi tender ne\u0107e uspjeti, kao \u0161to je ne tako davno zbog sli\u010dnih problema propala i privatizacija Valdanosa. O \u010demu se radi?<\/p>\n<p><a href=\"http:\/\/www.visit-ulcinj.com\/blog\/wp-content\/uploads\/2014\/03\/Mikan-Zec.jpg\"><img loading=\"lazy\" class=\"alignleft  wp-image-80826\" alt=\"Mikan-Zec\" src=\"http:\/\/www.visit-ulcinj.com\/blog\/wp-content\/uploads\/2014\/03\/Mikan-Zec.jpg\" width=\"508\" height=\"360\" \/><\/a><\/p>\n<p><b>Otima\u010dina<\/b><\/p>\n<p>&#8211; Kad sam do\u0161ao krajem 2008. godine i pogledao ove objekte oni su izgledali kao da su bombardovani, imao sam osje\u0107aj da sam u Sarajevu nakon rata, a ne u Ulcinju. Zatekao sam i velike gubitke, stra\u0161an napad na imovinu \u201eUlcinjske rivijere\u201c sa svih strana. Bilo je oko 200 hiljada kvadrata uzurpirano, oteto, ogra\u0111eno \u2013 obja\u0161njava Radomir Mikan Zec, izvr\u0161ni direktor \u201eUlcinjske rivijere\u201c. \u2013 Tzv. \u010de\u0161ki kamp od skoro 100 hiljada kvadrata \u2013 pri\u010da Zec \u2013 Op\u0161tinska komisija za restituciju je \u201evratila\u201c raznim pretendentima sa raznim papirima. Ne bih ja ni znao o kakvim papirima je rije\u010d da Igor Luk\u0161i\u0107, tada ministar finansija, nije ukinuo rje\u0161enje Op\u0161tinske komisije sa obrazlo\u017eenjem da se radi o falsifikovanim, \u201e\u017eutim\u201c papirima, fotokopijama nekakvih turskih i kakvih sve ne tapija. On, dakle, ukida tu odluku, ali Regionalna komisija ponovo to vra\u0107a ovim pretendentima sa sumnjivim papirima. Onda smo prikupili vi\u0161e od 30 kilograma materijala, obratili se Vladi, tu\u017eiocima, svima koji su kompetentni u ovom poslu. Na kraju, uz veliku na\u0161u muku, Vrhovni sud kona\u010dno donese presudu i vrati svu tu imovinu \u201eUlcinjskoj rivijeri\u201c.<\/p>\n<p>Sada imamo problem i sa prodajom na\u0161eg centralnog magacina u Ulcinju, nastavlja Zec. Tom prodajom namjeravamo da obezbijedimo novac za otpremnine za 104 na\u0161a prekobrojna radnika, ali nam i tu ulcinjska op\u0161tina pravi velike opstrukcije, osporava nam vlasni\u0161tvo. O tome je rije\u010d!<\/p>\n<p><b>Okupacija<\/b><\/p>\n<p>Posebna pri\u010da na ovu temu je Ada Bojana. Tamo je u posljednjih dvadesetak godina, nakon \u0161to je \u201eUlcinjska rivijera\u201c vlastitim sredstvima izgradila most, napravila put i dovela komunalnu infrastrukturu na Adu, niklo vi\u0161e od 400 bespravnih objekata na dr\u017eavnom zemlji\u0161tu i zemlji\u0161tu \u00a0\u201eUlcinjske rivijere\u201c. Prava okupacija u 400 slika. Iako se asocijacija na naslov Zafranovi\u0107evog filma \u201eOkupacija u 26 slika\u201c nekome mo\u017ee u\u010diniti morbidnom u ovom slu\u010daju, to \u0161to se na Adi de\u0161ava tako je besprizorno da zaslu\u017euje upravo ovako pore\u0111enje.<\/p>\n<p><a href=\"http:\/\/www.visit-ulcinj.com\/blog\/wp-content\/uploads\/2014\/03\/Ada-Bojana-1.jpg\"><img loading=\"lazy\" class=\"alignleft  wp-image-80825\" alt=\"Ada-Bojana-1\" src=\"http:\/\/www.visit-ulcinj.com\/blog\/wp-content\/uploads\/2014\/03\/Ada-Bojana-1.jpg\" width=\"508\" height=\"400\" \/><\/a><\/p>\n<p>Godinama tamo vlasnici ovih bespravno podignutih objekata razvijaju \u201eposao\u201c. Iznajmljuju ku\u0107e turistima, bave se ugostiteljskim poslom, pru\u017eaju maserske i druge usluge\u2026 Naravno, bez dozvole i bez obaveze da za taj svoj \u201ebiznis\u201c pla\u0107aju bilo kakav porez, bez obaveze da prijave svoje goste.<\/p>\n<p>Tim vilama i vikendicama na uzurpiranom zemlji\u0161tu se \u010dak i trguje! Nedavno je i jedna strana dr\u017eavljanka kupila takav objekat, naravno bez ikakvih papira, sru\u0161ila ga i napravila novi?!<\/p>\n<p>Istina, od prije dvije godine \u00a0JP Morsko dobro je uvelo za uzurpante i bespravne graditelje godi\u0161nju zakupninu u visini od 5.000 do 10.000 i to je, za sada, jedini vid neke vrste dr\u017eavne intervencije na Adi.<\/p>\n<p>No, vrhunac ironije u ovoj pri\u010di predstavlja tu\u017eba uzurpanata, potpomognutih nekim NVO, protiv \u201eUlcinjske rivijere\u201c jer im, navodno, ograni\u010dava slobodno kretanje po javnoj povr\u0161ini. Rije\u010d je o rampi koja je postavljena na ulazu u nudisti\u010dko naselje u skladu sa standardima za ovaj vid turizma, koju \u201eugro\u017eeni\u201c uzurpanti \u017eele da uklone kako bi i njihovi gosti mogli nesmetano da koriste prostor i imovinu \u201eUlcinjske rivijere\u201c, a da pri tome ne pla\u0107aju ni propusnice, ni boravi\u0161nu taksu\u2026 Kako to?<\/p>\n<p><a href=\"http:\/\/www.visit-ulcinj.com\/blog\/wp-content\/uploads\/2014\/03\/Most-Ada-Bojana_Ulcinj.jpg\"><img loading=\"lazy\" class=\"alignleft  wp-image-80827\" alt=\"Most-Ada-Bojana_Ulcinj\" src=\"http:\/\/www.visit-ulcinj.com\/blog\/wp-content\/uploads\/2014\/03\/Most-Ada-Bojana_Ulcinj.jpg\" width=\"508\" height=\"360\" \/><\/a><\/p>\n<p><b>\u010cudne stvari<\/b><\/p>\n<p>Nikakvu za\u0161titu lokalne uprave, ali ni dr\u017eavnih institucija nemamo u naporima da za\u0161titimo na\u0161u i dr\u017eavnu imovinu koja nam je legalno data na kori\u0161\u0107enje, iako je dr\u017eava vlasnik 63 odsto akcija \u201eUlcinjske rivijere\u201c, opet obja\u0161njava Mikan Zec. \u010cudne stvari se de\u0161avaju, ka\u017ee on, jer pred o\u010dima raznih inspekcija, policije, drugih nadle\u017enih dr\u017eavnih organa, nama uzurpanti na Adi \u010dine nelojalnu konkurenciju i to mogu jer ne pla\u0107aju bilo kakve takse ili poreze. A \u201eUlcinjska rivijera\u201c i danas, u ovako ote\u017eanim uslovima poslovanja, pla\u0107a vi\u0161e PDV-a nego svi ostali privredni subjekti u Ulcinju zajedno. Zaista su to \u010dudne stvari kad dr\u017eava nije u stanju da za\u0161titi neposredni vlastiti interes, zaklju\u010duje Zec.<\/p>\n<p>Nakon svega, pitanje je kako sve ovo objasniti potencijalnim stranim investitorima koji se mo\u017eda prijave na novi tender za privatizaciju \u201eUlcinjske rivijere\u201c. Kakav \u0107e utisak ste\u0107i o pravnoj sigurnosti, efikasnosti dr\u017eavnih organa i funkcionisanju \u00a0dr\u017eave u koju bi da ulo\u017ee neke milione? Ako vide da bi neko i sjutra \u2018ladno, bez ikakvih sankcija, mogao da prisvoji i dio njihovog zemlji\u0161ta i da tu bez ikakvih dozvola organizuje neki svoj biznis, kakvu \u0107e odluku donijeti?<\/p>\n<p>Ta\u010dno je da ni u jednom urbanisti\u010dkom planu nije predvi\u0111eno onih 400 \u201edivljih\u201c objekata na Adi i da \u0107e oni, vjerovatno, u nekoj bli\u017eoj ili daljoj budu\u0107nosti biti uklonjeni. To mo\u017ee biti argument u pregovorima sa potencijalnim kupcima \u201eUlcinjske rivijere\u201c. Ali kako im objasniti da ti urbanisti\u010dki planovi va\u017ee ve\u0107 decenijama, a da niko nije bio spreman i sposoban da do sada zaustavi divlje graditelje?<\/p>\n<p>\u010cekaju\u0107i te odgovore od \u201enadle\u017enih\u201c, na\u010deka\u0107e se, izgleda, Ulcinj novih, legalnih investitora. Ili mu takvi i nijesu potrebni?!<\/p>\n<p><strong>Izvor: POBJEDA<\/strong><\/p>\n","protected":false},"excerpt":{"rendered":"<p>U susret privatizaciji HTP \u201eUlcinjska rivijera\u201c: Okupacija u 400 slika U posljednjih dvadesetak godina, nakon \u0161to je \u201eUlcinjska rivijera\u201c vlastitim sredstvima izgradila most, napravila put i dovela komunalnu infrastrukturu na Adu, tamo je niklo vi\u0161e od 400 bespravnih objekata na dr\u017eavnom zemlji\u0161tu i zemlji\u0161tu \u201eUlcinjske rivijere\u201c Pi\u0161e: Goran Popovi\u0107 ULCINJ \u2013 Hotelsko-turisti\u010dko preduze\u0107e \u201eUlcinjska rivijera\u201c [&hellip;]<\/p>\n","protected":false},"author":1,"featured_media":0,"comment_status":"closed","ping_status":"closed","sticky":false,"template":"","format":"standard","meta":{"spay_email":"","jetpack_publicize_message":"","jetpack_is_tweetstorm":false,"jetpack_publicize_feature_enabled":true},"categories":[6950],"tags":[],"jetpack_publicize_connections":[],"yoast_head":"<!-- This site is optimized with the Yoast SEO plugin v19.1 - https:\/\/yoast.com\/wordpress\/plugins\/seo\/ -->\n<title>Privatizaciji i Okupacija HTP \u201eUlcinjska rivijera\u201c - Lajme nga Ulqini<\/title>\n<meta name=\"description\" content=\"U susret privatizaciji HTP \u201eUlcinjska rivijera\u201c: Okupacija u 400 slika U posljednjih dvadesetak godina, nakon \u0161to je \u201eUlcinjska rivijera\u201c vlastitim\" \/>\n<meta name=\"robots\" content=\"index, follow, max-snippet:-1, max-image-preview:large, max-video-preview:-1\" \/>\n<link rel=\"canonical\" href=\"https:\/\/www.visit-ulcinj.com\/blog\/2014\/03\/20\/privatizaciji-okupacija-htp-ulcinjska-rivijera\/\" \/>\n<meta property=\"og:locale\" content=\"en_US\" \/>\n<meta property=\"og:type\" content=\"article\" \/>\n<meta property=\"og:title\" content=\"Privatizaciji i Okupacija HTP \u201eUlcinjska rivijera\u201c - Lajme nga Ulqini\" \/>\n<meta property=\"og:description\" content=\"U susret privatizaciji HTP \u201eUlcinjska rivijera\u201c: Okupacija u 400 slika U posljednjih dvadesetak godina, nakon \u0161to je \u201eUlcinjska rivijera\u201c vlastitim\" \/>\n<meta property=\"og:url\" content=\"https:\/\/www.visit-ulcinj.com\/blog\/2014\/03\/20\/privatizaciji-okupacija-htp-ulcinjska-rivijera\/\" \/>\n<meta property=\"og:site_name\" content=\"Lajme nga Ulqini\" \/>\n<meta property=\"article:published_time\" content=\"2014-03-20T09:05:32+00:00\" \/>\n<meta property=\"og:image\" content=\"http:\/\/www.visit-ulcinj.com\/blog\/wp-content\/uploads\/2014\/03\/Ada-Bojana-.jpg\" \/>\n<meta name=\"twitter:label1\" content=\"Written by\" \/>\n\t<meta name=\"twitter:data1\" content=\"ulqini\" \/>\n\t<meta name=\"twitter:label2\" content=\"Est. reading time\" \/>\n\t<meta name=\"twitter:data2\" content=\"5 minutes\" \/>\n<script type=\"application\/ld+json\" class=\"yoast-schema-graph\">{\"@context\":\"https:\/\/schema.org\",\"@graph\":[{\"@type\":\"WebSite\",\"@id\":\"https:\/\/www.visit-ulcinj.com\/blog\/#website\",\"url\":\"https:\/\/www.visit-ulcinj.com\/blog\/\",\"name\":\"Lajme nga Ulqini\",\"description\":\"Lajme,Vijesti,Ulqini,Ulqin,Crna Gora,Mali i Zi\",\"potentialAction\":[{\"@type\":\"SearchAction\",\"target\":{\"@type\":\"EntryPoint\",\"urlTemplate\":\"https:\/\/www.visit-ulcinj.com\/blog\/?s={search_term_string}\"},\"query-input\":\"required name=search_term_string\"}],\"inLanguage\":\"en-US\"},{\"@type\":\"ImageObject\",\"inLanguage\":\"en-US\",\"@id\":\"https:\/\/www.visit-ulcinj.com\/blog\/2014\/03\/20\/privatizaciji-okupacija-htp-ulcinjska-rivijera\/#primaryimage\",\"url\":\"https:\/\/www.visit-ulcinj.com\/blog\/wp-content\/uploads\/2014\/03\/Ada-Bojana-.jpg\",\"contentUrl\":\"https:\/\/www.visit-ulcinj.com\/blog\/wp-content\/uploads\/2014\/03\/Ada-Bojana-.jpg\",\"width\":800,\"height\":530},{\"@type\":\"WebPage\",\"@id\":\"https:\/\/www.visit-ulcinj.com\/blog\/2014\/03\/20\/privatizaciji-okupacija-htp-ulcinjska-rivijera\/#webpage\",\"url\":\"https:\/\/www.visit-ulcinj.com\/blog\/2014\/03\/20\/privatizaciji-okupacija-htp-ulcinjska-rivijera\/\",\"name\":\"Privatizaciji i Okupacija HTP \u201eUlcinjska rivijera\u201c - Lajme nga Ulqini\",\"isPartOf\":{\"@id\":\"https:\/\/www.visit-ulcinj.com\/blog\/#website\"},\"primaryImageOfPage\":{\"@id\":\"https:\/\/www.visit-ulcinj.com\/blog\/2014\/03\/20\/privatizaciji-okupacija-htp-ulcinjska-rivijera\/#primaryimage\"},\"datePublished\":\"2014-03-20T09:05:32+00:00\",\"dateModified\":\"2014-03-20T09:05:32+00:00\",\"author\":{\"@id\":\"https:\/\/www.visit-ulcinj.com\/blog\/#\/schema\/person\/dcab619c614d3038751c63bc2aadc06d\"},\"description\":\"U susret privatizaciji HTP \u201eUlcinjska rivijera\u201c: Okupacija u 400 slika U posljednjih dvadesetak godina, nakon \u0161to je \u201eUlcinjska rivijera\u201c vlastitim\",\"breadcrumb\":{\"@id\":\"https:\/\/www.visit-ulcinj.com\/blog\/2014\/03\/20\/privatizaciji-okupacija-htp-ulcinjska-rivijera\/#breadcrumb\"},\"inLanguage\":\"en-US\",\"potentialAction\":[{\"@type\":\"ReadAction\",\"target\":[\"https:\/\/www.visit-ulcinj.com\/blog\/2014\/03\/20\/privatizaciji-okupacija-htp-ulcinjska-rivijera\/\"]}]},{\"@type\":\"BreadcrumbList\",\"@id\":\"https:\/\/www.visit-ulcinj.com\/blog\/2014\/03\/20\/privatizaciji-okupacija-htp-ulcinjska-rivijera\/#breadcrumb\",\"itemListElement\":[{\"@type\":\"ListItem\",\"position\":1,\"name\":\"Privatizaciji i Okupacija HTP \u201eUlcinjska rivijera\u201c\"}]},{\"@type\":\"Person\",\"@id\":\"https:\/\/www.visit-ulcinj.com\/blog\/#\/schema\/person\/dcab619c614d3038751c63bc2aadc06d\",\"name\":\"ulqini\",\"sameAs\":[\"http:\/\/www.visit-ulcinj.com\"],\"url\":\"https:\/\/www.visit-ulcinj.com\/blog\/author\/admin\/\"}]}<\/script>\n<!-- \/ Yoast SEO plugin. -->","yoast_head_json":{"title":"Privatizaciji i Okupacija HTP \u201eUlcinjska rivijera\u201c - Lajme nga Ulqini","description":"U susret privatizaciji HTP \u201eUlcinjska rivijera\u201c: Okupacija u 400 slika U posljednjih dvadesetak godina, nakon \u0161to je \u201eUlcinjska rivijera\u201c vlastitim","robots":{"index":"index","follow":"follow","max-snippet":"max-snippet:-1","max-image-preview":"max-image-preview:large","max-video-preview":"max-video-preview:-1"},"canonical":"https:\/\/www.visit-ulcinj.com\/blog\/2014\/03\/20\/privatizaciji-okupacija-htp-ulcinjska-rivijera\/","og_locale":"en_US","og_type":"article","og_title":"Privatizaciji i Okupacija HTP \u201eUlcinjska rivijera\u201c - Lajme nga Ulqini","og_description":"U susret privatizaciji HTP \u201eUlcinjska rivijera\u201c: Okupacija u 400 slika U posljednjih dvadesetak godina, nakon \u0161to je \u201eUlcinjska rivijera\u201c vlastitim","og_url":"https:\/\/www.visit-ulcinj.com\/blog\/2014\/03\/20\/privatizaciji-okupacija-htp-ulcinjska-rivijera\/","og_site_name":"Lajme nga Ulqini","article_published_time":"2014-03-20T09:05:32+00:00","og_image":[{"url":"http:\/\/www.visit-ulcinj.com\/blog\/wp-content\/uploads\/2014\/03\/Ada-Bojana-.jpg"}],"twitter_misc":{"Written by":"ulqini","Est. reading time":"5 minutes"},"schema":{"@context":"https:\/\/schema.org","@graph":[{"@type":"WebSite","@id":"https:\/\/www.visit-ulcinj.com\/blog\/#website","url":"https:\/\/www.visit-ulcinj.com\/blog\/","name":"Lajme nga Ulqini","description":"Lajme,Vijesti,Ulqini,Ulqin,Crna Gora,Mali i Zi","potentialAction":[{"@type":"SearchAction","target":{"@type":"EntryPoint","urlTemplate":"https:\/\/www.visit-ulcinj.com\/blog\/?s={search_term_string}"},"query-input":"required name=search_term_string"}],"inLanguage":"en-US"},{"@type":"ImageObject","inLanguage":"en-US","@id":"https:\/\/www.visit-ulcinj.com\/blog\/2014\/03\/20\/privatizaciji-okupacija-htp-ulcinjska-rivijera\/#primaryimage","url":"https:\/\/www.visit-ulcinj.com\/blog\/wp-content\/uploads\/2014\/03\/Ada-Bojana-.jpg","contentUrl":"https:\/\/www.visit-ulcinj.com\/blog\/wp-content\/uploads\/2014\/03\/Ada-Bojana-.jpg","width":800,"height":530},{"@type":"WebPage","@id":"https:\/\/www.visit-ulcinj.com\/blog\/2014\/03\/20\/privatizaciji-okupacija-htp-ulcinjska-rivijera\/#webpage","url":"https:\/\/www.visit-ulcinj.com\/blog\/2014\/03\/20\/privatizaciji-okupacija-htp-ulcinjska-rivijera\/","name":"Privatizaciji i Okupacija HTP \u201eUlcinjska rivijera\u201c - Lajme nga Ulqini","isPartOf":{"@id":"https:\/\/www.visit-ulcinj.com\/blog\/#website"},"primaryImageOfPage":{"@id":"https:\/\/www.visit-ulcinj.com\/blog\/2014\/03\/20\/privatizaciji-okupacija-htp-ulcinjska-rivijera\/#primaryimage"},"datePublished":"2014-03-20T09:05:32+00:00","dateModified":"2014-03-20T09:05:32+00:00","author":{"@id":"https:\/\/www.visit-ulcinj.com\/blog\/#\/schema\/person\/dcab619c614d3038751c63bc2aadc06d"},"description":"U susret privatizaciji HTP \u201eUlcinjska rivijera\u201c: Okupacija u 400 slika U posljednjih dvadesetak godina, nakon \u0161to je \u201eUlcinjska rivijera\u201c vlastitim","breadcrumb":{"@id":"https:\/\/www.visit-ulcinj.com\/blog\/2014\/03\/20\/privatizaciji-okupacija-htp-ulcinjska-rivijera\/#breadcrumb"},"inLanguage":"en-US","potentialAction":[{"@type":"ReadAction","target":["https:\/\/www.visit-ulcinj.com\/blog\/2014\/03\/20\/privatizaciji-okupacija-htp-ulcinjska-rivijera\/"]}]},{"@type":"BreadcrumbList","@id":"https:\/\/www.visit-ulcinj.com\/blog\/2014\/03\/20\/privatizaciji-okupacija-htp-ulcinjska-rivijera\/#breadcrumb","itemListElement":[{"@type":"ListItem","position":1,"name":"Privatizaciji i Okupacija HTP \u201eUlcinjska rivijera\u201c"}]},{"@type":"Person","@id":"https:\/\/www.visit-ulcinj.com\/blog\/#\/schema\/person\/dcab619c614d3038751c63bc2aadc06d","name":"ulqini","sameAs":["http:\/\/www.visit-ulcinj.com"],"url":"https:\/\/www.visit-ulcinj.com\/blog\/author\/admin\/"}]}},"jetpack_featured_media_url":"","jetpack_sharing_enabled":true,"jetpack_shortlink":"https:\/\/wp.me\/pe6lTn-l1B","_links":{"self":[{"href":"https:\/\/www.visit-ulcinj.com\/blog\/wp-json\/wp\/v2\/posts\/80823"}],"collection":[{"href":"https:\/\/www.visit-ulcinj.com\/blog\/wp-json\/wp\/v2\/posts"}],"about":[{"href":"https:\/\/www.visit-ulcinj.com\/blog\/wp-json\/wp\/v2\/types\/post"}],"author":[{"embeddable":true,"href":"https:\/\/www.visit-ulcinj.com\/blog\/wp-json\/wp\/v2\/users\/1"}],"replies":[{"embeddable":true,"href":"https:\/\/www.visit-ulcinj.com\/blog\/wp-json\/wp\/v2\/comments?post=80823"}],"version-history":[{"count":1,"href":"https:\/\/www.visit-ulcinj.com\/blog\/wp-json\/wp\/v2\/posts\/80823\/revisions"}],"predecessor-version":[{"id":80828,"href":"https:\/\/www.visit-ulcinj.com\/blog\/wp-json\/wp\/v2\/posts\/80823\/revisions\/80828"}],"wp:attachment":[{"href":"https:\/\/www.visit-ulcinj.com\/blog\/wp-json\/wp\/v2\/media?parent=80823"}],"wp:term":[{"taxonomy":"category","embeddable":true,"href":"https:\/\/www.visit-ulcinj.com\/blog\/wp-json\/wp\/v2\/categories?post=80823"},{"taxonomy":"post_tag","embeddable":true,"href":"https:\/\/www.visit-ulcinj.com\/blog\/wp-json\/wp\/v2\/tags?post=80823"}],"curies":[{"name":"wp","href":"https:\/\/api.w.org\/{rel}","templated":true}]}}