{"id":80833,"date":"2014-03-20T18:17:28","date_gmt":"2014-03-20T17:17:28","guid":{"rendered":"http:\/\/www.visit-ulcinj.com\/blog\/?p=80833"},"modified":"2014-03-20T18:17:47","modified_gmt":"2014-03-20T17:17:47","slug":"ansambli-shota-ka-fituar-vendin-e-pare-ne-itali","status":"publish","type":"post","link":"https:\/\/www.visit-ulcinj.com\/blog\/2014\/03\/20\/ansambli-shota-ka-fituar-vendin-e-pare-ne-itali\/","title":{"rendered":"Ansambli \u201cShota\u201d ka fituar vendin e par\u00eb n\u00eb Itali"},"content":{"rendered":"<div id=\"ContentPane0ArticlesDetails_description\"><a href=\"http:\/\/www.visit-ulcinj.com\/blog\/wp-content\/uploads\/2014\/03\/Ansambli-Shota.jpg\"><img loading=\"lazy\" class=\"alignleft  wp-image-80834\" alt=\"Ansambli-Shota\" src=\"http:\/\/www.visit-ulcinj.com\/blog\/wp-content\/uploads\/2014\/03\/Ansambli-Shota.jpg\" width=\"508\" height=\"360\" \/><\/a>Ansambli \u201cShota\u201d ka fituar vendin e par\u00eb n\u00eb edicionin e 59-t\u00eb t\u00eb Festivalit Nd\u00ebrkomb\u00ebtar t\u00eb Folklorit n\u00eb Agrigento t\u00eb Sicilis\u00eb n\u00eb Itali, i cili \u00ebsht\u00eb mbajtur prej 11 deri m\u00eb 17 mars.<\/div>\n<div id=\"pastingspan1\">Trupa artistike e valltar\u00ebve nga Kosova ka ngadh\u00ebnjyer n\u00eb k\u00ebt\u00eb festival n\u00eb mesin e 13 ansambleve nga vendet e ndryshme t\u00eb bot\u00ebs.<\/div>\n<div id=\"pastingspan1\">Pas ansamblit komb\u00ebtar t\u00eb k\u00ebng\u00ebve dhe valleve, n\u00eb k\u00ebt\u00eb kategori u rendit\u00ebn Meksika dhe Serbia q\u00eb ndan\u00eb vendin e dyt\u00eb dhe Hungaria n\u00eb vendin e tret\u00eb.<\/div>\n<div id=\"pastingspan1\">\u201cShota\u201d ishte n\u00eb konkurrenc\u00eb me Ansamblin profesionist t\u00eb Transilvanis\u00eb (Rumani) p\u00ebr \u00e7mimin kryesor t\u00eb festivalit \u201cTempulli i art\u00eb\u201d, q\u00eb p\u00ebrfshin\u00eb ansamblin m\u00eb komplet n\u00eb t\u00eb gjitha kategorit\u00eb e vler\u00ebsimit vall\u00ebzim, orkest\u00ebr, defile, kostumografi&#8230;<\/div>\n<div id=\"pastingspan1\">\u201cDuhet cekur se ansambli rumun fitoi n\u00eb k\u00ebt\u00eb gar\u00eb me nj\u00eb diferenc\u00eb prej 6 pik\u00ebsh nga 500 t\u00eb mundshme edhe p\u00ebr faktin se ishte n\u00eb num\u00ebr m\u00eb t\u00eb madh, n\u00eb nd\u00ebrkoh\u00eb q\u00eb ansambli yn\u00eb udh\u00ebtoi me p\u00ebrb\u00ebrje t\u00eb reduktuar pas limitimit ad-hoc t\u00eb numrit nga ana e organizatorit\u201d, \u00ebsht\u00eb th\u00ebn\u00eb n\u00eb njoftimin p\u00ebr media t\u00eb Ansamblit \u201cShota\u201d. Kjo ishte pjes\u00ebmarrja e dyt\u00eb e Ansamblit \u201cShota\u201d n\u00eb k\u00ebt\u00eb festival.<\/div>\n<div id=\"pastingspan1\">N\u00eb pjes\u00ebmarrjen paraprake, n\u00eb vitin 2007, ky ansamb\u00ebl ishte shp\u00ebrblyer me vendin e tret\u00eb.<\/div>\n<div><\/div>\n<div><\/div>\n<div><strong>Epokaere<\/strong><\/div>\n<div><!--YouTube Error: bad URL entered--><\/div>\n","protected":false},"excerpt":{"rendered":"<p>Ansambli \u201cShota\u201d ka fituar vendin e par\u00eb n\u00eb edicionin e 59-t\u00eb t\u00eb Festivalit Nd\u00ebrkomb\u00ebtar t\u00eb Folklorit n\u00eb Agrigento t\u00eb Sicilis\u00eb n\u00eb Itali, i cili \u00ebsht\u00eb mbajtur prej 11 deri m\u00eb 17 mars. Trupa artistike e valltar\u00ebve nga Kosova ka ngadh\u00ebnjyer n\u00eb k\u00ebt\u00eb festival n\u00eb mesin e 13 ansambleve nga vendet e ndryshme t\u00eb bot\u00ebs. Pas [&hellip;]<\/p>\n","protected":false},"author":1,"featured_media":0,"comment_status":"closed","ping_status":"closed","sticky":false,"template":"","format":"standard","meta":{"spay_email":"","jetpack_publicize_message":"","jetpack_is_tweetstorm":false,"jetpack_publicize_feature_enabled":true},"categories":[6950],"tags":[],"jetpack_publicize_connections":[],"yoast_head":"<!-- This site is optimized with the Yoast SEO plugin v19.1 - https:\/\/yoast.com\/wordpress\/plugins\/seo\/ -->\n<title>Ansambli \u201cShota\u201d ka fituar vendin e par\u00eb n\u00eb Itali - Lajme nga Ulqini<\/title>\n<meta name=\"description\" content=\"Ansambli \u201cShota\u201d ka fituar vendin e par\u00eb n\u00eb edicionin e 59-t\u00eb t\u00eb Festivalit Nd\u00ebrkomb\u00ebtar t\u00eb Folklorit n\u00eb Agrigento t\u00eb Sicilis\u00eb n\u00eb Itali, i cili \u00ebsht\u00eb\" \/>\n<meta name=\"robots\" content=\"index, follow, max-snippet:-1, max-image-preview:large, max-video-preview:-1\" \/>\n<link rel=\"canonical\" href=\"https:\/\/www.visit-ulcinj.com\/blog\/2014\/03\/20\/ansambli-shota-ka-fituar-vendin-e-pare-ne-itali\/\" \/>\n<meta property=\"og:locale\" content=\"en_US\" \/>\n<meta property=\"og:type\" content=\"article\" \/>\n<meta property=\"og:title\" content=\"Ansambli \u201cShota\u201d ka fituar vendin e par\u00eb n\u00eb Itali - Lajme nga Ulqini\" \/>\n<meta property=\"og:description\" content=\"Ansambli \u201cShota\u201d ka fituar vendin e par\u00eb n\u00eb edicionin e 59-t\u00eb t\u00eb Festivalit Nd\u00ebrkomb\u00ebtar t\u00eb Folklorit n\u00eb Agrigento t\u00eb Sicilis\u00eb n\u00eb Itali, i cili \u00ebsht\u00eb\" \/>\n<meta property=\"og:url\" content=\"https:\/\/www.visit-ulcinj.com\/blog\/2014\/03\/20\/ansambli-shota-ka-fituar-vendin-e-pare-ne-itali\/\" \/>\n<meta property=\"og:site_name\" content=\"Lajme nga Ulqini\" \/>\n<meta property=\"article:published_time\" content=\"2014-03-20T17:17:28+00:00\" \/>\n<meta property=\"article:modified_time\" content=\"2014-03-20T17:17:47+00:00\" \/>\n<meta property=\"og:image\" content=\"http:\/\/www.visit-ulcinj.com\/blog\/wp-content\/uploads\/2014\/03\/Ansambli-Shota.jpg\" \/>\n<meta name=\"twitter:label1\" content=\"Written by\" \/>\n\t<meta name=\"twitter:data1\" content=\"ulqini\" \/>\n\t<meta name=\"twitter:label2\" content=\"Est. reading time\" \/>\n\t<meta name=\"twitter:data2\" content=\"1 minute\" \/>\n<script type=\"application\/ld+json\" class=\"yoast-schema-graph\">{\"@context\":\"https:\/\/schema.org\",\"@graph\":[{\"@type\":\"WebSite\",\"@id\":\"https:\/\/www.visit-ulcinj.com\/blog\/#website\",\"url\":\"https:\/\/www.visit-ulcinj.com\/blog\/\",\"name\":\"Lajme nga Ulqini\",\"description\":\"Lajme,Vijesti,Ulqini,Ulqin,Crna Gora,Mali i Zi\",\"potentialAction\":[{\"@type\":\"SearchAction\",\"target\":{\"@type\":\"EntryPoint\",\"urlTemplate\":\"https:\/\/www.visit-ulcinj.com\/blog\/?s={search_term_string}\"},\"query-input\":\"required name=search_term_string\"}],\"inLanguage\":\"en-US\"},{\"@type\":\"ImageObject\",\"inLanguage\":\"en-US\",\"@id\":\"https:\/\/www.visit-ulcinj.com\/blog\/2014\/03\/20\/ansambli-shota-ka-fituar-vendin-e-pare-ne-itali\/#primaryimage\",\"url\":\"https:\/\/www.visit-ulcinj.com\/blog\/wp-content\/uploads\/2014\/03\/Ansambli-Shota.jpg\",\"contentUrl\":\"https:\/\/www.visit-ulcinj.com\/blog\/wp-content\/uploads\/2014\/03\/Ansambli-Shota.jpg\",\"width\":1023,\"height\":411},{\"@type\":\"WebPage\",\"@id\":\"https:\/\/www.visit-ulcinj.com\/blog\/2014\/03\/20\/ansambli-shota-ka-fituar-vendin-e-pare-ne-itali\/#webpage\",\"url\":\"https:\/\/www.visit-ulcinj.com\/blog\/2014\/03\/20\/ansambli-shota-ka-fituar-vendin-e-pare-ne-itali\/\",\"name\":\"Ansambli \u201cShota\u201d ka fituar vendin e par\u00eb n\u00eb Itali - Lajme nga Ulqini\",\"isPartOf\":{\"@id\":\"https:\/\/www.visit-ulcinj.com\/blog\/#website\"},\"primaryImageOfPage\":{\"@id\":\"https:\/\/www.visit-ulcinj.com\/blog\/2014\/03\/20\/ansambli-shota-ka-fituar-vendin-e-pare-ne-itali\/#primaryimage\"},\"datePublished\":\"2014-03-20T17:17:28+00:00\",\"dateModified\":\"2014-03-20T17:17:47+00:00\",\"author\":{\"@id\":\"https:\/\/www.visit-ulcinj.com\/blog\/#\/schema\/person\/dcab619c614d3038751c63bc2aadc06d\"},\"description\":\"Ansambli \u201cShota\u201d ka fituar vendin e par\u00eb n\u00eb edicionin e 59-t\u00eb t\u00eb Festivalit Nd\u00ebrkomb\u00ebtar t\u00eb Folklorit n\u00eb Agrigento t\u00eb Sicilis\u00eb n\u00eb Itali, i cili \u00ebsht\u00eb\",\"breadcrumb\":{\"@id\":\"https:\/\/www.visit-ulcinj.com\/blog\/2014\/03\/20\/ansambli-shota-ka-fituar-vendin-e-pare-ne-itali\/#breadcrumb\"},\"inLanguage\":\"en-US\",\"potentialAction\":[{\"@type\":\"ReadAction\",\"target\":[\"https:\/\/www.visit-ulcinj.com\/blog\/2014\/03\/20\/ansambli-shota-ka-fituar-vendin-e-pare-ne-itali\/\"]}]},{\"@type\":\"BreadcrumbList\",\"@id\":\"https:\/\/www.visit-ulcinj.com\/blog\/2014\/03\/20\/ansambli-shota-ka-fituar-vendin-e-pare-ne-itali\/#breadcrumb\",\"itemListElement\":[{\"@type\":\"ListItem\",\"position\":1,\"name\":\"Ansambli \u201cShota\u201d ka fituar vendin e par\u00eb n\u00eb Itali\"}]},{\"@type\":\"Person\",\"@id\":\"https:\/\/www.visit-ulcinj.com\/blog\/#\/schema\/person\/dcab619c614d3038751c63bc2aadc06d\",\"name\":\"ulqini\",\"sameAs\":[\"http:\/\/www.visit-ulcinj.com\"],\"url\":\"https:\/\/www.visit-ulcinj.com\/blog\/author\/admin\/\"}]}<\/script>\n<!-- \/ Yoast SEO plugin. -->","yoast_head_json":{"title":"Ansambli \u201cShota\u201d ka fituar vendin e par\u00eb n\u00eb Itali - Lajme nga Ulqini","description":"Ansambli \u201cShota\u201d ka fituar vendin e par\u00eb n\u00eb edicionin e 59-t\u00eb t\u00eb Festivalit Nd\u00ebrkomb\u00ebtar t\u00eb Folklorit n\u00eb Agrigento t\u00eb Sicilis\u00eb n\u00eb Itali, i cili \u00ebsht\u00eb","robots":{"index":"index","follow":"follow","max-snippet":"max-snippet:-1","max-image-preview":"max-image-preview:large","max-video-preview":"max-video-preview:-1"},"canonical":"https:\/\/www.visit-ulcinj.com\/blog\/2014\/03\/20\/ansambli-shota-ka-fituar-vendin-e-pare-ne-itali\/","og_locale":"en_US","og_type":"article","og_title":"Ansambli \u201cShota\u201d ka fituar vendin e par\u00eb n\u00eb Itali - Lajme nga Ulqini","og_description":"Ansambli \u201cShota\u201d ka fituar vendin e par\u00eb n\u00eb edicionin e 59-t\u00eb t\u00eb Festivalit Nd\u00ebrkomb\u00ebtar t\u00eb Folklorit n\u00eb Agrigento t\u00eb Sicilis\u00eb n\u00eb Itali, i cili \u00ebsht\u00eb","og_url":"https:\/\/www.visit-ulcinj.com\/blog\/2014\/03\/20\/ansambli-shota-ka-fituar-vendin-e-pare-ne-itali\/","og_site_name":"Lajme nga Ulqini","article_published_time":"2014-03-20T17:17:28+00:00","article_modified_time":"2014-03-20T17:17:47+00:00","og_image":[{"url":"http:\/\/www.visit-ulcinj.com\/blog\/wp-content\/uploads\/2014\/03\/Ansambli-Shota.jpg"}],"twitter_misc":{"Written by":"ulqini","Est. reading time":"1 minute"},"schema":{"@context":"https:\/\/schema.org","@graph":[{"@type":"WebSite","@id":"https:\/\/www.visit-ulcinj.com\/blog\/#website","url":"https:\/\/www.visit-ulcinj.com\/blog\/","name":"Lajme nga Ulqini","description":"Lajme,Vijesti,Ulqini,Ulqin,Crna Gora,Mali i Zi","potentialAction":[{"@type":"SearchAction","target":{"@type":"EntryPoint","urlTemplate":"https:\/\/www.visit-ulcinj.com\/blog\/?s={search_term_string}"},"query-input":"required name=search_term_string"}],"inLanguage":"en-US"},{"@type":"ImageObject","inLanguage":"en-US","@id":"https:\/\/www.visit-ulcinj.com\/blog\/2014\/03\/20\/ansambli-shota-ka-fituar-vendin-e-pare-ne-itali\/#primaryimage","url":"https:\/\/www.visit-ulcinj.com\/blog\/wp-content\/uploads\/2014\/03\/Ansambli-Shota.jpg","contentUrl":"https:\/\/www.visit-ulcinj.com\/blog\/wp-content\/uploads\/2014\/03\/Ansambli-Shota.jpg","width":1023,"height":411},{"@type":"WebPage","@id":"https:\/\/www.visit-ulcinj.com\/blog\/2014\/03\/20\/ansambli-shota-ka-fituar-vendin-e-pare-ne-itali\/#webpage","url":"https:\/\/www.visit-ulcinj.com\/blog\/2014\/03\/20\/ansambli-shota-ka-fituar-vendin-e-pare-ne-itali\/","name":"Ansambli \u201cShota\u201d ka fituar vendin e par\u00eb n\u00eb Itali - Lajme nga Ulqini","isPartOf":{"@id":"https:\/\/www.visit-ulcinj.com\/blog\/#website"},"primaryImageOfPage":{"@id":"https:\/\/www.visit-ulcinj.com\/blog\/2014\/03\/20\/ansambli-shota-ka-fituar-vendin-e-pare-ne-itali\/#primaryimage"},"datePublished":"2014-03-20T17:17:28+00:00","dateModified":"2014-03-20T17:17:47+00:00","author":{"@id":"https:\/\/www.visit-ulcinj.com\/blog\/#\/schema\/person\/dcab619c614d3038751c63bc2aadc06d"},"description":"Ansambli \u201cShota\u201d ka fituar vendin e par\u00eb n\u00eb edicionin e 59-t\u00eb t\u00eb Festivalit Nd\u00ebrkomb\u00ebtar t\u00eb Folklorit n\u00eb Agrigento t\u00eb Sicilis\u00eb n\u00eb Itali, i cili \u00ebsht\u00eb","breadcrumb":{"@id":"https:\/\/www.visit-ulcinj.com\/blog\/2014\/03\/20\/ansambli-shota-ka-fituar-vendin-e-pare-ne-itali\/#breadcrumb"},"inLanguage":"en-US","potentialAction":[{"@type":"ReadAction","target":["https:\/\/www.visit-ulcinj.com\/blog\/2014\/03\/20\/ansambli-shota-ka-fituar-vendin-e-pare-ne-itali\/"]}]},{"@type":"BreadcrumbList","@id":"https:\/\/www.visit-ulcinj.com\/blog\/2014\/03\/20\/ansambli-shota-ka-fituar-vendin-e-pare-ne-itali\/#breadcrumb","itemListElement":[{"@type":"ListItem","position":1,"name":"Ansambli \u201cShota\u201d ka fituar vendin e par\u00eb n\u00eb Itali"}]},{"@type":"Person","@id":"https:\/\/www.visit-ulcinj.com\/blog\/#\/schema\/person\/dcab619c614d3038751c63bc2aadc06d","name":"ulqini","sameAs":["http:\/\/www.visit-ulcinj.com"],"url":"https:\/\/www.visit-ulcinj.com\/blog\/author\/admin\/"}]}},"jetpack_featured_media_url":"","jetpack_sharing_enabled":true,"jetpack_shortlink":"https:\/\/wp.me\/pe6lTn-l1L","_links":{"self":[{"href":"https:\/\/www.visit-ulcinj.com\/blog\/wp-json\/wp\/v2\/posts\/80833"}],"collection":[{"href":"https:\/\/www.visit-ulcinj.com\/blog\/wp-json\/wp\/v2\/posts"}],"about":[{"href":"https:\/\/www.visit-ulcinj.com\/blog\/wp-json\/wp\/v2\/types\/post"}],"author":[{"embeddable":true,"href":"https:\/\/www.visit-ulcinj.com\/blog\/wp-json\/wp\/v2\/users\/1"}],"replies":[{"embeddable":true,"href":"https:\/\/www.visit-ulcinj.com\/blog\/wp-json\/wp\/v2\/comments?post=80833"}],"version-history":[{"count":2,"href":"https:\/\/www.visit-ulcinj.com\/blog\/wp-json\/wp\/v2\/posts\/80833\/revisions"}],"predecessor-version":[{"id":80836,"href":"https:\/\/www.visit-ulcinj.com\/blog\/wp-json\/wp\/v2\/posts\/80833\/revisions\/80836"}],"wp:attachment":[{"href":"https:\/\/www.visit-ulcinj.com\/blog\/wp-json\/wp\/v2\/media?parent=80833"}],"wp:term":[{"taxonomy":"category","embeddable":true,"href":"https:\/\/www.visit-ulcinj.com\/blog\/wp-json\/wp\/v2\/categories?post=80833"},{"taxonomy":"post_tag","embeddable":true,"href":"https:\/\/www.visit-ulcinj.com\/blog\/wp-json\/wp\/v2\/tags?post=80833"}],"curies":[{"name":"wp","href":"https:\/\/api.w.org\/{rel}","templated":true}]}}