{"id":80847,"date":"2014-03-20T21:04:34","date_gmt":"2014-03-20T20:04:34","guid":{"rendered":"http:\/\/www.visit-ulcinj.com\/blog\/?p=80847"},"modified":"2014-03-20T21:04:34","modified_gmt":"2014-03-20T20:04:34","slug":"nimanbegu-aksioni-afirmativ-te-realizohet-menjehere","status":"publish","type":"post","link":"https:\/\/www.visit-ulcinj.com\/blog\/2014\/03\/20\/nimanbegu-aksioni-afirmativ-te-realizohet-menjehere\/","title":{"rendered":"Nimanbegu: Aksioni afirmativ t\u00eb realizohet menj\u00ebher\u00eb"},"content":{"rendered":"<p><a href=\"http:\/\/www.visit-ulcinj.com\/blog\/wp-content\/uploads\/2013\/06\/genci-nimanbegu.jpg\"><img loading=\"lazy\" class=\"alignleft  wp-image-72394\" alt=\"genci nimanbegu\" src=\"http:\/\/www.visit-ulcinj.com\/blog\/wp-content\/uploads\/2013\/06\/genci-nimanbegu.jpg\" width=\"508\" height=\"360\" \/><\/a>N\u00eb aksionin\u00a0 afirmativ n\u00eb nivelin lokal po shihet vet\u00ebm p\u00ebrmes prizm\u00ebs n\u00eb zgjedhjet lokale n\u00eb Podgoric\u00eb, gj\u00eb q\u00eb \u00ebsht\u00eb joprincipiele nga ana e disa subjekteve politike, deklaroi deputeti i Forc\u00ebs s\u00eb re demokratike , Genc Nimanbegu. Ai konsideron se aksioni afirmativ duhet t\u00eb jet\u00eb i plot\u00eb, i definuar m\u00ebr\u00eb dhe i realizuesh\u00ebm. Nimanbegu p\u00ebrkujtoi se partit\u00eb t\u00eb pakicave , si\u00e7 tha, kan\u00eb vet\u00ebm 6 nga 81 deputet. \u201cNe nuk mund t\u00eb jemi p\u00ebrgjegj\u00ebs p\u00ebr 75 deputet\u00ebt tjer\u00eb t\u00eb cil\u00ebt mund t\u00eb jen\u00eb shumica p\u00ebr votimin e ligjit zgjedhor\u201d, tha Nimanbegu. Ai gjithashtu p\u00ebrkujtoi se kryesia e forc\u00ebs ka marr p\u00ebrfundim se do t\u00eb ishte m\u00eb s\u00eb miri q\u00eb aksioni afirmativ t\u00eb realizohet menj\u00ebher\u00eb. P\u00ebr ndryshe shefi i klubit t\u00eb deputet\u00ebve t\u00eb partive shqiptare, Iniciativ\u00ebs qytetare kroate, dhe Partis\u00eb Libe3rale n\u00eb baz\u00eb t\u00eb marrveshjes s\u00eb m\u00eb hershme prej sot do t\u00eb jet\u00eb Genci Nimanbegu. K\u00ebt\u00eb funksion Nimanbegu do ta kryej deri me 20 n\u00ebntor n\u00eb baz\u00eb t\u00eb marr\u00ebveshjes q\u00eb rendita e shefave t\u00eb klubit t\u00eb nd\u00ebrrohet me rotacion \u00e7do 8 muaj.<\/p>\n<p><strong>RTCG<\/strong><\/p>\n","protected":false},"excerpt":{"rendered":"<p>N\u00eb aksionin\u00a0 afirmativ n\u00eb nivelin lokal po shihet vet\u00ebm p\u00ebrmes prizm\u00ebs n\u00eb zgjedhjet lokale n\u00eb Podgoric\u00eb, gj\u00eb q\u00eb \u00ebsht\u00eb joprincipiele nga ana e disa subjekteve politike, deklaroi deputeti i Forc\u00ebs s\u00eb re demokratike , Genc Nimanbegu. Ai konsideron se aksioni afirmativ duhet t\u00eb jet\u00eb i plot\u00eb, i definuar m\u00ebr\u00eb dhe i realizuesh\u00ebm. Nimanbegu p\u00ebrkujtoi se [&hellip;]<\/p>\n","protected":false},"author":1,"featured_media":0,"comment_status":"closed","ping_status":"closed","sticky":false,"template":"","format":"standard","meta":{"spay_email":"","jetpack_publicize_message":"","jetpack_is_tweetstorm":false,"jetpack_publicize_feature_enabled":true},"categories":[6],"tags":[],"jetpack_publicize_connections":[],"yoast_head":"<!-- This site is optimized with the Yoast SEO plugin v19.1 - https:\/\/yoast.com\/wordpress\/plugins\/seo\/ -->\n<title>Nimanbegu: Aksioni afirmativ t\u00eb realizohet menj\u00ebher\u00eb - Lajme nga Ulqini<\/title>\n<meta name=\"description\" content=\"N\u00eb aksionin\u00a0 afirmativ n\u00eb nivelin lokal po shihet vet\u00ebm p\u00ebrmes prizm\u00ebs n\u00eb zgjedhjet lokale n\u00eb Podgoric\u00eb, gj\u00eb q\u00eb \u00ebsht\u00eb joprincipiele nga ana e disa\" \/>\n<meta name=\"robots\" content=\"index, follow, max-snippet:-1, max-image-preview:large, max-video-preview:-1\" \/>\n<link rel=\"canonical\" href=\"https:\/\/www.visit-ulcinj.com\/blog\/2014\/03\/20\/nimanbegu-aksioni-afirmativ-te-realizohet-menjehere\/\" \/>\n<meta property=\"og:locale\" content=\"en_US\" \/>\n<meta property=\"og:type\" content=\"article\" \/>\n<meta property=\"og:title\" content=\"Nimanbegu: Aksioni afirmativ t\u00eb realizohet menj\u00ebher\u00eb - Lajme nga Ulqini\" \/>\n<meta property=\"og:description\" content=\"N\u00eb aksionin\u00a0 afirmativ n\u00eb nivelin lokal po shihet vet\u00ebm p\u00ebrmes prizm\u00ebs n\u00eb zgjedhjet lokale n\u00eb Podgoric\u00eb, gj\u00eb q\u00eb \u00ebsht\u00eb joprincipiele nga ana e disa\" \/>\n<meta property=\"og:url\" content=\"https:\/\/www.visit-ulcinj.com\/blog\/2014\/03\/20\/nimanbegu-aksioni-afirmativ-te-realizohet-menjehere\/\" \/>\n<meta property=\"og:site_name\" content=\"Lajme nga Ulqini\" \/>\n<meta property=\"article:published_time\" content=\"2014-03-20T20:04:34+00:00\" \/>\n<meta property=\"og:image\" content=\"http:\/\/www.visit-ulcinj.com\/blog\/wp-content\/uploads\/2013\/06\/genci-nimanbegu.jpg\" \/>\n<meta name=\"twitter:label1\" content=\"Written by\" \/>\n\t<meta name=\"twitter:data1\" content=\"ulqini\" \/>\n\t<meta name=\"twitter:label2\" content=\"Est. reading time\" \/>\n\t<meta name=\"twitter:data2\" content=\"1 minute\" \/>\n<script type=\"application\/ld+json\" class=\"yoast-schema-graph\">{\"@context\":\"https:\/\/schema.org\",\"@graph\":[{\"@type\":\"WebSite\",\"@id\":\"https:\/\/www.visit-ulcinj.com\/blog\/#website\",\"url\":\"https:\/\/www.visit-ulcinj.com\/blog\/\",\"name\":\"Lajme nga Ulqini\",\"description\":\"Lajme,Vijesti,Ulqini,Ulqin,Crna Gora,Mali i Zi\",\"potentialAction\":[{\"@type\":\"SearchAction\",\"target\":{\"@type\":\"EntryPoint\",\"urlTemplate\":\"https:\/\/www.visit-ulcinj.com\/blog\/?s={search_term_string}\"},\"query-input\":\"required name=search_term_string\"}],\"inLanguage\":\"en-US\"},{\"@type\":\"ImageObject\",\"inLanguage\":\"en-US\",\"@id\":\"https:\/\/www.visit-ulcinj.com\/blog\/2014\/03\/20\/nimanbegu-aksioni-afirmativ-te-realizohet-menjehere\/#primaryimage\",\"url\":\"https:\/\/www.visit-ulcinj.com\/blog\/wp-content\/uploads\/2013\/06\/genci-nimanbegu.jpg\",\"contentUrl\":\"https:\/\/www.visit-ulcinj.com\/blog\/wp-content\/uploads\/2013\/06\/genci-nimanbegu.jpg\",\"width\":960,\"height\":637},{\"@type\":\"WebPage\",\"@id\":\"https:\/\/www.visit-ulcinj.com\/blog\/2014\/03\/20\/nimanbegu-aksioni-afirmativ-te-realizohet-menjehere\/#webpage\",\"url\":\"https:\/\/www.visit-ulcinj.com\/blog\/2014\/03\/20\/nimanbegu-aksioni-afirmativ-te-realizohet-menjehere\/\",\"name\":\"Nimanbegu: Aksioni afirmativ t\u00eb realizohet menj\u00ebher\u00eb - Lajme nga Ulqini\",\"isPartOf\":{\"@id\":\"https:\/\/www.visit-ulcinj.com\/blog\/#website\"},\"primaryImageOfPage\":{\"@id\":\"https:\/\/www.visit-ulcinj.com\/blog\/2014\/03\/20\/nimanbegu-aksioni-afirmativ-te-realizohet-menjehere\/#primaryimage\"},\"datePublished\":\"2014-03-20T20:04:34+00:00\",\"dateModified\":\"2014-03-20T20:04:34+00:00\",\"author\":{\"@id\":\"https:\/\/www.visit-ulcinj.com\/blog\/#\/schema\/person\/dcab619c614d3038751c63bc2aadc06d\"},\"description\":\"N\u00eb aksionin\u00a0 afirmativ n\u00eb nivelin lokal po shihet vet\u00ebm p\u00ebrmes prizm\u00ebs n\u00eb zgjedhjet lokale n\u00eb Podgoric\u00eb, gj\u00eb q\u00eb \u00ebsht\u00eb joprincipiele nga ana e disa\",\"breadcrumb\":{\"@id\":\"https:\/\/www.visit-ulcinj.com\/blog\/2014\/03\/20\/nimanbegu-aksioni-afirmativ-te-realizohet-menjehere\/#breadcrumb\"},\"inLanguage\":\"en-US\",\"potentialAction\":[{\"@type\":\"ReadAction\",\"target\":[\"https:\/\/www.visit-ulcinj.com\/blog\/2014\/03\/20\/nimanbegu-aksioni-afirmativ-te-realizohet-menjehere\/\"]}]},{\"@type\":\"BreadcrumbList\",\"@id\":\"https:\/\/www.visit-ulcinj.com\/blog\/2014\/03\/20\/nimanbegu-aksioni-afirmativ-te-realizohet-menjehere\/#breadcrumb\",\"itemListElement\":[{\"@type\":\"ListItem\",\"position\":1,\"name\":\"Nimanbegu: Aksioni afirmativ t\u00eb realizohet menj\u00ebher\u00eb\"}]},{\"@type\":\"Person\",\"@id\":\"https:\/\/www.visit-ulcinj.com\/blog\/#\/schema\/person\/dcab619c614d3038751c63bc2aadc06d\",\"name\":\"ulqini\",\"sameAs\":[\"http:\/\/www.visit-ulcinj.com\"],\"url\":\"https:\/\/www.visit-ulcinj.com\/blog\/author\/admin\/\"}]}<\/script>\n<!-- \/ Yoast SEO plugin. -->","yoast_head_json":{"title":"Nimanbegu: Aksioni afirmativ t\u00eb realizohet menj\u00ebher\u00eb - Lajme nga Ulqini","description":"N\u00eb aksionin\u00a0 afirmativ n\u00eb nivelin lokal po shihet vet\u00ebm p\u00ebrmes prizm\u00ebs n\u00eb zgjedhjet lokale n\u00eb Podgoric\u00eb, gj\u00eb q\u00eb \u00ebsht\u00eb joprincipiele nga ana e disa","robots":{"index":"index","follow":"follow","max-snippet":"max-snippet:-1","max-image-preview":"max-image-preview:large","max-video-preview":"max-video-preview:-1"},"canonical":"https:\/\/www.visit-ulcinj.com\/blog\/2014\/03\/20\/nimanbegu-aksioni-afirmativ-te-realizohet-menjehere\/","og_locale":"en_US","og_type":"article","og_title":"Nimanbegu: Aksioni afirmativ t\u00eb realizohet menj\u00ebher\u00eb - Lajme nga Ulqini","og_description":"N\u00eb aksionin\u00a0 afirmativ n\u00eb nivelin lokal po shihet vet\u00ebm p\u00ebrmes prizm\u00ebs n\u00eb zgjedhjet lokale n\u00eb Podgoric\u00eb, gj\u00eb q\u00eb \u00ebsht\u00eb joprincipiele nga ana e disa","og_url":"https:\/\/www.visit-ulcinj.com\/blog\/2014\/03\/20\/nimanbegu-aksioni-afirmativ-te-realizohet-menjehere\/","og_site_name":"Lajme nga Ulqini","article_published_time":"2014-03-20T20:04:34+00:00","og_image":[{"url":"http:\/\/www.visit-ulcinj.com\/blog\/wp-content\/uploads\/2013\/06\/genci-nimanbegu.jpg"}],"twitter_misc":{"Written by":"ulqini","Est. reading time":"1 minute"},"schema":{"@context":"https:\/\/schema.org","@graph":[{"@type":"WebSite","@id":"https:\/\/www.visit-ulcinj.com\/blog\/#website","url":"https:\/\/www.visit-ulcinj.com\/blog\/","name":"Lajme nga Ulqini","description":"Lajme,Vijesti,Ulqini,Ulqin,Crna Gora,Mali i Zi","potentialAction":[{"@type":"SearchAction","target":{"@type":"EntryPoint","urlTemplate":"https:\/\/www.visit-ulcinj.com\/blog\/?s={search_term_string}"},"query-input":"required name=search_term_string"}],"inLanguage":"en-US"},{"@type":"ImageObject","inLanguage":"en-US","@id":"https:\/\/www.visit-ulcinj.com\/blog\/2014\/03\/20\/nimanbegu-aksioni-afirmativ-te-realizohet-menjehere\/#primaryimage","url":"https:\/\/www.visit-ulcinj.com\/blog\/wp-content\/uploads\/2013\/06\/genci-nimanbegu.jpg","contentUrl":"https:\/\/www.visit-ulcinj.com\/blog\/wp-content\/uploads\/2013\/06\/genci-nimanbegu.jpg","width":960,"height":637},{"@type":"WebPage","@id":"https:\/\/www.visit-ulcinj.com\/blog\/2014\/03\/20\/nimanbegu-aksioni-afirmativ-te-realizohet-menjehere\/#webpage","url":"https:\/\/www.visit-ulcinj.com\/blog\/2014\/03\/20\/nimanbegu-aksioni-afirmativ-te-realizohet-menjehere\/","name":"Nimanbegu: Aksioni afirmativ t\u00eb realizohet menj\u00ebher\u00eb - Lajme nga Ulqini","isPartOf":{"@id":"https:\/\/www.visit-ulcinj.com\/blog\/#website"},"primaryImageOfPage":{"@id":"https:\/\/www.visit-ulcinj.com\/blog\/2014\/03\/20\/nimanbegu-aksioni-afirmativ-te-realizohet-menjehere\/#primaryimage"},"datePublished":"2014-03-20T20:04:34+00:00","dateModified":"2014-03-20T20:04:34+00:00","author":{"@id":"https:\/\/www.visit-ulcinj.com\/blog\/#\/schema\/person\/dcab619c614d3038751c63bc2aadc06d"},"description":"N\u00eb aksionin\u00a0 afirmativ n\u00eb nivelin lokal po shihet vet\u00ebm p\u00ebrmes prizm\u00ebs n\u00eb zgjedhjet lokale n\u00eb Podgoric\u00eb, gj\u00eb q\u00eb \u00ebsht\u00eb joprincipiele nga ana e disa","breadcrumb":{"@id":"https:\/\/www.visit-ulcinj.com\/blog\/2014\/03\/20\/nimanbegu-aksioni-afirmativ-te-realizohet-menjehere\/#breadcrumb"},"inLanguage":"en-US","potentialAction":[{"@type":"ReadAction","target":["https:\/\/www.visit-ulcinj.com\/blog\/2014\/03\/20\/nimanbegu-aksioni-afirmativ-te-realizohet-menjehere\/"]}]},{"@type":"BreadcrumbList","@id":"https:\/\/www.visit-ulcinj.com\/blog\/2014\/03\/20\/nimanbegu-aksioni-afirmativ-te-realizohet-menjehere\/#breadcrumb","itemListElement":[{"@type":"ListItem","position":1,"name":"Nimanbegu: Aksioni afirmativ t\u00eb realizohet menj\u00ebher\u00eb"}]},{"@type":"Person","@id":"https:\/\/www.visit-ulcinj.com\/blog\/#\/schema\/person\/dcab619c614d3038751c63bc2aadc06d","name":"ulqini","sameAs":["http:\/\/www.visit-ulcinj.com"],"url":"https:\/\/www.visit-ulcinj.com\/blog\/author\/admin\/"}]}},"jetpack_featured_media_url":"","jetpack_sharing_enabled":true,"jetpack_shortlink":"https:\/\/wp.me\/pe6lTn-l1Z","_links":{"self":[{"href":"https:\/\/www.visit-ulcinj.com\/blog\/wp-json\/wp\/v2\/posts\/80847"}],"collection":[{"href":"https:\/\/www.visit-ulcinj.com\/blog\/wp-json\/wp\/v2\/posts"}],"about":[{"href":"https:\/\/www.visit-ulcinj.com\/blog\/wp-json\/wp\/v2\/types\/post"}],"author":[{"embeddable":true,"href":"https:\/\/www.visit-ulcinj.com\/blog\/wp-json\/wp\/v2\/users\/1"}],"replies":[{"embeddable":true,"href":"https:\/\/www.visit-ulcinj.com\/blog\/wp-json\/wp\/v2\/comments?post=80847"}],"version-history":[{"count":1,"href":"https:\/\/www.visit-ulcinj.com\/blog\/wp-json\/wp\/v2\/posts\/80847\/revisions"}],"predecessor-version":[{"id":80848,"href":"https:\/\/www.visit-ulcinj.com\/blog\/wp-json\/wp\/v2\/posts\/80847\/revisions\/80848"}],"wp:attachment":[{"href":"https:\/\/www.visit-ulcinj.com\/blog\/wp-json\/wp\/v2\/media?parent=80847"}],"wp:term":[{"taxonomy":"category","embeddable":true,"href":"https:\/\/www.visit-ulcinj.com\/blog\/wp-json\/wp\/v2\/categories?post=80847"},{"taxonomy":"post_tag","embeddable":true,"href":"https:\/\/www.visit-ulcinj.com\/blog\/wp-json\/wp\/v2\/tags?post=80847"}],"curies":[{"name":"wp","href":"https:\/\/api.w.org\/{rel}","templated":true}]}}