{"id":80850,"date":"2014-03-21T09:59:24","date_gmt":"2014-03-21T08:59:24","guid":{"rendered":"http:\/\/www.visit-ulcinj.com\/blog\/?p=80850"},"modified":"2014-03-24T15:44:40","modified_gmt":"2014-03-24T14:44:40","slug":"memoriam-solana-video-tvcg","status":"publish","type":"post","link":"https:\/\/www.visit-ulcinj.com\/blog\/2014\/03\/21\/memoriam-solana-video-tvcg\/","title":{"rendered":"In Memoriam Solana &#8211; Video TVCG"},"content":{"rendered":"<p><strong><a href=\"http:\/\/www.visit-ulcinj.com\/blog\/wp-content\/uploads\/2014\/03\/In-Memoriam-Solana-Ulcinj-Crna-Gora-.jpg\"><img loading=\"lazy\" class=\"alignleft  wp-image-80851\" alt=\"In-Memoriam-Solana-Ulcinj-Crna-Gora-\" src=\"http:\/\/www.visit-ulcinj.com\/blog\/wp-content\/uploads\/2014\/03\/In-Memoriam-Solana-Ulcinj-Crna-Gora-.jpg\" width=\"508\" height=\"360\" \/><\/a>In Memoriam Ulcinjska Solana<\/strong><\/p>\n<p><strong>Na TV Crne gore sam ovu fotografiju uporedio sa scenama bombardovanja i razaranja, sli\u010dno onima koje su se doga\u0111ale za vrijeme bombardovanja u onom suludom ratu 90 godina. Vjerovatno je i zbog toga, ali i zbog ljubavi Javnog servisa prema politici Vlade Republike Crne Gore, koja je i dovela do ovog stanja Solane, neprofesionalna i polupismena novinarka skinula moj intervju&#8230;<\/strong><\/p>\n<p>&nbsp;<\/p>\n<p>Namjerno sam napisao IN : MEMORIAM, zato \u0161to Solana ne odumire, ona je umrla. Te\u0161ko je vjerovati, da ljudska ruka i ljudski um, ma koliko bio nerazvijen i niskog koeficijenta, u mirnodopsko vrijeme, dakle kada se ne ratuje i bombarduje, mo\u017ee ovako ne\u0161to uraditi. Svi mi koji smo danas posjetili Solanu, namjerno je pi\u0161em velikim slovom, smo znali da se malo ili nimalo ne proizvodi ne radi ili sli\u010dno, ali , da je ovoliko namjerno razoreno i uni\u0161teno, ubije\u0111en sam da niko nije ni mogao zamisliti. Poru\u0161iti namjerno zgrade, da bi se prodala konstrukcija za staro gvo\u017e\u0111e, zapustiti u potpunosti ma\u0161ine, ostaviti neotkrivene prostorije ili razoriti i uni\u0161titi fabriku za izradu i pakovanje soli, to je za nevjerovati. Zamislite, napu\u0161tene bazene, gdje se ni ptice ne vra\u0107aju, jer nema hrane u njima. Nekad se na tim bazenima gnjezdilo ili im je bila usputna stanica za odmor, vi\u0161e od 250 vrsta ptica.<\/p>\n<p>Kao turisti\u010dki vodi\u010d, vodio sam grupe iz Njema\u010dke, Slovenije i \u0160vajcarske da posmatraju ptice, pa znam to. Sada nema vi\u0161e ni ptica. Ni\u010dega. Sada su samo ti bazeni prekriveni blatom. Nijedna pumpa ne radi, kako bi se ispumpala voda iz jednog dijela, koje je vli\u010dine vje\u0161ta\u010dkog jezera, jer ne\u0107e vlasnik da pla\u0107a struju. To , \u0161ta danas mo\u017ee \u010dovjek da vidi, kada posjeti Solanu, grani\u010di se sa hororom. Mislim da bi i Hi\u010dkog, kada bi se kojim slu\u010dajem reinkarnirao ovdje imao posla. Sreli smo nekoliko biv\u0161ih i sada\u0161njih radnika Solane, kako nijemo posmatraju mjesto gdje su nekad zara\u0111ivali hleb za sebe i svoje porodice, poku\u0161avali su da nam objasne stanje Solane, njihov tretman , godine bez li\u010dnih primanja, socijalnog osiguranja i bilo kakve za\u0161tite&#8230; Jedna mala digresija za one mla\u0111e, nekad je u Solani radilo vi\u0161e od 450 radnika, proizvodilo se na hiljade tona visokokvalitetne soli, i preduze\u0107e je bilo jedno od najboljih u Crnoj Gori. Danas Solana vi\u0161e ne postoji. Postoji samo razoreno i uni\u0161teno mjesto gdje je ona nekad stajala. Vlasnik, koji ju je kupio za samo, neko ka\u017ee 820 hiljada eura, neko za oko 700 hiljada, preuzeo je i obavezu o radnicima, o proizvodnji i mnogo \u0161to \u0161ta koje ga je obavezivalo kolektivnim ugovorima o privatizaciji&#8230;Kupio je na &#8220;tenderu&#8221; 15 miliona kvadratnih metara , 5 centi metar, dakle skoro poklonjeno i sada poku\u0161ava da proda zemlji\u0161te skoro 200 miliona, kako bi neko na tom mjestu, sli\u010dan njemu podigao neki komleks zgrada, ili mo\u017eda izgradio neki &#8221; heliodrum&#8221; za hidroavione, jer te\u0161ko da se mo\u017ee isu\u0161iti sva ta voda. Nevjerovatno, ali istinito. Htjeli smo da nam se da klju\u010d, kako bi smo u\u0161li u fabriku za pakovanje soli, me\u0111utim, neki polupismeni &#8220;ste\u010dajni &#8221; direktor nije htio da da klju\u010d, bar tako su nam rekli radnici. U civilizovanim zemljama kada do\u0111e do ovakvih situacija, kada neko namjerno razarai uni\u0161tava, bez obzira na privatnost, dru\u0161tvena zajednica, mora da reaguje&#8230; U Njema\u010dkoj bi te ingerencije preuzela Op\u0161tina&#8230;<\/p>\n<!--YouTube Error: bad URL entered-->\n<p data-ft=\"{&quot;tn&quot;:&quot;C&quot;}\"><strong><a id=\"js_13\" href=\"https:\/\/www.facebook.com\/ismet.karamanaga\" data-ft=\"{&quot;tn&quot;:&quot;l&quot;}\" data-hovercard=\"\/ajax\/hovercard\/user.php?id=1359492972\"><\/a><a href=\"https:\/\/www.facebook.com\/ismet.karamanaga\" target=\"_blank\">Pogledajte sve fotografije 101 &#8211; Ismet Karamanaga Facebook<\/a><\/strong><\/p>\n<p data-ft=\"{&quot;tn&quot;:&quot;C&quot;}\"><strong>Video RTCG o Ulcinjskoj Solani u 26 minuti videa<\/strong><\/p>\n<p>[flv]http:\/\/www.rtcg.me\/upload\/boxFileData\/2014\/03\/20\/62208\/d%2020.3..flv[\/flv]<\/p>\n\n\t\t<style type=\"text\/css\">\n\t\t\t#gallery-1 {\n\t\t\t\tmargin: auto;\n\t\t\t}\n\t\t\t#gallery-1 .gallery-item {\n\t\t\t\tfloat: left;\n\t\t\t\tmargin-top: 10px;\n\t\t\t\ttext-align: center;\n\t\t\t\twidth: 33%;\n\t\t\t}\n\t\t\t#gallery-1 img {\n\t\t\t\tborder: 2px solid #cfcfcf;\n\t\t\t}\n\t\t\t#gallery-1 .gallery-caption {\n\t\t\t\tmargin-left: 0;\n\t\t\t}\n\t\t\t\/* see gallery_shortcode() in wp-includes\/media.php *\/\n\t\t<\/style>\n\t\t<div id='gallery-1' class='gallery galleryid-80850 gallery-columns-3 gallery-size-thumbnail'><dl class='gallery-item'>\n\t\t\t<dt class='gallery-icon landscape'>\n\t\t\t\t<a href='https:\/\/www.visit-ulcinj.com\/blog\/2014\/03\/21\/memoriam-solana-video-tvcg\/in-memoriam-solana-ulcinj-crna-gora-1\/'><img width=\"150\" height=\"150\" src=\"https:\/\/www.visit-ulcinj.com\/blog\/wp-content\/uploads\/2014\/03\/In-Memoriam-Solana-Ulcinj-Crna-Gora-1-150x150.jpg\" class=\"attachment-thumbnail size-thumbnail\" alt=\"\" loading=\"lazy\" \/><\/a>\n\t\t\t<\/dt><\/dl><dl class='gallery-item'>\n\t\t\t<dt class='gallery-icon landscape'>\n\t\t\t\t<a href='https:\/\/www.visit-ulcinj.com\/blog\/2014\/03\/21\/memoriam-solana-video-tvcg\/in-memoriam-solana-ulcinj-crna-gora-2\/'><img width=\"150\" height=\"150\" src=\"https:\/\/www.visit-ulcinj.com\/blog\/wp-content\/uploads\/2014\/03\/In-Memoriam-Solana-Ulcinj-Crna-Gora-2-150x150.jpg\" class=\"attachment-thumbnail size-thumbnail\" alt=\"\" loading=\"lazy\" \/><\/a>\n\t\t\t<\/dt><\/dl><dl class='gallery-item'>\n\t\t\t<dt class='gallery-icon landscape'>\n\t\t\t\t<a href='https:\/\/www.visit-ulcinj.com\/blog\/2014\/03\/21\/memoriam-solana-video-tvcg\/in-memoriam-solana-ulcinj-crna-gora-3\/'><img width=\"150\" height=\"150\" src=\"https:\/\/www.visit-ulcinj.com\/blog\/wp-content\/uploads\/2014\/03\/In-Memoriam-Solana-Ulcinj-Crna-Gora-3-150x150.jpg\" class=\"attachment-thumbnail size-thumbnail\" alt=\"\" loading=\"lazy\" \/><\/a>\n\t\t\t<\/dt><\/dl><br style=\"clear: both\" \/><dl class='gallery-item'>\n\t\t\t<dt class='gallery-icon landscape'>\n\t\t\t\t<a href='https:\/\/www.visit-ulcinj.com\/blog\/2014\/03\/21\/memoriam-solana-video-tvcg\/in-memoriam-solana-ulcinj-crna-gora-4\/'><img width=\"150\" height=\"150\" src=\"https:\/\/www.visit-ulcinj.com\/blog\/wp-content\/uploads\/2014\/03\/In-Memoriam-Solana-Ulcinj-Crna-Gora-4-150x150.jpg\" class=\"attachment-thumbnail size-thumbnail\" alt=\"\" loading=\"lazy\" \/><\/a>\n\t\t\t<\/dt><\/dl><dl class='gallery-item'>\n\t\t\t<dt class='gallery-icon landscape'>\n\t\t\t\t<a href='https:\/\/www.visit-ulcinj.com\/blog\/2014\/03\/21\/memoriam-solana-video-tvcg\/in-memoriam-solana-ulcinj-crna-gora-5\/'><img width=\"150\" height=\"150\" src=\"https:\/\/www.visit-ulcinj.com\/blog\/wp-content\/uploads\/2014\/03\/In-Memoriam-Solana-Ulcinj-Crna-Gora-5-150x150.jpg\" class=\"attachment-thumbnail size-thumbnail\" alt=\"\" loading=\"lazy\" \/><\/a>\n\t\t\t<\/dt><\/dl><dl class='gallery-item'>\n\t\t\t<dt class='gallery-icon landscape'>\n\t\t\t\t<a href='https:\/\/www.visit-ulcinj.com\/blog\/2014\/03\/21\/memoriam-solana-video-tvcg\/in-memoriam-solana-ulcinj-crna-gora-6\/'><img width=\"150\" height=\"150\" src=\"https:\/\/www.visit-ulcinj.com\/blog\/wp-content\/uploads\/2014\/03\/In-Memoriam-Solana-Ulcinj-Crna-Gora-6-150x150.jpg\" class=\"attachment-thumbnail size-thumbnail\" alt=\"\" loading=\"lazy\" \/><\/a>\n\t\t\t<\/dt><\/dl><br style=\"clear: both\" \/><dl class='gallery-item'>\n\t\t\t<dt class='gallery-icon landscape'>\n\t\t\t\t<a href='https:\/\/www.visit-ulcinj.com\/blog\/2014\/03\/21\/memoriam-solana-video-tvcg\/in-memoriam-solana-ulcinj-crna-gora-7\/'><img width=\"150\" height=\"150\" src=\"https:\/\/www.visit-ulcinj.com\/blog\/wp-content\/uploads\/2014\/03\/In-Memoriam-Solana-Ulcinj-Crna-Gora-7-150x150.jpg\" class=\"attachment-thumbnail size-thumbnail\" alt=\"\" loading=\"lazy\" \/><\/a>\n\t\t\t<\/dt><\/dl><dl class='gallery-item'>\n\t\t\t<dt class='gallery-icon landscape'>\n\t\t\t\t<a href='https:\/\/www.visit-ulcinj.com\/blog\/2014\/03\/21\/memoriam-solana-video-tvcg\/in-memoriam-solana-ulcinj-crna-gora-8\/'><img width=\"150\" height=\"150\" src=\"https:\/\/www.visit-ulcinj.com\/blog\/wp-content\/uploads\/2014\/03\/In-Memoriam-Solana-Ulcinj-Crna-Gora-8-150x150.jpg\" class=\"attachment-thumbnail size-thumbnail\" alt=\"\" loading=\"lazy\" \/><\/a>\n\t\t\t<\/dt><\/dl><dl class='gallery-item'>\n\t\t\t<dt class='gallery-icon landscape'>\n\t\t\t\t<a href='https:\/\/www.visit-ulcinj.com\/blog\/2014\/03\/21\/memoriam-solana-video-tvcg\/in-memoriam-solana-ulcinj-crna-gora-9\/'><img width=\"150\" height=\"150\" src=\"https:\/\/www.visit-ulcinj.com\/blog\/wp-content\/uploads\/2014\/03\/In-Memoriam-Solana-Ulcinj-Crna-Gora-9-150x150.jpg\" class=\"attachment-thumbnail size-thumbnail\" alt=\"\" loading=\"lazy\" \/><\/a>\n\t\t\t<\/dt><\/dl><br style=\"clear: both\" \/><dl class='gallery-item'>\n\t\t\t<dt class='gallery-icon landscape'>\n\t\t\t\t<a href='https:\/\/www.visit-ulcinj.com\/blog\/2014\/03\/21\/memoriam-solana-video-tvcg\/in-memoriam-solana-ulcinj-crna-gora-10\/'><img width=\"150\" height=\"150\" src=\"https:\/\/www.visit-ulcinj.com\/blog\/wp-content\/uploads\/2014\/03\/In-Memoriam-Solana-Ulcinj-Crna-Gora-10-150x150.jpg\" class=\"attachment-thumbnail size-thumbnail\" alt=\"\" loading=\"lazy\" \/><\/a>\n\t\t\t<\/dt><\/dl><dl class='gallery-item'>\n\t\t\t<dt class='gallery-icon landscape'>\n\t\t\t\t<a href='https:\/\/www.visit-ulcinj.com\/blog\/2014\/03\/21\/memoriam-solana-video-tvcg\/in-memoriam-solana-ulcinj-crna-gora-11\/'><img width=\"150\" height=\"150\" src=\"https:\/\/www.visit-ulcinj.com\/blog\/wp-content\/uploads\/2014\/03\/In-Memoriam-Solana-Ulcinj-Crna-Gora-11-150x150.jpg\" class=\"attachment-thumbnail size-thumbnail\" alt=\"\" loading=\"lazy\" \/><\/a>\n\t\t\t<\/dt><\/dl><dl class='gallery-item'>\n\t\t\t<dt class='gallery-icon landscape'>\n\t\t\t\t<a href='https:\/\/www.visit-ulcinj.com\/blog\/2014\/03\/21\/memoriam-solana-video-tvcg\/in-memoriam-solana-ulcinj-crna-gora-12\/'><img width=\"150\" height=\"150\" src=\"https:\/\/www.visit-ulcinj.com\/blog\/wp-content\/uploads\/2014\/03\/In-Memoriam-Solana-Ulcinj-Crna-Gora-12-150x150.jpg\" class=\"attachment-thumbnail size-thumbnail\" alt=\"\" loading=\"lazy\" \/><\/a>\n\t\t\t<\/dt><\/dl><br style=\"clear: both\" \/><dl class='gallery-item'>\n\t\t\t<dt class='gallery-icon landscape'>\n\t\t\t\t<a href='https:\/\/www.visit-ulcinj.com\/blog\/2014\/03\/21\/memoriam-solana-video-tvcg\/in-memoriam-solana-ulcinj-crna-gora-13\/'><img width=\"150\" height=\"150\" src=\"https:\/\/www.visit-ulcinj.com\/blog\/wp-content\/uploads\/2014\/03\/In-Memoriam-Solana-Ulcinj-Crna-Gora-13-150x150.jpg\" class=\"attachment-thumbnail size-thumbnail\" alt=\"\" loading=\"lazy\" \/><\/a>\n\t\t\t<\/dt><\/dl><dl class='gallery-item'>\n\t\t\t<dt class='gallery-icon landscape'>\n\t\t\t\t<a href='https:\/\/www.visit-ulcinj.com\/blog\/2014\/03\/21\/memoriam-solana-video-tvcg\/in-memoriam-solana-ulcinj-crna-gora-14\/'><img width=\"150\" height=\"150\" src=\"https:\/\/www.visit-ulcinj.com\/blog\/wp-content\/uploads\/2014\/03\/In-Memoriam-Solana-Ulcinj-Crna-Gora-14-150x150.jpg\" class=\"attachment-thumbnail size-thumbnail\" alt=\"\" loading=\"lazy\" \/><\/a>\n\t\t\t<\/dt><\/dl><dl class='gallery-item'>\n\t\t\t<dt class='gallery-icon landscape'>\n\t\t\t\t<a href='https:\/\/www.visit-ulcinj.com\/blog\/2014\/03\/21\/memoriam-solana-video-tvcg\/in-memoriam-solana-ulcinj-crna-gora-15\/'><img width=\"150\" height=\"150\" src=\"https:\/\/www.visit-ulcinj.com\/blog\/wp-content\/uploads\/2014\/03\/In-Memoriam-Solana-Ulcinj-Crna-Gora-15-150x150.jpg\" class=\"attachment-thumbnail size-thumbnail\" alt=\"\" loading=\"lazy\" \/><\/a>\n\t\t\t<\/dt><\/dl><br style=\"clear: both\" \/><dl class='gallery-item'>\n\t\t\t<dt class='gallery-icon landscape'>\n\t\t\t\t<a href='https:\/\/www.visit-ulcinj.com\/blog\/2014\/03\/21\/memoriam-solana-video-tvcg\/in-memoriam-solana-ulcinj-crna-gora-16\/'><img width=\"150\" height=\"150\" src=\"https:\/\/www.visit-ulcinj.com\/blog\/wp-content\/uploads\/2014\/03\/In-Memoriam-Solana-Ulcinj-Crna-Gora-16-150x150.jpg\" class=\"attachment-thumbnail size-thumbnail\" alt=\"\" loading=\"lazy\" \/><\/a>\n\t\t\t<\/dt><\/dl><dl class='gallery-item'>\n\t\t\t<dt class='gallery-icon landscape'>\n\t\t\t\t<a href='https:\/\/www.visit-ulcinj.com\/blog\/2014\/03\/21\/memoriam-solana-video-tvcg\/in-memoriam-solana-ulcinj-crna-gora-17\/'><img width=\"150\" height=\"150\" src=\"https:\/\/www.visit-ulcinj.com\/blog\/wp-content\/uploads\/2014\/03\/In-Memoriam-Solana-Ulcinj-Crna-Gora-17-150x150.jpg\" class=\"attachment-thumbnail size-thumbnail\" alt=\"\" loading=\"lazy\" \/><\/a>\n\t\t\t<\/dt><\/dl><dl class='gallery-item'>\n\t\t\t<dt class='gallery-icon landscape'>\n\t\t\t\t<a href='https:\/\/www.visit-ulcinj.com\/blog\/2014\/03\/21\/memoriam-solana-video-tvcg\/in-memoriam-solana-ulcinj-crna-gora-18\/'><img width=\"150\" height=\"150\" src=\"https:\/\/www.visit-ulcinj.com\/blog\/wp-content\/uploads\/2014\/03\/In-Memoriam-Solana-Ulcinj-Crna-Gora-18-150x150.jpg\" class=\"attachment-thumbnail size-thumbnail\" alt=\"\" loading=\"lazy\" \/><\/a>\n\t\t\t<\/dt><\/dl><br style=\"clear: both\" \/><dl class='gallery-item'>\n\t\t\t<dt class='gallery-icon landscape'>\n\t\t\t\t<a href='https:\/\/www.visit-ulcinj.com\/blog\/2014\/03\/21\/memoriam-solana-video-tvcg\/in-memoriam-solana-ulcinj-crna-gora-19\/'><img width=\"150\" height=\"150\" src=\"https:\/\/www.visit-ulcinj.com\/blog\/wp-content\/uploads\/2014\/03\/In-Memoriam-Solana-Ulcinj-Crna-Gora-19-150x150.jpg\" class=\"attachment-thumbnail size-thumbnail\" alt=\"\" loading=\"lazy\" \/><\/a>\n\t\t\t<\/dt><\/dl><dl class='gallery-item'>\n\t\t\t<dt class='gallery-icon landscape'>\n\t\t\t\t<a href='https:\/\/www.visit-ulcinj.com\/blog\/2014\/03\/21\/memoriam-solana-video-tvcg\/in-memoriam-solana-ulcinj-crna-gora-20\/'><img width=\"150\" height=\"150\" src=\"https:\/\/www.visit-ulcinj.com\/blog\/wp-content\/uploads\/2014\/03\/In-Memoriam-Solana-Ulcinj-Crna-Gora-20-150x150.jpg\" class=\"attachment-thumbnail size-thumbnail\" alt=\"\" loading=\"lazy\" \/><\/a>\n\t\t\t<\/dt><\/dl><dl class='gallery-item'>\n\t\t\t<dt class='gallery-icon landscape'>\n\t\t\t\t<a href='https:\/\/www.visit-ulcinj.com\/blog\/2014\/03\/21\/memoriam-solana-video-tvcg\/in-memoriam-solana-ulcinj-crna-gora-21\/'><img width=\"150\" height=\"150\" src=\"https:\/\/www.visit-ulcinj.com\/blog\/wp-content\/uploads\/2014\/03\/In-Memoriam-Solana-Ulcinj-Crna-Gora-21-150x150.jpg\" class=\"attachment-thumbnail size-thumbnail\" alt=\"\" loading=\"lazy\" \/><\/a>\n\t\t\t<\/dt><\/dl><br style=\"clear: both\" \/>\n\t\t<\/div>\n\n","protected":false},"excerpt":{"rendered":"<p>In Memoriam Ulcinjska Solana Na TV Crne gore sam ovu fotografiju uporedio sa scenama bombardovanja i razaranja, sli\u010dno onima koje su se doga\u0111ale za vrijeme bombardovanja u onom suludom ratu 90 godina. Vjerovatno je i zbog toga, ali i zbog ljubavi Javnog servisa prema politici Vlade Republike Crne Gore, koja je i dovela do ovog [&hellip;]<\/p>\n","protected":false},"author":1,"featured_media":0,"comment_status":"closed","ping_status":"closed","sticky":false,"template":"","format":"standard","meta":{"spay_email":"","jetpack_publicize_message":"","jetpack_is_tweetstorm":false,"jetpack_publicize_feature_enabled":true},"categories":[6950],"tags":[],"jetpack_publicize_connections":[],"yoast_head":"<!-- This site is optimized with the Yoast SEO plugin v19.1 - https:\/\/yoast.com\/wordpress\/plugins\/seo\/ -->\n<title>In Memoriam Solana - Video TVCG - Lajme nga Ulqini<\/title>\n<meta name=\"description\" content=\"In Memoriam Ulcinjska Solana Na TV Crne gore sam ovu fotografiju uporedio sa scenama bombardovanja i razaranja, sli\u010dno onima koje su se doga\u0111ale za\" \/>\n<meta name=\"robots\" content=\"index, follow, max-snippet:-1, max-image-preview:large, max-video-preview:-1\" \/>\n<link rel=\"canonical\" href=\"https:\/\/www.visit-ulcinj.com\/blog\/2014\/03\/21\/memoriam-solana-video-tvcg\/\" \/>\n<meta property=\"og:locale\" content=\"en_US\" \/>\n<meta property=\"og:type\" content=\"article\" \/>\n<meta property=\"og:title\" content=\"In Memoriam Solana - Video TVCG - Lajme nga Ulqini\" \/>\n<meta property=\"og:description\" content=\"In Memoriam Ulcinjska Solana Na TV Crne gore sam ovu fotografiju uporedio sa scenama bombardovanja i razaranja, sli\u010dno onima koje su se doga\u0111ale za\" \/>\n<meta property=\"og:url\" content=\"https:\/\/www.visit-ulcinj.com\/blog\/2014\/03\/21\/memoriam-solana-video-tvcg\/\" \/>\n<meta property=\"og:site_name\" content=\"Lajme nga Ulqini\" \/>\n<meta property=\"article:published_time\" content=\"2014-03-21T08:59:24+00:00\" \/>\n<meta property=\"article:modified_time\" content=\"2014-03-24T14:44:40+00:00\" \/>\n<meta property=\"og:image\" content=\"https:\/\/www.visit-ulcinj.com\/blog\/wp-content\/uploads\/2014\/03\/In-Memoriam-Solana-Ulcinj-Crna-Gora-1-150x150.jpg\" \/>\n<meta name=\"twitter:label1\" content=\"Written by\" \/>\n\t<meta name=\"twitter:data1\" content=\"ulqini\" \/>\n\t<meta name=\"twitter:label2\" content=\"Est. reading time\" \/>\n\t<meta name=\"twitter:data2\" content=\"3 minutes\" \/>\n<script type=\"application\/ld+json\" class=\"yoast-schema-graph\">{\"@context\":\"https:\/\/schema.org\",\"@graph\":[{\"@type\":\"WebSite\",\"@id\":\"https:\/\/www.visit-ulcinj.com\/blog\/#website\",\"url\":\"https:\/\/www.visit-ulcinj.com\/blog\/\",\"name\":\"Lajme nga Ulqini\",\"description\":\"Lajme,Vijesti,Ulqini,Ulqin,Crna Gora,Mali i Zi\",\"potentialAction\":[{\"@type\":\"SearchAction\",\"target\":{\"@type\":\"EntryPoint\",\"urlTemplate\":\"https:\/\/www.visit-ulcinj.com\/blog\/?s={search_term_string}\"},\"query-input\":\"required name=search_term_string\"}],\"inLanguage\":\"en-US\"},{\"@type\":\"ImageObject\",\"inLanguage\":\"en-US\",\"@id\":\"https:\/\/www.visit-ulcinj.com\/blog\/2014\/03\/21\/memoriam-solana-video-tvcg\/#primaryimage\",\"url\":\"https:\/\/www.visit-ulcinj.com\/blog\/wp-content\/uploads\/2014\/03\/In-Memoriam-Solana-Ulcinj-Crna-Gora-.jpg\",\"contentUrl\":\"https:\/\/www.visit-ulcinj.com\/blog\/wp-content\/uploads\/2014\/03\/In-Memoriam-Solana-Ulcinj-Crna-Gora-.jpg\",\"width\":960,\"height\":720},{\"@type\":\"WebPage\",\"@id\":\"https:\/\/www.visit-ulcinj.com\/blog\/2014\/03\/21\/memoriam-solana-video-tvcg\/#webpage\",\"url\":\"https:\/\/www.visit-ulcinj.com\/blog\/2014\/03\/21\/memoriam-solana-video-tvcg\/\",\"name\":\"In Memoriam Solana - Video TVCG - Lajme nga Ulqini\",\"isPartOf\":{\"@id\":\"https:\/\/www.visit-ulcinj.com\/blog\/#website\"},\"primaryImageOfPage\":{\"@id\":\"https:\/\/www.visit-ulcinj.com\/blog\/2014\/03\/21\/memoriam-solana-video-tvcg\/#primaryimage\"},\"datePublished\":\"2014-03-21T08:59:24+00:00\",\"dateModified\":\"2014-03-24T14:44:40+00:00\",\"author\":{\"@id\":\"https:\/\/www.visit-ulcinj.com\/blog\/#\/schema\/person\/dcab619c614d3038751c63bc2aadc06d\"},\"description\":\"In Memoriam Ulcinjska Solana Na TV Crne gore sam ovu fotografiju uporedio sa scenama bombardovanja i razaranja, sli\u010dno onima koje su se doga\u0111ale za\",\"breadcrumb\":{\"@id\":\"https:\/\/www.visit-ulcinj.com\/blog\/2014\/03\/21\/memoriam-solana-video-tvcg\/#breadcrumb\"},\"inLanguage\":\"en-US\",\"potentialAction\":[{\"@type\":\"ReadAction\",\"target\":[\"https:\/\/www.visit-ulcinj.com\/blog\/2014\/03\/21\/memoriam-solana-video-tvcg\/\"]}]},{\"@type\":\"BreadcrumbList\",\"@id\":\"https:\/\/www.visit-ulcinj.com\/blog\/2014\/03\/21\/memoriam-solana-video-tvcg\/#breadcrumb\",\"itemListElement\":[{\"@type\":\"ListItem\",\"position\":1,\"name\":\"In Memoriam Solana &#8211; Video TVCG\"}]},{\"@type\":\"Person\",\"@id\":\"https:\/\/www.visit-ulcinj.com\/blog\/#\/schema\/person\/dcab619c614d3038751c63bc2aadc06d\",\"name\":\"ulqini\",\"sameAs\":[\"http:\/\/www.visit-ulcinj.com\"],\"url\":\"https:\/\/www.visit-ulcinj.com\/blog\/author\/admin\/\"}]}<\/script>\n<!-- \/ Yoast SEO plugin. -->","yoast_head_json":{"title":"In Memoriam Solana - Video TVCG - Lajme nga Ulqini","description":"In Memoriam Ulcinjska Solana Na TV Crne gore sam ovu fotografiju uporedio sa scenama bombardovanja i razaranja, sli\u010dno onima koje su se doga\u0111ale za","robots":{"index":"index","follow":"follow","max-snippet":"max-snippet:-1","max-image-preview":"max-image-preview:large","max-video-preview":"max-video-preview:-1"},"canonical":"https:\/\/www.visit-ulcinj.com\/blog\/2014\/03\/21\/memoriam-solana-video-tvcg\/","og_locale":"en_US","og_type":"article","og_title":"In Memoriam Solana - Video TVCG - Lajme nga Ulqini","og_description":"In Memoriam Ulcinjska Solana Na TV Crne gore sam ovu fotografiju uporedio sa scenama bombardovanja i razaranja, sli\u010dno onima koje su se doga\u0111ale za","og_url":"https:\/\/www.visit-ulcinj.com\/blog\/2014\/03\/21\/memoriam-solana-video-tvcg\/","og_site_name":"Lajme nga Ulqini","article_published_time":"2014-03-21T08:59:24+00:00","article_modified_time":"2014-03-24T14:44:40+00:00","og_image":[{"url":"https:\/\/www.visit-ulcinj.com\/blog\/wp-content\/uploads\/2014\/03\/In-Memoriam-Solana-Ulcinj-Crna-Gora-1-150x150.jpg"}],"twitter_misc":{"Written by":"ulqini","Est. reading time":"3 minutes"},"schema":{"@context":"https:\/\/schema.org","@graph":[{"@type":"WebSite","@id":"https:\/\/www.visit-ulcinj.com\/blog\/#website","url":"https:\/\/www.visit-ulcinj.com\/blog\/","name":"Lajme nga Ulqini","description":"Lajme,Vijesti,Ulqini,Ulqin,Crna Gora,Mali i Zi","potentialAction":[{"@type":"SearchAction","target":{"@type":"EntryPoint","urlTemplate":"https:\/\/www.visit-ulcinj.com\/blog\/?s={search_term_string}"},"query-input":"required name=search_term_string"}],"inLanguage":"en-US"},{"@type":"ImageObject","inLanguage":"en-US","@id":"https:\/\/www.visit-ulcinj.com\/blog\/2014\/03\/21\/memoriam-solana-video-tvcg\/#primaryimage","url":"https:\/\/www.visit-ulcinj.com\/blog\/wp-content\/uploads\/2014\/03\/In-Memoriam-Solana-Ulcinj-Crna-Gora-.jpg","contentUrl":"https:\/\/www.visit-ulcinj.com\/blog\/wp-content\/uploads\/2014\/03\/In-Memoriam-Solana-Ulcinj-Crna-Gora-.jpg","width":960,"height":720},{"@type":"WebPage","@id":"https:\/\/www.visit-ulcinj.com\/blog\/2014\/03\/21\/memoriam-solana-video-tvcg\/#webpage","url":"https:\/\/www.visit-ulcinj.com\/blog\/2014\/03\/21\/memoriam-solana-video-tvcg\/","name":"In Memoriam Solana - Video TVCG - Lajme nga Ulqini","isPartOf":{"@id":"https:\/\/www.visit-ulcinj.com\/blog\/#website"},"primaryImageOfPage":{"@id":"https:\/\/www.visit-ulcinj.com\/blog\/2014\/03\/21\/memoriam-solana-video-tvcg\/#primaryimage"},"datePublished":"2014-03-21T08:59:24+00:00","dateModified":"2014-03-24T14:44:40+00:00","author":{"@id":"https:\/\/www.visit-ulcinj.com\/blog\/#\/schema\/person\/dcab619c614d3038751c63bc2aadc06d"},"description":"In Memoriam Ulcinjska Solana Na TV Crne gore sam ovu fotografiju uporedio sa scenama bombardovanja i razaranja, sli\u010dno onima koje su se doga\u0111ale za","breadcrumb":{"@id":"https:\/\/www.visit-ulcinj.com\/blog\/2014\/03\/21\/memoriam-solana-video-tvcg\/#breadcrumb"},"inLanguage":"en-US","potentialAction":[{"@type":"ReadAction","target":["https:\/\/www.visit-ulcinj.com\/blog\/2014\/03\/21\/memoriam-solana-video-tvcg\/"]}]},{"@type":"BreadcrumbList","@id":"https:\/\/www.visit-ulcinj.com\/blog\/2014\/03\/21\/memoriam-solana-video-tvcg\/#breadcrumb","itemListElement":[{"@type":"ListItem","position":1,"name":"In Memoriam Solana &#8211; Video TVCG"}]},{"@type":"Person","@id":"https:\/\/www.visit-ulcinj.com\/blog\/#\/schema\/person\/dcab619c614d3038751c63bc2aadc06d","name":"ulqini","sameAs":["http:\/\/www.visit-ulcinj.com"],"url":"https:\/\/www.visit-ulcinj.com\/blog\/author\/admin\/"}]}},"jetpack_featured_media_url":"","jetpack_sharing_enabled":true,"jetpack_shortlink":"https:\/\/wp.me\/pe6lTn-l22","_links":{"self":[{"href":"https:\/\/www.visit-ulcinj.com\/blog\/wp-json\/wp\/v2\/posts\/80850"}],"collection":[{"href":"https:\/\/www.visit-ulcinj.com\/blog\/wp-json\/wp\/v2\/posts"}],"about":[{"href":"https:\/\/www.visit-ulcinj.com\/blog\/wp-json\/wp\/v2\/types\/post"}],"author":[{"embeddable":true,"href":"https:\/\/www.visit-ulcinj.com\/blog\/wp-json\/wp\/v2\/users\/1"}],"replies":[{"embeddable":true,"href":"https:\/\/www.visit-ulcinj.com\/blog\/wp-json\/wp\/v2\/comments?post=80850"}],"version-history":[{"count":3,"href":"https:\/\/www.visit-ulcinj.com\/blog\/wp-json\/wp\/v2\/posts\/80850\/revisions"}],"predecessor-version":[{"id":80939,"href":"https:\/\/www.visit-ulcinj.com\/blog\/wp-json\/wp\/v2\/posts\/80850\/revisions\/80939"}],"wp:attachment":[{"href":"https:\/\/www.visit-ulcinj.com\/blog\/wp-json\/wp\/v2\/media?parent=80850"}],"wp:term":[{"taxonomy":"category","embeddable":true,"href":"https:\/\/www.visit-ulcinj.com\/blog\/wp-json\/wp\/v2\/categories?post=80850"},{"taxonomy":"post_tag","embeddable":true,"href":"https:\/\/www.visit-ulcinj.com\/blog\/wp-json\/wp\/v2\/tags?post=80850"}],"curies":[{"name":"wp","href":"https:\/\/api.w.org\/{rel}","templated":true}]}}