{"id":8086,"date":"2009-01-04T20:13:00","date_gmt":"2009-01-04T19:13:00","guid":{"rendered":"http:\/\/www.visit-ulcinj.com\/blog\/?p=8086"},"modified":"2009-01-06T00:54:23","modified_gmt":"2009-01-05T23:54:23","slug":"lorik-cana-zana-krasniqi","status":"publish","type":"post","link":"https:\/\/www.visit-ulcinj.com\/blog\/2009\/01\/04\/lorik-cana-zana-krasniqi\/","title":{"rendered":"Lorik Cana + Zana Krasniqi"},"content":{"rendered":"<p><img loading=\"lazy\" class=\"alignleft size-full wp-image-8087\" title=\"lorik-cana_zana-krasniqi\" src=\"http:\/\/www.visit-ulcinj.com\/blog\/wp-content\/uploads\/2009\/01\/lorik-cana_zana-krasniqi.jpg\" alt=\"lorik-cana_zana-krasniqi\" width=\"590\" height=\"360\" \/>Modelistja kosovare, Zana Krasniqi, sipas t\u00eb gjitha gjasave ka filluar nj\u00eb lidhje intime me kapitenin e Olimpique Marseille, Lorik Cana.<br \/>\nGjat\u00eb dit\u00ebs s\u00eb djeshme, n\u00eb faqen personale t\u00eb Krasniqit n\u00eb Facebook, \u00ebsht\u00eb ndryshuar statusi i saj nga \u201cbeqare\u201d n\u00eb \u201cn\u00eb nj\u00eb lidhje\u201d. Fotoja e par\u00eb e Zan\u00ebs \u00ebsht\u00eb ajo me mesfushorin e Komb\u00ebtares shqiptare, Lorik Cana.<br \/>\n<strong>Gazeta Express<\/strong><\/p>\n\n\t\t<style type=\"text\/css\">\n\t\t\t#gallery-1 {\n\t\t\t\tmargin: auto;\n\t\t\t}\n\t\t\t#gallery-1 .gallery-item {\n\t\t\t\tfloat: left;\n\t\t\t\tmargin-top: 10px;\n\t\t\t\ttext-align: center;\n\t\t\t\twidth: 50%;\n\t\t\t}\n\t\t\t#gallery-1 img {\n\t\t\t\tborder: 2px solid #cfcfcf;\n\t\t\t}\n\t\t\t#gallery-1 .gallery-caption {\n\t\t\t\tmargin-left: 0;\n\t\t\t}\n\t\t\t\/* see gallery_shortcode() in wp-includes\/media.php *\/\n\t\t<\/style>\n\t\t<div id='gallery-1' class='gallery galleryid-8086 gallery-columns-2 gallery-size-thumbnail'><dl class='gallery-item'>\n\t\t\t<dt class='gallery-icon landscape'>\n\t\t\t\t<a href='https:\/\/www.visit-ulcinj.com\/blog\/wp-content\/uploads\/2009\/01\/lorik-cana-me-plis-ne-kosove.jpg'><img width=\"150\" height=\"150\" src=\"https:\/\/www.visit-ulcinj.com\/blog\/wp-content\/uploads\/2009\/01\/lorik-cana-me-plis-ne-kosove-150x150.jpg\" class=\"attachment-thumbnail size-thumbnail\" alt=\"\" loading=\"lazy\" \/><\/a>\n\t\t\t<\/dt><\/dl>\n\t\t\t<br style='clear: both' \/>\n\t\t<\/div>\n\n<!--YouTube Error: bad URL entered-->\n","protected":false},"excerpt":{"rendered":"<p>Modelistja kosovare, Zana Krasniqi, sipas t\u00eb gjitha gjasave ka filluar nj\u00eb lidhje intime me kapitenin e Olimpique Marseille, Lorik Cana. Gjat\u00eb dit\u00ebs s\u00eb djeshme, n\u00eb faqen personale t\u00eb Krasniqit n\u00eb Facebook, \u00ebsht\u00eb ndryshuar statusi i saj nga \u201cbeqare\u201d n\u00eb \u201cn\u00eb nj\u00eb lidhje\u201d. Fotoja e par\u00eb e Zan\u00ebs \u00ebsht\u00eb ajo me mesfushorin e Komb\u00ebtares shqiptare, Lorik [&hellip;]<\/p>\n","protected":false},"author":1,"featured_media":0,"comment_status":"open","ping_status":"closed","sticky":false,"template":"","format":"standard","meta":{"spay_email":"","jetpack_publicize_message":"","jetpack_is_tweetstorm":false,"jetpack_publicize_feature_enabled":true},"categories":[1],"tags":[4946,5579,5210],"jetpack_publicize_connections":[],"yoast_head":"<!-- This site is optimized with the Yoast SEO plugin v19.1 - https:\/\/yoast.com\/wordpress\/plugins\/seo\/ -->\n<title>Lorik Cana + Zana Krasniqi - Lajme nga Ulqini<\/title>\n<meta name=\"description\" content=\"Modelistja kosovare, Zana Krasniqi, sipas t\u00eb gjitha gjasave ka filluar nj\u00eb lidhje intime me kapitenin e Olimpique Marseille, Lorik Cana. Gjat\u00eb dit\u00ebs s\u00eb\" \/>\n<meta name=\"robots\" content=\"index, follow, max-snippet:-1, max-image-preview:large, max-video-preview:-1\" \/>\n<link rel=\"canonical\" href=\"https:\/\/www.visit-ulcinj.com\/blog\/2009\/01\/04\/lorik-cana-zana-krasniqi\/\" \/>\n<meta property=\"og:locale\" content=\"en_US\" \/>\n<meta property=\"og:type\" content=\"article\" \/>\n<meta property=\"og:title\" content=\"Lorik Cana + Zana Krasniqi - Lajme nga Ulqini\" \/>\n<meta property=\"og:description\" content=\"Modelistja kosovare, Zana Krasniqi, sipas t\u00eb gjitha gjasave ka filluar nj\u00eb lidhje intime me kapitenin e Olimpique Marseille, Lorik Cana. Gjat\u00eb dit\u00ebs s\u00eb\" \/>\n<meta property=\"og:url\" content=\"https:\/\/www.visit-ulcinj.com\/blog\/2009\/01\/04\/lorik-cana-zana-krasniqi\/\" \/>\n<meta property=\"og:site_name\" content=\"Lajme nga Ulqini\" \/>\n<meta property=\"article:published_time\" content=\"2009-01-04T19:13:00+00:00\" \/>\n<meta property=\"article:modified_time\" content=\"2009-01-05T23:54:23+00:00\" \/>\n<meta property=\"og:image\" content=\"https:\/\/www.visit-ulcinj.com\/blog\/wp-content\/uploads\/2009\/01\/lorik-cana_zana-krasniqi-150x150.jpg\" \/>\n<meta name=\"twitter:label1\" content=\"Written by\" \/>\n\t<meta name=\"twitter:data1\" content=\"ulqini\" \/>\n<script type=\"application\/ld+json\" class=\"yoast-schema-graph\">{\"@context\":\"https:\/\/schema.org\",\"@graph\":[{\"@type\":\"WebSite\",\"@id\":\"https:\/\/www.visit-ulcinj.com\/blog\/#website\",\"url\":\"https:\/\/www.visit-ulcinj.com\/blog\/\",\"name\":\"Lajme nga Ulqini\",\"description\":\"Lajme,Vijesti,Ulqini,Ulqin,Crna Gora,Mali i Zi\",\"potentialAction\":[{\"@type\":\"SearchAction\",\"target\":{\"@type\":\"EntryPoint\",\"urlTemplate\":\"https:\/\/www.visit-ulcinj.com\/blog\/?s={search_term_string}\"},\"query-input\":\"required name=search_term_string\"}],\"inLanguage\":\"en-US\"},{\"@type\":\"ImageObject\",\"inLanguage\":\"en-US\",\"@id\":\"https:\/\/www.visit-ulcinj.com\/blog\/2009\/01\/04\/lorik-cana-zana-krasniqi\/#primaryimage\",\"url\":\"http:\/\/www.visit-ulcinj.com\/blog\/wp-content\/uploads\/2009\/01\/lorik-cana_zana-krasniqi.jpg\",\"contentUrl\":\"http:\/\/www.visit-ulcinj.com\/blog\/wp-content\/uploads\/2009\/01\/lorik-cana_zana-krasniqi.jpg\"},{\"@type\":\"WebPage\",\"@id\":\"https:\/\/www.visit-ulcinj.com\/blog\/2009\/01\/04\/lorik-cana-zana-krasniqi\/#webpage\",\"url\":\"https:\/\/www.visit-ulcinj.com\/blog\/2009\/01\/04\/lorik-cana-zana-krasniqi\/\",\"name\":\"Lorik Cana + Zana Krasniqi - Lajme nga Ulqini\",\"isPartOf\":{\"@id\":\"https:\/\/www.visit-ulcinj.com\/blog\/#website\"},\"primaryImageOfPage\":{\"@id\":\"https:\/\/www.visit-ulcinj.com\/blog\/2009\/01\/04\/lorik-cana-zana-krasniqi\/#primaryimage\"},\"datePublished\":\"2009-01-04T19:13:00+00:00\",\"dateModified\":\"2009-01-05T23:54:23+00:00\",\"author\":{\"@id\":\"https:\/\/www.visit-ulcinj.com\/blog\/#\/schema\/person\/dcab619c614d3038751c63bc2aadc06d\"},\"description\":\"Modelistja kosovare, Zana Krasniqi, sipas t\u00eb gjitha gjasave ka filluar nj\u00eb lidhje intime me kapitenin e Olimpique Marseille, Lorik Cana. Gjat\u00eb dit\u00ebs s\u00eb\",\"breadcrumb\":{\"@id\":\"https:\/\/www.visit-ulcinj.com\/blog\/2009\/01\/04\/lorik-cana-zana-krasniqi\/#breadcrumb\"},\"inLanguage\":\"en-US\",\"potentialAction\":[{\"@type\":\"ReadAction\",\"target\":[\"https:\/\/www.visit-ulcinj.com\/blog\/2009\/01\/04\/lorik-cana-zana-krasniqi\/\"]}]},{\"@type\":\"BreadcrumbList\",\"@id\":\"https:\/\/www.visit-ulcinj.com\/blog\/2009\/01\/04\/lorik-cana-zana-krasniqi\/#breadcrumb\",\"itemListElement\":[{\"@type\":\"ListItem\",\"position\":1,\"name\":\"Lorik Cana + Zana Krasniqi\"}]},{\"@type\":\"Person\",\"@id\":\"https:\/\/www.visit-ulcinj.com\/blog\/#\/schema\/person\/dcab619c614d3038751c63bc2aadc06d\",\"name\":\"ulqini\",\"sameAs\":[\"http:\/\/www.visit-ulcinj.com\"],\"url\":\"https:\/\/www.visit-ulcinj.com\/blog\/author\/admin\/\"}]}<\/script>\n<!-- \/ Yoast SEO plugin. -->","yoast_head_json":{"title":"Lorik Cana + Zana Krasniqi - Lajme nga Ulqini","description":"Modelistja kosovare, Zana Krasniqi, sipas t\u00eb gjitha gjasave ka filluar nj\u00eb lidhje intime me kapitenin e Olimpique Marseille, Lorik Cana. Gjat\u00eb dit\u00ebs s\u00eb","robots":{"index":"index","follow":"follow","max-snippet":"max-snippet:-1","max-image-preview":"max-image-preview:large","max-video-preview":"max-video-preview:-1"},"canonical":"https:\/\/www.visit-ulcinj.com\/blog\/2009\/01\/04\/lorik-cana-zana-krasniqi\/","og_locale":"en_US","og_type":"article","og_title":"Lorik Cana + Zana Krasniqi - Lajme nga Ulqini","og_description":"Modelistja kosovare, Zana Krasniqi, sipas t\u00eb gjitha gjasave ka filluar nj\u00eb lidhje intime me kapitenin e Olimpique Marseille, Lorik Cana. Gjat\u00eb dit\u00ebs s\u00eb","og_url":"https:\/\/www.visit-ulcinj.com\/blog\/2009\/01\/04\/lorik-cana-zana-krasniqi\/","og_site_name":"Lajme nga Ulqini","article_published_time":"2009-01-04T19:13:00+00:00","article_modified_time":"2009-01-05T23:54:23+00:00","og_image":[{"url":"https:\/\/www.visit-ulcinj.com\/blog\/wp-content\/uploads\/2009\/01\/lorik-cana_zana-krasniqi-150x150.jpg"}],"twitter_misc":{"Written by":"ulqini"},"schema":{"@context":"https:\/\/schema.org","@graph":[{"@type":"WebSite","@id":"https:\/\/www.visit-ulcinj.com\/blog\/#website","url":"https:\/\/www.visit-ulcinj.com\/blog\/","name":"Lajme nga Ulqini","description":"Lajme,Vijesti,Ulqini,Ulqin,Crna Gora,Mali i Zi","potentialAction":[{"@type":"SearchAction","target":{"@type":"EntryPoint","urlTemplate":"https:\/\/www.visit-ulcinj.com\/blog\/?s={search_term_string}"},"query-input":"required name=search_term_string"}],"inLanguage":"en-US"},{"@type":"ImageObject","inLanguage":"en-US","@id":"https:\/\/www.visit-ulcinj.com\/blog\/2009\/01\/04\/lorik-cana-zana-krasniqi\/#primaryimage","url":"http:\/\/www.visit-ulcinj.com\/blog\/wp-content\/uploads\/2009\/01\/lorik-cana_zana-krasniqi.jpg","contentUrl":"http:\/\/www.visit-ulcinj.com\/blog\/wp-content\/uploads\/2009\/01\/lorik-cana_zana-krasniqi.jpg"},{"@type":"WebPage","@id":"https:\/\/www.visit-ulcinj.com\/blog\/2009\/01\/04\/lorik-cana-zana-krasniqi\/#webpage","url":"https:\/\/www.visit-ulcinj.com\/blog\/2009\/01\/04\/lorik-cana-zana-krasniqi\/","name":"Lorik Cana + Zana Krasniqi - Lajme nga Ulqini","isPartOf":{"@id":"https:\/\/www.visit-ulcinj.com\/blog\/#website"},"primaryImageOfPage":{"@id":"https:\/\/www.visit-ulcinj.com\/blog\/2009\/01\/04\/lorik-cana-zana-krasniqi\/#primaryimage"},"datePublished":"2009-01-04T19:13:00+00:00","dateModified":"2009-01-05T23:54:23+00:00","author":{"@id":"https:\/\/www.visit-ulcinj.com\/blog\/#\/schema\/person\/dcab619c614d3038751c63bc2aadc06d"},"description":"Modelistja kosovare, Zana Krasniqi, sipas t\u00eb gjitha gjasave ka filluar nj\u00eb lidhje intime me kapitenin e Olimpique Marseille, Lorik Cana. Gjat\u00eb dit\u00ebs s\u00eb","breadcrumb":{"@id":"https:\/\/www.visit-ulcinj.com\/blog\/2009\/01\/04\/lorik-cana-zana-krasniqi\/#breadcrumb"},"inLanguage":"en-US","potentialAction":[{"@type":"ReadAction","target":["https:\/\/www.visit-ulcinj.com\/blog\/2009\/01\/04\/lorik-cana-zana-krasniqi\/"]}]},{"@type":"BreadcrumbList","@id":"https:\/\/www.visit-ulcinj.com\/blog\/2009\/01\/04\/lorik-cana-zana-krasniqi\/#breadcrumb","itemListElement":[{"@type":"ListItem","position":1,"name":"Lorik Cana + Zana Krasniqi"}]},{"@type":"Person","@id":"https:\/\/www.visit-ulcinj.com\/blog\/#\/schema\/person\/dcab619c614d3038751c63bc2aadc06d","name":"ulqini","sameAs":["http:\/\/www.visit-ulcinj.com"],"url":"https:\/\/www.visit-ulcinj.com\/blog\/author\/admin\/"}]}},"jetpack_featured_media_url":"","jetpack_sharing_enabled":true,"jetpack_shortlink":"https:\/\/wp.me\/pe6lTn-26q","_links":{"self":[{"href":"https:\/\/www.visit-ulcinj.com\/blog\/wp-json\/wp\/v2\/posts\/8086"}],"collection":[{"href":"https:\/\/www.visit-ulcinj.com\/blog\/wp-json\/wp\/v2\/posts"}],"about":[{"href":"https:\/\/www.visit-ulcinj.com\/blog\/wp-json\/wp\/v2\/types\/post"}],"author":[{"embeddable":true,"href":"https:\/\/www.visit-ulcinj.com\/blog\/wp-json\/wp\/v2\/users\/1"}],"replies":[{"embeddable":true,"href":"https:\/\/www.visit-ulcinj.com\/blog\/wp-json\/wp\/v2\/comments?post=8086"}],"version-history":[{"count":0,"href":"https:\/\/www.visit-ulcinj.com\/blog\/wp-json\/wp\/v2\/posts\/8086\/revisions"}],"wp:attachment":[{"href":"https:\/\/www.visit-ulcinj.com\/blog\/wp-json\/wp\/v2\/media?parent=8086"}],"wp:term":[{"taxonomy":"category","embeddable":true,"href":"https:\/\/www.visit-ulcinj.com\/blog\/wp-json\/wp\/v2\/categories?post=8086"},{"taxonomy":"post_tag","embeddable":true,"href":"https:\/\/www.visit-ulcinj.com\/blog\/wp-json\/wp\/v2\/tags?post=8086"}],"curies":[{"name":"wp","href":"https:\/\/api.w.org\/{rel}","templated":true}]}}